{"id":6798,"date":"2019-12-27T13:00:13","date_gmt":"2019-12-27T12:00:13","guid":{"rendered":"https:\/\/blog.rwth-aachen.de\/itc\/?p=6798"},"modified":"2023-06-01T13:03:05","modified_gmt":"2023-06-01T11:03:05","slug":"2019-wir-blicken-auf-ein-jahr-voller-praegender-ereignisse-zurueck","status":"publish","type":"post","link":"https:\/\/blog.rwth-aachen.de\/itc\/en\/2019\/12\/27\/2019-wir-blicken-auf-ein-jahr-voller-praegender-ereignisse-zurueck\/","title":{"rendered":"2019 &#8211; Wir blicken auf ein Jahr voller pr\u00e4gender Ereignisse zur\u00fcck (I)"},"content":{"rendered":"<div class=\"twoclick_social_bookmarks_post_6798 social_share_privacy clearfix 1.6.4 locale-en_US sprite-en_US\"><\/div><div class=\"twoclick-js\"><script type=\"text\/javascript\">\/* <![CDATA[ *\/\njQuery(document).ready(function($){if($('.twoclick_social_bookmarks_post_6798')){$('.twoclick_social_bookmarks_post_6798').socialSharePrivacy({\"txt_help\":\"Wenn Sie diese Felder durch einen Klick aktivieren, werden Informationen an Facebook, Twitter, Flattr, Xing, t3n, LinkedIn, Pinterest oder Google eventuell ins Ausland \\u00fcbertragen und unter Umst\\u00e4nden auch dort gespeichert. N\\u00e4heres erfahren Sie durch einen Klick auf das <em>i<\\\/em>.\",\"settings_perma\":\"Dauerhaft aktivieren und Daten\\u00fcber-tragung zustimmen:\",\"info_link\":\"http:\\\/\\\/www.heise.de\\\/ct\\\/artikel\\\/2-Klicks-fuer-mehr-Datenschutz-1333879.html\",\"uri\":\"https:\\\/\\\/blog.rwth-aachen.de\\\/itc\\\/en\\\/2019\\\/12\\\/27\\\/2019-wir-blicken-auf-ein-jahr-voller-praegender-ereignisse-zurueck\\\/\",\"post_id\":6798,\"post_title_referrer_track\":\"2019+%26%238211%3B+Wir+blicken+auf+ein+Jahr+voller+pr%C3%A4gender+Ereignisse+zur%C3%BCck+%28I%29\",\"display_infobox\":\"on\"});}});\n\/* ]]> *\/<\/script><\/div>\r\n<div class=\"wp-block-image\">\r\n<figure class=\"aligncenter is-resized\">\r\n<div id=\"attachment_6800\" style=\"width: 522px\" class=\"wp-caption alignnone\"><img loading=\"lazy\" decoding=\"async\" aria-describedby=\"caption-attachment-6800\" class=\"wp-image-6800\" src=\"https:\/\/blog.rwth-aachen.de\/itc\/files\/2019\/12\/Jahresr\u00fcckblick-2019-1024x1024.jpg\" alt=\"\" width=\"512\" height=\"512\" srcset=\"https:\/\/blog.rwth-aachen.de\/itc\/files\/2019\/12\/Jahresr\u00fcckblick-2019-1024x1024.jpg 1024w, https:\/\/blog.rwth-aachen.de\/itc\/files\/2019\/12\/Jahresr\u00fcckblick-2019-150x150.jpg 150w, https:\/\/blog.rwth-aachen.de\/itc\/files\/2019\/12\/Jahresr\u00fcckblick-2019-300x300.jpg 300w, https:\/\/blog.rwth-aachen.de\/itc\/files\/2019\/12\/Jahresr\u00fcckblick-2019-768x768.jpg 768w, https:\/\/blog.rwth-aachen.de\/itc\/files\/2019\/12\/Jahresr\u00fcckblick-2019-50x50.jpg 50w\" sizes=\"auto, (max-width: 512px) 100vw, 512px\" \/><p id=\"caption-attachment-6800\" class=\"wp-caption-text\">Quelle: Eigene Darstellung<\/p><\/div>\r\n<\/figure>\r\n<\/div>\r\n\r\n<p>&nbsp;<\/p>\r\n\r\n<p class=\"wp-block-paragraph\">Spotify und Co. haben ihn schon geliefert \u2013 den gro\u00dfen Jahresr\u00fcckblick 2019 samt all Euren pers\u00f6nlichen Highlights des Jahres.<\/p>\r\n\r\n<p>&nbsp;<\/p>\r\n\r\n<p class=\"wp-block-paragraph\">Nun m\u00f6chten auch wir Euch die H\u00f6hepunkte pr\u00e4sentieren, die uns im Jahre 2019 am meisten bewegt haben. Gleichzeitig k\u00f6nnen wir so gemeinsam Revue passieren lassen, welche gro\u00dfen Ver\u00e4nderungen Einfluss auf uns hatten. Wir haben \u201eHello!\u201c zu RWTHmoodle und \u201eBye Bye!\u201c zu L\u00b2P gesagt, Social Media in Form von Facebook, Twitter, LinkedIn und Youtube ins IT Center geholt, Konferenzen auf der ganzen Welt besucht, Spitzenpl\u00e4tze bei den TOP500 und Green500 sowie die Einweihung des CLAIX-2018 gefeiert. Aber wir haben auch alte Freunde wie CAMPUS-Office in den Ruhestand gehen sehen.<\/p>\r\n\r\n<p>&nbsp;<\/p>\r\n\r\n<p><!--more--><\/p>\r\n\r\n<p>&nbsp;<\/p>\r\n\r\n<p class=\"wp-block-paragraph\">Ihr habt den einen oder anderen Beitrag noch nicht gesehen? Kein Problem! Wir haben f\u00fcr Euch die wichtigsten Ereignisse des Jahres 2019 nun an einer Stelle geb\u00fcndelt. In diesem Beitrag seht Ihr die Highlights der Monate Januar bis Juni. Im Post darauf geht es dann munter mit Juli bis Dezember weiter. Klickt Euch einfach in die jeweils verlinkten Beitr\u00e4ge:<\/p>\r\n\r\n<p>&nbsp;<\/p>\r\n\r\n<p class=\"wp-block-paragraph\"><strong>Januar <\/strong><\/p>\r\n\r\n<p>&nbsp;<\/p>\r\n\r\n<ul class=\"wp-block-list\">\r\n<li><a href=\"https:\/\/blog.rwth-aachen.de\/itc\/2019\/01\/18\/das-it-servicedesk-des-it-centers-im-wandel-neue-abteilungsstruktur-und-namensgebung\/\" target=\"_blank\" rel=\"noreferrer noopener\" aria-label=\" (opens in a new tab)\">Das IT-ServiceDesk des IT Centers im Wandel: neue Abteilungsstruktur<\/a><\/li>\r\n<li><a href=\"https:\/\/blog.rwth-aachen.de\/itc\/2019\/01\/25\/bye-bye-l%c2%b2p-hello-rwthmoodle\/\" target=\"_blank\" rel=\"noreferrer noopener\" aria-label=\" (opens in a new tab)\">Bye, Bye L\u00b2P \u2013 Hello RWTHmoodle<\/a><\/li>\r\n<\/ul>\r\n\r\n<p>&nbsp;<\/p>\r\n\r\n<p class=\"wp-block-paragraph\"><strong>Februar <\/strong><\/p>\r\n\r\n<p>&nbsp;<\/p>\r\n\r\n<ul class=\"wp-block-list\">\r\n<li><a href=\"https:\/\/blog.rwth-aachen.de\/itc\/2019\/02\/01\/claix-2018-schnellster-hochleistungsrechner-an-einer-deutschen-universitaet\/\" target=\"_blank\" rel=\"noreferrer noopener\" aria-label=\" (opens in a new tab)\">CLAIX-2018 \u2013 schnellster Hochleistungsrechner an einer deutschen Universit\u00e4t!<\/a><\/li>\r\n<li><a href=\"https:\/\/blog.rwth-aachen.de\/itc\/2019\/02\/08\/das-it-center-der-rwth-aachen-unterstuetzt-die-digitalisierungsoffensive-des-landes%ef%bb%bf-nrw\/\" target=\"_blank\" rel=\"noreferrer noopener\" aria-label=\" (opens in a new tab)\">Das IT Center der RWTH Aachen unterst\u00fctzt die Digitalisierungsoffensive des Landes NRW<\/a><\/li>\r\n<li><a href=\"https:\/\/blog.rwth-aachen.de\/itc\/2019\/02\/20\/infotag-2019-ein-rueckblick-und-einblick\/\" target=\"_blank\" rel=\"noreferrer noopener\" aria-label=\" (opens in a new tab)\">Infotag 2019 \u2013 Ein R\u00fcckblick und Einblick<\/a><\/li>\r\n<\/ul>\r\n\r\n<p>&nbsp;<\/p>\r\n\r\n<p class=\"wp-block-paragraph\"><strong>M\u00e4rz <\/strong><\/p>\r\n\r\n<p>&nbsp;<\/p>\r\n\r\n<ul class=\"wp-block-list\">\r\n<li><a href=\"https:\/\/blog.rwth-aachen.de\/itc\/2019\/03\/05\/jetzt-gehts-los-der-startschuss-fuer-rwthmoodle-here-we-go-green-light-for-rwthmoodle\/\" target=\"_blank\" rel=\"noreferrer noopener\" aria-label=\" (opens in a new tab)\">Jetzt geht\u2019s los \u2013 der Startschuss f\u00fcr RWTHmoodle! Here We Go \u2013 Green Light for RWTHmoodle!<\/a><\/li>\r\n<li><a href=\"https:\/\/blog.rwth-aachen.de\/itc\/2019\/03\/21\/ppces-2019\/\" target=\"_blank\" rel=\"noreferrer noopener\" aria-label=\" (opens in a new tab)\">Seminar \u201eParallel Programming in Computational Engineering and Science\u201d \u2013 PPCES 2019<\/a><\/li>\r\n<\/ul>\r\n\r\n<p>&nbsp;<\/p>\r\n\r\n<p class=\"wp-block-paragraph\"><strong>April <\/strong><\/p>\r\n\r\n<p>&nbsp;<\/p>\r\n\r\n<ul class=\"wp-block-list\">\r\n<li><a href=\"https:\/\/blog.rwth-aachen.de\/itc\/2019\/04\/08\/aus-dem-campus-office-webdienste-account-wird-der-rwth-single-sign-on-account\/\" target=\"_blank\" rel=\"noreferrer noopener\" aria-label=\" (opens in a new tab)\">Aus dem \u201cCAMPUS-Office\/Webdienste\u201d Account wird der \u201cRWTH Single Sign-On\u201d Account<\/a><\/li>\r\n<li><a href=\"https:\/\/blog.rwth-aachen.de\/itc\/2019\/04\/16\/wlan-wechsel-leicht-gemacht-eduroam-wlw\/\" target=\"_blank\" rel=\"noreferrer noopener\" aria-label=\" (opens in a new tab)\">WLAN-Wechsel: Jetzt wechseln und online bleiben #eduroam #wlw<\/a><\/li>\r\n<\/ul>\r\n\r\n<p>&nbsp;<\/p>\r\n\r\n<p class=\"wp-block-paragraph\"><strong>Mai <\/strong><\/p>\r\n\r\n<p>&nbsp;<\/p>\r\n\r\n<ul class=\"wp-block-list\">\r\n<li><a href=\"https:\/\/blog.rwth-aachen.de\/itc\/2019\/05\/06\/das-zentrenunabhaengige-hpc-wiki-im-gauss-allianz-infobrief\/\" target=\"_blank\" rel=\"noreferrer noopener\" aria-label=\" (opens in a new tab)\">Das zentrenunabh\u00e4ngige HPC Wiki im Gau\u00df-Allianz Infobrief<\/a><\/li>\r\n<li><a href=\"https:\/\/blog.rwth-aachen.de\/itc\/2019\/05\/09\/es-wurde-gefeiert\/\" target=\"_blank\" rel=\"noreferrer noopener\" aria-label=\" (opens in a new tab)\">Es wurde gefeiert \u2013 die RWTHonline Abschlussfeier!<\/a><\/li>\r\n<li><a href=\"https:\/\/blog.rwth-aachen.de\/itc\/2019\/05\/13\/eunis19-campus-for-the-future\/\" target=\"_blank\" rel=\"noreferrer noopener\" aria-label=\" (opens in a new tab)\">Kongress der European University Information Systems Organisation (EUNIS) 2019<\/a><\/li>\r\n<li><a href=\"https:\/\/blog.rwth-aachen.de\/itc\/2019\/05\/28\/my-it-center-portal-go-live\/\" target=\"_blank\" rel=\"noreferrer noopener\" aria-label=\" (opens in a new tab)\">Alles auf einen Blick \u2013 My IT Center Portal<\/a><\/li>\r\n<\/ul>\r\n\r\n<p>&nbsp;<\/p>\r\n\r\n<p class=\"wp-block-paragraph\"><strong>Juni <\/strong><\/p>\r\n\r\n<p>&nbsp;<\/p>\r\n\r\n<ul class=\"wp-block-list\">\r\n<li><a href=\"https:\/\/blog.rwth-aachen.de\/itc\/2019\/06\/18\/kick-off-meeting-hpc-nrw-im-it-center-der-rwth-aachen\/\" target=\"_blank\" rel=\"noreferrer noopener\" aria-label=\" (opens in a new tab)\">Kick-off Meeting hpc.nrw im IT Center der RWTH Aachen<\/a><\/li>\r\n<li><a href=\"https:\/\/blog.rwth-aachen.de\/itc\/2019\/06\/19\/nasa-it-center-rwth\/\" target=\"_blank\" rel=\"noreferrer noopener\" aria-label=\" (opens in a new tab)\">NASA @ IT Center RWTH Aachen University<\/a><\/li>\r\n<li><a href=\"https:\/\/blog.rwth-aachen.de\/itc\/2019\/06\/25\/claix-2018-spitzenplaetze\/\" target=\"_blank\" rel=\"noreferrer noopener\" aria-label=\" (opens in a new tab)\">Certified: Die Abteilung Service &amp; Kommunikation ist zertifiziert nach DIN EN ISO 9001:2015 <\/a><\/li>\r\n<li><a href=\"https:\/\/blog.rwth-aachen.de\/itc\/2019\/06\/25\/claix-2018-spitzenplaetze\/\" target=\"_blank\" rel=\"noreferrer noopener\" aria-label=\" (opens in a new tab)\">CLAIX-2018: Spitzenpl\u00e4tze in internationalen Rankings f\u00fcr RWTH Aachens Supercomputer<\/a><\/li>\r\n<\/ul>\r\n\r\n<p>&nbsp;<\/p>\r\n\r\n<p class=\"wp-block-paragraph\">Viel Spa\u00df und einen wundervollen R\u00fcckblick w\u00fcnscht Euch euer <a href=\"https:\/\/www.itc.rwth-aachen.de\/cms\/~epto\/IT-Center\/\" target=\"_blank\" rel=\"noreferrer noopener\" aria-label=\"IT Center (opens in a new tab)\">IT Center<\/a> der RWTH Aachen University.<\/p>\r\n\r\n<p>&nbsp;<\/p>\r\n\r\n<p class=\"wp-block-paragraph\">Verantwortlich f\u00fcr die Inhalte dieses Beitrags ist Liza Schwarz.<\/p>","protected":false},"excerpt":{"rendered":"<p>Sorry, this entry is only available in Deutsch.<\/p>\n","protected":false},"author":1859,"featured_media":6803,"comment_status":"open","ping_status":"closed","sticky":false,"template":"","format":"standard","meta":{"c2c_always_allow_admin_comments":false,"footnotes":""},"categories":[306,341,308,311,312,313,314,316,315,310],"tags":[],"class_list":["post-6798","post","type-post","status-publish","format-standard","has-post-thumbnail","hentry","category-ankuendigungen","category-ausbildung-jobs","category-events-jubilaen-erfolge","category-fun-facts","category-insight-it-center","category-interviews-umfragen","category-it-sicherheit","category-projekte-kooperationen","category-services-support","category-studium-lehre"],"aioseo_notices":[],"aioseo_head":"\n\t\t<!-- All in One SEO 4.9.8 - aioseo.com -->\n\t<meta name=\"description\" content=\"Spotify und Co. haben ihn schon geliefert \u2013 den gro\u00dfen Jahresr\u00fcckblick 2019 samt all Euren pers\u00f6nlichen Highlights des Jahres. Nun m\u00f6chten auch wir Euch die H\u00f6hepunkte pr\u00e4sentieren, die uns im Jahre 2019 am meisten bewegt haben. Gleichzeitig k\u00f6nnen wir so gemeinsam Revue passieren lassen, welche gro\u00dfen Ver\u00e4nderungen Einfluss auf uns hatten. Wir haben\" \/>\n\t<meta name=\"robots\" content=\"max-image-preview:large\" \/>\n\t<meta name=\"author\" content=\"Kaminski, Nicole\"\/>\n\t<meta name=\"keywords\" content=\"announcements,jobs &amp; training,events, anniversarys &amp; success,fun &amp; facts,insight it center,interviews &amp; surveys,it-security,projects &amp; cooperations,support, services &amp; updates,studies &amp; teaching\" \/>\n\t<link rel=\"canonical\" href=\"https:\/\/blog.rwth-aachen.de\/itc\/en\/2019\/12\/27\/2019-wir-blicken-auf-ein-jahr-voller-praegender-ereignisse-zurueck\/\" \/>\n\t<meta name=\"generator\" content=\"All in One SEO (AIOSEO) 4.9.8\" \/>\n\t\t<meta property=\"og:locale\" content=\"en_US\" \/>\n\t\t<meta property=\"og:site_name\" content=\"IT Center Blog \u2022\" \/>\n\t\t<meta property=\"og:type\" content=\"article\" \/>\n\t\t<meta property=\"og:title\" content=\"2019 \u2013 Wir blicken auf ein Jahr voller pr\u00e4gender Ereignisse zur\u00fcck (I) \u2022 IT Center Blog\" \/>\n\t\t<meta property=\"og:description\" content=\"Spotify und Co. haben ihn schon geliefert \u2013 den gro\u00dfen Jahresr\u00fcckblick 2019 samt all Euren pers\u00f6nlichen Highlights des Jahres. Nun m\u00f6chten auch wir Euch die H\u00f6hepunkte pr\u00e4sentieren, die uns im Jahre 2019 am meisten bewegt haben. Gleichzeitig k\u00f6nnen wir so gemeinsam Revue passieren lassen, welche gro\u00dfen Ver\u00e4nderungen Einfluss auf uns hatten. Wir haben\" \/>\n\t\t<meta property=\"og:url\" content=\"https:\/\/blog.rwth-aachen.de\/itc\/en\/2019\/12\/27\/2019-wir-blicken-auf-ein-jahr-voller-praegender-ereignisse-zurueck\/\" \/>\n\t\t<meta property=\"article:published_time\" content=\"2019-12-27T12:00:13+00:00\" \/>\n\t\t<meta property=\"article:modified_time\" content=\"2023-06-01T11:03:05+00:00\" \/>\n\t\t<meta property=\"article:publisher\" content=\"https:\/\/www.facebook.com\/itcenterrwth\" \/>\n\t\t<meta name=\"twitter:card\" content=\"summary\" \/>\n\t\t<meta name=\"twitter:site\" content=\"@ITCenterRWTH\" \/>\n\t\t<meta name=\"twitter:title\" content=\"2019 \u2013 Wir blicken auf ein Jahr voller pr\u00e4gender Ereignisse zur\u00fcck (I) \u2022 IT Center Blog\" \/>\n\t\t<meta name=\"twitter:description\" content=\"Spotify und Co. haben ihn schon geliefert \u2013 den gro\u00dfen Jahresr\u00fcckblick 2019 samt all Euren pers\u00f6nlichen Highlights des Jahres. Nun m\u00f6chten auch wir Euch die H\u00f6hepunkte pr\u00e4sentieren, die uns im Jahre 2019 am meisten bewegt haben. Gleichzeitig k\u00f6nnen wir so gemeinsam Revue passieren lassen, welche gro\u00dfen Ver\u00e4nderungen Einfluss auf uns hatten. Wir haben\" \/>\n\t\t<meta name=\"twitter:creator\" content=\"@ITCenterRWTH\" \/>\n\t\t<script type=\"application\/ld+json\" class=\"aioseo-schema\">\n\t\t\t{\"@context\":\"https:\\\/\\\/schema.org\",\"@graph\":[{\"@type\":\"BlogPosting\",\"@id\":\"https:\\\/\\\/blog.rwth-aachen.de\\\/itc\\\/en\\\/2019\\\/12\\\/27\\\/2019-wir-blicken-auf-ein-jahr-voller-praegender-ereignisse-zurueck\\\/#blogposting\",\"name\":\"2019 \\u2013 Wir blicken auf ein Jahr voller pr\\u00e4gender Ereignisse zur\\u00fcck (I) \\u2022 IT Center Blog\",\"headline\":\"2019 &#8211; Wir blicken auf ein Jahr voller pr\\u00e4gender Ereignisse zur\\u00fcck (I)\",\"author\":{\"@id\":\"https:\\\/\\\/blog.rwth-aachen.de\\\/itc\\\/en\\\/author\\\/1859\\\/#author\"},\"publisher\":{\"@id\":\"https:\\\/\\\/blog.rwth-aachen.de\\\/itc\\\/en\\\/#organization\"},\"image\":{\"@type\":\"ImageObject\",\"url\":\"https:\\\/\\\/blog.rwth-aachen.de\\\/itc\\\/files\\\/2019\\\/12\\\/Jahresr\\u00fcckblick-2019-1.jpg\",\"width\":3000,\"height\":3000},\"datePublished\":\"2019-12-27T13:00:13+01:00\",\"dateModified\":\"2023-06-01T13:03:05+02:00\",\"inLanguage\":\"en-US\",\"mainEntityOfPage\":{\"@id\":\"https:\\\/\\\/blog.rwth-aachen.de\\\/itc\\\/en\\\/2019\\\/12\\\/27\\\/2019-wir-blicken-auf-ein-jahr-voller-praegender-ereignisse-zurueck\\\/#webpage\"},\"isPartOf\":{\"@id\":\"https:\\\/\\\/blog.rwth-aachen.de\\\/itc\\\/en\\\/2019\\\/12\\\/27\\\/2019-wir-blicken-auf-ein-jahr-voller-praegender-ereignisse-zurueck\\\/#webpage\"},\"articleSection\":\"Announcements, Jobs &amp; Training, Events, Anniversarys &amp; Success, Fun &amp; Facts, Insight IT Center, Interviews &amp; Surveys, IT-Security, Projects &amp; Cooperations, Support, Services &amp; Updates, Studies &amp; Teaching\"},{\"@type\":\"BreadcrumbList\",\"@id\":\"https:\\\/\\\/blog.rwth-aachen.de\\\/itc\\\/en\\\/2019\\\/12\\\/27\\\/2019-wir-blicken-auf-ein-jahr-voller-praegender-ereignisse-zurueck\\\/#breadcrumblist\",\"itemListElement\":[{\"@type\":\"ListItem\",\"@id\":\"https:\\\/\\\/blog.rwth-aachen.de\\\/itc\\\/en#listItem\",\"position\":1,\"name\":\"Home\",\"item\":\"https:\\\/\\\/blog.rwth-aachen.de\\\/itc\\\/en\",\"nextItem\":{\"@type\":\"ListItem\",\"@id\":\"https:\\\/\\\/blog.rwth-aachen.de\\\/itc\\\/en\\\/category\\\/themen\\\/#listItem\",\"name\":\"Topic\"}},{\"@type\":\"ListItem\",\"@id\":\"https:\\\/\\\/blog.rwth-aachen.de\\\/itc\\\/en\\\/category\\\/themen\\\/#listItem\",\"position\":2,\"name\":\"Topic\",\"item\":\"https:\\\/\\\/blog.rwth-aachen.de\\\/itc\\\/en\\\/category\\\/themen\\\/\",\"nextItem\":{\"@type\":\"ListItem\",\"@id\":\"https:\\\/\\\/blog.rwth-aachen.de\\\/itc\\\/en\\\/category\\\/themen\\\/ankuendigungen\\\/#listItem\",\"name\":\"Announcements\"},\"previousItem\":{\"@type\":\"ListItem\",\"@id\":\"https:\\\/\\\/blog.rwth-aachen.de\\\/itc\\\/en#listItem\",\"name\":\"Home\"}},{\"@type\":\"ListItem\",\"@id\":\"https:\\\/\\\/blog.rwth-aachen.de\\\/itc\\\/en\\\/category\\\/themen\\\/ankuendigungen\\\/#listItem\",\"position\":3,\"name\":\"Announcements\",\"item\":\"https:\\\/\\\/blog.rwth-aachen.de\\\/itc\\\/en\\\/category\\\/themen\\\/ankuendigungen\\\/\",\"nextItem\":{\"@type\":\"ListItem\",\"@id\":\"https:\\\/\\\/blog.rwth-aachen.de\\\/itc\\\/en\\\/2019\\\/12\\\/27\\\/2019-wir-blicken-auf-ein-jahr-voller-praegender-ereignisse-zurueck\\\/#listItem\",\"name\":\"2019 &#8211; Wir blicken auf ein Jahr voller pr\\u00e4gender Ereignisse zur\\u00fcck (I)\"},\"previousItem\":{\"@type\":\"ListItem\",\"@id\":\"https:\\\/\\\/blog.rwth-aachen.de\\\/itc\\\/en\\\/category\\\/themen\\\/#listItem\",\"name\":\"Topic\"}},{\"@type\":\"ListItem\",\"@id\":\"https:\\\/\\\/blog.rwth-aachen.de\\\/itc\\\/en\\\/2019\\\/12\\\/27\\\/2019-wir-blicken-auf-ein-jahr-voller-praegender-ereignisse-zurueck\\\/#listItem\",\"position\":4,\"name\":\"2019 &#8211; Wir blicken auf ein Jahr voller pr\\u00e4gender Ereignisse zur\\u00fcck (I)\",\"previousItem\":{\"@type\":\"ListItem\",\"@id\":\"https:\\\/\\\/blog.rwth-aachen.de\\\/itc\\\/en\\\/category\\\/themen\\\/ankuendigungen\\\/#listItem\",\"name\":\"Announcements\"}}]},{\"@type\":\"Organization\",\"@id\":\"https:\\\/\\\/blog.rwth-aachen.de\\\/itc\\\/en\\\/#organization\",\"name\":\"IT Center RWTH Aachen University\",\"url\":\"https:\\\/\\\/blog.rwth-aachen.de\\\/itc\\\/en\\\/\",\"logo\":{\"@type\":\"ImageObject\",\"url\":\"https:\\\/\\\/blog.rwth-aachen.de\\\/itc\\\/files\\\/2018\\\/09\\\/IT-Center-Logo.png\",\"@id\":\"https:\\\/\\\/blog.rwth-aachen.de\\\/itc\\\/en\\\/2019\\\/12\\\/27\\\/2019-wir-blicken-auf-ein-jahr-voller-praegender-ereignisse-zurueck\\\/#organizationLogo\",\"width\":1312,\"height\":378,\"caption\":\"IT Center Logo\"},\"image\":{\"@id\":\"https:\\\/\\\/blog.rwth-aachen.de\\\/itc\\\/en\\\/2019\\\/12\\\/27\\\/2019-wir-blicken-auf-ein-jahr-voller-praegender-ereignisse-zurueck\\\/#organizationLogo\"},\"sameAs\":[\"https:\\\/\\\/www.facebook.com\\\/itcenterrwth\",\"https:\\\/\\\/twitter.com\\\/ITCenterRWTH\",\"https:\\\/\\\/www.youtube.com\\\/c\\\/itcenterrwthaachen\",\"https:\\\/\\\/www.linkedin.com\\\/company\\\/itcenterrwth\"]},{\"@type\":\"Person\",\"@id\":\"https:\\\/\\\/blog.rwth-aachen.de\\\/itc\\\/en\\\/author\\\/1859\\\/#author\",\"url\":\"https:\\\/\\\/blog.rwth-aachen.de\\\/itc\\\/en\\\/author\\\/1859\\\/\",\"name\":\"Kaminski, Nicole\",\"image\":{\"@type\":\"ImageObject\",\"@id\":\"https:\\\/\\\/blog.rwth-aachen.de\\\/itc\\\/en\\\/2019\\\/12\\\/27\\\/2019-wir-blicken-auf-ein-jahr-voller-praegender-ereignisse-zurueck\\\/#authorImage\",\"url\":\"https:\\\/\\\/secure.gravatar.com\\\/avatar\\\/18d1e600404bd997e865165f882c6f08cbfabdf461d42cdfbf3619c334f965a4?s=96&d=blank&r=g\",\"width\":96,\"height\":96,\"caption\":\"Kaminski, Nicole\"}},{\"@type\":\"WebPage\",\"@id\":\"https:\\\/\\\/blog.rwth-aachen.de\\\/itc\\\/en\\\/2019\\\/12\\\/27\\\/2019-wir-blicken-auf-ein-jahr-voller-praegender-ereignisse-zurueck\\\/#webpage\",\"url\":\"https:\\\/\\\/blog.rwth-aachen.de\\\/itc\\\/en\\\/2019\\\/12\\\/27\\\/2019-wir-blicken-auf-ein-jahr-voller-praegender-ereignisse-zurueck\\\/\",\"name\":\"2019 \\u2013 Wir blicken auf ein Jahr voller pr\\u00e4gender Ereignisse zur\\u00fcck (I) \\u2022 IT Center Blog\",\"description\":\"Spotify und Co. haben ihn schon geliefert \\u2013 den gro\\u00dfen Jahresr\\u00fcckblick 2019 samt all Euren pers\\u00f6nlichen Highlights des Jahres. Nun m\\u00f6chten auch wir Euch die H\\u00f6hepunkte pr\\u00e4sentieren, die uns im Jahre 2019 am meisten bewegt haben. Gleichzeitig k\\u00f6nnen wir so gemeinsam Revue passieren lassen, welche gro\\u00dfen Ver\\u00e4nderungen Einfluss auf uns hatten. Wir haben\",\"inLanguage\":\"en-US\",\"isPartOf\":{\"@id\":\"https:\\\/\\\/blog.rwth-aachen.de\\\/itc\\\/en\\\/#website\"},\"breadcrumb\":{\"@id\":\"https:\\\/\\\/blog.rwth-aachen.de\\\/itc\\\/en\\\/2019\\\/12\\\/27\\\/2019-wir-blicken-auf-ein-jahr-voller-praegender-ereignisse-zurueck\\\/#breadcrumblist\"},\"author\":{\"@id\":\"https:\\\/\\\/blog.rwth-aachen.de\\\/itc\\\/en\\\/author\\\/1859\\\/#author\"},\"creator\":{\"@id\":\"https:\\\/\\\/blog.rwth-aachen.de\\\/itc\\\/en\\\/author\\\/1859\\\/#author\"},\"image\":{\"@type\":\"ImageObject\",\"url\":\"https:\\\/\\\/blog.rwth-aachen.de\\\/itc\\\/files\\\/2019\\\/12\\\/Jahresr\\u00fcckblick-2019-1.jpg\",\"@id\":\"https:\\\/\\\/blog.rwth-aachen.de\\\/itc\\\/en\\\/2019\\\/12\\\/27\\\/2019-wir-blicken-auf-ein-jahr-voller-praegender-ereignisse-zurueck\\\/#mainImage\",\"width\":3000,\"height\":3000},\"primaryImageOfPage\":{\"@id\":\"https:\\\/\\\/blog.rwth-aachen.de\\\/itc\\\/en\\\/2019\\\/12\\\/27\\\/2019-wir-blicken-auf-ein-jahr-voller-praegender-ereignisse-zurueck\\\/#mainImage\"},\"datePublished\":\"2019-12-27T13:00:13+01:00\",\"dateModified\":\"2023-06-01T13:03:05+02:00\"},{\"@type\":\"WebSite\",\"@id\":\"https:\\\/\\\/blog.rwth-aachen.de\\\/itc\\\/en\\\/#website\",\"url\":\"https:\\\/\\\/blog.rwth-aachen.de\\\/itc\\\/en\\\/\",\"name\":\"IT Center Blog\",\"inLanguage\":\"en-US\",\"publisher\":{\"@id\":\"https:\\\/\\\/blog.rwth-aachen.de\\\/itc\\\/en\\\/#organization\"}}]}\n\t\t<\/script>\n\t\t<!-- All in One SEO -->\n\n","aioseo_head_json":{"title":"2019 \u2013 Wir blicken auf ein Jahr voller pr\u00e4gender Ereignisse zur\u00fcck (I) \u2022 IT Center Blog","description":"Spotify und Co. haben ihn schon geliefert \u2013 den gro\u00dfen Jahresr\u00fcckblick 2019 samt all Euren pers\u00f6nlichen Highlights des Jahres. Nun m\u00f6chten auch wir Euch die H\u00f6hepunkte pr\u00e4sentieren, die uns im Jahre 2019 am meisten bewegt haben. Gleichzeitig k\u00f6nnen wir so gemeinsam Revue passieren lassen, welche gro\u00dfen Ver\u00e4nderungen Einfluss auf uns hatten. Wir haben","canonical_url":"https:\/\/blog.rwth-aachen.de\/itc\/en\/2019\/12\/27\/2019-wir-blicken-auf-ein-jahr-voller-praegender-ereignisse-zurueck\/","robots":"max-image-preview:large","keywords":"announcements,jobs &amp; training,events, anniversarys &amp; success,fun &amp; facts,insight it center,interviews &amp; surveys,it-security,projects &amp; cooperations,support, services &amp; updates,studies &amp; teaching","webmasterTools":{"miscellaneous":""},"schema":{"@context":"https:\/\/schema.org","@graph":[{"@type":"BlogPosting","@id":"https:\/\/blog.rwth-aachen.de\/itc\/en\/2019\/12\/27\/2019-wir-blicken-auf-ein-jahr-voller-praegender-ereignisse-zurueck\/#blogposting","name":"2019 \u2013 Wir blicken auf ein Jahr voller pr\u00e4gender Ereignisse zur\u00fcck (I) \u2022 IT Center Blog","headline":"2019 &#8211; Wir blicken auf ein Jahr voller pr\u00e4gender Ereignisse zur\u00fcck (I)","author":{"@id":"https:\/\/blog.rwth-aachen.de\/itc\/en\/author\/1859\/#author"},"publisher":{"@id":"https:\/\/blog.rwth-aachen.de\/itc\/en\/#organization"},"image":{"@type":"ImageObject","url":"https:\/\/blog.rwth-aachen.de\/itc\/files\/2019\/12\/Jahresr\u00fcckblick-2019-1.jpg","width":3000,"height":3000},"datePublished":"2019-12-27T13:00:13+01:00","dateModified":"2023-06-01T13:03:05+02:00","inLanguage":"en-US","mainEntityOfPage":{"@id":"https:\/\/blog.rwth-aachen.de\/itc\/en\/2019\/12\/27\/2019-wir-blicken-auf-ein-jahr-voller-praegender-ereignisse-zurueck\/#webpage"},"isPartOf":{"@id":"https:\/\/blog.rwth-aachen.de\/itc\/en\/2019\/12\/27\/2019-wir-blicken-auf-ein-jahr-voller-praegender-ereignisse-zurueck\/#webpage"},"articleSection":"Announcements, Jobs &amp; Training, Events, Anniversarys &amp; Success, Fun &amp; Facts, Insight IT Center, Interviews &amp; Surveys, IT-Security, Projects &amp; Cooperations, Support, Services &amp; Updates, Studies &amp; Teaching"},{"@type":"BreadcrumbList","@id":"https:\/\/blog.rwth-aachen.de\/itc\/en\/2019\/12\/27\/2019-wir-blicken-auf-ein-jahr-voller-praegender-ereignisse-zurueck\/#breadcrumblist","itemListElement":[{"@type":"ListItem","@id":"https:\/\/blog.rwth-aachen.de\/itc\/en#listItem","position":1,"name":"Home","item":"https:\/\/blog.rwth-aachen.de\/itc\/en","nextItem":{"@type":"ListItem","@id":"https:\/\/blog.rwth-aachen.de\/itc\/en\/category\/themen\/#listItem","name":"Topic"}},{"@type":"ListItem","@id":"https:\/\/blog.rwth-aachen.de\/itc\/en\/category\/themen\/#listItem","position":2,"name":"Topic","item":"https:\/\/blog.rwth-aachen.de\/itc\/en\/category\/themen\/","nextItem":{"@type":"ListItem","@id":"https:\/\/blog.rwth-aachen.de\/itc\/en\/category\/themen\/ankuendigungen\/#listItem","name":"Announcements"},"previousItem":{"@type":"ListItem","@id":"https:\/\/blog.rwth-aachen.de\/itc\/en#listItem","name":"Home"}},{"@type":"ListItem","@id":"https:\/\/blog.rwth-aachen.de\/itc\/en\/category\/themen\/ankuendigungen\/#listItem","position":3,"name":"Announcements","item":"https:\/\/blog.rwth-aachen.de\/itc\/en\/category\/themen\/ankuendigungen\/","nextItem":{"@type":"ListItem","@id":"https:\/\/blog.rwth-aachen.de\/itc\/en\/2019\/12\/27\/2019-wir-blicken-auf-ein-jahr-voller-praegender-ereignisse-zurueck\/#listItem","name":"2019 &#8211; Wir blicken auf ein Jahr voller pr\u00e4gender Ereignisse zur\u00fcck (I)"},"previousItem":{"@type":"ListItem","@id":"https:\/\/blog.rwth-aachen.de\/itc\/en\/category\/themen\/#listItem","name":"Topic"}},{"@type":"ListItem","@id":"https:\/\/blog.rwth-aachen.de\/itc\/en\/2019\/12\/27\/2019-wir-blicken-auf-ein-jahr-voller-praegender-ereignisse-zurueck\/#listItem","position":4,"name":"2019 &#8211; Wir blicken auf ein Jahr voller pr\u00e4gender Ereignisse zur\u00fcck (I)","previousItem":{"@type":"ListItem","@id":"https:\/\/blog.rwth-aachen.de\/itc\/en\/category\/themen\/ankuendigungen\/#listItem","name":"Announcements"}}]},{"@type":"Organization","@id":"https:\/\/blog.rwth-aachen.de\/itc\/en\/#organization","name":"IT Center RWTH Aachen University","url":"https:\/\/blog.rwth-aachen.de\/itc\/en\/","logo":{"@type":"ImageObject","url":"https:\/\/blog.rwth-aachen.de\/itc\/files\/2018\/09\/IT-Center-Logo.png","@id":"https:\/\/blog.rwth-aachen.de\/itc\/en\/2019\/12\/27\/2019-wir-blicken-auf-ein-jahr-voller-praegender-ereignisse-zurueck\/#organizationLogo","width":1312,"height":378,"caption":"IT Center Logo"},"image":{"@id":"https:\/\/blog.rwth-aachen.de\/itc\/en\/2019\/12\/27\/2019-wir-blicken-auf-ein-jahr-voller-praegender-ereignisse-zurueck\/#organizationLogo"},"sameAs":["https:\/\/www.facebook.com\/itcenterrwth","https:\/\/twitter.com\/ITCenterRWTH","https:\/\/www.youtube.com\/c\/itcenterrwthaachen","https:\/\/www.linkedin.com\/company\/itcenterrwth"]},{"@type":"Person","@id":"https:\/\/blog.rwth-aachen.de\/itc\/en\/author\/1859\/#author","url":"https:\/\/blog.rwth-aachen.de\/itc\/en\/author\/1859\/","name":"Kaminski, Nicole","image":{"@type":"ImageObject","@id":"https:\/\/blog.rwth-aachen.de\/itc\/en\/2019\/12\/27\/2019-wir-blicken-auf-ein-jahr-voller-praegender-ereignisse-zurueck\/#authorImage","url":"https:\/\/secure.gravatar.com\/avatar\/18d1e600404bd997e865165f882c6f08cbfabdf461d42cdfbf3619c334f965a4?s=96&d=blank&r=g","width":96,"height":96,"caption":"Kaminski, Nicole"}},{"@type":"WebPage","@id":"https:\/\/blog.rwth-aachen.de\/itc\/en\/2019\/12\/27\/2019-wir-blicken-auf-ein-jahr-voller-praegender-ereignisse-zurueck\/#webpage","url":"https:\/\/blog.rwth-aachen.de\/itc\/en\/2019\/12\/27\/2019-wir-blicken-auf-ein-jahr-voller-praegender-ereignisse-zurueck\/","name":"2019 \u2013 Wir blicken auf ein Jahr voller pr\u00e4gender Ereignisse zur\u00fcck (I) \u2022 IT Center Blog","description":"Spotify und Co. haben ihn schon geliefert \u2013 den gro\u00dfen Jahresr\u00fcckblick 2019 samt all Euren pers\u00f6nlichen Highlights des Jahres. Nun m\u00f6chten auch wir Euch die H\u00f6hepunkte pr\u00e4sentieren, die uns im Jahre 2019 am meisten bewegt haben. Gleichzeitig k\u00f6nnen wir so gemeinsam Revue passieren lassen, welche gro\u00dfen Ver\u00e4nderungen Einfluss auf uns hatten. Wir haben","inLanguage":"en-US","isPartOf":{"@id":"https:\/\/blog.rwth-aachen.de\/itc\/en\/#website"},"breadcrumb":{"@id":"https:\/\/blog.rwth-aachen.de\/itc\/en\/2019\/12\/27\/2019-wir-blicken-auf-ein-jahr-voller-praegender-ereignisse-zurueck\/#breadcrumblist"},"author":{"@id":"https:\/\/blog.rwth-aachen.de\/itc\/en\/author\/1859\/#author"},"creator":{"@id":"https:\/\/blog.rwth-aachen.de\/itc\/en\/author\/1859\/#author"},"image":{"@type":"ImageObject","url":"https:\/\/blog.rwth-aachen.de\/itc\/files\/2019\/12\/Jahresr\u00fcckblick-2019-1.jpg","@id":"https:\/\/blog.rwth-aachen.de\/itc\/en\/2019\/12\/27\/2019-wir-blicken-auf-ein-jahr-voller-praegender-ereignisse-zurueck\/#mainImage","width":3000,"height":3000},"primaryImageOfPage":{"@id":"https:\/\/blog.rwth-aachen.de\/itc\/en\/2019\/12\/27\/2019-wir-blicken-auf-ein-jahr-voller-praegender-ereignisse-zurueck\/#mainImage"},"datePublished":"2019-12-27T13:00:13+01:00","dateModified":"2023-06-01T13:03:05+02:00"},{"@type":"WebSite","@id":"https:\/\/blog.rwth-aachen.de\/itc\/en\/#website","url":"https:\/\/blog.rwth-aachen.de\/itc\/en\/","name":"IT Center Blog","inLanguage":"en-US","publisher":{"@id":"https:\/\/blog.rwth-aachen.de\/itc\/en\/#organization"}}]},"og:locale":"en_US","og:site_name":"IT Center Blog \u2022","og:type":"article","og:title":"2019 \u2013 Wir blicken auf ein Jahr voller pr\u00e4gender Ereignisse zur\u00fcck (I) \u2022 IT Center Blog","og:description":"Spotify und Co. haben ihn schon geliefert \u2013 den gro\u00dfen Jahresr\u00fcckblick 2019 samt all Euren pers\u00f6nlichen Highlights des Jahres. Nun m\u00f6chten auch wir Euch die H\u00f6hepunkte pr\u00e4sentieren, die uns im Jahre 2019 am meisten bewegt haben. Gleichzeitig k\u00f6nnen wir so gemeinsam Revue passieren lassen, welche gro\u00dfen Ver\u00e4nderungen Einfluss auf uns hatten. Wir haben","og:url":"https:\/\/blog.rwth-aachen.de\/itc\/en\/2019\/12\/27\/2019-wir-blicken-auf-ein-jahr-voller-praegender-ereignisse-zurueck\/","article:published_time":"2019-12-27T12:00:13+00:00","article:modified_time":"2023-06-01T11:03:05+00:00","article:publisher":"https:\/\/www.facebook.com\/itcenterrwth","twitter:card":"summary","twitter:site":"@ITCenterRWTH","twitter:title":"2019 \u2013 Wir blicken auf ein Jahr voller pr\u00e4gender Ereignisse zur\u00fcck (I) \u2022 IT Center Blog","twitter:description":"Spotify und Co. haben ihn schon geliefert \u2013 den gro\u00dfen Jahresr\u00fcckblick 2019 samt all Euren pers\u00f6nlichen Highlights des Jahres. Nun m\u00f6chten auch wir Euch die H\u00f6hepunkte pr\u00e4sentieren, die uns im Jahre 2019 am meisten bewegt haben. Gleichzeitig k\u00f6nnen wir so gemeinsam Revue passieren lassen, welche gro\u00dfen Ver\u00e4nderungen Einfluss auf uns hatten. Wir haben","twitter:creator":"@ITCenterRWTH"},"aioseo_meta_data":{"post_id":"6798","title":null,"description":null,"keywords":[],"keyphrases":{"focus":{"keyphrase":"","score":0,"analysis":{"keyphraseInTitle":{"score":0,"maxScore":9,"error":1}}},"additional":[]},"primary_term":null,"canonical_url":null,"og_title":null,"og_description":null,"og_object_type":"default","og_image_type":"default","og_image_url":null,"og_image_width":null,"og_image_height":null,"og_image_custom_url":null,"og_image_custom_fields":null,"og_video":"","og_custom_url":null,"og_article_section":null,"og_article_tags":[],"twitter_use_og":false,"twitter_card":"default","twitter_image_type":"default","twitter_image_url":null,"twitter_image_custom_url":null,"twitter_image_custom_fields":null,"twitter_title":null,"twitter_description":null,"schema":{"blockGraphs":[],"customGraphs":[],"default":{"data":{"Article":{"id":"aioseo-article-6350d596e1be0","slug":"article","graphName":"Article","label":"Artikel","properties":{"type":"BlogPosting","name":"#post_title","headline":"#post_title","description":"#post_excerpt","image":"","keywords":"","author":{"name":"#author_name","url":"#author_url"},"dates":{"include":true,"datePublished":"","dateModified":""}}},"Course":[],"Dataset":[],"FAQPage":[],"Movie":[],"Person":[],"Product":[],"ProductReview":[],"Car":[],"Recipe":[],"Service":[],"SoftwareApplication":[],"WebPage":[]},"graphName":"BlogPosting","isEnabled":true},"graphs":[]},"schema_type":"default","schema_type_options":"{\"article\":{\"articleType\":\"BlogPosting\"},\"course\":{\"name\":\"\",\"description\":\"\",\"provider\":\"\"},\"faq\":{\"pages\":[]},\"product\":{\"reviews\":[]},\"recipe\":{\"ingredients\":[],\"instructions\":[],\"keywords\":[]},\"software\":{\"reviews\":[],\"operatingSystems\":[]},\"webPage\":{\"webPageType\":\"WebPage\"}}","pillar_content":false,"robots_default":true,"robots_noindex":false,"robots_noarchive":false,"robots_nosnippet":false,"robots_nofollow":false,"robots_noimageindex":false,"robots_noodp":false,"robots_notranslate":false,"robots_max_snippet":"-1","robots_max_videopreview":"-1","robots_max_imagepreview":"large","priority":null,"frequency":"default","local_seo":null,"breadcrumb_settings":null,"limit_modified_date":false,"ai":null,"created":"2022-01-24 14:42:04","updated":"2025-07-08 13:30:30","seo_analyzer_scan_date":null},"aioseo_breadcrumb":"<div class=\"aioseo-breadcrumbs\"><span class=\"aioseo-breadcrumb\">\n\t\t\t<a href=\"https:\/\/blog.rwth-aachen.de\/itc\/en\" title=\"Home\">Home<\/a>\n\t\t<\/span><span class=\"aioseo-breadcrumb-separator\">\u00bb<\/span><span class=\"aioseo-breadcrumb\">\n\t\t\t<a href=\"https:\/\/blog.rwth-aachen.de\/itc\/en\/category\/themen\/\" title=\"Topic\">Topic<\/a>\n\t\t<\/span><span class=\"aioseo-breadcrumb-separator\">\u00bb<\/span><span class=\"aioseo-breadcrumb\">\n\t\t\t<a href=\"https:\/\/blog.rwth-aachen.de\/itc\/en\/category\/themen\/ankuendigungen\/\" title=\"Announcements\">Announcements<\/a>\n\t\t<\/span><span class=\"aioseo-breadcrumb-separator\">\u00bb<\/span><span class=\"aioseo-breadcrumb\">\n\t\t\t2019 \u2013 Wir blicken auf ein Jahr voller pr\u00e4gender Ereignisse zur\u00fcck (I)\n\t\t<\/span><\/div>","aioseo_breadcrumb_json":[{"label":"Home","link":"https:\/\/blog.rwth-aachen.de\/itc\/en"},{"label":"Topic","link":"https:\/\/blog.rwth-aachen.de\/itc\/en\/category\/themen\/"},{"label":"Announcements","link":"https:\/\/blog.rwth-aachen.de\/itc\/en\/category\/themen\/ankuendigungen\/"},{"label":"2019 &#8211; Wir blicken auf ein Jahr voller pr\u00e4gender Ereignisse zur\u00fcck (I)","link":"https:\/\/blog.rwth-aachen.de\/itc\/en\/2019\/12\/27\/2019-wir-blicken-auf-ein-jahr-voller-praegender-ereignisse-zurueck\/"}],"_links":{"self":[{"href":"https:\/\/blog.rwth-aachen.de\/itc\/en\/wp-json\/wp\/v2\/posts\/6798","targetHints":{"allow":["GET"]}}],"collection":[{"href":"https:\/\/blog.rwth-aachen.de\/itc\/en\/wp-json\/wp\/v2\/posts"}],"about":[{"href":"https:\/\/blog.rwth-aachen.de\/itc\/en\/wp-json\/wp\/v2\/types\/post"}],"author":[{"embeddable":true,"href":"https:\/\/blog.rwth-aachen.de\/itc\/en\/wp-json\/wp\/v2\/users\/1859"}],"replies":[{"embeddable":true,"href":"https:\/\/blog.rwth-aachen.de\/itc\/en\/wp-json\/wp\/v2\/comments?post=6798"}],"version-history":[{"count":9,"href":"https:\/\/blog.rwth-aachen.de\/itc\/en\/wp-json\/wp\/v2\/posts\/6798\/revisions"}],"predecessor-version":[{"id":15939,"href":"https:\/\/blog.rwth-aachen.de\/itc\/en\/wp-json\/wp\/v2\/posts\/6798\/revisions\/15939"}],"wp:featuredmedia":[{"embeddable":true,"href":"https:\/\/blog.rwth-aachen.de\/itc\/en\/wp-json\/wp\/v2\/media\/6803"}],"wp:attachment":[{"href":"https:\/\/blog.rwth-aachen.de\/itc\/en\/wp-json\/wp\/v2\/media?parent=6798"}],"wp:term":[{"taxonomy":"category","embeddable":true,"href":"https:\/\/blog.rwth-aachen.de\/itc\/en\/wp-json\/wp\/v2\/categories?post=6798"},{"taxonomy":"post_tag","embeddable":true,"href":"https:\/\/blog.rwth-aachen.de\/itc\/en\/wp-json\/wp\/v2\/tags?post=6798"}],"curies":[{"name":"wp","href":"https:\/\/api.w.org\/{rel}","templated":true}]}}