{"id":6836,"date":"2020-01-10T13:00:33","date_gmt":"2020-01-10T12:00:33","guid":{"rendered":"https:\/\/blog.rwth-aachen.de\/itc\/?p=6836"},"modified":"2023-07-24T11:18:24","modified_gmt":"2023-07-24T09:18:24","slug":"it-fachseminar-2019","status":"publish","type":"post","link":"https:\/\/blog.rwth-aachen.de\/itc\/en\/2020\/01\/10\/it-fachseminar-2019\/","title":{"rendered":"Die Hochschul-IT zu Gast bei Freunden: Das IT-Fachseminar 2019 am IT Center"},"content":{"rendered":"<div class=\"twoclick_social_bookmarks_post_6836 social_share_privacy clearfix 1.6.4 locale-en_US sprite-en_US\"><\/div><div class=\"twoclick-js\"><script type=\"text\/javascript\">\/* <![CDATA[ *\/\njQuery(document).ready(function($){if($('.twoclick_social_bookmarks_post_6836')){$('.twoclick_social_bookmarks_post_6836').socialSharePrivacy({\"txt_help\":\"Wenn Sie diese Felder durch einen Klick aktivieren, werden Informationen an Facebook, Twitter, Flattr, Xing, t3n, LinkedIn, Pinterest oder Google eventuell ins Ausland \\u00fcbertragen und unter Umst\\u00e4nden auch dort gespeichert. N\\u00e4heres erfahren Sie durch einen Klick auf das <em>i<\\\/em>.\",\"settings_perma\":\"Dauerhaft aktivieren und Daten\\u00fcber-tragung zustimmen:\",\"info_link\":\"http:\\\/\\\/www.heise.de\\\/ct\\\/artikel\\\/2-Klicks-fuer-mehr-Datenschutz-1333879.html\",\"uri\":\"https:\\\/\\\/blog.rwth-aachen.de\\\/itc\\\/en\\\/2020\\\/01\\\/10\\\/it-fachseminar-2019\\\/\",\"post_id\":6836,\"post_title_referrer_track\":\"Die+Hochschul-IT+zu+Gast+bei+Freunden%3A+Das+IT-Fachseminar+2019+am+IT+Center\",\"display_infobox\":\"on\"});}});\n\/* ]]> *\/<\/script><\/div><p>&nbsp;<\/p>\r\n\r\n<p>Zum Jahresende 2019 hatte das <a href=\"https:\/\/www.itc.rwth-aachen.de\/cms\/~rbnjb\/it-center\/\">IT Center<\/a> der <a href=\"https:\/\/www.rwth-aachen.de\/go\/id\/a\/\">RWTH Aachen University<\/a> die Ehre die 38. Auflage des <a href=\"https:\/\/blog.rwth-aachen.de\/itc\/2020\/01\/10\/it-fachseminar-2019\/\">IT-Fachseminars<\/a> erfolgreich in Monschau und Aachen auszurichten. Dazu kamen vom 20.11. bis 27.11.2019 Teilnehmende aus insgesamt 13 verschiedenen Einrichtungen aus ganz Deutschland zusammen.<\/p>\r\n\r\n<p>&nbsp;<\/p>\r\n\r\n<div class=\"wp-block-image\">\r\n<figure class=\"aligncenter is-resized\">\r\n<div id=\"attachment_6838\" style=\"width: 492px\" class=\"wp-caption alignnone\"><img loading=\"lazy\" decoding=\"async\" aria-describedby=\"caption-attachment-6838\" class=\"wp-image-6838\" src=\"https:\/\/blog.rwth-aachen.de\/itc\/files\/2020\/01\/Gruppenbild_IT-Fachseminar_bearbeitet.jpg\" alt=\"Die Teilnehmenden des 38. IT-Fachseminars in Aachen.\" width=\"482\" height=\"756\" srcset=\"https:\/\/blog.rwth-aachen.de\/itc\/files\/2020\/01\/Gruppenbild_IT-Fachseminar_bearbeitet.jpg 643w, https:\/\/blog.rwth-aachen.de\/itc\/files\/2020\/01\/Gruppenbild_IT-Fachseminar_bearbeitet-191x300.jpg 191w\" sizes=\"auto, (max-width: 482px) 100vw, 482px\" \/><p id=\"caption-attachment-6838\" class=\"wp-caption-text\">Die Teilnehmenden des 38. IT-Fachseminars in Aachen. <br \/>Quelle: Eigene Darstellung<\/p><\/div>\r\n<\/figure>\r\n<\/div>\r\n\r\n<p>&nbsp;<\/p>\r\n\r\n<p><!--more--><\/p>\r\n\r\n<p>&nbsp;<\/p>\r\n\r\n<h4 class=\"wp-block-heading\">Spannende Vortr\u00e4ge<\/h4>\r\n\r\n<p>&nbsp;<\/p>\r\n\r\n<p>Auf dem IT-Fachseminar haben viele Mitarbeitenden des IT Centers aber auch RWTH-externe Vortragende angeregt \u00fcber Ihre Arbeitsfelder berichtet. So bewegte sich das diesj\u00e4hrige Seminar inhaltlich rund um das Datennetz der RWTH Aachen und dessen Ausbau, sowie um die Cloud-Entwicklungen, Datenhaltung, Sicherheit, Forschungsdaten, E-Learning und weitere spannende Themen.<\/p>\r\n\r\n<p>&nbsp;<\/p>\r\n\r\n<p>R\u00e4umlich wurden die Seminartage im Michel &amp; Friends Hotel in Monschau, sowie in den R\u00e4umlichkeiten des IT Centers der RWTH Aachen, als auch im Ford-Saal des Super C abgehalten. Zus\u00e4tzlich zu den Vortr\u00e4gen fanden diverse F\u00fchrungen durch die Maschinenhallen des IT Centers statt. Unter anderem konnten die G\u00e4ste die Klimatechnik der Maschinenhalle, den Hochleistungsrechner CLAIX2018 sowie die <a href=\"https:\/\/www.itc.rwth-aachen.de\/cms\/IT-Center\/Forschung-Projekte\/Virtuelle-Realitaet\/Infrastruktur\/~fgqa\/aixCAVE\/\">aixCAVE der RWTH Aachen University<\/a> besichtigen. Nat\u00fcrlich durfte auch ein Besuch des Aachener Weihnachtsmarktes nicht fehlen.<\/p>\r\n\r\n<p>&nbsp;<\/p>\r\n\r\n<div class=\"wp-block-image\">\r\n<figure class=\"aligncenter\">\r\n<div id=\"attachment_6839\" style=\"width: 1034px\" class=\"wp-caption alignnone\"><img loading=\"lazy\" decoding=\"async\" aria-describedby=\"caption-attachment-6839\" class=\"wp-image-6839\" src=\"https:\/\/blog.rwth-aachen.de\/itc\/files\/2020\/01\/DSC0103_Cave-1024x680.jpg\" alt=\"Der Besuch in der aixCAVE: Ein virtueller Rundgang durch den Aachener Dom.\" width=\"1024\" height=\"680\" srcset=\"https:\/\/blog.rwth-aachen.de\/itc\/files\/2020\/01\/DSC0103_Cave-1024x680.jpg 1024w, https:\/\/blog.rwth-aachen.de\/itc\/files\/2020\/01\/DSC0103_Cave-300x199.jpg 300w, https:\/\/blog.rwth-aachen.de\/itc\/files\/2020\/01\/DSC0103_Cave-768x510.jpg 768w\" sizes=\"auto, (max-width: 1024px) 100vw, 1024px\" \/><p id=\"caption-attachment-6839\" class=\"wp-caption-text\">Der Besuch in der aixCAVE: Ein virtueller Rundgang durch den Aachener Dom. <br \/>Quelle: Eigene Darstellung<\/p><\/div>\r\n<\/figure>\r\n<\/div>\r\n\r\n<p>&nbsp;<\/p>\r\n\r\n<h4 class=\"wp-block-heading\">Eine Veranstaltung mit langer Tradition<\/h4>\r\n\r\n<p>&nbsp;<\/p>\r\n\r\n<p>Das ehemalige \u201eDV-Fachseminar f\u00fcr Operateure, Netzwerkoperateure und Technische Angestellte\u201c wurde 1981 in Aachen von Prof. Haupt, dem damaligen Leiter des Rechenzentrums der RWTH Aachen, ins Leben gerufen und galt als erste Weiterbildungsveranstaltung f\u00fcr Operateure an deutschen universit\u00e4ren Rechenzentren.<\/p>\r\n\r\n<p>&nbsp;<\/p>\r\n\r\n<p>In der fast 40-j\u00e4hrigen Geschichte hat sich das Seminar zu einer Wander-Veranstaltung entwickelt und wird j\u00e4hrlich wechselnd von einem universit\u00e4ren Rechenzentrum oder angegliederter Einrichtung organisiert. Besonderes Merkmal dieser Veranstaltung ist die heterogene Themenvielfalt, der Austausch zwischen den universit\u00e4ren Einrichtungen und der intensive Vernetzungscharakter.<\/p>\r\n\r\n<p>&nbsp;<\/p>\r\n\r\n<p>Das Programm wird aus Fachvortr\u00e4gen der verschiedenen Einrichtungen gestaltet. Hierdurch wird \u00fcber die technische und organisatorische Entwicklung der IT-Landschaft an deutschen Hochschuleinrichtungen berichtet. Die beheimatete Einrichtung bietet dabei unter anderem F\u00fchrungen durch das eigene Rechenzentrum f\u00fcr die Teilnehmenden an.<\/p>\r\n\r\n<p>&nbsp;<\/p>\r\n\r\n<h4 class=\"wp-block-heading\">Ein gelungenes IT-Fachseminar 2019<\/h4>\r\n\r\n<p>&nbsp;<\/p>\r\n\r\n<p>Das diesj\u00e4hrige IT-Fachseminar kam bei den Teilnehmenden sehr gut an und das Organisationsteam des IT Centers konnte sich \u00fcber viel positives Feedback freuen. Gro\u00dfer Dank gilt den vielen RWTH-externen und internen Kolleginnen und Kollegen welche engagiert \u00fcber ihre Arbeitsthemen auf dem Seminar berichtet haben.<\/p>\r\n\r\n<p>&nbsp;<\/p>\r\n\r\n<p>Das 39. IT-Fachseminar wird vom Leibniz Rechenzentrum, der Bayrischen Akademie der Wissenschaften, sowie der Hochschule der Bundeswehr ausgerichtet und findet voraussichtlich vom 18.11. \u2013 25.11.2020 in M\u00fcnchen statt. Informationen dazu folgen an dieser Stelle.<\/p>\r\n\r\n<p>&nbsp;<\/p>\r\n\r\n<p>Verantwortlich f\u00fcr die Inhalte dieses Beitrags sind <a href=\"https:\/\/www.itc.rwth-aachen.de\/cms\/IT-Center\/IT-Center\/Team\/~epvp\/Mitarbeiter-CAMPUS-\/?gguid=0x0EC9C01F8EFF104B810E20F8F5820CD8&amp;allou=1\">Linda J\u00f6rres<\/a> und <a href=\"https:\/\/www.itc.rwth-aachen.de\/cms\/IT-Center\/IT-Center\/Team\/~epvp\/Mitarbeiter-CAMPUS-\/?gguid=0x8EB2A760986DBD41B502FF236E28C9F1&amp;allou=1\">Martin Pieters<\/a>.<\/p>\r\n\r\n<p>&nbsp;<\/p>","protected":false},"excerpt":{"rendered":"<p>&nbsp; Zum Jahresende 2019 hatte das IT Center der RWTH Aachen University die Ehre die 38. Auflage des IT-Fachseminars erfolgreich in Monschau und Aachen auszurichten. Dazu kamen vom 20.11. bis [&hellip;]<\/p>\n","protected":false},"author":2051,"featured_media":6838,"comment_status":"open","ping_status":"closed","sticky":false,"template":"","format":"standard","meta":{"c2c_always_allow_admin_comments":false,"footnotes":""},"categories":[308],"tags":[],"class_list":["post-6836","post","type-post","status-publish","format-standard","has-post-thumbnail","hentry","category-events-jubilaen-erfolge"],"aioseo_notices":[],"_links":{"self":[{"href":"https:\/\/blog.rwth-aachen.de\/itc\/en\/wp-json\/wp\/v2\/posts\/6836","targetHints":{"allow":["GET"]}}],"collection":[{"href":"https:\/\/blog.rwth-aachen.de\/itc\/en\/wp-json\/wp\/v2\/posts"}],"about":[{"href":"https:\/\/blog.rwth-aachen.de\/itc\/en\/wp-json\/wp\/v2\/types\/post"}],"author":[{"embeddable":true,"href":"https:\/\/blog.rwth-aachen.de\/itc\/en\/wp-json\/wp\/v2\/users\/2051"}],"replies":[{"embeddable":true,"href":"https:\/\/blog.rwth-aachen.de\/itc\/en\/wp-json\/wp\/v2\/comments?post=6836"}],"version-history":[{"count":8,"href":"https:\/\/blog.rwth-aachen.de\/itc\/en\/wp-json\/wp\/v2\/posts\/6836\/revisions"}],"predecessor-version":[{"id":16515,"href":"https:\/\/blog.rwth-aachen.de\/itc\/en\/wp-json\/wp\/v2\/posts\/6836\/revisions\/16515"}],"wp:featuredmedia":[{"embeddable":true,"href":"https:\/\/blog.rwth-aachen.de\/itc\/en\/wp-json\/wp\/v2\/media\/6838"}],"wp:attachment":[{"href":"https:\/\/blog.rwth-aachen.de\/itc\/en\/wp-json\/wp\/v2\/media?parent=6836"}],"wp:term":[{"taxonomy":"category","embeddable":true,"href":"https:\/\/blog.rwth-aachen.de\/itc\/en\/wp-json\/wp\/v2\/categories?post=6836"},{"taxonomy":"post_tag","embeddable":true,"href":"https:\/\/blog.rwth-aachen.de\/itc\/en\/wp-json\/wp\/v2\/tags?post=6836"}],"curies":[{"name":"wp","href":"https:\/\/api.w.org\/{rel}","templated":true}]}}