{"id":7052,"date":"2020-03-04T14:30:00","date_gmt":"2020-03-04T13:30:00","guid":{"rendered":"https:\/\/blog.rwth-aachen.de\/itc\/?p=7052"},"modified":"2023-06-01T11:16:49","modified_gmt":"2023-06-01T09:16:49","slug":"20-jahre-matse","status":"publish","type":"post","link":"https:\/\/blog.rwth-aachen.de\/itc\/en\/2020\/03\/04\/20-jahre-matse\/","title":{"rendered":"20 Jahre duales Studium MATSE"},"content":{"rendered":"<div class=\"twoclick_social_bookmarks_post_7052 social_share_privacy clearfix 1.6.4 locale-en_US sprite-en_US\"><\/div><div class=\"twoclick-js\"><script type=\"text\/javascript\">\/* <![CDATA[ *\/\njQuery(document).ready(function($){if($('.twoclick_social_bookmarks_post_7052')){$('.twoclick_social_bookmarks_post_7052').socialSharePrivacy({\"txt_help\":\"Wenn Sie diese Felder durch einen Klick aktivieren, werden Informationen an Facebook, Twitter, Flattr, Xing, t3n, LinkedIn, Pinterest oder Google eventuell ins Ausland \\u00fcbertragen und unter Umst\\u00e4nden auch dort gespeichert. N\\u00e4heres erfahren Sie durch einen Klick auf das <em>i<\\\/em>.\",\"settings_perma\":\"Dauerhaft aktivieren und Daten\\u00fcber-tragung zustimmen:\",\"info_link\":\"http:\\\/\\\/www.heise.de\\\/ct\\\/artikel\\\/2-Klicks-fuer-mehr-Datenschutz-1333879.html\",\"uri\":\"https:\\\/\\\/blog.rwth-aachen.de\\\/itc\\\/en\\\/2020\\\/03\\\/04\\\/20-jahre-matse\\\/\",\"post_id\":7052,\"post_title_referrer_track\":\"20+Jahre+duales+Studium+MATSE\",\"display_infobox\":\"on\"});}});\n\/* ]]> *\/<\/script><\/div>\r\n<p>Seit nun \u00fcber 20 Jahren bieten die <a href=\"https:\/\/www.fh-aachen.de\/\" target=\"_blank\" rel=\"noreferrer noopener\" aria-label=\" (\u00f6ffnet in neuem Tab)\">FH Aachen<\/a>, das <a href=\"https:\/\/www.fz-juelich.de\/\" target=\"_blank\" rel=\"noreferrer noopener\" aria-label=\" (\u00f6ffnet in neuem Tab)\">Forschungszentrum J\u00fclich<\/a> und das <a href=\"https:\/\/www.itc.rwth-aachen.de\" target=\"_blank\" rel=\"noreferrer noopener\" aria-label=\" (\u00f6ffnet in neuem Tab)\">IT Center<\/a> der RWTH Aachen in Zusammenarbeit mit der <a href=\"https:\/\/www.aachen.ihk.de\/\" target=\"_blank\" rel=\"noreferrer noopener\" aria-label=\" (\u00f6ffnet in neuem Tab)\">Industrie- und Handelskammer<\/a> (IHK), sowie vielen weiteren Hochschuleinrichtungen und Firmen die Kombination der MATSE- bzw. MATA-Ausbildung mit dem dualen Studiengang Angewandte Mathematik und Informatik (und dessen Vorg\u00e4nger) an.<\/p>\r\n\r\n<p>&nbsp;<\/p>\r\n\r\n<div class=\"wp-block-image\">\r\n<figure class=\"aligncenter is-resized\">\r\n<div id=\"attachment_7053\" style=\"width: 522px\" class=\"wp-caption alignnone\"><img loading=\"lazy\" decoding=\"async\" aria-describedby=\"caption-attachment-7053\" class=\"wp-image-7053\" src=\"https:\/\/blog.rwth-aachen.de\/itc\/files\/2020\/03\/Beitrag-20-Jahre-Matse-1024x681.jpg\" alt=\"\" width=\"512\" height=\"341\" srcset=\"https:\/\/blog.rwth-aachen.de\/itc\/files\/2020\/03\/Beitrag-20-Jahre-Matse-1024x681.jpg 1024w, https:\/\/blog.rwth-aachen.de\/itc\/files\/2020\/03\/Beitrag-20-Jahre-Matse-300x200.jpg 300w, https:\/\/blog.rwth-aachen.de\/itc\/files\/2020\/03\/Beitrag-20-Jahre-Matse-768x511.jpg 768w\" sizes=\"auto, (max-width: 512px) 100vw, 512px\" \/><p id=\"caption-attachment-7053\" class=\"wp-caption-text\">Dualer Studiengang MATSE: Eine gelungene Mischung aus Theorie und Praxis.\u00a0 <br \/>Quelle: Lachmann, FH Aachen<\/p><\/div>\r\n<\/figure>\r\n<\/div>\r\n\r\n<p><!--more--><\/p>\r\n\r\n<p>&nbsp;<\/p>\r\n\r\n<p>Das erfolgreiche Modell stellt eine gelungene Mischung aus praktischer Ausbildung mit erg\u00e4nzendem, praxisbezogenem Studiengang dar. Dieses Konzept erm\u00f6glicht den Absolventen seit nun \u00fcber 20 Jahren eine fundierte Ausbildung mit sehr guten Berufsaussichten.<\/p>\r\n\r\n<p>&nbsp;<\/p>\r\n\r\n<p>Das 20-j\u00e4hrige Jubil\u00e4um einer solch erfolgreichen Instanz \u2013 und damit nat\u00fcrlich auch die Kooperation der Organisationen, wird selbstverst\u00e4ndlich geb\u00fchrend gefeiert. Aus diesem Anlass laden die drei Partner Vertreterinnen und Vertreter der kooperierenden Institutionen, der IHK, der Ausbildungsfirmen sowie alle MATSE- und MATA-Absolventen der vergangenen Jahrzehnte ein, dieses Jubil\u00e4um gemeinsam zu feiern. <br \/>Die Feier findet am <strong>3. April 2020<\/strong> im Museum Zinkh\u00fctter Hof in Stolberg statt.<\/p>\r\n\r\n<p>&nbsp;<\/p>\r\n\r\n<p>\u00dcber diesen Weg m\u00f6chten wir uns bei allen Beteiligten f\u00fcr die tolle Zusammenarbeit herzlichst bedanken und freuen uns sehr dar\u00fcber, Teil dieses gro\u00dfen Projekts sein zu d\u00fcrfen.<\/p>\r\n\r\n<p>&nbsp;<\/p>\r\n\r\n<p>Informationen rund um den dualen Studiengang MATSE findet Ihr auf der <a href=\"https:\/\/www.itc.rwth-aachen.de\/cms\/IT-Center\/Lehre-Ausbildung\/~letj\/MATSE-Ausbildung\/\" target=\"_blank\" rel=\"noreferrer noopener\" aria-label=\" (\u00f6ffnet in neuem Tab)\">Webseite <\/a>des IT Centers.<\/p>\r\n\r\n<p>&nbsp;<\/p>\r\n\r\n<p>Verantwortlich f\u00fcr die Inhalte dieses Beitrags ist <a href=\"https:\/\/www.itc.rwth-aachen.de\/cms\/IT-Center\/IT-Center\/Team\/~epvp\/Mitarbeiter-CAMPUS-\/?gguid=0x2C5E1B0A3DA32A45AB293A42E93EEC07&amp;allou=1\" target=\"_blank\" rel=\"noreferrer noopener\" aria-label=\" (\u00f6ffnet in neuem Tab)\">St\u00e9phanie Bauens<\/a>.<\/p>","protected":false},"excerpt":{"rendered":"<p>Sorry, this entry is only available in Deutsch.<\/p>\n","protected":false},"author":1859,"featured_media":7053,"comment_status":"open","ping_status":"closed","sticky":false,"template":"","format":"standard","meta":{"c2c_always_allow_admin_comments":false,"footnotes":""},"categories":[308],"tags":[],"class_list":["post-7052","post","type-post","status-publish","format-standard","has-post-thumbnail","hentry","category-events-jubilaen-erfolge"],"aioseo_notices":[],"_links":{"self":[{"href":"https:\/\/blog.rwth-aachen.de\/itc\/en\/wp-json\/wp\/v2\/posts\/7052","targetHints":{"allow":["GET"]}}],"collection":[{"href":"https:\/\/blog.rwth-aachen.de\/itc\/en\/wp-json\/wp\/v2\/posts"}],"about":[{"href":"https:\/\/blog.rwth-aachen.de\/itc\/en\/wp-json\/wp\/v2\/types\/post"}],"author":[{"embeddable":true,"href":"https:\/\/blog.rwth-aachen.de\/itc\/en\/wp-json\/wp\/v2\/users\/1859"}],"replies":[{"embeddable":true,"href":"https:\/\/blog.rwth-aachen.de\/itc\/en\/wp-json\/wp\/v2\/comments?post=7052"}],"version-history":[{"count":3,"href":"https:\/\/blog.rwth-aachen.de\/itc\/en\/wp-json\/wp\/v2\/posts\/7052\/revisions"}],"predecessor-version":[{"id":15915,"href":"https:\/\/blog.rwth-aachen.de\/itc\/en\/wp-json\/wp\/v2\/posts\/7052\/revisions\/15915"}],"wp:featuredmedia":[{"embeddable":true,"href":"https:\/\/blog.rwth-aachen.de\/itc\/en\/wp-json\/wp\/v2\/media\/7053"}],"wp:attachment":[{"href":"https:\/\/blog.rwth-aachen.de\/itc\/en\/wp-json\/wp\/v2\/media?parent=7052"}],"wp:term":[{"taxonomy":"category","embeddable":true,"href":"https:\/\/blog.rwth-aachen.de\/itc\/en\/wp-json\/wp\/v2\/categories?post=7052"},{"taxonomy":"post_tag","embeddable":true,"href":"https:\/\/blog.rwth-aachen.de\/itc\/en\/wp-json\/wp\/v2\/tags?post=7052"}],"curies":[{"name":"wp","href":"https:\/\/api.w.org\/{rel}","templated":true}]}}