{"id":12033,"date":"2022-06-17T12:00:39","date_gmt":"2022-06-17T10:00:39","guid":{"rendered":"https:\/\/blog.rwth-aachen.de\/itc\/?p=12033"},"modified":"2022-10-13T09:24:27","modified_gmt":"2022-10-13T07:24:27","slug":"republica","status":"publish","type":"post","link":"https:\/\/blog.rwth-aachen.de\/itc\/2022\/06\/17\/republica\/","title":{"rendered":"IT Center goes \u201cAny Way the Wind Blows\u201d"},"content":{"rendered":"<div class=\"twoclick_social_bookmarks_post_12033 social_share_privacy clearfix 1.6.4 locale-de_DE sprite-de_DE\"><\/div><div class=\"twoclick-js\"><script type=\"text\/javascript\">\/* <![CDATA[ *\/\njQuery(document).ready(function($){if($('.twoclick_social_bookmarks_post_12033')){$('.twoclick_social_bookmarks_post_12033').socialSharePrivacy({\"txt_help\":\"Wenn Sie diese Felder durch einen Klick aktivieren, werden Informationen an Facebook, Twitter, Flattr, Xing, t3n, LinkedIn, Pinterest oder Google eventuell ins Ausland \\u00fcbertragen und unter Umst\\u00e4nden auch dort gespeichert. N\\u00e4heres erfahren Sie durch einen Klick auf das <em>i<\\\/em>.\",\"settings_perma\":\"Dauerhaft aktivieren und Daten\\u00fcber-tragung zustimmen:\",\"info_link\":\"http:\\\/\\\/www.heise.de\\\/ct\\\/artikel\\\/2-Klicks-fuer-mehr-Datenschutz-1333879.html\",\"uri\":\"https:\\\/\\\/blog.rwth-aachen.de\\\/itc\\\/2022\\\/06\\\/17\\\/republica\\\/\",\"post_id\":12033,\"post_title_referrer_track\":\"IT+Center+goes+%E2%80%9CAny+Way+the+Wind+Blows%E2%80%9D\",\"display_infobox\":\"on\"});}});\n\/* ]]> *\/<\/script><\/div><p><div id=\"attachment_12045\" style=\"width: 310px\" class=\"wp-caption alignright\"><a href=\"https:\/\/blog.rwth-aachen.de\/itc\/files\/2022\/06\/Buehne-5-scaled.jpg\"><img loading=\"lazy\" decoding=\"async\" aria-describedby=\"caption-attachment-12045\" class=\"size-medium wp-image-12045\" src=\"https:\/\/blog.rwth-aachen.de\/itc\/files\/2022\/06\/Buehne-5-300x169.jpg\" alt=\"B\u00fchne 5 im Garten der re:publica\" width=\"300\" height=\"169\" srcset=\"https:\/\/blog.rwth-aachen.de\/itc\/files\/2022\/06\/Buehne-5-300x169.jpg 300w, https:\/\/blog.rwth-aachen.de\/itc\/files\/2022\/06\/Buehne-5-1024x576.jpg 1024w, https:\/\/blog.rwth-aachen.de\/itc\/files\/2022\/06\/Buehne-5-768x432.jpg 768w, https:\/\/blog.rwth-aachen.de\/itc\/files\/2022\/06\/Buehne-5-1536x864.jpg 1536w, https:\/\/blog.rwth-aachen.de\/itc\/files\/2022\/06\/Buehne-5-2048x1152.jpg 2048w\" sizes=\"auto, (max-width: 300px) 100vw, 300px\" \/><\/a><p id=\"caption-attachment-12045\" class=\"wp-caption-text\">B\u00fchne 5 im Garten der re:publica<br \/>Quelle: Eigene Darstellung<\/p><\/div><\/p>\n<p>Lange mussten sie warten, doch nun war es soweit:<\/p>\n<p>Eigentlich f\u00fcr 2020 geplant, durften unsere IT Center-Mitarbeitenden Nicole Kaminski und Tanja Wittpoth-Richtern im Juni 2022 nach Berlin zum \u201eFestival f\u00fcr die digitale Gesellschaft\u201c, der re:publica, fahren und sich einem bunten Programm erfreuen. Was die beiden erlebt haben, haben sie f\u00fcr uns festgehalten.<\/p>\n<p><!--more--><\/p>\n<p>Nach zwei Jahren war es endlich soweit: Nachdem wir bereits 2020 die Tickets f\u00fcr das Festival f\u00fcr die digitale Gesellschaft gekauft haben, es aber aus bekannten Gr\u00fcnden 2020 und 2021 lediglich online stattfand, ging es in diesem Jahr dann endlich nach Berlin.<\/p>\n<div id=\"attachment_12046\" style=\"width: 310px\" class=\"wp-caption alignright\"><a href=\"https:\/\/blog.rwth-aachen.de\/itc\/files\/2022\/06\/Loccation_mix.jpg\"><img loading=\"lazy\" decoding=\"async\" aria-describedby=\"caption-attachment-12046\" class=\"size-medium wp-image-12046\" src=\"https:\/\/blog.rwth-aachen.de\/itc\/files\/2022\/06\/Loccation_mix-300x200.jpg\" alt=\"Eine Auswahl der Locations der re:publica\" width=\"300\" height=\"200\" srcset=\"https:\/\/blog.rwth-aachen.de\/itc\/files\/2022\/06\/Loccation_mix-300x200.jpg 300w, https:\/\/blog.rwth-aachen.de\/itc\/files\/2022\/06\/Loccation_mix-1024x683.jpg 1024w, https:\/\/blog.rwth-aachen.de\/itc\/files\/2022\/06\/Loccation_mix-768x512.jpg 768w, https:\/\/blog.rwth-aachen.de\/itc\/files\/2022\/06\/Loccation_mix.jpg 1500w\" sizes=\"auto, (max-width: 300px) 100vw, 300px\" \/><\/a><p id=\"caption-attachment-12046\" class=\"wp-caption-text\">Eine Auswahl der Locations der re:publica<br \/>Quelle: Eigene Darstellung<\/p><\/div>\n<p>Unter dem Motto \u201eAny Way the Wind Blows\u201c startete die <a href=\"https:\/\/re-publica.com\/de\">re:publica Berlin<\/a> in Zeiten der Immernoch-Pandemie am 08. Juni 2022 bei sch\u00f6nstem Wetter in der Arena Berlin und dem Festsaal Kreuzberg. Die Devise des Events entspricht der letzten Zeile des Queen Hits <a href=\"https:\/\/www.youtube.com\/watch?v=fJ9rUzIMcZQ\">Bohemian Rhapsody<\/a>. Dieser wird traditionell am letzten Tag einer re:publica gemeinsam gesungenen und symbolisiert den Zufall und die Unberechenbarkeit des Lebens. Nach Verst\u00e4ndnis des Veranstaltungsteams ermahnt es zur Demut vor dem Kontrollverlust, macht aber auch Mut und wirbt f\u00fcr Optimismus \u2013 ebenso wie das Event selbst.<\/p>\n<h3><span style=\"color: #00549f;\">Ein buntes Programm in ungew\u00f6hnlicher Umgebung<\/span><\/h3>\n<div id=\"attachment_12048\" style=\"width: 310px\" class=\"wp-caption alignright\"><a href=\"https:\/\/blog.rwth-aachen.de\/itc\/files\/2022\/06\/Essen.jpg\"><img loading=\"lazy\" decoding=\"async\" aria-describedby=\"caption-attachment-12048\" class=\"size-medium wp-image-12048\" src=\"https:\/\/blog.rwth-aachen.de\/itc\/files\/2022\/06\/Essen-300x200.jpg\" alt=\"Bilder der veganen bzw. vegetarischen Mahlzeiten\" width=\"300\" height=\"200\" srcset=\"https:\/\/blog.rwth-aachen.de\/itc\/files\/2022\/06\/Essen-300x200.jpg 300w, https:\/\/blog.rwth-aachen.de\/itc\/files\/2022\/06\/Essen-1024x683.jpg 1024w, https:\/\/blog.rwth-aachen.de\/itc\/files\/2022\/06\/Essen-768x512.jpg 768w, https:\/\/blog.rwth-aachen.de\/itc\/files\/2022\/06\/Essen.jpg 1500w\" sizes=\"auto, (max-width: 300px) 100vw, 300px\" \/><\/a><p id=\"caption-attachment-12048\" class=\"wp-caption-text\">Ausschnitt aus dem vielf\u00e4ltigen veganen bzw. vegetarischen Angebot<br \/>Quelle: Eigene Darstellung<\/p><\/div>\n<p>Von Diversit\u00e4t \u00fcber Nachhaltigkeit bis hin zur K\u00fcnstlichen Intelligenz \u2013 das <a href=\"https:\/\/re-publica.com\/de\/schedule\">Programm<\/a> war so vielf\u00e4ltig wie auch die Referent*innen und Besucher*innen. Genauso besonders und hip war auch die neue Location an der Spree: Egal ob auf dem Sonnendeck der Hoppetosse, im Liegestuhl im Sand, in Schwimmkleidung im Badeschiff, im schattigen Garten oder in der gro\u00dfen Messehalle \u2013 es war f\u00fcr jede Person und jede Art von Event (Workshop, Vortrag, Meet-Up, etc.) etwas dabei!<\/p>\n<p>Apropos Nachhaltigkeit und Neuausrichtung: Erstmalig in der Geschichte der re:publica wurden ausschlie\u00dflich vegane und vegetarische Gerichte angeboten. So konnte man beispielsweise auch beim Kauf einer Kaffeespezialit\u00e4t sogar zwischen vier verschiedenen \u201eMilch\u201c-Sorten (Hafer-, Soja-, Kuh- und laktosefreier Milch) ausw\u00e4hlen &#8211; und das zum gleichen Preis. Entgegen der anf\u00e4nglichen Sorge des Veranstaltungsteams, wurde das Catering von den G\u00e4sten sehr gut angenommen und auch wir waren von der gro\u00dfen Auswahl mehr als begeistert.<\/p>\n<div id=\"attachment_12050\" style=\"width: 310px\" class=\"wp-caption alignright\"><a href=\"https:\/\/blog.rwth-aachen.de\/itc\/files\/2022\/06\/VIPs.jpg\"><img loading=\"lazy\" decoding=\"async\" aria-describedby=\"caption-attachment-12050\" class=\"size-medium wp-image-12050\" src=\"https:\/\/blog.rwth-aachen.de\/itc\/files\/2022\/06\/VIPs-300x200.jpg\" alt=\"Bundeskanzler Scholz, Die Maus, SPD-Bundesvorsitzende Esken\" width=\"300\" height=\"200\" srcset=\"https:\/\/blog.rwth-aachen.de\/itc\/files\/2022\/06\/VIPs-300x200.jpg 300w, https:\/\/blog.rwth-aachen.de\/itc\/files\/2022\/06\/VIPs-1024x683.jpg 1024w, https:\/\/blog.rwth-aachen.de\/itc\/files\/2022\/06\/VIPs-768x512.jpg 768w, https:\/\/blog.rwth-aachen.de\/itc\/files\/2022\/06\/VIPs.jpg 1500w\" sizes=\"auto, (max-width: 300px) 100vw, 300px\" \/><\/a><p id=\"caption-attachment-12050\" class=\"wp-caption-text\">Unter den G\u00e4sten waren auch Bundeskanzler Scholz, Die Maus und SPD-Bundesvorsitzende Esken<br \/>Quelle: Eigene Darstellung<\/p><\/div>\n<p>Die G\u00e4ste der re:publica bildeten dabei den Querschnitt unserer (digitalen) Gesellschaft. Zu ihnen geh\u00f6ren Vertreter*innen aus Wissenschaft, Politik, Wirtschaft, Hackerkulturen, NGOs, Medien und Marketing sowie Blogger*innen, Aktivist*innen, K\u00fcnstler*innen und Social-Media-Expert*innen.<\/p>\n<p>Neben der weltber\u00fchmten <a href=\"https:\/\/www.wdrmaus.de\/\">WDR-Maus<\/a> mit ihrer eigenen Sendung, sind uns noch weitere hochkar\u00e4tigen Pers\u00f6nlichkeiten aus dem \u00f6ffentlichen Leben wie <a href=\"https:\/\/www.bundesregierung.de\/breg-de\/bundesregierung\/bundeskanzleramt\/bundeskabinett\/olaf-scholz-1974098\">Bundeskanzler Olaf Scholz<\/a>, <a href=\"https:\/\/www.bundesregierung.de\/breg-de\/bundesregierung\/bundeskanzleramt\/bundeskabinett\/volker-wissing-1974136\">Bundesminister f\u00fcr Digitales und Verkehr Volker Wissing<\/a>, <a href=\"https:\/\/www.bundesregierung.de\/breg-de\/bundesregierung\/bundeskanzleramt\/bundeskabinett\/hubertus-heil-1974234\">Bundesminister f\u00fcr Arbeit und Soziales Hubertus Heil<\/a>, <a href=\"https:\/\/www.bundesregierung.de\/breg-de\/bundesregierung\/bundeskanzleramt\/bundeskabinett\/nancy-faeser-1974250\">Bundesministerin f\u00fcr Inneres und Heimat Nancy Faeser<\/a> sowie <a href=\"https:\/\/www.bundestag.de\/abgeordnete\/biografien\/E\/esken_saskia-857280\">Bundesvorsitzende der SPD Saskia Esken<\/a> begegnet.<\/p>\n<h3><span style=\"color: #00549f;\">Unser Fazit<\/span><\/h3>\n<div id=\"attachment_12059\" style=\"width: 310px\" class=\"wp-caption alignright\"><a href=\"https:\/\/blog.rwth-aachen.de\/itc\/files\/2022\/06\/Berlin.jpg\"><img loading=\"lazy\" decoding=\"async\" aria-describedby=\"caption-attachment-12059\" class=\"size-medium wp-image-12059\" src=\"https:\/\/blog.rwth-aachen.de\/itc\/files\/2022\/06\/Berlin-300x200.jpg\" alt=\"Collage aus Brandenburger Tor, Alex, Regierungsgeb\u00e4ude, Berliner Mauer\" width=\"300\" height=\"200\" srcset=\"https:\/\/blog.rwth-aachen.de\/itc\/files\/2022\/06\/Berlin-300x200.jpg 300w, https:\/\/blog.rwth-aachen.de\/itc\/files\/2022\/06\/Berlin-1024x683.jpg 1024w, https:\/\/blog.rwth-aachen.de\/itc\/files\/2022\/06\/Berlin-768x512.jpg 768w, https:\/\/blog.rwth-aachen.de\/itc\/files\/2022\/06\/Berlin.jpg 1500w\" sizes=\"auto, (max-width: 300px) 100vw, 300px\" \/><\/a><p id=\"caption-attachment-12059\" class=\"wp-caption-text\">Collage aus Brandenburger Tor, Alex, Regierungsgeb\u00e4ude, Berliner Mauer<br \/>Quelle: Eigene Darstellung<\/p><\/div>\n<p>Die zwei Jahre Wartezeit haben sich mehr als gelohnt! Es waren drei spannende Tage voller neuer Eindr\u00fccke, interessanter Gespr\u00e4che und aufschlussreicher Impulse, die unseren Arbeitsalltag in Zukunft bereichern werden. Parallel dazu hat uns das innovative und kreative Veranstaltungsmanagement mit der neuen Ausrichtung wertvolle Anregungen und Ideen auch f\u00fcr unsere eigenen <a href=\"https:\/\/blog.rwth-aachen.de\/itc-events\/\">IT Center Events<\/a> geliefert.<\/p>\n<p>Und zu jedem Besuch in Berlin geh\u00f6rt nat\u00fcrlich auch Sightseeing dazu! &#x1f60a;<\/p>\n<p>&nbsp;<\/p>\n<p>Verantwortlich f\u00fcr die Inhalte dieses Beitrags sind <a href=\"https:\/\/www.itc.rwth-aachen.de\/go\/id\/epvp\/gguid\/0x178A69B715E4B24AB87DCFA4BC438FD7\/allou\/1\/\">Nicole Kaminski<\/a> und <a href=\"https:\/\/www.itc.rwth-aachen.de\/cms\/IT-Center\/IT-Center\/Team\/~epvp\/Mitarbeiter-CAMPUS-\/?gguid=0x8E24251FDF27C24EA18FF2B7612DC062&amp;allou=1\">Tanja Wittpoth-Richter<\/a>.<\/p>","protected":false},"excerpt":{"rendered":"<p>Lange mussten sie warten, doch nun war es soweit: Eigentlich f\u00fcr 2020 geplant, durften unsere IT Center-Mitarbeitenden Nicole Kaminski und Tanja Wittpoth-Richtern im Juni 2022 nach Berlin zum \u201eFestival f\u00fcr [&hellip;]<\/p>\n","protected":false},"author":2051,"featured_media":12045,"comment_status":"open","ping_status":"closed","sticky":false,"template":"","format":"standard","meta":{"c2c_always_allow_admin_comments":false,"footnotes":""},"categories":[308,311,312],"tags":[446,447,445],"class_list":["post-12033","post","type-post","status-publish","format-standard","has-post-thumbnail","hentry","category-events-jubilaen-erfolge","category-fun-facts","category-insight-it-center","tag-berlin","tag-festival","tag-republica"],"aioseo_notices":[],"_links":{"self":[{"href":"https:\/\/blog.rwth-aachen.de\/itc\/wp-json\/wp\/v2\/posts\/12033","targetHints":{"allow":["GET"]}}],"collection":[{"href":"https:\/\/blog.rwth-aachen.de\/itc\/wp-json\/wp\/v2\/posts"}],"about":[{"href":"https:\/\/blog.rwth-aachen.de\/itc\/wp-json\/wp\/v2\/types\/post"}],"author":[{"embeddable":true,"href":"https:\/\/blog.rwth-aachen.de\/itc\/wp-json\/wp\/v2\/users\/2051"}],"replies":[{"embeddable":true,"href":"https:\/\/blog.rwth-aachen.de\/itc\/wp-json\/wp\/v2\/comments?post=12033"}],"version-history":[{"count":20,"href":"https:\/\/blog.rwth-aachen.de\/itc\/wp-json\/wp\/v2\/posts\/12033\/revisions"}],"predecessor-version":[{"id":12091,"href":"https:\/\/blog.rwth-aachen.de\/itc\/wp-json\/wp\/v2\/posts\/12033\/revisions\/12091"}],"wp:featuredmedia":[{"embeddable":true,"href":"https:\/\/blog.rwth-aachen.de\/itc\/wp-json\/wp\/v2\/media\/12045"}],"wp:attachment":[{"href":"https:\/\/blog.rwth-aachen.de\/itc\/wp-json\/wp\/v2\/media?parent=12033"}],"wp:term":[{"taxonomy":"category","embeddable":true,"href":"https:\/\/blog.rwth-aachen.de\/itc\/wp-json\/wp\/v2\/categories?post=12033"},{"taxonomy":"post_tag","embeddable":true,"href":"https:\/\/blog.rwth-aachen.de\/itc\/wp-json\/wp\/v2\/tags?post=12033"}],"curies":[{"name":"wp","href":"https:\/\/api.w.org\/{rel}","templated":true}]}}