{"id":12163,"date":"2022-06-29T14:00:48","date_gmt":"2022-06-29T12:00:48","guid":{"rendered":"https:\/\/blog.rwth-aachen.de\/itc\/?p=12163"},"modified":"2022-06-29T17:35:06","modified_gmt":"2022-06-29T15:35:06","slug":"archivmigration-die-reise-geht-weiter","status":"publish","type":"post","link":"https:\/\/blog.rwth-aachen.de\/itc\/2022\/06\/29\/archivmigration-die-reise-geht-weiter\/","title":{"rendered":"Archivmigration \u2013 die Reise geht weiter!"},"content":{"rendered":"<div class=\"twoclick_social_bookmarks_post_12163 social_share_privacy clearfix 1.6.4 locale-de_DE sprite-de_DE\"><\/div><div class=\"twoclick-js\"><script type=\"text\/javascript\">\/* <![CDATA[ *\/\njQuery(document).ready(function($){if($('.twoclick_social_bookmarks_post_12163')){$('.twoclick_social_bookmarks_post_12163').socialSharePrivacy({\"txt_help\":\"Wenn Sie diese Felder durch einen Klick aktivieren, werden Informationen an Facebook, Twitter, Flattr, Xing, t3n, LinkedIn, Pinterest oder Google eventuell ins Ausland \\u00fcbertragen und unter Umst\\u00e4nden auch dort gespeichert. N\\u00e4heres erfahren Sie durch einen Klick auf das <em>i<\\\/em>.\",\"settings_perma\":\"Dauerhaft aktivieren und Daten\\u00fcber-tragung zustimmen:\",\"info_link\":\"http:\\\/\\\/www.heise.de\\\/ct\\\/artikel\\\/2-Klicks-fuer-mehr-Datenschutz-1333879.html\",\"uri\":\"https:\\\/\\\/blog.rwth-aachen.de\\\/itc\\\/2022\\\/06\\\/29\\\/archivmigration-die-reise-geht-weiter\\\/\",\"post_id\":12163,\"post_title_referrer_track\":\"Archivmigration+%E2%80%93+die+Reise+geht+weiter%21\",\"display_infobox\":\"on\"});}});\n\/* ]]> *\/<\/script><\/div><p><div id=\"attachment_12167\" style=\"width: 310px\" class=\"wp-caption alignright\"><a href=\"https:\/\/blog.rwth-aachen.de\/itc\/files\/2022\/06\/woolly-mammoth-ge602692f5_1280.png\"><img loading=\"lazy\" decoding=\"async\" aria-describedby=\"caption-attachment-12167\" class=\"wp-image-12167 size-medium\" src=\"https:\/\/blog.rwth-aachen.de\/itc\/files\/2022\/06\/woolly-mammoth-ge602692f5_1280-300x300.png\" alt=\"Mammut\" width=\"300\" height=\"300\" srcset=\"https:\/\/blog.rwth-aachen.de\/itc\/files\/2022\/06\/woolly-mammoth-ge602692f5_1280-300x300.png 300w, https:\/\/blog.rwth-aachen.de\/itc\/files\/2022\/06\/woolly-mammoth-ge602692f5_1280-1024x1024.png 1024w, https:\/\/blog.rwth-aachen.de\/itc\/files\/2022\/06\/woolly-mammoth-ge602692f5_1280-150x150.png 150w, https:\/\/blog.rwth-aachen.de\/itc\/files\/2022\/06\/woolly-mammoth-ge602692f5_1280-768x768.png 768w, https:\/\/blog.rwth-aachen.de\/itc\/files\/2022\/06\/woolly-mammoth-ge602692f5_1280-50x50.png 50w, https:\/\/blog.rwth-aachen.de\/itc\/files\/2022\/06\/woolly-mammoth-ge602692f5_1280.png 1280w\" sizes=\"auto, (max-width: 300px) 100vw, 300px\" \/><\/a><p id=\"caption-attachment-12167\" class=\"wp-caption-text\">Quelle: <a href=\"https:\/\/pixabay.com\/de\/photos\/wolliges-mammut-tier-pr%c3%a4historisch-2722882\/\">Pixabay<\/a><\/p><\/div><\/p>\n<p>Die <a href=\"https:\/\/blog.rwth-aachen.de\/itc?s=archivmigration\">Archivmigration<\/a> ist wohl das, was man ein Mammut-Projekt in der IT nennt. Neben der gewaltigen Gr\u00f6\u00dfe von rund 1,7 Petabyte (PB), die migriert werden m\u00f6chten, werden auch teilweise Datenbest\u00e4nde schon seit sehr langer Zeit im Archiv vorgehalten. Das an sich ist ein tolles Ergebnis und Zeugnis f\u00fcr ein sicheres und best\u00e4ndiges Archiv, jedoch bereitete dieser Umstand dem Projektteam rund um die Archivmigration die eine oder andere Herausforderung.<\/p>\n<p><!--more--><\/p>\n<p>Aufgrund einiger technischer Herausforderungen in den letzten Monaten k\u00f6nnen wir das urspr\u00fcnglich geplante Projektende f\u00fcr den Abschluss der Migration zum 30.06.2022 leider nicht halten. Gl\u00fccklicherweise ist es uns aber gelungen, den Wartungsvertrag f\u00fcr die Tape-Library um zwei Monate verl\u00e4ngern, um damit die Migration weiter voran zu treiben. Eure Daten sind weiterhin sicher.<\/p>\n<h3><span style=\"color: #00549f;\">Danke, liebe Nutzende<\/span><\/h3>\n<p>In der Zwischenzeit haben wir neben der Verl\u00e4ngerung von Wartungsvertr\u00e4gen und Co. \u00fcber 93% der 1,7 PB mithilfe der Archivnutzenden klassifiziert bekommen. Das Projekt ist n\u00e4mlich angewiesen auf die Klassifizierung der bisher im Archiv vorgehaltenen Archivdaten. Dieser kommunikativen und prozessualen Herausforderung hat sich somit das Team Archivmigration dank der tollen Unterst\u00fctzung der Archivnutzenden gestellt. Daher nochmal ein herzliches Dankesch\u00f6n an alle, die ihre Knoten gesichtet und aufger\u00e4umt haben, um anschlie\u00dfend das Metadatenformular zur <a href=\"https:\/\/help.itc.rwth-aachen.de\/service\/1hrjq9zv52gqa\/article\/d19073d39e1044cf9e43504a5a2d53a4\/\">Klassifizierung<\/a> auszuf\u00fcllen, sodass die jeweiligen Knoten die Reise in eines der neuen Zielsysteme antreten konnten.<\/p>\n<h3><span style=\"color: #00549f;\">Die Reise geht weiter<\/span><\/h3>\n<p>Es geht voran und Archivknoten werden kontinuierlich migriert. Einige Nutzende haben bereits ihre langersehnte Abschlussbenachrichtigung erhalten und k\u00f6nnen die Daten nun in den neuen Zielsystemen <a href=\"https:\/\/help.itc.rwth-aachen.de\/service\/b2b7729fd93f4c7080b475776f6b5d87\/\">Coscine<\/a> und <a href=\"https:\/\/help.itc.rwth-aachen.de\/service\/44830fa165f14469be64823f6016cd9e\/\">DigitalArchiv<\/a> abrufen. Den \u00fcbrigen Nutzenden m\u00f6chten wir an dieser Stelle nochmal f\u00fcr das entgegengebrachte Vertrauen und ihre Geduld danken. Mitunter werden Archivknoten je nach Gr\u00f6\u00dfe und Anzahl der vorgehaltenen Objekte \u00fcber mehrere Tage migriert.<\/p>\n<p>Mit den technischen Herausforderungen, mit denen sich das Team konfrontiert sah, wurden allerdings auch viele Bugfixes und Probleml\u00f6sungen dank zahlreicher <a href=\"https:\/\/www.itc.rwth-aachen.de\/cms\/IT-Center\/IT-Center\/~epuo\/Team\/\">IT Center Kolleg*innen<\/a> gefunden, die hier au\u00dferhalb der Projektgruppe unterst\u00fctzt haben.<\/p>\n<p>Im Rahmen dieses Projektes haben wir aber auch schon einen Ausblick in die Zukunft des Archivierens im Kontext von Hochschuldaten gewinnen k\u00f6nnen und neue Formen zur Archivierung vorangebracht:<\/p>\n<ul>\n<li>Die Funktion zum Archivieren in Coscine f\u00fcr Daten aus der Forschung an sich und zudem noch<\/li>\n<li>die M\u00f6glichkeit, Forschungsdaten geordnet und an mehreren Standorten des Coscine-Speichers vorzuhalten (RDS-NRW-Share).<\/li>\n<li>Das DigitalArchiv, das nun viele Funktionen mitbringt, die im alten Archiv vermisst wurden.<\/li>\n<\/ul>\n<p>Wir halten euch auf dem Laufenden im Projekt Archivmigration und freuen uns \u00fcber die tollen Entwicklungen \u2013 auch, wenn es dieses Mal ein wenig l\u00e4nger dauert.<\/p>\n<p>&nbsp;<\/p>\n<p>Verantwortlich f\u00fcr die Inhalte dieses Beitrags sind <a href=\"https:\/\/www.itc.rwth-aachen.de\/cms\/IT-Center\/IT-Center\/Team\/~epvp\/Mitarbeiter-CAMPUS-\/?gguid=0x741F3A251551044BB9047AF649DED3B4&amp;allou=1\">Lukas C. Bossert<\/a> und <a href=\"https:\/\/www.itc.rwth-aachen.de\/cms\/IT-Center\/IT-Center\/Team\/~epvp\/Mitarbeiter-CAMPUS-\/?gguid=0x076EFD6C62ADCF4D868FB7134A14B07C&amp;allou=1\">Nicole Filla<\/a>.<\/p>","protected":false},"excerpt":{"rendered":"<p>Die Archivmigration ist wohl das, was man ein Mammut-Projekt in der IT nennt. Neben der gewaltigen Gr\u00f6\u00dfe von rund 1,7 Petabyte (PB), die migriert werden m\u00f6chten, werden auch teilweise Datenbest\u00e4nde [&hellip;]<\/p>\n","protected":false},"author":3675,"featured_media":0,"comment_status":"open","ping_status":"closed","sticky":false,"template":"","format":"standard","meta":{"c2c_always_allow_admin_comments":false,"footnotes":""},"categories":[306,312,315],"tags":[459,43,46,355,34,298,458,56,460],"class_list":["post-12163","post","type-post","status-publish","format-standard","hentry","category-ankuendigungen","category-insight-it-center","category-services-support","tag-archivknoten","tag-archivmigration","tag-coscine","tag-digitalarchiv","tag-forschungsdaten","tag-it","tag-petabyte","tag-projekt","tag-rds-nrw-share"],"aioseo_notices":[],"_links":{"self":[{"href":"https:\/\/blog.rwth-aachen.de\/itc\/wp-json\/wp\/v2\/posts\/12163","targetHints":{"allow":["GET"]}}],"collection":[{"href":"https:\/\/blog.rwth-aachen.de\/itc\/wp-json\/wp\/v2\/posts"}],"about":[{"href":"https:\/\/blog.rwth-aachen.de\/itc\/wp-json\/wp\/v2\/types\/post"}],"author":[{"embeddable":true,"href":"https:\/\/blog.rwth-aachen.de\/itc\/wp-json\/wp\/v2\/users\/3675"}],"replies":[{"embeddable":true,"href":"https:\/\/blog.rwth-aachen.de\/itc\/wp-json\/wp\/v2\/comments?post=12163"}],"version-history":[{"count":10,"href":"https:\/\/blog.rwth-aachen.de\/itc\/wp-json\/wp\/v2\/posts\/12163\/revisions"}],"predecessor-version":[{"id":12175,"href":"https:\/\/blog.rwth-aachen.de\/itc\/wp-json\/wp\/v2\/posts\/12163\/revisions\/12175"}],"wp:attachment":[{"href":"https:\/\/blog.rwth-aachen.de\/itc\/wp-json\/wp\/v2\/media?parent=12163"}],"wp:term":[{"taxonomy":"category","embeddable":true,"href":"https:\/\/blog.rwth-aachen.de\/itc\/wp-json\/wp\/v2\/categories?post=12163"},{"taxonomy":"post_tag","embeddable":true,"href":"https:\/\/blog.rwth-aachen.de\/itc\/wp-json\/wp\/v2\/tags?post=12163"}],"curies":[{"name":"wp","href":"https:\/\/api.w.org\/{rel}","templated":true}]}}