{"id":12317,"date":"2022-08-05T12:00:54","date_gmt":"2022-08-05T10:00:54","guid":{"rendered":"https:\/\/blog.rwth-aachen.de\/itc\/?p=12317"},"modified":"2023-02-10T14:45:17","modified_gmt":"2023-02-10T13:45:17","slug":"verteilergruppen","status":"publish","type":"post","link":"https:\/\/blog.rwth-aachen.de\/itc\/2022\/08\/05\/verteilergruppen\/","title":{"rendered":"#GoodToKnow: Wie legt man Verteilergruppen an?"},"content":{"rendered":"<div class=\"twoclick_social_bookmarks_post_12317 social_share_privacy clearfix 1.6.4 locale-de_DE sprite-de_DE\"><\/div><div class=\"twoclick-js\"><script type=\"text\/javascript\">\/* <![CDATA[ *\/\njQuery(document).ready(function($){if($('.twoclick_social_bookmarks_post_12317')){$('.twoclick_social_bookmarks_post_12317').socialSharePrivacy({\"txt_help\":\"Wenn Sie diese Felder durch einen Klick aktivieren, werden Informationen an Facebook, Twitter, Flattr, Xing, t3n, LinkedIn, Pinterest oder Google eventuell ins Ausland \\u00fcbertragen und unter Umst\\u00e4nden auch dort gespeichert. N\\u00e4heres erfahren Sie durch einen Klick auf das <em>i<\\\/em>.\",\"settings_perma\":\"Dauerhaft aktivieren und Daten\\u00fcber-tragung zustimmen:\",\"info_link\":\"http:\\\/\\\/www.heise.de\\\/ct\\\/artikel\\\/2-Klicks-fuer-mehr-Datenschutz-1333879.html\",\"uri\":\"https:\\\/\\\/blog.rwth-aachen.de\\\/itc\\\/2022\\\/08\\\/05\\\/verteilergruppen\\\/\",\"post_id\":12317,\"post_title_referrer_track\":\"%23GoodToKnow%3A+Wie+legt+man+Verteilergruppen+an%3F\",\"display_infobox\":\"on\"});}});\n\/* ]]> *\/<\/script><\/div><p><div id=\"attachment_12319\" style=\"width: 310px\" class=\"wp-caption alignright\"><a href=\"https:\/\/blog.rwth-aachen.de\/itc\/files\/2022\/07\/wooden-desk-with-mouse-scaled.jpg\"><img loading=\"lazy\" decoding=\"async\" aria-describedby=\"caption-attachment-12319\" class=\"size-medium wp-image-12319\" src=\"https:\/\/blog.rwth-aachen.de\/itc\/files\/2022\/07\/wooden-desk-with-mouse-300x200.jpg\" alt=\"Bild eines Laptops und einer Maus auf einem Schreibtisch mit Briefsymbolen\" width=\"300\" height=\"200\" srcset=\"https:\/\/blog.rwth-aachen.de\/itc\/files\/2022\/07\/wooden-desk-with-mouse-300x200.jpg 300w, https:\/\/blog.rwth-aachen.de\/itc\/files\/2022\/07\/wooden-desk-with-mouse-1024x683.jpg 1024w, https:\/\/blog.rwth-aachen.de\/itc\/files\/2022\/07\/wooden-desk-with-mouse-768x512.jpg 768w, https:\/\/blog.rwth-aachen.de\/itc\/files\/2022\/07\/wooden-desk-with-mouse-1536x1024.jpg 1536w, https:\/\/blog.rwth-aachen.de\/itc\/files\/2022\/07\/wooden-desk-with-mouse-2048x1365.jpg 2048w\" sizes=\"auto, (max-width: 300px) 100vw, 300px\" \/><\/a><p id=\"caption-attachment-12319\" class=\"wp-caption-text\">Quelle: <a href=\"https:\/\/www.freepik.com\/free-photo\/wooden-desk-with-mouse_926679.htm#&amp;position=7&amp;from_view=detail#query=e&amp;position=7&amp;from_view=detail#position=7\">Freepik<\/a><\/p><\/div><\/p>\n<p>Vor Kurzem haben wir euch \u00fcber <a href=\"https:\/\/blog.rwth-aachen.de\/itc\/2022\/08\/01\/mailinglisten\/\">Mailinglisten<\/a> und wie man diese beantragt, informiert. In diesem Blogbeitrag stellen wir euch den Unterschied zu Verteilergruppen vor und beschreiben, wie ihr diese anlegen und verwalten k\u00f6nnt.<\/p>\n<p><!--more--><\/p>\n<h3><span style=\"color: #00549f;\">Was sind Verteilergruppen?<\/span><\/h3>\n<p>Manchmal k\u00f6nnen die Begriffe Mailingliste und Verteilergruppe verwirrend sein und sie werden h\u00e4ufig durcheinandergebracht. Bevor wir uns den Unterschieden widmen, sollte erst einmal gekl\u00e4rt werden, was Verteilergruppen sind.<\/p>\n<p>Verteilergruppen dienen der Gruppenkommunikation und erm\u00f6glichen es, E-Mails an mehrere Personen innerhalb einer Dom\u00e4ne gleichzeitig zu versenden. Wird eine E-Mail an die Adresse der Verteilergruppe geschickt, so erhalten alle Mitglieder dieser Verteilergruppe die Mail.<\/p>\n<h3><span style=\"color: #00549f;\">Der Unterschied zu Mailinglisten<\/span><\/h3>\n<p>Aber worin liegt jetzt der Unterschied zu den Mailinglisten?<br \/>\nAnders als bei Mailinglisten ist es nicht m\u00f6glich, dom\u00e4nenfremde E-Mail-Adressen zur Verteilergruppe hinzuzuf\u00fcgen.<\/p>\n<p>Beispiel: Ihr interessiert euch f\u00fcr die <a href=\"https:\/\/lists.rwth-aachen.de\/postorius\/lists\/coscine.lists.rwth-aachen.de\/\">Coscine Mailingliste<\/a> und m\u00f6chtet dar\u00fcber Informationen zu Updates und neuen Features erhalten. Dann k\u00f6nnt ihr diese Mailingliste ganz einfach abonnieren. Dabei ist es dann irrelevant, ob ihr eure dienstliche oder private E-Mail-Adresse angebt. Bei einer abteilungsinternen Verteilergruppe hingegen, wie beispielsweise <a href=\"mailto:seko-mitarbeiter@itc.rwth-aachen.de\">alle-mitarbeitenden@itc.rwth-aachen.de<\/a>, k\u00f6nnen nur die Mitarbeitenden der Abteilung beziehungsweise des IT Centers hinzugef\u00fcgt werden, da sich die Maildom\u00e4ne ausschlie\u00dflich an das IT Center richtet. Das bedeutet, dass nur diejenigen zu dieser Verteilergruppe hinzugef\u00fcgt werden k\u00f6nnen, deren Maildom\u00e4ne <a href=\"mailto:ab123456@itc.rwth-aachen.de\">@itc.rwth-aachen.de<\/a> lautet. (*)<\/p>\n<h3><span style=\"color: #00549f;\">Wie k\u00f6nnen Verteilergruppen angelegt und verwaltet werden?<\/span><\/h3>\n<p>Verteilergruppen werden \u00fcber den MailAdm durch die entsprechenden Mailadministrator*innen der jeweiligen Dom\u00e4ne <a href=\"https:\/\/help.itc.rwth-aachen.de\/service\/1jefzdccuvuch\/article\/fc9173f092564b028e9f6b91b3577d51\/\">erstellt und angelegt<\/a>. Die Verteilergruppen sowie deren Mitglieder werden \u00fcber OWA und durch die eingetragenen Besitzer*innen <a href=\"https:\/\/help.itc.rwth-aachen.de\/service\/1jefzdccuvuch\/article\/7bd95b2c105a4fc18402ca17c4f84832\/\">verwaltet<\/a>.<\/p>\n<p>Eine detaillierte <a href=\"https:\/\/help.itc.rwth-aachen.de\/service\/1jefzdccuvuch\/article\/6c7e0d1a85e045e093e9d7b76dea86ab\/\">Anleitung<\/a> findet ihr auf unserem Dokumentationsportal IT Center Help.<\/p>\n<h3><span style=\"color: #00549f;\">Zusammenfassung auf einem Blick (**)<\/span><\/h3>\n<p><strong>Mailinglisten<\/strong><\/p>\n<p><strong>Anlegen<\/strong>: IT Center Fachabteilung (LBA)<br \/>\n<strong>Verwalten<\/strong>: Eingetragene Listenadministrator*innen<br \/>\n<strong>Zugang<\/strong> (Verwaltung): <a href=\"https:\/\/lists.rwth-aachen.de\/postorius\/lists\/\">Mailman<\/a><br \/>\n<strong>Hinzuf\u00fcgen von Mitgliedern<\/strong>: Durch Listenadministrator*innen oder Selbsteintragung<br \/>\n<strong>Merkmal<\/strong>: @lists.rwth-aachen.de<\/p>\n<p><strong>Verteilergruppen<\/strong><\/p>\n<p><strong>Anlegen<\/strong>: Mailadministrator*innen der Dom\u00e4ne \u00fcber MailAdm<br \/>\n<strong>Verwalten<\/strong>: Eingetragene Besitzer*innen<br \/>\n<strong>Zugang<\/strong> (Verwaltung): <a href=\"https:\/\/mail.rwth-aachen.de\">OWA<\/a><br \/>\n<strong>Hinzuf\u00fcgen von Mitgliedern<\/strong>: Durch Besitzer*innen<br \/>\n<strong>Merkmal<\/strong>: @institut.rwth-aachen.de<\/p>\n<p>&nbsp;<\/p>\n<p>Verantwortlich f\u00fcr die Inhalte dieses Beitrags ist <a href=\"https:\/\/www.rwth-aachen.de\/go\/id\/bdfr\/gguid\/0x880B5CF1D5A69148980B5603DE6A4917\">Arlinda Ujkani<\/a>.<\/p>\n<h6>(*) Der Absatz wurde am 23.08.2022 aktualisiert.<br \/>\n(**) Der Absatz wurde am 23.08.2022 aktualisiert<\/h6>\n<p><\/p>","protected":false},"excerpt":{"rendered":"<p>Vor Kurzem haben wir euch \u00fcber Mailinglisten und wie man diese beantragt, informiert. In diesem Blogbeitrag stellen wir euch den Unterschied zu Verteilergruppen vor und beschreiben, wie ihr diese anlegen [&hellip;]<\/p>\n","protected":false},"author":3308,"featured_media":12319,"comment_status":"open","ping_status":"closed","sticky":false,"template":"","format":"standard","meta":{"c2c_always_allow_admin_comments":false,"footnotes":""},"categories":[315],"tags":[499,498,50,276,493,501,500],"class_list":["post-12317","post","type-post","status-publish","format-standard","has-post-thumbnail","hentry","category-services-support","tag-goodtoknow","tag-anleitung","tag-e-mail","tag-kommunikation","tag-mailinglisten","tag-unterschied","tag-verteilergruppen"],"aioseo_notices":[],"_links":{"self":[{"href":"https:\/\/blog.rwth-aachen.de\/itc\/wp-json\/wp\/v2\/posts\/12317","targetHints":{"allow":["GET"]}}],"collection":[{"href":"https:\/\/blog.rwth-aachen.de\/itc\/wp-json\/wp\/v2\/posts"}],"about":[{"href":"https:\/\/blog.rwth-aachen.de\/itc\/wp-json\/wp\/v2\/types\/post"}],"author":[{"embeddable":true,"href":"https:\/\/blog.rwth-aachen.de\/itc\/wp-json\/wp\/v2\/users\/3308"}],"replies":[{"embeddable":true,"href":"https:\/\/blog.rwth-aachen.de\/itc\/wp-json\/wp\/v2\/comments?post=12317"}],"version-history":[{"count":13,"href":"https:\/\/blog.rwth-aachen.de\/itc\/wp-json\/wp\/v2\/posts\/12317\/revisions"}],"predecessor-version":[{"id":13954,"href":"https:\/\/blog.rwth-aachen.de\/itc\/wp-json\/wp\/v2\/posts\/12317\/revisions\/13954"}],"wp:featuredmedia":[{"embeddable":true,"href":"https:\/\/blog.rwth-aachen.de\/itc\/wp-json\/wp\/v2\/media\/12319"}],"wp:attachment":[{"href":"https:\/\/blog.rwth-aachen.de\/itc\/wp-json\/wp\/v2\/media?parent=12317"}],"wp:term":[{"taxonomy":"category","embeddable":true,"href":"https:\/\/blog.rwth-aachen.de\/itc\/wp-json\/wp\/v2\/categories?post=12317"},{"taxonomy":"post_tag","embeddable":true,"href":"https:\/\/blog.rwth-aachen.de\/itc\/wp-json\/wp\/v2\/tags?post=12317"}],"curies":[{"name":"wp","href":"https:\/\/api.w.org\/{rel}","templated":true}]}}