{"id":12636,"date":"2022-08-26T13:00:33","date_gmt":"2022-08-26T11:00:33","guid":{"rendered":"https:\/\/blog.rwth-aachen.de\/itc\/?p=12636"},"modified":"2023-03-02T11:30:04","modified_gmt":"2023-03-02T10:30:04","slug":"it-center-sommerfest-2022","status":"publish","type":"post","link":"https:\/\/blog.rwth-aachen.de\/itc\/2022\/08\/26\/it-center-sommerfest-2022\/","title":{"rendered":"IT Center Sommerfest 2022"},"content":{"rendered":"<div class=\"twoclick_social_bookmarks_post_12636 social_share_privacy clearfix 1.6.4 locale-de_DE sprite-de_DE\"><\/div><div class=\"twoclick-js\"><script type=\"text\/javascript\">\/* <![CDATA[ *\/\njQuery(document).ready(function($){if($('.twoclick_social_bookmarks_post_12636')){$('.twoclick_social_bookmarks_post_12636').socialSharePrivacy({\"txt_help\":\"Wenn Sie diese Felder durch einen Klick aktivieren, werden Informationen an Facebook, Twitter, Flattr, Xing, t3n, LinkedIn, Pinterest oder Google eventuell ins Ausland \\u00fcbertragen und unter Umst\\u00e4nden auch dort gespeichert. N\\u00e4heres erfahren Sie durch einen Klick auf das <em>i<\\\/em>.\",\"settings_perma\":\"Dauerhaft aktivieren und Daten\\u00fcber-tragung zustimmen:\",\"info_link\":\"http:\\\/\\\/www.heise.de\\\/ct\\\/artikel\\\/2-Klicks-fuer-mehr-Datenschutz-1333879.html\",\"uri\":\"https:\\\/\\\/blog.rwth-aachen.de\\\/itc\\\/2022\\\/08\\\/26\\\/it-center-sommerfest-2022\\\/\",\"post_id\":12636,\"post_title_referrer_track\":\"IT+Center+Sommerfest+2022\",\"display_infobox\":\"on\"});}});\n\/* ]]> *\/<\/script><\/div><p><div id=\"attachment_12638\" style=\"width: 310px\" class=\"wp-caption alignright\"><a href=\"https:\/\/blog.rwth-aachen.de\/itc\/files\/2022\/08\/20220812_164335-scaled.jpg\"><img loading=\"lazy\" decoding=\"async\" aria-describedby=\"caption-attachment-12638\" class=\"size-medium wp-image-12638\" src=\"https:\/\/blog.rwth-aachen.de\/itc\/files\/2022\/08\/20220812_164335-300x225.jpg\" alt=\"Gruppenfoto des IT Centers beim Ansto\u00dfen\" width=\"300\" height=\"225\" srcset=\"https:\/\/blog.rwth-aachen.de\/itc\/files\/2022\/08\/20220812_164335-300x225.jpg 300w, https:\/\/blog.rwth-aachen.de\/itc\/files\/2022\/08\/20220812_164335-1024x768.jpg 1024w, https:\/\/blog.rwth-aachen.de\/itc\/files\/2022\/08\/20220812_164335-768x576.jpg 768w, https:\/\/blog.rwth-aachen.de\/itc\/files\/2022\/08\/20220812_164335-1536x1152.jpg 1536w, https:\/\/blog.rwth-aachen.de\/itc\/files\/2022\/08\/20220812_164335-2048x1536.jpg 2048w\" sizes=\"auto, (max-width: 300px) 100vw, 300px\" \/><\/a><p id=\"caption-attachment-12638\" class=\"wp-caption-text\">Quelle: Eigene Darstellung<\/p><\/div><\/p>\n<p>Am 12. August.2022 fand das IT Center Sommerfest 2022 statt.<\/p>\n<p>Das IT Center Partyteam hat alle Mitarbeitenden, Auszubildenden und studentische Hilfskr\u00e4fte eingeladen, um am Sommerfest teilzunehmen.<br \/>\nEs war ein toller Tag bei fantastischem Wetter, guten Getr\u00e4nken, leckerem Essen und einem tollen Team.<\/p>\n<p><!--more--><\/p>\n<p>Zu Beginn begr\u00fc\u00dfte Professor Matthias S. M\u00fcller, Direktor des IT Centers und Gesch\u00e4ftsf\u00fchrer Herr B\u00fcndgens alle Teilnehmenden und w\u00fcnschte ein gro\u00dfartiges Fest.<\/p>\n<p>Wie auch beim digitalen Sommerfest 2021 fand eine IT Center Olympiade statt. In verschiedenen Disziplinen, wie Domino-Wettaufbauen, Sack werfen und der menschliche Draht, traten die <a href=\"https:\/\/www.itc.rwth-aachen.de\/cms\/it-center\/IT-Center\/Profil\/Organisationsstruktur\/~stymr\/Abteilungen\/#net\">Abteilungen<\/a> CSE, PDSL, RPDM, FPO, SeKo, Netze und SuB gegeneinander an. Die Olympiade gewann die Abteilung FPO. Wir gratulieren zu dem wohlverdienten Sieg.<\/p>\n<p>F\u00fcr Verpflegung wurde nat\u00fcrlich auch gesorgt.<br \/>\nProfessor M\u00fcller sponsorte einen Getr\u00e4nkewagen und das Party-Team k\u00fcmmerte sich um den Verkauf von Wertmarken, sodass alle Mitarbeitenden mit k\u00fchlen Getr\u00e4nken versorgt wurden.<br \/>\nEbenfalls wurden verschiedene Sorten Fleisch und Gem\u00fcse gegrillt. Einige Mitarbeitende stellten Br\u00f6tchen und Salate zur Verf\u00fcgung. Dabei wurde der beste Salat geehrt. Der Preis ging einstimmig an den Couscous-Salat von Frau Grzemski.<\/p>\n<p>Bis in die sp\u00e4ten Abendstunden wurde ausgiebig und in bester Gesellschaft weiter gefeiert.<\/p>\n<p>Vielen Dank an alle Personen, die uns ein sch\u00f6nes IT Center Sommerfest 2022 beschert haben.<br \/>\nWir freuen uns schon auf das n\u00e4chste Sommerfest!<\/p>\n<p>Verantwortlich f\u00fcr die Inhalte dieses Beitrags ist <a href=\"https:\/\/www.itc.rwth-aachen.de\/go\/id\/epvp\/gguid\/0x6768586E9EC73D41BC7714F95C18D09C\/allou\/1\/\">Daniel Malenkovic<\/a>.<\/p>","protected":false},"excerpt":{"rendered":"<p>Am 12. August.2022 fand das IT Center Sommerfest 2022 statt. Das IT Center Partyteam hat alle Mitarbeitenden, Auszubildenden und studentische Hilfskr\u00e4fte eingeladen, um am Sommerfest teilzunehmen. Es war ein toller [&hellip;]<\/p>\n","protected":false},"author":4285,"featured_media":0,"comment_status":"open","ping_status":"closed","sticky":false,"template":"","format":"standard","meta":{"c2c_always_allow_admin_comments":false,"footnotes":""},"categories":[308,312],"tags":[99,661,102,658,100,169],"class_list":["post-12636","post","type-post","status-publish","format-standard","hentry","category-events-jubilaen-erfolge","category-insight-it-center","tag-it-center","tag-it-center-als-arbeitsplatz","tag-olympiade","tag-social-events","tag-sommerfest","tag-veranstaltung"],"aioseo_notices":[],"_links":{"self":[{"href":"https:\/\/blog.rwth-aachen.de\/itc\/wp-json\/wp\/v2\/posts\/12636","targetHints":{"allow":["GET"]}}],"collection":[{"href":"https:\/\/blog.rwth-aachen.de\/itc\/wp-json\/wp\/v2\/posts"}],"about":[{"href":"https:\/\/blog.rwth-aachen.de\/itc\/wp-json\/wp\/v2\/types\/post"}],"author":[{"embeddable":true,"href":"https:\/\/blog.rwth-aachen.de\/itc\/wp-json\/wp\/v2\/users\/4285"}],"replies":[{"embeddable":true,"href":"https:\/\/blog.rwth-aachen.de\/itc\/wp-json\/wp\/v2\/comments?post=12636"}],"version-history":[{"count":13,"href":"https:\/\/blog.rwth-aachen.de\/itc\/wp-json\/wp\/v2\/posts\/12636\/revisions"}],"predecessor-version":[{"id":14599,"href":"https:\/\/blog.rwth-aachen.de\/itc\/wp-json\/wp\/v2\/posts\/12636\/revisions\/14599"}],"wp:attachment":[{"href":"https:\/\/blog.rwth-aachen.de\/itc\/wp-json\/wp\/v2\/media?parent=12636"}],"wp:term":[{"taxonomy":"category","embeddable":true,"href":"https:\/\/blog.rwth-aachen.de\/itc\/wp-json\/wp\/v2\/categories?post=12636"},{"taxonomy":"post_tag","embeddable":true,"href":"https:\/\/blog.rwth-aachen.de\/itc\/wp-json\/wp\/v2\/tags?post=12636"}],"curies":[{"name":"wp","href":"https:\/\/api.w.org\/{rel}","templated":true}]}}