{"id":13143,"date":"2022-11-11T11:00:22","date_gmt":"2022-11-11T10:00:22","guid":{"rendered":"https:\/\/blog.rwth-aachen.de\/itc\/?p=13143"},"modified":"2023-02-23T10:16:08","modified_gmt":"2023-02-23T09:16:08","slug":"karneval-fastnacht-fasching","status":"publish","type":"post","link":"https:\/\/blog.rwth-aachen.de\/itc\/2022\/11\/11\/karneval-fastnacht-fasching\/","title":{"rendered":"Karneval, Fastnacht, Fasching \u2013 Zeit wieder jeck zu sein!"},"content":{"rendered":"<div class=\"twoclick_social_bookmarks_post_13143 social_share_privacy clearfix 1.6.4 locale-de_DE sprite-de_DE\"><\/div><div class=\"twoclick-js\"><script type=\"text\/javascript\">\/* <![CDATA[ *\/\njQuery(document).ready(function($){if($('.twoclick_social_bookmarks_post_13143')){$('.twoclick_social_bookmarks_post_13143').socialSharePrivacy({\"txt_help\":\"Wenn Sie diese Felder durch einen Klick aktivieren, werden Informationen an Facebook, Twitter, Flattr, Xing, t3n, LinkedIn, Pinterest oder Google eventuell ins Ausland \\u00fcbertragen und unter Umst\\u00e4nden auch dort gespeichert. N\\u00e4heres erfahren Sie durch einen Klick auf das <em>i<\\\/em>.\",\"settings_perma\":\"Dauerhaft aktivieren und Daten\\u00fcber-tragung zustimmen:\",\"info_link\":\"http:\\\/\\\/www.heise.de\\\/ct\\\/artikel\\\/2-Klicks-fuer-mehr-Datenschutz-1333879.html\",\"uri\":\"https:\\\/\\\/blog.rwth-aachen.de\\\/itc\\\/2022\\\/11\\\/11\\\/karneval-fastnacht-fasching\\\/\",\"post_id\":13143,\"post_title_referrer_track\":\"Karneval%2C+Fastnacht%2C+Fasching+%E2%80%93+Zeit+wieder+jeck+zu+sein%21\",\"display_infobox\":\"on\"});}});\n\/* ]]> *\/<\/script><\/div><p><div id=\"attachment_13144\" style=\"width: 310px\" class=\"wp-caption alignright\"><a href=\"https:\/\/blog.rwth-aachen.de\/itc\/files\/2022\/11\/top-view-of-colorful-round-confetti-on-a-light-blue-wooden-background-scaled.jpg\"><img loading=\"lazy\" decoding=\"async\" aria-describedby=\"caption-attachment-13144\" class=\"wp-image-13144 size-medium\" src=\"https:\/\/blog.rwth-aachen.de\/itc\/files\/2022\/11\/top-view-of-colorful-round-confetti-on-a-light-blue-wooden-background-300x210.jpg\" alt=\"Buntes Konfetti auf Holzboden\" width=\"300\" height=\"210\" srcset=\"https:\/\/blog.rwth-aachen.de\/itc\/files\/2022\/11\/top-view-of-colorful-round-confetti-on-a-light-blue-wooden-background-300x210.jpg 300w, https:\/\/blog.rwth-aachen.de\/itc\/files\/2022\/11\/top-view-of-colorful-round-confetti-on-a-light-blue-wooden-background-1024x716.jpg 1024w, https:\/\/blog.rwth-aachen.de\/itc\/files\/2022\/11\/top-view-of-colorful-round-confetti-on-a-light-blue-wooden-background-768x537.jpg 768w, https:\/\/blog.rwth-aachen.de\/itc\/files\/2022\/11\/top-view-of-colorful-round-confetti-on-a-light-blue-wooden-background-1536x1075.jpg 1536w, https:\/\/blog.rwth-aachen.de\/itc\/files\/2022\/11\/top-view-of-colorful-round-confetti-on-a-light-blue-wooden-background-2048x1433.jpg 2048w\" sizes=\"auto, (max-width: 300px) 100vw, 300px\" \/><\/a><p id=\"caption-attachment-13144\" class=\"wp-caption-text\">Quelle: <a href=\"https:\/\/de.freepik.com\/fotos-kostenlos\/draufsicht-der-bunten-runden-konfetti-auf-einem-hellblauen-hoelzernen-hintergrund_13617875.htm\">Freepik<\/a><\/p><\/div><\/p>\n<p>&nbsp;<\/p>\n<p>Nachdem wir nun zwei Jahre lang die f\u00fcnfte Jahreszeit nicht so feiern konnten, wie es die Tradition vorsieht, gibt es Grund, am 11. November dieses Jahres etwas aufzuatmen: Der Beginn der Karnevalssession findet weitestgehend wieder \u201enormal\u201c statt. Sie wird wie jedes Jahr um 11:11 Uhr \u2013 also gerade in diesem Moment \u2013 eingeleitet. Doch warum an diesem Datum und wieso zu dieser Uhrzeit? Lasst uns das doch gemeinsam n\u00e4her betrachten.<\/p>\n<p>&nbsp;<\/p>\n<p>&nbsp;<\/p>\n<p><!--more--><\/p>\n<h3><span style=\"color: #00549f;\">Die Zahl 11 in der Karnevalsgeschichte<\/span><\/h3>\n<p>Um eine Sache schon einmal vorwegzunehmen: Eine eindeutige Antwort gibt es nicht. Einige spannende Vermutungen stehen dennoch im Raum. Da die Zahlen 10 und 12 biblisch von gro\u00dfer Bedeutung sind und die Zahl 11 nun einmal dazwischen liegt, gilt sie als n\u00e4rrische bzw. unchristliche Zahl. \u00c4hnlich verh\u00e4lt es sich mit der zweiten m\u00f6glichen Begr\u00fcndung. Die wahren Karnevalsjeck*innen unter euch haben sicherlich schon vom Elfer-Rat geh\u00f6rt. Fr\u00fcher bestanden Stadt- und Kommunalr\u00e4te aus jeweils 10 oder 12 Personen. Die 11 liegt auch hier wieder in der Mitte.<\/p>\n<p>Heutzutage ist der Elfer-Rat in den Karnevalsvereinen f\u00fcr die Organisation der Veranstaltungen und allem, was dazugeh\u00f6rt zust\u00e4ndig. Was viele heute mit Karneval assoziieren, ist die Fastenzeit. Als der Karnevalsbeginn noch der 06.01. war, begann die Fastenzeit am 11.11. Aus dem lateinischen \u201ecarne vale\u201c \u00fcbersetzt, bedeutet Karneval so viel wie \u201eFleisch, lebe wohl\u201c und spielt damit auf den Verzicht von Fleisch an. Was auch immer die urspr\u00fcngliche Bedeutung der Zahl 11 ist, f\u00fcr den Karneval ist sie die wichtigste Zahl.<\/p>\n<p>Genug von den Mythen, kommen wir nun zu den diesj\u00e4hrigen Fakten. \u201e<a href=\"http:\/\/oche-alaaf.com\/index.php?id=80\" target=\"_blank\" rel=\"noopener\">oche alaaf<\/a>\u201c h\u00e4lt eine bunte Auswahl an Veranstaltungen f\u00fcr euch bereit. Am 11.11. findet beispielsweise der gro\u00dfe Sessionsauftakt am Holzgraben in Aachen statt.<\/p>\n<p>Wir w\u00fcnschen allen Karnevalist*innen einen bunten, jecken Sessionsstart! Einige unserer Kolleg*innen feiern sicherlich t\u00fcchtig mit. Doch keine Sorge \u2013 Unsere Supporter*innen vom IT-ServiceDesk sind dennoch <a href=\"https:\/\/www.itc.rwth-aachen.de\/cms\/IT-Center\/Services\/Servicekatalog\/Beschaffungsportale\/ServiceDesk\/~ljdv\/Kontakt-Oeffnungszeiten\/\" target=\"_blank\" rel=\"noopener\">zu den gewohnten Zeiten<\/a> f\u00fcr euch erreichbar und helfen euch gerne bei euren technischen Fragen.<\/p>\n<p>Verantwortlich f\u00fcr die Inhalte dieses Beitrags ist <a href=\"https:\/\/www.itc.rwth-aachen.de\/cms\/IT-Center\/IT-Center\/Team\/~epvp\/Mitarbeiter-CAMPUS-\/?gguid=0xEFE758683719544CA2E760636B6AF6CF&amp;allou=1\" target=\"_blank\" rel=\"noopener\">Jelena \u0106ulum<\/a>.<\/p>","protected":false},"excerpt":{"rendered":"<p>&nbsp; Nachdem wir nun zwei Jahre lang die f\u00fcnfte Jahreszeit nicht so feiern konnten, wie es die Tradition vorsieht, gibt es Grund, am 11. November dieses Jahres etwas aufzuatmen: Der [&hellip;]<\/p>\n","protected":false},"author":4530,"featured_media":0,"comment_status":"open","ping_status":"closed","sticky":false,"template":"","format":"standard","meta":{"c2c_always_allow_admin_comments":false,"footnotes":""},"categories":[308,311],"tags":[708,706,702,703,707,282,704,705],"class_list":["post-13143","post","type-post","status-publish","format-standard","hentry","category-events-jubilaen-erfolge","category-fun-facts","tag-11-11","tag-alaaf","tag-fasching","tag-fastnacht","tag-helau","tag-karneval","tag-karnevalssession","tag-tradition"],"aioseo_notices":[],"aioseo_head":"\n\t\t<!-- All in One SEO 4.9.8 - aioseo.com -->\n\t<meta name=\"description\" content=\"Die f\u00fcnfte Jahreszeit kann wieder gefeiert werden. Wie es die Tradition vorsieht, gibt es Grund, am 11. November um 11:11 Uhr die Karnevalssession einzul\u00e4uten.\" \/>\n\t<meta name=\"robots\" content=\"max-image-preview:large\" \/>\n\t<meta name=\"author\" content=\"Nikolic, Jelena\"\/>\n\t<meta name=\"keywords\" content=\"11.11.,alaaf,fasching,fastnacht,helau,karneval,karnevalssession,tradition,events, jubil\u00e4en &amp; erfolge,fun &amp; facts\" \/>\n\t<link rel=\"canonical\" href=\"https:\/\/blog.rwth-aachen.de\/itc\/2022\/11\/11\/karneval-fastnacht-fasching\/\" \/>\n\t<meta name=\"generator\" content=\"All in One SEO (AIOSEO) 4.9.8\" \/>\n\t\t<meta property=\"og:locale\" content=\"de_DE\" \/>\n\t\t<meta property=\"og:site_name\" content=\"IT Center Blog \u2022\" \/>\n\t\t<meta property=\"og:type\" content=\"article\" \/>\n\t\t<meta property=\"og:title\" content=\"Karneval, Fastnacht, Fasching \u2013 Zeit wieder jeck zu sein! \u2022 IT Center Blog\" \/>\n\t\t<meta property=\"og:description\" content=\"Die f\u00fcnfte Jahreszeit kann wieder gefeiert werden. Wie es die Tradition vorsieht, gibt es Grund, am 11. November um 11:11 Uhr die Karnevalssession einzul\u00e4uten.\" \/>\n\t\t<meta property=\"og:url\" content=\"https:\/\/blog.rwth-aachen.de\/itc\/2022\/11\/11\/karneval-fastnacht-fasching\/\" \/>\n\t\t<meta property=\"article:published_time\" content=\"2022-11-11T10:00:22+00:00\" \/>\n\t\t<meta property=\"article:modified_time\" content=\"2023-02-23T09:16:08+00:00\" \/>\n\t\t<meta property=\"article:publisher\" content=\"https:\/\/www.facebook.com\/itcenterrwth\" \/>\n\t\t<meta name=\"twitter:card\" content=\"summary\" \/>\n\t\t<meta name=\"twitter:site\" content=\"@ITCenterRWTH\" \/>\n\t\t<meta name=\"twitter:title\" content=\"Karneval, Fastnacht, Fasching \u2013 Zeit wieder jeck zu sein! \u2022 IT Center Blog\" \/>\n\t\t<meta name=\"twitter:description\" content=\"Die f\u00fcnfte Jahreszeit kann wieder gefeiert werden. Wie es die Tradition vorsieht, gibt es Grund, am 11. November um 11:11 Uhr die Karnevalssession einzul\u00e4uten.\" \/>\n\t\t<meta name=\"twitter:creator\" content=\"@ITCenterRWTH\" \/>\n\t\t<script type=\"application\/ld+json\" class=\"aioseo-schema\">\n\t\t\t{\"@context\":\"https:\\\/\\\/schema.org\",\"@graph\":[{\"@type\":\"BlogPosting\",\"@id\":\"https:\\\/\\\/blog.rwth-aachen.de\\\/itc\\\/2022\\\/11\\\/11\\\/karneval-fastnacht-fasching\\\/#blogposting\",\"name\":\"Karneval, Fastnacht, Fasching \\u2013 Zeit wieder jeck zu sein! \\u2022 IT Center Blog\",\"headline\":\"Karneval, Fastnacht, Fasching \\u2013 Zeit wieder jeck zu sein!\",\"author\":{\"@id\":\"https:\\\/\\\/blog.rwth-aachen.de\\\/itc\\\/author\\\/4530\\\/#author\"},\"publisher\":{\"@id\":\"https:\\\/\\\/blog.rwth-aachen.de\\\/itc\\\/#organization\"},\"image\":{\"@type\":\"ImageObject\",\"url\":\"https:\\\/\\\/blog.rwth-aachen.de\\\/itc\\\/files\\\/2022\\\/11\\\/top-view-of-colorful-round-confetti-on-a-light-blue-wooden-background.jpg\",\"@id\":\"https:\\\/\\\/blog.rwth-aachen.de\\\/itc\\\/2022\\\/11\\\/11\\\/karneval-fastnacht-fasching\\\/#articleImage\"},\"datePublished\":\"2022-11-11T11:00:22+01:00\",\"dateModified\":\"2023-02-23T10:16:08+01:00\",\"inLanguage\":\"de-DE\",\"mainEntityOfPage\":{\"@id\":\"https:\\\/\\\/blog.rwth-aachen.de\\\/itc\\\/2022\\\/11\\\/11\\\/karneval-fastnacht-fasching\\\/#webpage\"},\"isPartOf\":{\"@id\":\"https:\\\/\\\/blog.rwth-aachen.de\\\/itc\\\/2022\\\/11\\\/11\\\/karneval-fastnacht-fasching\\\/#webpage\"},\"articleSection\":\"Events, Jubil\\u00e4en &amp; Erfolge, Fun &amp; Facts, 11.11., Alaaf, Fasching, Fastnacht, Helau, Karneval, Karnevalssession, Tradition\"},{\"@type\":\"BreadcrumbList\",\"@id\":\"https:\\\/\\\/blog.rwth-aachen.de\\\/itc\\\/2022\\\/11\\\/11\\\/karneval-fastnacht-fasching\\\/#breadcrumblist\",\"itemListElement\":[{\"@type\":\"ListItem\",\"@id\":\"https:\\\/\\\/blog.rwth-aachen.de\\\/itc#listItem\",\"position\":1,\"name\":\"Home\",\"item\":\"https:\\\/\\\/blog.rwth-aachen.de\\\/itc\",\"nextItem\":{\"@type\":\"ListItem\",\"@id\":\"https:\\\/\\\/blog.rwth-aachen.de\\\/itc\\\/category\\\/themen\\\/#listItem\",\"name\":\"Themen\"}},{\"@type\":\"ListItem\",\"@id\":\"https:\\\/\\\/blog.rwth-aachen.de\\\/itc\\\/category\\\/themen\\\/#listItem\",\"position\":2,\"name\":\"Themen\",\"item\":\"https:\\\/\\\/blog.rwth-aachen.de\\\/itc\\\/category\\\/themen\\\/\",\"nextItem\":{\"@type\":\"ListItem\",\"@id\":\"https:\\\/\\\/blog.rwth-aachen.de\\\/itc\\\/category\\\/themen\\\/events-jubilaen-erfolge\\\/#listItem\",\"name\":\"Events, Jubil\\u00e4en &amp; Erfolge\"},\"previousItem\":{\"@type\":\"ListItem\",\"@id\":\"https:\\\/\\\/blog.rwth-aachen.de\\\/itc#listItem\",\"name\":\"Home\"}},{\"@type\":\"ListItem\",\"@id\":\"https:\\\/\\\/blog.rwth-aachen.de\\\/itc\\\/category\\\/themen\\\/events-jubilaen-erfolge\\\/#listItem\",\"position\":3,\"name\":\"Events, Jubil\\u00e4en &amp; Erfolge\",\"item\":\"https:\\\/\\\/blog.rwth-aachen.de\\\/itc\\\/category\\\/themen\\\/events-jubilaen-erfolge\\\/\",\"nextItem\":{\"@type\":\"ListItem\",\"@id\":\"https:\\\/\\\/blog.rwth-aachen.de\\\/itc\\\/2022\\\/11\\\/11\\\/karneval-fastnacht-fasching\\\/#listItem\",\"name\":\"Karneval, Fastnacht, Fasching \\u2013 Zeit wieder jeck zu sein!\"},\"previousItem\":{\"@type\":\"ListItem\",\"@id\":\"https:\\\/\\\/blog.rwth-aachen.de\\\/itc\\\/category\\\/themen\\\/#listItem\",\"name\":\"Themen\"}},{\"@type\":\"ListItem\",\"@id\":\"https:\\\/\\\/blog.rwth-aachen.de\\\/itc\\\/2022\\\/11\\\/11\\\/karneval-fastnacht-fasching\\\/#listItem\",\"position\":4,\"name\":\"Karneval, Fastnacht, Fasching \\u2013 Zeit wieder jeck zu sein!\",\"previousItem\":{\"@type\":\"ListItem\",\"@id\":\"https:\\\/\\\/blog.rwth-aachen.de\\\/itc\\\/category\\\/themen\\\/events-jubilaen-erfolge\\\/#listItem\",\"name\":\"Events, Jubil\\u00e4en &amp; Erfolge\"}}]},{\"@type\":\"Organization\",\"@id\":\"https:\\\/\\\/blog.rwth-aachen.de\\\/itc\\\/#organization\",\"name\":\"IT Center RWTH Aachen University\",\"url\":\"https:\\\/\\\/blog.rwth-aachen.de\\\/itc\\\/\",\"logo\":{\"@type\":\"ImageObject\",\"url\":\"https:\\\/\\\/blog.rwth-aachen.de\\\/itc\\\/files\\\/2018\\\/09\\\/IT-Center-Logo.png\",\"@id\":\"https:\\\/\\\/blog.rwth-aachen.de\\\/itc\\\/2022\\\/11\\\/11\\\/karneval-fastnacht-fasching\\\/#organizationLogo\",\"width\":1312,\"height\":378,\"caption\":\"IT Center Logo\"},\"image\":{\"@id\":\"https:\\\/\\\/blog.rwth-aachen.de\\\/itc\\\/2022\\\/11\\\/11\\\/karneval-fastnacht-fasching\\\/#organizationLogo\"},\"sameAs\":[\"https:\\\/\\\/www.facebook.com\\\/itcenterrwth\",\"https:\\\/\\\/twitter.com\\\/ITCenterRWTH\",\"https:\\\/\\\/www.youtube.com\\\/c\\\/itcenterrwthaachen\",\"https:\\\/\\\/www.linkedin.com\\\/company\\\/itcenterrwth\"]},{\"@type\":\"Person\",\"@id\":\"https:\\\/\\\/blog.rwth-aachen.de\\\/itc\\\/author\\\/4530\\\/#author\",\"url\":\"https:\\\/\\\/blog.rwth-aachen.de\\\/itc\\\/author\\\/4530\\\/\",\"name\":\"Nikolic, Jelena\",\"image\":{\"@type\":\"ImageObject\",\"@id\":\"https:\\\/\\\/blog.rwth-aachen.de\\\/itc\\\/2022\\\/11\\\/11\\\/karneval-fastnacht-fasching\\\/#authorImage\",\"url\":\"https:\\\/\\\/secure.gravatar.com\\\/avatar\\\/1ebd7a94c889a99911743014b53763d3b9a57bb620c89ca31a2d2a3f32029302?s=96&d=blank&r=g\",\"width\":96,\"height\":96,\"caption\":\"Nikolic, Jelena\"}},{\"@type\":\"WebPage\",\"@id\":\"https:\\\/\\\/blog.rwth-aachen.de\\\/itc\\\/2022\\\/11\\\/11\\\/karneval-fastnacht-fasching\\\/#webpage\",\"url\":\"https:\\\/\\\/blog.rwth-aachen.de\\\/itc\\\/2022\\\/11\\\/11\\\/karneval-fastnacht-fasching\\\/\",\"name\":\"Karneval, Fastnacht, Fasching \\u2013 Zeit wieder jeck zu sein! \\u2022 IT Center Blog\",\"description\":\"Die f\\u00fcnfte Jahreszeit kann wieder gefeiert werden. Wie es die Tradition vorsieht, gibt es Grund, am 11. November um 11:11 Uhr die Karnevalssession einzul\\u00e4uten.\",\"inLanguage\":\"de-DE\",\"isPartOf\":{\"@id\":\"https:\\\/\\\/blog.rwth-aachen.de\\\/itc\\\/#website\"},\"breadcrumb\":{\"@id\":\"https:\\\/\\\/blog.rwth-aachen.de\\\/itc\\\/2022\\\/11\\\/11\\\/karneval-fastnacht-fasching\\\/#breadcrumblist\"},\"author\":{\"@id\":\"https:\\\/\\\/blog.rwth-aachen.de\\\/itc\\\/author\\\/4530\\\/#author\"},\"creator\":{\"@id\":\"https:\\\/\\\/blog.rwth-aachen.de\\\/itc\\\/author\\\/4530\\\/#author\"},\"datePublished\":\"2022-11-11T11:00:22+01:00\",\"dateModified\":\"2023-02-23T10:16:08+01:00\"},{\"@type\":\"WebSite\",\"@id\":\"https:\\\/\\\/blog.rwth-aachen.de\\\/itc\\\/#website\",\"url\":\"https:\\\/\\\/blog.rwth-aachen.de\\\/itc\\\/\",\"name\":\"IT Center Blog\",\"inLanguage\":\"de-DE\",\"publisher\":{\"@id\":\"https:\\\/\\\/blog.rwth-aachen.de\\\/itc\\\/#organization\"}}]}\n\t\t<\/script>\n\t\t<!-- All in One SEO -->\n\n","aioseo_head_json":{"title":"Karneval, Fastnacht, Fasching \u2013 Zeit wieder jeck zu sein! \u2022 IT Center Blog","description":"Die f\u00fcnfte Jahreszeit kann wieder gefeiert werden. Wie es die Tradition vorsieht, gibt es Grund, am 11. November um 11:11 Uhr die Karnevalssession einzul\u00e4uten.","canonical_url":"https:\/\/blog.rwth-aachen.de\/itc\/2022\/11\/11\/karneval-fastnacht-fasching\/","robots":"max-image-preview:large","keywords":"11.11.,alaaf,fasching,fastnacht,helau,karneval,karnevalssession,tradition,events, jubil\u00e4en &amp; erfolge,fun &amp; facts","webmasterTools":{"miscellaneous":""},"schema":{"@context":"https:\/\/schema.org","@graph":[{"@type":"BlogPosting","@id":"https:\/\/blog.rwth-aachen.de\/itc\/2022\/11\/11\/karneval-fastnacht-fasching\/#blogposting","name":"Karneval, Fastnacht, Fasching \u2013 Zeit wieder jeck zu sein! \u2022 IT Center Blog","headline":"Karneval, Fastnacht, Fasching \u2013 Zeit wieder jeck zu sein!","author":{"@id":"https:\/\/blog.rwth-aachen.de\/itc\/author\/4530\/#author"},"publisher":{"@id":"https:\/\/blog.rwth-aachen.de\/itc\/#organization"},"image":{"@type":"ImageObject","url":"https:\/\/blog.rwth-aachen.de\/itc\/files\/2022\/11\/top-view-of-colorful-round-confetti-on-a-light-blue-wooden-background.jpg","@id":"https:\/\/blog.rwth-aachen.de\/itc\/2022\/11\/11\/karneval-fastnacht-fasching\/#articleImage"},"datePublished":"2022-11-11T11:00:22+01:00","dateModified":"2023-02-23T10:16:08+01:00","inLanguage":"de-DE","mainEntityOfPage":{"@id":"https:\/\/blog.rwth-aachen.de\/itc\/2022\/11\/11\/karneval-fastnacht-fasching\/#webpage"},"isPartOf":{"@id":"https:\/\/blog.rwth-aachen.de\/itc\/2022\/11\/11\/karneval-fastnacht-fasching\/#webpage"},"articleSection":"Events, Jubil\u00e4en &amp; Erfolge, Fun &amp; Facts, 11.11., Alaaf, Fasching, Fastnacht, Helau, Karneval, Karnevalssession, Tradition"},{"@type":"BreadcrumbList","@id":"https:\/\/blog.rwth-aachen.de\/itc\/2022\/11\/11\/karneval-fastnacht-fasching\/#breadcrumblist","itemListElement":[{"@type":"ListItem","@id":"https:\/\/blog.rwth-aachen.de\/itc#listItem","position":1,"name":"Home","item":"https:\/\/blog.rwth-aachen.de\/itc","nextItem":{"@type":"ListItem","@id":"https:\/\/blog.rwth-aachen.de\/itc\/category\/themen\/#listItem","name":"Themen"}},{"@type":"ListItem","@id":"https:\/\/blog.rwth-aachen.de\/itc\/category\/themen\/#listItem","position":2,"name":"Themen","item":"https:\/\/blog.rwth-aachen.de\/itc\/category\/themen\/","nextItem":{"@type":"ListItem","@id":"https:\/\/blog.rwth-aachen.de\/itc\/category\/themen\/events-jubilaen-erfolge\/#listItem","name":"Events, Jubil\u00e4en &amp; Erfolge"},"previousItem":{"@type":"ListItem","@id":"https:\/\/blog.rwth-aachen.de\/itc#listItem","name":"Home"}},{"@type":"ListItem","@id":"https:\/\/blog.rwth-aachen.de\/itc\/category\/themen\/events-jubilaen-erfolge\/#listItem","position":3,"name":"Events, Jubil\u00e4en &amp; Erfolge","item":"https:\/\/blog.rwth-aachen.de\/itc\/category\/themen\/events-jubilaen-erfolge\/","nextItem":{"@type":"ListItem","@id":"https:\/\/blog.rwth-aachen.de\/itc\/2022\/11\/11\/karneval-fastnacht-fasching\/#listItem","name":"Karneval, Fastnacht, Fasching \u2013 Zeit wieder jeck zu sein!"},"previousItem":{"@type":"ListItem","@id":"https:\/\/blog.rwth-aachen.de\/itc\/category\/themen\/#listItem","name":"Themen"}},{"@type":"ListItem","@id":"https:\/\/blog.rwth-aachen.de\/itc\/2022\/11\/11\/karneval-fastnacht-fasching\/#listItem","position":4,"name":"Karneval, Fastnacht, Fasching \u2013 Zeit wieder jeck zu sein!","previousItem":{"@type":"ListItem","@id":"https:\/\/blog.rwth-aachen.de\/itc\/category\/themen\/events-jubilaen-erfolge\/#listItem","name":"Events, Jubil\u00e4en &amp; Erfolge"}}]},{"@type":"Organization","@id":"https:\/\/blog.rwth-aachen.de\/itc\/#organization","name":"IT Center RWTH Aachen University","url":"https:\/\/blog.rwth-aachen.de\/itc\/","logo":{"@type":"ImageObject","url":"https:\/\/blog.rwth-aachen.de\/itc\/files\/2018\/09\/IT-Center-Logo.png","@id":"https:\/\/blog.rwth-aachen.de\/itc\/2022\/11\/11\/karneval-fastnacht-fasching\/#organizationLogo","width":1312,"height":378,"caption":"IT Center Logo"},"image":{"@id":"https:\/\/blog.rwth-aachen.de\/itc\/2022\/11\/11\/karneval-fastnacht-fasching\/#organizationLogo"},"sameAs":["https:\/\/www.facebook.com\/itcenterrwth","https:\/\/twitter.com\/ITCenterRWTH","https:\/\/www.youtube.com\/c\/itcenterrwthaachen","https:\/\/www.linkedin.com\/company\/itcenterrwth"]},{"@type":"Person","@id":"https:\/\/blog.rwth-aachen.de\/itc\/author\/4530\/#author","url":"https:\/\/blog.rwth-aachen.de\/itc\/author\/4530\/","name":"Nikolic, Jelena","image":{"@type":"ImageObject","@id":"https:\/\/blog.rwth-aachen.de\/itc\/2022\/11\/11\/karneval-fastnacht-fasching\/#authorImage","url":"https:\/\/secure.gravatar.com\/avatar\/1ebd7a94c889a99911743014b53763d3b9a57bb620c89ca31a2d2a3f32029302?s=96&d=blank&r=g","width":96,"height":96,"caption":"Nikolic, Jelena"}},{"@type":"WebPage","@id":"https:\/\/blog.rwth-aachen.de\/itc\/2022\/11\/11\/karneval-fastnacht-fasching\/#webpage","url":"https:\/\/blog.rwth-aachen.de\/itc\/2022\/11\/11\/karneval-fastnacht-fasching\/","name":"Karneval, Fastnacht, Fasching \u2013 Zeit wieder jeck zu sein! \u2022 IT Center Blog","description":"Die f\u00fcnfte Jahreszeit kann wieder gefeiert werden. Wie es die Tradition vorsieht, gibt es Grund, am 11. November um 11:11 Uhr die Karnevalssession einzul\u00e4uten.","inLanguage":"de-DE","isPartOf":{"@id":"https:\/\/blog.rwth-aachen.de\/itc\/#website"},"breadcrumb":{"@id":"https:\/\/blog.rwth-aachen.de\/itc\/2022\/11\/11\/karneval-fastnacht-fasching\/#breadcrumblist"},"author":{"@id":"https:\/\/blog.rwth-aachen.de\/itc\/author\/4530\/#author"},"creator":{"@id":"https:\/\/blog.rwth-aachen.de\/itc\/author\/4530\/#author"},"datePublished":"2022-11-11T11:00:22+01:00","dateModified":"2023-02-23T10:16:08+01:00"},{"@type":"WebSite","@id":"https:\/\/blog.rwth-aachen.de\/itc\/#website","url":"https:\/\/blog.rwth-aachen.de\/itc\/","name":"IT Center Blog","inLanguage":"de-DE","publisher":{"@id":"https:\/\/blog.rwth-aachen.de\/itc\/#organization"}}]},"og:locale":"de_DE","og:site_name":"IT Center Blog \u2022","og:type":"article","og:title":"Karneval, Fastnacht, Fasching \u2013 Zeit wieder jeck zu sein! \u2022 IT Center Blog","og:description":"Die f\u00fcnfte Jahreszeit kann wieder gefeiert werden. Wie es die Tradition vorsieht, gibt es Grund, am 11. November um 11:11 Uhr die Karnevalssession einzul\u00e4uten.","og:url":"https:\/\/blog.rwth-aachen.de\/itc\/2022\/11\/11\/karneval-fastnacht-fasching\/","article:published_time":"2022-11-11T10:00:22+00:00","article:modified_time":"2023-02-23T09:16:08+00:00","article:publisher":"https:\/\/www.facebook.com\/itcenterrwth","twitter:card":"summary","twitter:site":"@ITCenterRWTH","twitter:title":"Karneval, Fastnacht, Fasching \u2013 Zeit wieder jeck zu sein! \u2022 IT Center Blog","twitter:description":"Die f\u00fcnfte Jahreszeit kann wieder gefeiert werden. Wie es die Tradition vorsieht, gibt es Grund, am 11. November um 11:11 Uhr die Karnevalssession einzul\u00e4uten.","twitter:creator":"@ITCenterRWTH"},"aioseo_meta_data":{"post_id":"13143","title":null,"description":"Die f\u00fcnfte Jahreszeit kann wieder gefeiert werden. Wie es die Tradition vorsieht, gibt es Grund, am 11. November um 11:11 Uhr die Karnevalssession einzul\u00e4uten.","keywords":[],"keyphrases":{"focus":{"keyphrase":"","score":0,"analysis":{"keyphraseInTitle":{"score":0,"maxScore":9,"error":1}}},"additional":[]},"primary_term":null,"canonical_url":null,"og_title":null,"og_description":null,"og_object_type":"default","og_image_type":"default","og_image_url":null,"og_image_width":null,"og_image_height":null,"og_image_custom_url":null,"og_image_custom_fields":null,"og_video":"","og_custom_url":null,"og_article_section":null,"og_article_tags":[],"twitter_use_og":false,"twitter_card":"default","twitter_image_type":"default","twitter_image_url":null,"twitter_image_custom_url":null,"twitter_image_custom_fields":null,"twitter_title":null,"twitter_description":null,"schema":{"blockGraphs":[],"customGraphs":[],"default":{"data":{"Article":[],"Course":[],"Dataset":[],"FAQPage":[],"Movie":[],"Person":[],"Product":[],"ProductReview":[],"Car":[],"Recipe":[],"Service":[],"SoftwareApplication":[],"WebPage":[]},"graphName":"BlogPosting","isEnabled":true},"graphs":[]},"schema_type":"default","schema_type_options":null,"pillar_content":false,"robots_default":true,"robots_noindex":false,"robots_noarchive":false,"robots_nosnippet":false,"robots_nofollow":false,"robots_noimageindex":false,"robots_noodp":false,"robots_notranslate":false,"robots_max_snippet":"-1","robots_max_videopreview":"-1","robots_max_imagepreview":"large","priority":null,"frequency":"default","local_seo":null,"breadcrumb_settings":null,"limit_modified_date":false,"ai":null,"created":"2022-11-11 08:25:09","updated":"2025-07-08 14:14:30","seo_analyzer_scan_date":null},"aioseo_breadcrumb":"<div class=\"aioseo-breadcrumbs\"><span class=\"aioseo-breadcrumb\">\n\t\t\t<a href=\"https:\/\/blog.rwth-aachen.de\/itc\" title=\"Home\">Home<\/a>\n\t\t<\/span><span class=\"aioseo-breadcrumb-separator\">\u00bb<\/span><span class=\"aioseo-breadcrumb\">\n\t\t\t<a href=\"https:\/\/blog.rwth-aachen.de\/itc\/category\/themen\/\" title=\"Themen\">Themen<\/a>\n\t\t<\/span><span class=\"aioseo-breadcrumb-separator\">\u00bb<\/span><span class=\"aioseo-breadcrumb\">\n\t\t\t<a href=\"https:\/\/blog.rwth-aachen.de\/itc\/category\/themen\/events-jubilaen-erfolge\/\" title=\"Events, Jubil\u00e4en &amp; Erfolge\">Events, Jubil\u00e4en &amp; Erfolge<\/a>\n\t\t<\/span><span class=\"aioseo-breadcrumb-separator\">\u00bb<\/span><span class=\"aioseo-breadcrumb\">\n\t\t\tKarneval, Fastnacht, Fasching \u2013 Zeit wieder jeck zu sein!\n\t\t<\/span><\/div>","aioseo_breadcrumb_json":[{"label":"Home","link":"https:\/\/blog.rwth-aachen.de\/itc"},{"label":"Themen","link":"https:\/\/blog.rwth-aachen.de\/itc\/category\/themen\/"},{"label":"Events, Jubil\u00e4en &amp; Erfolge","link":"https:\/\/blog.rwth-aachen.de\/itc\/category\/themen\/events-jubilaen-erfolge\/"},{"label":"Karneval, Fastnacht, Fasching \u2013 Zeit wieder jeck zu sein!","link":"https:\/\/blog.rwth-aachen.de\/itc\/2022\/11\/11\/karneval-fastnacht-fasching\/"}],"_links":{"self":[{"href":"https:\/\/blog.rwth-aachen.de\/itc\/wp-json\/wp\/v2\/posts\/13143","targetHints":{"allow":["GET"]}}],"collection":[{"href":"https:\/\/blog.rwth-aachen.de\/itc\/wp-json\/wp\/v2\/posts"}],"about":[{"href":"https:\/\/blog.rwth-aachen.de\/itc\/wp-json\/wp\/v2\/types\/post"}],"author":[{"embeddable":true,"href":"https:\/\/blog.rwth-aachen.de\/itc\/wp-json\/wp\/v2\/users\/4530"}],"replies":[{"embeddable":true,"href":"https:\/\/blog.rwth-aachen.de\/itc\/wp-json\/wp\/v2\/comments?post=13143"}],"version-history":[{"count":25,"href":"https:\/\/blog.rwth-aachen.de\/itc\/wp-json\/wp\/v2\/posts\/13143\/revisions"}],"predecessor-version":[{"id":14085,"href":"https:\/\/blog.rwth-aachen.de\/itc\/wp-json\/wp\/v2\/posts\/13143\/revisions\/14085"}],"wp:attachment":[{"href":"https:\/\/blog.rwth-aachen.de\/itc\/wp-json\/wp\/v2\/media?parent=13143"}],"wp:term":[{"taxonomy":"category","embeddable":true,"href":"https:\/\/blog.rwth-aachen.de\/itc\/wp-json\/wp\/v2\/categories?post=13143"},{"taxonomy":"post_tag","embeddable":true,"href":"https:\/\/blog.rwth-aachen.de\/itc\/wp-json\/wp\/v2\/tags?post=13143"}],"curies":[{"name":"wp","href":"https:\/\/api.w.org\/{rel}","templated":true}]}}