{"id":13867,"date":"2023-01-30T12:32:47","date_gmt":"2023-01-30T11:32:47","guid":{"rendered":"https:\/\/blog.rwth-aachen.de\/itc\/?p=13867"},"modified":"2023-03-15T13:12:06","modified_gmt":"2023-03-15T12:12:06","slug":"moodle-4-1","status":"publish","type":"post","link":"https:\/\/blog.rwth-aachen.de\/itc\/2023\/01\/30\/moodle-4-1\/","title":{"rendered":"Behind the Scenes \u2013 Upgrade auf Moodle 4.1"},"content":{"rendered":"<div class=\"twoclick_social_bookmarks_post_13867 social_share_privacy clearfix 1.6.4 locale-de_DE sprite-de_DE\"><\/div><div class=\"twoclick-js\"><script type=\"text\/javascript\">\/* <![CDATA[ *\/\njQuery(document).ready(function($){if($('.twoclick_social_bookmarks_post_13867')){$('.twoclick_social_bookmarks_post_13867').socialSharePrivacy({\"txt_help\":\"Wenn Sie diese Felder durch einen Klick aktivieren, werden Informationen an Facebook, Twitter, Flattr, Xing, t3n, LinkedIn, Pinterest oder Google eventuell ins Ausland \\u00fcbertragen und unter Umst\\u00e4nden auch dort gespeichert. N\\u00e4heres erfahren Sie durch einen Klick auf das <em>i<\\\/em>.\",\"settings_perma\":\"Dauerhaft aktivieren und Daten\\u00fcber-tragung zustimmen:\",\"info_link\":\"http:\\\/\\\/www.heise.de\\\/ct\\\/artikel\\\/2-Klicks-fuer-mehr-Datenschutz-1333879.html\",\"uri\":\"https:\\\/\\\/blog.rwth-aachen.de\\\/itc\\\/2023\\\/01\\\/30\\\/moodle-4-1\\\/\",\"post_id\":13867,\"post_title_referrer_track\":\"Behind+the+Scenes+%E2%80%93+Upgrade+auf+Moodle+4.1\",\"display_infobox\":\"on\"});}});\n\/* ]]> *\/<\/script><\/div><p><div id=\"attachment_13869\" style=\"width: 310px\" class=\"wp-caption alignright\"><a href=\"https:\/\/blog.rwth-aachen.de\/itc\/files\/2023\/01\/6BC501FD-1735-444F-9793-5D30B0BE1115_1_105_c.jpeg\"><img loading=\"lazy\" decoding=\"async\" aria-describedby=\"caption-attachment-13869\" class=\"wp-image-13869 size-medium\" src=\"https:\/\/blog.rwth-aachen.de\/itc\/files\/2023\/01\/6BC501FD-1735-444F-9793-5D30B0BE1115_1_105_c-300x184.jpeg\" alt=\"Bernd Decker auf der RWTHtransparent 2023\" width=\"300\" height=\"184\" srcset=\"https:\/\/blog.rwth-aachen.de\/itc\/files\/2023\/01\/6BC501FD-1735-444F-9793-5D30B0BE1115_1_105_c-300x184.jpeg 300w, https:\/\/blog.rwth-aachen.de\/itc\/files\/2023\/01\/6BC501FD-1735-444F-9793-5D30B0BE1115_1_105_c-768x471.jpeg 768w, https:\/\/blog.rwth-aachen.de\/itc\/files\/2023\/01\/6BC501FD-1735-444F-9793-5D30B0BE1115_1_105_c.jpeg 1002w\" sizes=\"auto, (max-width: 300px) 100vw, 300px\" \/><\/a><p id=\"caption-attachment-13869\" class=\"wp-caption-text\">Quelle: Eigene Darstellung<\/p><\/div><\/p>\n<p>Am 14. M\u00e4rz 2023 (*) wird RWTHmoodle auf die Moodle-Version 4.1 aktualisiert. Was sich alles f\u00fcr unsere Nutzer*innen \u00e4ndern wird, haben wir auf unserer <a href=\"http:\/\/www.itc.rwth-aachen.de\/moodle-upgrade\">Infoseite<\/a> zusammengefasst.<\/p>\n<p>Aber was steckt eigentlich hinter dem Umstieg? F\u00fcr einen Blick hinter die Kulissen haben wir mit dem Servicemanager von RWTHmoodle, <a href=\"https:\/\/www.itc.rwth-aachen.de\/cms\/it-center\/IT-Center\/Profil\/Team\/~ocwk\/Dipl-Inform-Bernd-Decker\/\">Bernd Decker<\/a>, gesprochen.<!--more--><\/p>\n<p><strong>Redaktion:<\/strong> <strong>Am 14.03.2023 (*) wird RWTHmoodle auf die neue Moodle-Version aktualisiert. Welche Gr\u00fcnde \u2013 neben dem moderneren User Interface \u2013 gab es f\u00fcr das Upgrade?<\/strong><\/p>\n<p><strong>Bernd Decker:<\/strong> Ein wichtiger Grund f\u00fcr das Upgrade ist, dass die Version 3.11 nur noch bis November 2023 supported wird und ab dann keine Updates sowie Security Patches mehr vom Moodle-Headquarter bereitgestellt werden. Auch die Moodle-Community, die ein wichtiger Bestandteil f\u00fcr unsere Arbeit ist, steigt nach und nach auf die Moodle-Version 4.1 um. Ein Upgrade ist also unerl\u00e4sslich, um auch weiterhin mit unseren Community-Partner*innen zusammenarbeiten zu k\u00f6nnen.<\/p>\n<p><strong>Redaktion: Die Benutzungsoberfl\u00e4che von Moodle wurde bereits in der Version 4.0 \u00fcberarbeitet. Warum habt ihr euch dazu entschieden, das Upgrade erst mit der Version 4.1 durchzuf\u00fchren?<\/strong><\/p>\n<p><strong>Bernd Decker:<\/strong> Aus Erfahrung wissen wir, dass Software nach Major-Upgrades h\u00e4ufig noch nicht ganz fehlerfrei ist. Daher haben wir das erste Minor-Update der neuen Version abgewartet. Das Community-Feedback von anderen Hochschulen, die direkt auf die Moodle-Version 4.0 hochgegangen sind, best\u00e4tigt unser Vorgehen. Zudem hatte das Moodle-Headquarter angek\u00fcndigt, dass einige versprochene Features erst mit der Version 4.1 released werden. Ein weiterer wichtiger Punkt ist der Support: Die Moodle-Version 4.1 ist die erste 4er-Version mit LTS, also Long Term Support. Dieser geht bis November 2025. Der Support f\u00fcr die Version 4.0 l\u00e4uft hingegen nur bis November 2023, sodass diesen November bereits das n\u00e4chste Update n\u00f6tig gewesen w\u00e4re.<\/p>\n<p><strong>Redaktion:<\/strong> <strong>Den richtigen Zeitpunkt f\u00fcr solch ein Upgrade zu finden ist sicher schwierig. Wie fiel die Entscheidung auf den 14. M\u00e4rz 2023 (*)?<\/strong><\/p>\n<p><strong>Bernd Decker:<\/strong> Hier haben wir lange abgew\u00e4gt, da es nat\u00fcrlich keinen Zeitpunkt im Jahr gibt, in dem RWTHmoodle nicht genutzt wird. F\u00fcr uns war schnell klar, dass wir den Umstieg in der vorlesungsfreien Zeit umsetzen m\u00fcssen, da hier die Nutzung im Vergleich zur Vorlesungszeit relativ gering ist. Die Entscheidung fiel dann auf die Wochen vor dem Sommersemester 2023. Ein wichtiger Grund war hier der zeitliche Puffer: Bei einer geplanten Umstellung zum Wintersemester 2023\/24 h\u00e4tten wir wegen des auslaufenden Supports keinen zeitlichen Spielraum mehr gehabt, wenn sich der Zeitplan des Upgrades doch noch einmal verschoben h\u00e4tte.<\/p>\n<p><strong>Redaktion: Ein Upgrade macht man nicht allein. Kannst du uns verraten, wer alles hierbei involviert ist?<\/strong><\/p>\n<p><strong>Bernd Decker:<\/strong> In der Tat sind viele Stellen und Menschen bei so einer Umstellung mit beteiligt. Zum Beispiel unsere Kolleg*innen vom Betrieb, die die Server zur Verf\u00fcgung stellen. Dann aber auch unsere Entwickler*innen und die Expert*innen f\u00fcr die User Experience, die das vom Moodle-Headquarter zur Verf\u00fcgung gestellte Moodle an die Bed\u00fcrfnisse der RWTH Aachen anpassen. Involviert ist auch das IT-ServiceDesk, das uns wichtigen Input zu den Bed\u00fcrfnissen der Nutzer*innen gibt. Zus\u00e4tzlich zu nennen sind unsere Marketingexpert*innen und auch das CLS, das die Lehrenden ber\u00e4t und unter anderem auch Schulungen anbietet. Und nat\u00fcrlich auch wieder die Moodle-Community \u2013 hier nehmen wir viel mit von den Upgrade-Erfahrungen anderer Hochschulen.<\/p>\n<p><strong>Redaktion: Was sind aus deiner Sicht die gr\u00f6\u00dften Herausforderungen bei dem Upgrade?<\/strong><\/p>\n<p><strong>Bernd Decker:<\/strong> Die neue Version 4.1 wurde erst im November 2022 ver\u00f6ffentlicht, sodass wir insgesamt einem straffen Zeitplan bis zum 14. M\u00e4rz 2023 (*) folgen m\u00fcssen. Neben den bereits erw\u00e4hnten Punkten wie das Finden eines geeigneten Upgrade-Datums, haben wir auch noch eine weitere gro\u00dfe Herausforderung: F\u00fcr den aktuellen Funktionsumfang von RWTHmoodle nutzen wir zurzeit circa 120 Plugins. Viele davon sind von der Community entwickelt. Zu Beginn unserer Planungen mussten wir also zus\u00e4tzlich im Blick behalten, ob diese Plugins f\u00fcr die Version 4.1 weiterentwickelt werden und in der neuen Version weiterhin wie gewohnt funktionieren. Bislang erwarten wir hier gl\u00fccklicherweise aber keine gr\u00f6\u00dferen Probleme.<\/p>\n<p><strong>Redaktion: Unsere letzte Frage: Was ist deiner Meinung nach die beste \u00c4nderung durch das neue Moodle 4.1?<\/strong><\/p>\n<p>Bernd Decker: Das ist schwer zu sagen. Aus meiner Sicht ist die beste Neuerung die neue Nutzer*innenf\u00fchrung. Auch wenn sich unsere Nutzer*innen erst einmal umgew\u00f6hnen m\u00fcssen, ist sie aus meiner Sicht deutlich klarer strukturiert und intuitiver.<\/p>\n<p><strong>Redaktion: Lieber Bernd, danke f\u00fcr deine Antworten und noch viel Erfolg bei der Umstellung!<\/strong><\/p>\n<p>&nbsp;<\/p>\n<p>Verantwortlich f\u00fcr die Inhalte dieses Beitrags ist <a href=\"https:\/\/www.itc.rwth-aachen.de\/go\/id\/epvp\/gguid\/0xDE29C364DDAF91469C6FFECDA8E5B512\/allou\/1\/\">Susanne Kubiak<\/a>.<\/p>\n<h6>(*) Das Datum wurde am 15.03.2023 aktualisiert.<\/h6>\n<p><\/p>","protected":false},"excerpt":{"rendered":"<p>Am 14. M\u00e4rz 2023 (*) wird RWTHmoodle auf die Moodle-Version 4.1 aktualisiert. Was sich alles f\u00fcr unsere Nutzer*innen \u00e4ndern wird, haben wir auf unserer Infoseite zusammengefasst. Aber was steckt eigentlich [&hellip;]<\/p>\n","protected":false},"author":1859,"featured_media":13869,"comment_status":"open","ping_status":"closed","sticky":false,"template":"","format":"standard","meta":{"c2c_always_allow_admin_comments":false,"footnotes":""},"categories":[313,315],"tags":[123,89,87,800,801],"class_list":["post-13867","post","type-post","status-publish","format-standard","has-post-thumbnail","hentry","category-interviews-umfragen","category-services-support","tag-moodlemonday","tag-moodle","tag-rwthmoodle","tag-rwthmoodle4-1","tag-upgrade"],"aioseo_notices":[],"_links":{"self":[{"href":"https:\/\/blog.rwth-aachen.de\/itc\/wp-json\/wp\/v2\/posts\/13867","targetHints":{"allow":["GET"]}}],"collection":[{"href":"https:\/\/blog.rwth-aachen.de\/itc\/wp-json\/wp\/v2\/posts"}],"about":[{"href":"https:\/\/blog.rwth-aachen.de\/itc\/wp-json\/wp\/v2\/types\/post"}],"author":[{"embeddable":true,"href":"https:\/\/blog.rwth-aachen.de\/itc\/wp-json\/wp\/v2\/users\/1859"}],"replies":[{"embeddable":true,"href":"https:\/\/blog.rwth-aachen.de\/itc\/wp-json\/wp\/v2\/comments?post=13867"}],"version-history":[{"count":5,"href":"https:\/\/blog.rwth-aachen.de\/itc\/wp-json\/wp\/v2\/posts\/13867\/revisions"}],"predecessor-version":[{"id":14790,"href":"https:\/\/blog.rwth-aachen.de\/itc\/wp-json\/wp\/v2\/posts\/13867\/revisions\/14790"}],"wp:featuredmedia":[{"embeddable":true,"href":"https:\/\/blog.rwth-aachen.de\/itc\/wp-json\/wp\/v2\/media\/13869"}],"wp:attachment":[{"href":"https:\/\/blog.rwth-aachen.de\/itc\/wp-json\/wp\/v2\/media?parent=13867"}],"wp:term":[{"taxonomy":"category","embeddable":true,"href":"https:\/\/blog.rwth-aachen.de\/itc\/wp-json\/wp\/v2\/categories?post=13867"},{"taxonomy":"post_tag","embeddable":true,"href":"https:\/\/blog.rwth-aachen.de\/itc\/wp-json\/wp\/v2\/tags?post=13867"}],"curies":[{"name":"wp","href":"https:\/\/api.w.org\/{rel}","templated":true}]}}