{"id":15106,"date":"2023-04-19T11:00:49","date_gmt":"2023-04-19T09:00:49","guid":{"rendered":"https:\/\/blog.rwth-aachen.de\/itc\/?p=15106"},"modified":"2023-07-24T11:18:23","modified_gmt":"2023-07-24T09:18:23","slug":"waehrend-des-betriebsausflugs-fuer-euch-da","status":"publish","type":"post","link":"https:\/\/blog.rwth-aachen.de\/itc\/2023\/04\/19\/waehrend-des-betriebsausflugs-fuer-euch-da\/","title":{"rendered":"Wir sind w\u00e4hrend des Betriebsausflugs f\u00fcr euch da!"},"content":{"rendered":"<div class=\"twoclick_social_bookmarks_post_15106 social_share_privacy clearfix 1.6.4 locale-de_DE sprite-de_DE\"><\/div><div class=\"twoclick-js\"><script type=\"text\/javascript\">\/* <![CDATA[ *\/\njQuery(document).ready(function($){if($('.twoclick_social_bookmarks_post_15106')){$('.twoclick_social_bookmarks_post_15106').socialSharePrivacy({\"txt_help\":\"Wenn Sie diese Felder durch einen Klick aktivieren, werden Informationen an Facebook, Twitter, Flattr, Xing, t3n, LinkedIn, Pinterest oder Google eventuell ins Ausland \\u00fcbertragen und unter Umst\\u00e4nden auch dort gespeichert. N\\u00e4heres erfahren Sie durch einen Klick auf das <em>i<\\\/em>.\",\"settings_perma\":\"Dauerhaft aktivieren und Daten\\u00fcber-tragung zustimmen:\",\"info_link\":\"http:\\\/\\\/www.heise.de\\\/ct\\\/artikel\\\/2-Klicks-fuer-mehr-Datenschutz-1333879.html\",\"uri\":\"https:\\\/\\\/blog.rwth-aachen.de\\\/itc\\\/2023\\\/04\\\/19\\\/waehrend-des-betriebsausflugs-fuer-euch-da\\\/\",\"post_id\":15106,\"post_title_referrer_track\":\"Wir+sind+w%C3%A4hrend+des+Betriebsausflugs+f%C3%BCr+euch+da%21\",\"display_infobox\":\"on\"});}});\n\/* ]]> *\/<\/script><\/div><p><div id=\"attachment_15110\" style=\"width: 310px\" class=\"wp-caption alignright\"><a href=\"https:\/\/blog.rwth-aachen.de\/itc\/files\/2023\/04\/we_are_open_sign_blog.jpg\"><img loading=\"lazy\" decoding=\"async\" aria-describedby=\"caption-attachment-15110\" class=\"size-medium wp-image-15110\" src=\"https:\/\/blog.rwth-aachen.de\/itc\/files\/2023\/04\/we_are_open_sign_blog-300x212.jpg\" alt=\"Grafik \u201eWe are Open\u201c\" width=\"300\" height=\"212\" srcset=\"https:\/\/blog.rwth-aachen.de\/itc\/files\/2023\/04\/we_are_open_sign_blog-300x212.jpg 300w, https:\/\/blog.rwth-aachen.de\/itc\/files\/2023\/04\/we_are_open_sign_blog-1024x724.jpg 1024w, https:\/\/blog.rwth-aachen.de\/itc\/files\/2023\/04\/we_are_open_sign_blog-768x543.jpg 768w, https:\/\/blog.rwth-aachen.de\/itc\/files\/2023\/04\/we_are_open_sign_blog.jpg 1380w\" sizes=\"auto, (max-width: 300px) 100vw, 300px\" \/><\/a><p id=\"caption-attachment-15110\" class=\"wp-caption-text\">Quelle: <a href=\"https:\/\/de.freepik.com\/vektoren-kostenlos\/banner-mit-haengendem-wir-sind-offen-schild_14870740.htm#query=we%20are%20open&amp;position=0&amp;from_view=search&amp;track=ais\">Freepik<\/a><\/p><\/div><\/p>\n<p>&nbsp;<\/p>\n<p>Am Freitag, den <strong>21. April 2023 <\/strong>findet unser allj\u00e4hrlicher Betriebsausflug statt, so dass viele Mitarbeitenden des IT Centers, also auch des\u00a0 \u00a0 \u00a0 \u00a0 <a href=\"https:\/\/help.itc.rwth-aachen.de\/service\/b734502cd73e4201b1f763a65a61bf9c\/article\/cbf1b80232b34626bbd53dda48578c09\/\">IT-ServiceDesks<\/a>, an diesem Tag nicht erreichbar sind. Vereinzelt kann es daher zu Verz\u00f6gerungen bei der Ticketbearbeitung oder der telefonischen Erreichbarkeit kommen.<\/p>\n<p>Die \u00d6ffnungszeiten des IT-ServiceDesks sind davon allerdings grunds\u00e4tzlich nicht betroffen:<\/p>\n<p><!--more--><br \/>\nWir haben wie gewohnt an den Standorten <strong>Seffenter Weg 23<\/strong> und <strong>SuperC<\/strong> von <strong>7:30 Uhr bis 16 Uhr<\/strong> f\u00fcr euch ge\u00f6ffnet.<\/p>\n<p>In dieser Zeit k\u00f6nnt ihr auch das IT-ServiceDesk wie gewohnt \u00fcber folgende Kan\u00e4le erreichen:<\/p>\n<p><strong>Telefonisch<\/strong>: +49 241 80 24680<\/p>\n<p><strong>Per Chat:<\/strong>\u00a0Unseren \u201eChat Support\u201c-Button findet ihr auf\u00a0<a href=\"https:\/\/help.itc.rwth-aachen.de\/service\/b734502cd73e4201b1f763a65a61bf9c\/article\/cbf1b80232b34626bbd53dda48578c09\/\">IT Center Help<\/a>, auf unserer\u00a0<a href=\"https:\/\/www.itc.rwth-aachen.de\/cms\/~rbnjb\/it-center\/\">Website<\/a>, auf\u00a0<a href=\"https:\/\/moodle.rwth-aachen.de\/\">RWTHmoodle<\/a>\u00a0und in der\u00a0<a href=\"https:\/\/help.itc.rwth-aachen.de\/service\/rhtxrjubsj8m\/\">RWTHApp<\/a>.<\/p>\n<p><strong>Per E-Mail: <\/strong>unter\u00a0<a href=\"mailto:%20servicedesk@itc.rwth-aachen.de\">servicedesk@itc.rwth-aachen.de<\/a> sind wir auch bis 18 Uhr erreichbar.<\/p>\n<p>Anleitungen zur Nutzung und Installation unserer Services findet ihr dar\u00fcber hinaus auch in unserem Dokumentationsportal <a href=\"https:\/\/help.itc.rwth-aachen.de\/\">IT Center Help<\/a>.<\/p>\n<p>Die Dienstgeb\u00e4ude sind ab <strong>16 Uhr<\/strong> geschlossen und somit f\u00fcr den \u00f6ffentlichen Besuchsverkehr nicht mehr zug\u00e4nglich.<\/p>\n<p>Ab Montag, den <strong>24. April 2023<\/strong> ist das IT Center inklusive des <a href=\"https:\/\/help.itc.rwth-aachen.de\/service\/b734502cd73e4201b1f763a65a61bf9c\/article\/cbf1b80232b34626bbd53dda48578c09\/\">IT-ServiceDesks<\/a> wieder wie gewohnt erreichbar.<\/p>\n<p>Vielen Dank f\u00fcr euer Verst\u00e4ndnis.<\/p>\n<p>&nbsp;<\/p>\n<p>Verantwortlich f\u00fcr die Inhalte dieses Beitrags ist <a href=\"https:\/\/www.itc.rwth-aachen.de\/cms\/it-center\/IT-Center\/Profil\/Team\/~epvp\/Mitarbeiter-CAMPUS-\/?gguid=0x5EDD86759031544CBAD16793B535C64A&amp;allou=1\">Sara Erdem<\/a>.<\/p>\n<p>&nbsp;<\/p>\n<p>&nbsp;<\/p>","protected":false},"excerpt":{"rendered":"<p>&nbsp; Am Freitag, den 21. April 2023 findet unser allj\u00e4hrlicher Betriebsausflug statt, so dass viele Mitarbeitenden des IT Centers, also auch des\u00a0 \u00a0 \u00a0 \u00a0 IT-ServiceDesks, an diesem Tag nicht [&hellip;]<\/p>\n","protected":false},"author":3531,"featured_media":0,"comment_status":"open","ping_status":"closed","sticky":false,"template":"","format":"standard","meta":{"c2c_always_allow_admin_comments":false,"footnotes":""},"categories":[306,312,315],"tags":[30,371,535,122],"class_list":["post-15106","post","type-post","status-publish","format-standard","hentry","category-ankuendigungen","category-insight-it-center","category-services-support","tag-betriebsausflug","tag-chat-support","tag-it-support","tag-oeffnungszeiten"],"aioseo_notices":[],"aioseo_head":"\n\t\t<!-- All in One SEO 4.9.8 - aioseo.com -->\n\t<meta name=\"description\" content=\"Am Freitag, den 21. April 2023 findet der allj\u00e4hrlicher Betriebsausflug statt \u2022 Die \u00d6ffnungszeiten des IT-ServiceDesks sind davon nicht betroffen\" \/>\n\t<meta name=\"robots\" content=\"max-image-preview:large\" \/>\n\t<meta name=\"author\" content=\"Overath, Morgane\"\/>\n\t<meta name=\"keywords\" content=\"betriebsausflug,chat support,it-support,\u00f6ffnungszeiten,ank\u00fcndigungen,insight it center,services &amp; support\" \/>\n\t<link rel=\"canonical\" href=\"https:\/\/blog.rwth-aachen.de\/itc\/2023\/04\/19\/waehrend-des-betriebsausflugs-fuer-euch-da\/\" \/>\n\t<meta name=\"generator\" content=\"All in One SEO (AIOSEO) 4.9.8\" \/>\n\t\t<meta property=\"og:locale\" content=\"de_DE\" \/>\n\t\t<meta property=\"og:site_name\" content=\"IT Center Blog \u2022\" \/>\n\t\t<meta property=\"og:type\" content=\"article\" \/>\n\t\t<meta property=\"og:title\" content=\"Wir sind w\u00e4hrend des Betriebsausflugs f\u00fcr euch da! \u2022 IT Center Blog\" \/>\n\t\t<meta property=\"og:description\" content=\"Am Freitag, den 21. April 2023 findet der allj\u00e4hrlicher Betriebsausflug statt \u2022 Die \u00d6ffnungszeiten des IT-ServiceDesks sind davon nicht betroffen\" \/>\n\t\t<meta property=\"og:url\" content=\"https:\/\/blog.rwth-aachen.de\/itc\/2023\/04\/19\/waehrend-des-betriebsausflugs-fuer-euch-da\/\" \/>\n\t\t<meta property=\"article:published_time\" content=\"2023-04-19T09:00:49+00:00\" \/>\n\t\t<meta property=\"article:modified_time\" content=\"2023-07-24T09:18:23+00:00\" \/>\n\t\t<meta property=\"article:publisher\" content=\"https:\/\/www.facebook.com\/itcenterrwth\" \/>\n\t\t<meta name=\"twitter:card\" content=\"summary\" \/>\n\t\t<meta name=\"twitter:site\" content=\"@ITCenterRWTH\" \/>\n\t\t<meta name=\"twitter:title\" content=\"Wir sind w\u00e4hrend des Betriebsausflugs f\u00fcr euch da! \u2022 IT Center Blog\" \/>\n\t\t<meta name=\"twitter:description\" content=\"Am Freitag, den 21. April 2023 findet der allj\u00e4hrlicher Betriebsausflug statt \u2022 Die \u00d6ffnungszeiten des IT-ServiceDesks sind davon nicht betroffen\" \/>\n\t\t<meta name=\"twitter:creator\" content=\"@ITCenterRWTH\" \/>\n\t\t<script type=\"application\/ld+json\" class=\"aioseo-schema\">\n\t\t\t{\"@context\":\"https:\\\/\\\/schema.org\",\"@graph\":[{\"@type\":\"BlogPosting\",\"@id\":\"https:\\\/\\\/blog.rwth-aachen.de\\\/itc\\\/2023\\\/04\\\/19\\\/waehrend-des-betriebsausflugs-fuer-euch-da\\\/#blogposting\",\"name\":\"Wir sind w\\u00e4hrend des Betriebsausflugs f\\u00fcr euch da! \\u2022 IT Center Blog\",\"headline\":\"Wir sind w\\u00e4hrend des Betriebsausflugs f\\u00fcr euch da!\",\"author\":{\"@id\":\"https:\\\/\\\/blog.rwth-aachen.de\\\/itc\\\/author\\\/3531\\\/#author\"},\"publisher\":{\"@id\":\"https:\\\/\\\/blog.rwth-aachen.de\\\/itc\\\/#organization\"},\"image\":{\"@type\":\"ImageObject\",\"url\":\"https:\\\/\\\/blog.rwth-aachen.de\\\/itc\\\/files\\\/2023\\\/04\\\/we_are_open_sign_blog.jpg\",\"@id\":\"https:\\\/\\\/blog.rwth-aachen.de\\\/itc\\\/2023\\\/04\\\/19\\\/waehrend-des-betriebsausflugs-fuer-euch-da\\\/#articleImage\",\"width\":1380,\"height\":976,\"caption\":\"Quelle:\"},\"datePublished\":\"2023-04-19T11:00:49+02:00\",\"dateModified\":\"2023-07-24T11:18:23+02:00\",\"inLanguage\":\"de-DE\",\"mainEntityOfPage\":{\"@id\":\"https:\\\/\\\/blog.rwth-aachen.de\\\/itc\\\/2023\\\/04\\\/19\\\/waehrend-des-betriebsausflugs-fuer-euch-da\\\/#webpage\"},\"isPartOf\":{\"@id\":\"https:\\\/\\\/blog.rwth-aachen.de\\\/itc\\\/2023\\\/04\\\/19\\\/waehrend-des-betriebsausflugs-fuer-euch-da\\\/#webpage\"},\"articleSection\":\"Ank\\u00fcndigungen, Insight IT Center, Services &amp; Support, Betriebsausflug, Chat Support, IT-Support, \\u00d6ffnungszeiten\"},{\"@type\":\"BreadcrumbList\",\"@id\":\"https:\\\/\\\/blog.rwth-aachen.de\\\/itc\\\/2023\\\/04\\\/19\\\/waehrend-des-betriebsausflugs-fuer-euch-da\\\/#breadcrumblist\",\"itemListElement\":[{\"@type\":\"ListItem\",\"@id\":\"https:\\\/\\\/blog.rwth-aachen.de\\\/itc#listItem\",\"position\":1,\"name\":\"Home\",\"item\":\"https:\\\/\\\/blog.rwth-aachen.de\\\/itc\",\"nextItem\":{\"@type\":\"ListItem\",\"@id\":\"https:\\\/\\\/blog.rwth-aachen.de\\\/itc\\\/category\\\/themen\\\/#listItem\",\"name\":\"Themen\"}},{\"@type\":\"ListItem\",\"@id\":\"https:\\\/\\\/blog.rwth-aachen.de\\\/itc\\\/category\\\/themen\\\/#listItem\",\"position\":2,\"name\":\"Themen\",\"item\":\"https:\\\/\\\/blog.rwth-aachen.de\\\/itc\\\/category\\\/themen\\\/\",\"nextItem\":{\"@type\":\"ListItem\",\"@id\":\"https:\\\/\\\/blog.rwth-aachen.de\\\/itc\\\/category\\\/themen\\\/ankuendigungen\\\/#listItem\",\"name\":\"Ank\\u00fcndigungen\"},\"previousItem\":{\"@type\":\"ListItem\",\"@id\":\"https:\\\/\\\/blog.rwth-aachen.de\\\/itc#listItem\",\"name\":\"Home\"}},{\"@type\":\"ListItem\",\"@id\":\"https:\\\/\\\/blog.rwth-aachen.de\\\/itc\\\/category\\\/themen\\\/ankuendigungen\\\/#listItem\",\"position\":3,\"name\":\"Ank\\u00fcndigungen\",\"item\":\"https:\\\/\\\/blog.rwth-aachen.de\\\/itc\\\/category\\\/themen\\\/ankuendigungen\\\/\",\"nextItem\":{\"@type\":\"ListItem\",\"@id\":\"https:\\\/\\\/blog.rwth-aachen.de\\\/itc\\\/2023\\\/04\\\/19\\\/waehrend-des-betriebsausflugs-fuer-euch-da\\\/#listItem\",\"name\":\"Wir sind w\\u00e4hrend des Betriebsausflugs f\\u00fcr euch da!\"},\"previousItem\":{\"@type\":\"ListItem\",\"@id\":\"https:\\\/\\\/blog.rwth-aachen.de\\\/itc\\\/category\\\/themen\\\/#listItem\",\"name\":\"Themen\"}},{\"@type\":\"ListItem\",\"@id\":\"https:\\\/\\\/blog.rwth-aachen.de\\\/itc\\\/2023\\\/04\\\/19\\\/waehrend-des-betriebsausflugs-fuer-euch-da\\\/#listItem\",\"position\":4,\"name\":\"Wir sind w\\u00e4hrend des Betriebsausflugs f\\u00fcr euch da!\",\"previousItem\":{\"@type\":\"ListItem\",\"@id\":\"https:\\\/\\\/blog.rwth-aachen.de\\\/itc\\\/category\\\/themen\\\/ankuendigungen\\\/#listItem\",\"name\":\"Ank\\u00fcndigungen\"}}]},{\"@type\":\"Organization\",\"@id\":\"https:\\\/\\\/blog.rwth-aachen.de\\\/itc\\\/#organization\",\"name\":\"IT Center RWTH Aachen University\",\"url\":\"https:\\\/\\\/blog.rwth-aachen.de\\\/itc\\\/\",\"logo\":{\"@type\":\"ImageObject\",\"url\":\"https:\\\/\\\/blog.rwth-aachen.de\\\/itc\\\/files\\\/2018\\\/09\\\/IT-Center-Logo.png\",\"@id\":\"https:\\\/\\\/blog.rwth-aachen.de\\\/itc\\\/2023\\\/04\\\/19\\\/waehrend-des-betriebsausflugs-fuer-euch-da\\\/#organizationLogo\",\"width\":1312,\"height\":378,\"caption\":\"IT Center Logo\"},\"image\":{\"@id\":\"https:\\\/\\\/blog.rwth-aachen.de\\\/itc\\\/2023\\\/04\\\/19\\\/waehrend-des-betriebsausflugs-fuer-euch-da\\\/#organizationLogo\"},\"sameAs\":[\"https:\\\/\\\/www.facebook.com\\\/itcenterrwth\",\"https:\\\/\\\/twitter.com\\\/ITCenterRWTH\",\"https:\\\/\\\/www.youtube.com\\\/c\\\/itcenterrwthaachen\",\"https:\\\/\\\/www.linkedin.com\\\/company\\\/itcenterrwth\"]},{\"@type\":\"Person\",\"@id\":\"https:\\\/\\\/blog.rwth-aachen.de\\\/itc\\\/author\\\/3531\\\/#author\",\"url\":\"https:\\\/\\\/blog.rwth-aachen.de\\\/itc\\\/author\\\/3531\\\/\",\"name\":\"Overath, Morgane\",\"image\":{\"@type\":\"ImageObject\",\"@id\":\"https:\\\/\\\/blog.rwth-aachen.de\\\/itc\\\/2023\\\/04\\\/19\\\/waehrend-des-betriebsausflugs-fuer-euch-da\\\/#authorImage\",\"url\":\"https:\\\/\\\/secure.gravatar.com\\\/avatar\\\/9754fcb907c0c230340cdf1b42776dc492ff90ec61b9f68da4614a81cb11381c?s=96&d=blank&r=g\",\"width\":96,\"height\":96,\"caption\":\"Overath, Morgane\"}},{\"@type\":\"WebPage\",\"@id\":\"https:\\\/\\\/blog.rwth-aachen.de\\\/itc\\\/2023\\\/04\\\/19\\\/waehrend-des-betriebsausflugs-fuer-euch-da\\\/#webpage\",\"url\":\"https:\\\/\\\/blog.rwth-aachen.de\\\/itc\\\/2023\\\/04\\\/19\\\/waehrend-des-betriebsausflugs-fuer-euch-da\\\/\",\"name\":\"Wir sind w\\u00e4hrend des Betriebsausflugs f\\u00fcr euch da! \\u2022 IT Center Blog\",\"description\":\"Am Freitag, den 21. April 2023 findet der allj\\u00e4hrlicher Betriebsausflug statt \\u2022 Die \\u00d6ffnungszeiten des IT-ServiceDesks sind davon nicht betroffen\",\"inLanguage\":\"de-DE\",\"isPartOf\":{\"@id\":\"https:\\\/\\\/blog.rwth-aachen.de\\\/itc\\\/#website\"},\"breadcrumb\":{\"@id\":\"https:\\\/\\\/blog.rwth-aachen.de\\\/itc\\\/2023\\\/04\\\/19\\\/waehrend-des-betriebsausflugs-fuer-euch-da\\\/#breadcrumblist\"},\"author\":{\"@id\":\"https:\\\/\\\/blog.rwth-aachen.de\\\/itc\\\/author\\\/3531\\\/#author\"},\"creator\":{\"@id\":\"https:\\\/\\\/blog.rwth-aachen.de\\\/itc\\\/author\\\/3531\\\/#author\"},\"datePublished\":\"2023-04-19T11:00:49+02:00\",\"dateModified\":\"2023-07-24T11:18:23+02:00\"},{\"@type\":\"WebSite\",\"@id\":\"https:\\\/\\\/blog.rwth-aachen.de\\\/itc\\\/#website\",\"url\":\"https:\\\/\\\/blog.rwth-aachen.de\\\/itc\\\/\",\"name\":\"IT Center Blog\",\"inLanguage\":\"de-DE\",\"publisher\":{\"@id\":\"https:\\\/\\\/blog.rwth-aachen.de\\\/itc\\\/#organization\"}}]}\n\t\t<\/script>\n\t\t<!-- All in One SEO -->\n\n","aioseo_head_json":{"title":"Wir sind w\u00e4hrend des Betriebsausflugs f\u00fcr euch da! \u2022 IT Center Blog","description":"Am Freitag, den 21. April 2023 findet der allj\u00e4hrlicher Betriebsausflug statt \u2022 Die \u00d6ffnungszeiten des IT-ServiceDesks sind davon nicht betroffen","canonical_url":"https:\/\/blog.rwth-aachen.de\/itc\/2023\/04\/19\/waehrend-des-betriebsausflugs-fuer-euch-da\/","robots":"max-image-preview:large","keywords":"betriebsausflug,chat support,it-support,\u00f6ffnungszeiten,ank\u00fcndigungen,insight it center,services &amp; support","webmasterTools":{"miscellaneous":""},"schema":{"@context":"https:\/\/schema.org","@graph":[{"@type":"BlogPosting","@id":"https:\/\/blog.rwth-aachen.de\/itc\/2023\/04\/19\/waehrend-des-betriebsausflugs-fuer-euch-da\/#blogposting","name":"Wir sind w\u00e4hrend des Betriebsausflugs f\u00fcr euch da! \u2022 IT Center Blog","headline":"Wir sind w\u00e4hrend des Betriebsausflugs f\u00fcr euch da!","author":{"@id":"https:\/\/blog.rwth-aachen.de\/itc\/author\/3531\/#author"},"publisher":{"@id":"https:\/\/blog.rwth-aachen.de\/itc\/#organization"},"image":{"@type":"ImageObject","url":"https:\/\/blog.rwth-aachen.de\/itc\/files\/2023\/04\/we_are_open_sign_blog.jpg","@id":"https:\/\/blog.rwth-aachen.de\/itc\/2023\/04\/19\/waehrend-des-betriebsausflugs-fuer-euch-da\/#articleImage","width":1380,"height":976,"caption":"Quelle:"},"datePublished":"2023-04-19T11:00:49+02:00","dateModified":"2023-07-24T11:18:23+02:00","inLanguage":"de-DE","mainEntityOfPage":{"@id":"https:\/\/blog.rwth-aachen.de\/itc\/2023\/04\/19\/waehrend-des-betriebsausflugs-fuer-euch-da\/#webpage"},"isPartOf":{"@id":"https:\/\/blog.rwth-aachen.de\/itc\/2023\/04\/19\/waehrend-des-betriebsausflugs-fuer-euch-da\/#webpage"},"articleSection":"Ank\u00fcndigungen, Insight IT Center, Services &amp; Support, Betriebsausflug, Chat Support, IT-Support, \u00d6ffnungszeiten"},{"@type":"BreadcrumbList","@id":"https:\/\/blog.rwth-aachen.de\/itc\/2023\/04\/19\/waehrend-des-betriebsausflugs-fuer-euch-da\/#breadcrumblist","itemListElement":[{"@type":"ListItem","@id":"https:\/\/blog.rwth-aachen.de\/itc#listItem","position":1,"name":"Home","item":"https:\/\/blog.rwth-aachen.de\/itc","nextItem":{"@type":"ListItem","@id":"https:\/\/blog.rwth-aachen.de\/itc\/category\/themen\/#listItem","name":"Themen"}},{"@type":"ListItem","@id":"https:\/\/blog.rwth-aachen.de\/itc\/category\/themen\/#listItem","position":2,"name":"Themen","item":"https:\/\/blog.rwth-aachen.de\/itc\/category\/themen\/","nextItem":{"@type":"ListItem","@id":"https:\/\/blog.rwth-aachen.de\/itc\/category\/themen\/ankuendigungen\/#listItem","name":"Ank\u00fcndigungen"},"previousItem":{"@type":"ListItem","@id":"https:\/\/blog.rwth-aachen.de\/itc#listItem","name":"Home"}},{"@type":"ListItem","@id":"https:\/\/blog.rwth-aachen.de\/itc\/category\/themen\/ankuendigungen\/#listItem","position":3,"name":"Ank\u00fcndigungen","item":"https:\/\/blog.rwth-aachen.de\/itc\/category\/themen\/ankuendigungen\/","nextItem":{"@type":"ListItem","@id":"https:\/\/blog.rwth-aachen.de\/itc\/2023\/04\/19\/waehrend-des-betriebsausflugs-fuer-euch-da\/#listItem","name":"Wir sind w\u00e4hrend des Betriebsausflugs f\u00fcr euch da!"},"previousItem":{"@type":"ListItem","@id":"https:\/\/blog.rwth-aachen.de\/itc\/category\/themen\/#listItem","name":"Themen"}},{"@type":"ListItem","@id":"https:\/\/blog.rwth-aachen.de\/itc\/2023\/04\/19\/waehrend-des-betriebsausflugs-fuer-euch-da\/#listItem","position":4,"name":"Wir sind w\u00e4hrend des Betriebsausflugs f\u00fcr euch da!","previousItem":{"@type":"ListItem","@id":"https:\/\/blog.rwth-aachen.de\/itc\/category\/themen\/ankuendigungen\/#listItem","name":"Ank\u00fcndigungen"}}]},{"@type":"Organization","@id":"https:\/\/blog.rwth-aachen.de\/itc\/#organization","name":"IT Center RWTH Aachen University","url":"https:\/\/blog.rwth-aachen.de\/itc\/","logo":{"@type":"ImageObject","url":"https:\/\/blog.rwth-aachen.de\/itc\/files\/2018\/09\/IT-Center-Logo.png","@id":"https:\/\/blog.rwth-aachen.de\/itc\/2023\/04\/19\/waehrend-des-betriebsausflugs-fuer-euch-da\/#organizationLogo","width":1312,"height":378,"caption":"IT Center Logo"},"image":{"@id":"https:\/\/blog.rwth-aachen.de\/itc\/2023\/04\/19\/waehrend-des-betriebsausflugs-fuer-euch-da\/#organizationLogo"},"sameAs":["https:\/\/www.facebook.com\/itcenterrwth","https:\/\/twitter.com\/ITCenterRWTH","https:\/\/www.youtube.com\/c\/itcenterrwthaachen","https:\/\/www.linkedin.com\/company\/itcenterrwth"]},{"@type":"Person","@id":"https:\/\/blog.rwth-aachen.de\/itc\/author\/3531\/#author","url":"https:\/\/blog.rwth-aachen.de\/itc\/author\/3531\/","name":"Overath, Morgane","image":{"@type":"ImageObject","@id":"https:\/\/blog.rwth-aachen.de\/itc\/2023\/04\/19\/waehrend-des-betriebsausflugs-fuer-euch-da\/#authorImage","url":"https:\/\/secure.gravatar.com\/avatar\/9754fcb907c0c230340cdf1b42776dc492ff90ec61b9f68da4614a81cb11381c?s=96&d=blank&r=g","width":96,"height":96,"caption":"Overath, Morgane"}},{"@type":"WebPage","@id":"https:\/\/blog.rwth-aachen.de\/itc\/2023\/04\/19\/waehrend-des-betriebsausflugs-fuer-euch-da\/#webpage","url":"https:\/\/blog.rwth-aachen.de\/itc\/2023\/04\/19\/waehrend-des-betriebsausflugs-fuer-euch-da\/","name":"Wir sind w\u00e4hrend des Betriebsausflugs f\u00fcr euch da! \u2022 IT Center Blog","description":"Am Freitag, den 21. April 2023 findet der allj\u00e4hrlicher Betriebsausflug statt \u2022 Die \u00d6ffnungszeiten des IT-ServiceDesks sind davon nicht betroffen","inLanguage":"de-DE","isPartOf":{"@id":"https:\/\/blog.rwth-aachen.de\/itc\/#website"},"breadcrumb":{"@id":"https:\/\/blog.rwth-aachen.de\/itc\/2023\/04\/19\/waehrend-des-betriebsausflugs-fuer-euch-da\/#breadcrumblist"},"author":{"@id":"https:\/\/blog.rwth-aachen.de\/itc\/author\/3531\/#author"},"creator":{"@id":"https:\/\/blog.rwth-aachen.de\/itc\/author\/3531\/#author"},"datePublished":"2023-04-19T11:00:49+02:00","dateModified":"2023-07-24T11:18:23+02:00"},{"@type":"WebSite","@id":"https:\/\/blog.rwth-aachen.de\/itc\/#website","url":"https:\/\/blog.rwth-aachen.de\/itc\/","name":"IT Center Blog","inLanguage":"de-DE","publisher":{"@id":"https:\/\/blog.rwth-aachen.de\/itc\/#organization"}}]},"og:locale":"de_DE","og:site_name":"IT Center Blog \u2022","og:type":"article","og:title":"Wir sind w\u00e4hrend des Betriebsausflugs f\u00fcr euch da! \u2022 IT Center Blog","og:description":"Am Freitag, den 21. April 2023 findet der allj\u00e4hrlicher Betriebsausflug statt \u2022 Die \u00d6ffnungszeiten des IT-ServiceDesks sind davon nicht betroffen","og:url":"https:\/\/blog.rwth-aachen.de\/itc\/2023\/04\/19\/waehrend-des-betriebsausflugs-fuer-euch-da\/","article:published_time":"2023-04-19T09:00:49+00:00","article:modified_time":"2023-07-24T09:18:23+00:00","article:publisher":"https:\/\/www.facebook.com\/itcenterrwth","twitter:card":"summary","twitter:site":"@ITCenterRWTH","twitter:title":"Wir sind w\u00e4hrend des Betriebsausflugs f\u00fcr euch da! \u2022 IT Center Blog","twitter:description":"Am Freitag, den 21. April 2023 findet der allj\u00e4hrlicher Betriebsausflug statt \u2022 Die \u00d6ffnungszeiten des IT-ServiceDesks sind davon nicht betroffen","twitter:creator":"@ITCenterRWTH"},"aioseo_meta_data":{"post_id":"15106","title":null,"description":"Am Freitag, den 21. April 2023 findet der allj\u00e4hrlicher Betriebsausflug statt #separator_sa Die \u00d6ffnungszeiten des IT-ServiceDesks sind davon nicht betroffen","keywords":[],"keyphrases":{"focus":{"keyphrase":"","score":0,"analysis":{"keyphraseInTitle":{"score":0,"maxScore":9,"error":1}}},"additional":[]},"primary_term":null,"canonical_url":null,"og_title":null,"og_description":null,"og_object_type":"default","og_image_type":"default","og_image_url":null,"og_image_width":null,"og_image_height":null,"og_image_custom_url":null,"og_image_custom_fields":null,"og_video":"","og_custom_url":null,"og_article_section":null,"og_article_tags":[],"twitter_use_og":false,"twitter_card":"default","twitter_image_type":"default","twitter_image_url":null,"twitter_image_custom_url":null,"twitter_image_custom_fields":null,"twitter_title":null,"twitter_description":null,"schema":{"blockGraphs":[],"customGraphs":[],"default":{"data":{"Article":[],"Course":[],"Dataset":[],"FAQPage":[],"Movie":[],"Person":[],"Product":[],"ProductReview":[],"Car":[],"Recipe":[],"Service":[],"SoftwareApplication":[],"WebPage":[]},"graphName":"BlogPosting","isEnabled":true},"graphs":[]},"schema_type":"default","schema_type_options":null,"pillar_content":false,"robots_default":true,"robots_noindex":false,"robots_noarchive":false,"robots_nosnippet":false,"robots_nofollow":false,"robots_noimageindex":false,"robots_noodp":false,"robots_notranslate":false,"robots_max_snippet":"-1","robots_max_videopreview":"-1","robots_max_imagepreview":"large","priority":null,"frequency":"default","local_seo":null,"breadcrumb_settings":null,"limit_modified_date":false,"ai":null,"created":"2023-04-18 11:47:48","updated":"2025-07-08 14:20:32","seo_analyzer_scan_date":null},"aioseo_breadcrumb":"<div class=\"aioseo-breadcrumbs\"><span class=\"aioseo-breadcrumb\">\n\t\t\t<a href=\"https:\/\/blog.rwth-aachen.de\/itc\" title=\"Home\">Home<\/a>\n\t\t<\/span><span class=\"aioseo-breadcrumb-separator\">\u00bb<\/span><span class=\"aioseo-breadcrumb\">\n\t\t\t<a href=\"https:\/\/blog.rwth-aachen.de\/itc\/category\/themen\/\" title=\"Themen\">Themen<\/a>\n\t\t<\/span><span class=\"aioseo-breadcrumb-separator\">\u00bb<\/span><span class=\"aioseo-breadcrumb\">\n\t\t\t<a href=\"https:\/\/blog.rwth-aachen.de\/itc\/category\/themen\/ankuendigungen\/\" title=\"Ank\u00fcndigungen\">Ank\u00fcndigungen<\/a>\n\t\t<\/span><span class=\"aioseo-breadcrumb-separator\">\u00bb<\/span><span class=\"aioseo-breadcrumb\">\n\t\t\tWir sind w\u00e4hrend des Betriebsausflugs f\u00fcr euch da!\n\t\t<\/span><\/div>","aioseo_breadcrumb_json":[{"label":"Home","link":"https:\/\/blog.rwth-aachen.de\/itc"},{"label":"Themen","link":"https:\/\/blog.rwth-aachen.de\/itc\/category\/themen\/"},{"label":"Ank\u00fcndigungen","link":"https:\/\/blog.rwth-aachen.de\/itc\/category\/themen\/ankuendigungen\/"},{"label":"Wir sind w\u00e4hrend des Betriebsausflugs f\u00fcr euch da!","link":"https:\/\/blog.rwth-aachen.de\/itc\/2023\/04\/19\/waehrend-des-betriebsausflugs-fuer-euch-da\/"}],"_links":{"self":[{"href":"https:\/\/blog.rwth-aachen.de\/itc\/wp-json\/wp\/v2\/posts\/15106","targetHints":{"allow":["GET"]}}],"collection":[{"href":"https:\/\/blog.rwth-aachen.de\/itc\/wp-json\/wp\/v2\/posts"}],"about":[{"href":"https:\/\/blog.rwth-aachen.de\/itc\/wp-json\/wp\/v2\/types\/post"}],"author":[{"embeddable":true,"href":"https:\/\/blog.rwth-aachen.de\/itc\/wp-json\/wp\/v2\/users\/3531"}],"replies":[{"embeddable":true,"href":"https:\/\/blog.rwth-aachen.de\/itc\/wp-json\/wp\/v2\/comments?post=15106"}],"version-history":[{"count":35,"href":"https:\/\/blog.rwth-aachen.de\/itc\/wp-json\/wp\/v2\/posts\/15106\/revisions"}],"predecessor-version":[{"id":16503,"href":"https:\/\/blog.rwth-aachen.de\/itc\/wp-json\/wp\/v2\/posts\/15106\/revisions\/16503"}],"wp:attachment":[{"href":"https:\/\/blog.rwth-aachen.de\/itc\/wp-json\/wp\/v2\/media?parent=15106"}],"wp:term":[{"taxonomy":"category","embeddable":true,"href":"https:\/\/blog.rwth-aachen.de\/itc\/wp-json\/wp\/v2\/categories?post=15106"},{"taxonomy":"post_tag","embeddable":true,"href":"https:\/\/blog.rwth-aachen.de\/itc\/wp-json\/wp\/v2\/tags?post=15106"}],"curies":[{"name":"wp","href":"https:\/\/api.w.org\/{rel}","templated":true}]}}