{"id":15324,"date":"2023-05-10T12:00:16","date_gmt":"2023-05-10T10:00:16","guid":{"rendered":"https:\/\/blog.rwth-aachen.de\/itc\/?p=15324"},"modified":"2023-05-12T09:47:27","modified_gmt":"2023-05-12T07:47:27","slug":"betriebsausflug-2023","status":"publish","type":"post","link":"https:\/\/blog.rwth-aachen.de\/itc\/2023\/05\/10\/betriebsausflug-2023\/","title":{"rendered":"Betriebsausflug 2023 im nahegelegenen Landgraaf"},"content":{"rendered":"<div class=\"twoclick_social_bookmarks_post_15324 social_share_privacy clearfix 1.6.4 locale-de_DE sprite-de_DE\"><\/div><div class=\"twoclick-js\"><script type=\"text\/javascript\">\/* <![CDATA[ *\/\njQuery(document).ready(function($){if($('.twoclick_social_bookmarks_post_15324')){$('.twoclick_social_bookmarks_post_15324').socialSharePrivacy({\"txt_help\":\"Wenn Sie diese Felder durch einen Klick aktivieren, werden Informationen an Facebook, Twitter, Flattr, Xing, t3n, LinkedIn, Pinterest oder Google eventuell ins Ausland \\u00fcbertragen und unter Umst\\u00e4nden auch dort gespeichert. N\\u00e4heres erfahren Sie durch einen Klick auf das <em>i<\\\/em>.\",\"settings_perma\":\"Dauerhaft aktivieren und Daten\\u00fcber-tragung zustimmen:\",\"info_link\":\"http:\\\/\\\/www.heise.de\\\/ct\\\/artikel\\\/2-Klicks-fuer-mehr-Datenschutz-1333879.html\",\"uri\":\"https:\\\/\\\/blog.rwth-aachen.de\\\/itc\\\/2023\\\/05\\\/10\\\/betriebsausflug-2023\\\/\",\"post_id\":15324,\"post_title_referrer_track\":\"Betriebsausflug+2023+im+nahegelegenen+Landgraaf\",\"display_infobox\":\"on\"});}});\n\/* ]]> *\/<\/script><\/div><p><div id=\"attachment_15329\" style=\"width: 310px\" class=\"wp-caption alignright\"><a href=\"https:\/\/blog.rwth-aachen.de\/itc\/files\/2023\/05\/Betriebsausflug_Titel-scaled.jpg\"><img loading=\"lazy\" decoding=\"async\" aria-describedby=\"caption-attachment-15329\" class=\"size-medium wp-image-15329\" src=\"https:\/\/blog.rwth-aachen.de\/itc\/files\/2023\/05\/Betriebsausflug_Titel-300x225.jpg\" alt=\"Schriftzug &quot;IT CENTER BETRIEBSAUSFLUG 2023&quot; vor Tulpenfeld\" width=\"300\" height=\"225\" srcset=\"https:\/\/blog.rwth-aachen.de\/itc\/files\/2023\/05\/Betriebsausflug_Titel-300x225.jpg 300w, https:\/\/blog.rwth-aachen.de\/itc\/files\/2023\/05\/Betriebsausflug_Titel-1024x768.jpg 1024w, https:\/\/blog.rwth-aachen.de\/itc\/files\/2023\/05\/Betriebsausflug_Titel-768x576.jpg 768w, https:\/\/blog.rwth-aachen.de\/itc\/files\/2023\/05\/Betriebsausflug_Titel-1536x1152.jpg 1536w, https:\/\/blog.rwth-aachen.de\/itc\/files\/2023\/05\/Betriebsausflug_Titel-2048x1536.jpg 2048w\" sizes=\"auto, (max-width: 300px) 100vw, 300px\" \/><\/a><p id=\"caption-attachment-15329\" class=\"wp-caption-text\">Quelle: Eigene Darstellung<\/p><\/div><\/p>\n<p>Nachdem im Herbst vergangenen Jahres nach langer Pause wieder ein <a href=\"https:\/\/blog.rwth-aachen.de\/itc\/2022\/11\/04\/betriebsausflug-2022\/\">IT Center-Betriebsausflug in Pr\u00e4senz<\/a> stattfinden konnte, freuten sich die Mitarbeitenden des IT Centers auch dieses Jahr wieder auf einen Tag voller sch\u00f6ner Ausfl\u00fcge.<\/p>\n<p>Treffpunkt war um 8:45 Uhr das IT Center. Es stand ein Reisebus zur Verf\u00fcgung, der die Teilnehmenden zu den verschiedenen Aktivit\u00e4ten brachte. Nat\u00fcrlich bestand auch die M\u00f6glichkeit die Anreise selbst zu gestalten. Ganz gleich, ob mit dem eigenen PKW oder dem Fahrrad, es haben sich schon f\u00fcr den Hinweg viele abteilungs\u00fcbergreifende, gutgelaunte Gemeinschaften gebildet.<\/p>\n<p>&nbsp;<\/p>\n<p><!--more--><\/p>\n<h3><span style=\"color: #00549f;\">Ein Tag voller spannender Unternehmungen<\/span><\/h3>\n<p>F\u00fcr die Mitarbeitenden, die am Betriebsausflug teilgenommen haben, stand eine bunte Mischung aus Wanderungen im Gr\u00fcnen, sportlichen Aktivit\u00e4ten oder der Besuch eines Parks zur Auswahl:<\/p>\n<ul>\n<li><a href=\"https:\/\/www.alltrails.com\/de\/route\/netherlands\/limburg\/wilhelminaberg-kasteel-strijthagen\">Wanderung 6km am Wilhelminaberg<\/a><\/li>\n<li><a href=\"https:\/\/www.komoot.de\/smarttour\/8692743\">Wanderung 12km am Wilhelminaberg<\/a><\/li>\n<li><a href=\"https:\/\/www.snowworld.com\/landgraaf\/de\">Ski\/Snowboard fahren in der Skihalle Landgraaf<\/a><\/li>\n<li><a href=\"https:\/\/www.snowworld.com\/landgraaf\/de\/kletterpark\">Besuch des Kletterparks Landgraaf<\/a><\/li>\n<li><a href=\"https:\/\/www.wereldtuinenmondoverde.nl\/de\/\">Besuch des Landschaftsparks Mondo Verde in Landgraaf<\/a><\/li>\n<\/ul>\n<p>Nachdem die Teilnehmenden ihrer favorisierten Aktivit\u00e4t nachgegangen sind und ein paar sportliche, sch\u00f6ne, spa\u00dfige Stunden verbracht haben, ging es noch zum gemeinsamen Mittagessen zur\u00fcck nach Aachen.<\/p>\n<p>&nbsp;<\/p>\n<h3><span style=\"color: #00549f;\">Ausklang in der Milchstra\u00dfe<\/span><\/h3>\n<p>Um ca. 14 Uhr trudelten die Mitarbeitenden in der Molkerei an der Pontstra\u00dfe ein. Die Kolleginnen und Kollegen, die den Bus genommen haben, machten noch einen versehentlichen Schlenker \u00fcber Brunssum, da der Busfahrer kurzerhand eine falsche Abzweigung nahm. Das tat der Laune jedoch keinen Abbruch.<\/p>\n<p>In der gut gef\u00fcllten Lokalit\u00e4t an der Aachener Milchstra\u00dfe haben alle den Betriebsausflug bei Pizza, Pasta, Schnitzel, Burger und mehr sowie einem k\u00fchlen Getr\u00e4nk ausklingen lassen. Ein sch\u00f6ner Abschluss f\u00fcr einen rundum gelungenen Betriebsausflug 2023 bei bestem Wetter.<\/p>\n<p>Wir bleiben gespannt, was wir bei unseren zuk\u00fcnftigen Betriebsausfl\u00fcgen noch alles erleben d\u00fcrfen.<\/p>\n<p>&nbsp;<\/p>\n<h3><span style=\"color: #00549f;\">Bildergalerie<\/span><\/h3>\n\n\t\t<style type=\"text\/css\">\n\t\t\t#gallery-1 {\n\t\t\t\tmargin: auto;\n\t\t\t}\n\t\t\t#gallery-1 .gallery-item {\n\t\t\t\tfloat: left;\n\t\t\t\tmargin-top: 10px;\n\t\t\t\ttext-align: center;\n\t\t\t\twidth: 33%;\n\t\t\t}\n\t\t\t#gallery-1 img {\n\t\t\t\tborder: 2px solid #cfcfcf;\n\t\t\t}\n\t\t\t#gallery-1 .gallery-caption {\n\t\t\t\tmargin-left: 0;\n\t\t\t}\n\t\t\t\/* see gallery_shortcode() in wp-includes\/media.php *\/\n\t\t<\/style>\n\t\t<div id='gallery-1' class='gallery galleryid-15324 gallery-columns-3 gallery-size-medium'><dl class='gallery-item'>\n\t\t\t<dt class='gallery-icon landscape'>\n\t\t\t\t<a href='https:\/\/blog.rwth-aachen.de\/itc\/files\/2023\/05\/Wanderung2.jpeg'><img loading=\"lazy\" decoding=\"async\" width=\"300\" height=\"225\" src=\"https:\/\/blog.rwth-aachen.de\/itc\/files\/2023\/05\/Wanderung2-300x225.jpeg\" class=\"attachment-medium size-medium\" alt=\"\" srcset=\"https:\/\/blog.rwth-aachen.de\/itc\/files\/2023\/05\/Wanderung2-300x225.jpeg 300w, https:\/\/blog.rwth-aachen.de\/itc\/files\/2023\/05\/Wanderung2-1024x768.jpeg 1024w, https:\/\/blog.rwth-aachen.de\/itc\/files\/2023\/05\/Wanderung2-768x576.jpeg 768w, https:\/\/blog.rwth-aachen.de\/itc\/files\/2023\/05\/Wanderung2-1536x1152.jpeg 1536w, https:\/\/blog.rwth-aachen.de\/itc\/files\/2023\/05\/Wanderung2.jpeg 1600w\" sizes=\"auto, (max-width: 300px) 100vw, 300px\" \/><\/a>\n\t\t\t<\/dt><\/dl><dl class='gallery-item'>\n\t\t\t<dt class='gallery-icon landscape'>\n\t\t\t\t<a href='https:\/\/blog.rwth-aachen.de\/itc\/files\/2023\/05\/Ski.jpg'><img loading=\"lazy\" decoding=\"async\" width=\"300\" height=\"225\" src=\"https:\/\/blog.rwth-aachen.de\/itc\/files\/2023\/05\/Ski-300x225.jpg\" class=\"attachment-medium size-medium\" alt=\"\" srcset=\"https:\/\/blog.rwth-aachen.de\/itc\/files\/2023\/05\/Ski-300x225.jpg 300w, https:\/\/blog.rwth-aachen.de\/itc\/files\/2023\/05\/Ski-1024x768.jpg 1024w, https:\/\/blog.rwth-aachen.de\/itc\/files\/2023\/05\/Ski-768x576.jpg 768w, https:\/\/blog.rwth-aachen.de\/itc\/files\/2023\/05\/Ski-1536x1152.jpg 1536w, https:\/\/blog.rwth-aachen.de\/itc\/files\/2023\/05\/Ski.jpg 1920w\" sizes=\"auto, (max-width: 300px) 100vw, 300px\" \/><\/a>\n\t\t\t<\/dt><\/dl><dl class='gallery-item'>\n\t\t\t<dt class='gallery-icon landscape'>\n\t\t\t\t<a href='https:\/\/blog.rwth-aachen.de\/itc\/files\/2023\/05\/Klettern-scaled.jpg'><img loading=\"lazy\" decoding=\"async\" width=\"300\" height=\"225\" src=\"https:\/\/blog.rwth-aachen.de\/itc\/files\/2023\/05\/Klettern-300x225.jpg\" class=\"attachment-medium size-medium\" alt=\"\" srcset=\"https:\/\/blog.rwth-aachen.de\/itc\/files\/2023\/05\/Klettern-300x225.jpg 300w, https:\/\/blog.rwth-aachen.de\/itc\/files\/2023\/05\/Klettern-1024x768.jpg 1024w, https:\/\/blog.rwth-aachen.de\/itc\/files\/2023\/05\/Klettern-768x576.jpg 768w, https:\/\/blog.rwth-aachen.de\/itc\/files\/2023\/05\/Klettern-1536x1152.jpg 1536w, https:\/\/blog.rwth-aachen.de\/itc\/files\/2023\/05\/Klettern-2048x1536.jpg 2048w\" sizes=\"auto, (max-width: 300px) 100vw, 300px\" \/><\/a>\n\t\t\t<\/dt><\/dl><br style=\"clear: both\" \/><dl class='gallery-item'>\n\t\t\t<dt class='gallery-icon portrait'>\n\t\t\t\t<a href='https:\/\/blog.rwth-aachen.de\/itc\/files\/2023\/05\/Wanderung.jpeg'><img loading=\"lazy\" decoding=\"async\" width=\"225\" height=\"300\" src=\"https:\/\/blog.rwth-aachen.de\/itc\/files\/2023\/05\/Wanderung-225x300.jpeg\" class=\"attachment-medium size-medium\" alt=\"\" srcset=\"https:\/\/blog.rwth-aachen.de\/itc\/files\/2023\/05\/Wanderung-225x300.jpeg 225w, https:\/\/blog.rwth-aachen.de\/itc\/files\/2023\/05\/Wanderung-768x1024.jpeg 768w, https:\/\/blog.rwth-aachen.de\/itc\/files\/2023\/05\/Wanderung-1152x1536.jpeg 1152w, https:\/\/blog.rwth-aachen.de\/itc\/files\/2023\/05\/Wanderung.jpeg 1200w\" sizes=\"auto, (max-width: 225px) 100vw, 225px\" \/><\/a>\n\t\t\t<\/dt><\/dl><dl class='gallery-item'>\n\t\t\t<dt class='gallery-icon landscape'>\n\t\t\t\t<a href='https:\/\/blog.rwth-aachen.de\/itc\/files\/2023\/05\/Molkerei.jpg'><img loading=\"lazy\" decoding=\"async\" width=\"300\" height=\"225\" src=\"https:\/\/blog.rwth-aachen.de\/itc\/files\/2023\/05\/Molkerei-300x225.jpg\" class=\"attachment-medium size-medium\" alt=\"\" aria-describedby=\"gallery-1-15335\" srcset=\"https:\/\/blog.rwth-aachen.de\/itc\/files\/2023\/05\/Molkerei-300x225.jpg 300w, https:\/\/blog.rwth-aachen.de\/itc\/files\/2023\/05\/Molkerei-1024x768.jpg 1024w, https:\/\/blog.rwth-aachen.de\/itc\/files\/2023\/05\/Molkerei-768x576.jpg 768w, https:\/\/blog.rwth-aachen.de\/itc\/files\/2023\/05\/Molkerei-1536x1152.jpg 1536w, https:\/\/blog.rwth-aachen.de\/itc\/files\/2023\/05\/Molkerei.jpg 1920w\" sizes=\"auto, (max-width: 300px) 100vw, 300px\" \/><\/a>\n\t\t\t<\/dt>\n\t\t\t\t<dd class='wp-caption-text gallery-caption' id='gallery-1-15335'>\n\t\t\t\tSources: Own Illustration\n\t\t\t\t<\/dd><\/dl><dl class='gallery-item'>\n\t\t\t<dt class='gallery-icon portrait'>\n\t\t\t\t<a href='https:\/\/blog.rwth-aachen.de\/itc\/files\/2023\/05\/Mondo7.jpg'><img loading=\"lazy\" decoding=\"async\" width=\"169\" height=\"300\" src=\"https:\/\/blog.rwth-aachen.de\/itc\/files\/2023\/05\/Mondo7-169x300.jpg\" class=\"attachment-medium size-medium\" alt=\"\" srcset=\"https:\/\/blog.rwth-aachen.de\/itc\/files\/2023\/05\/Mondo7-169x300.jpg 169w, https:\/\/blog.rwth-aachen.de\/itc\/files\/2023\/05\/Mondo7-576x1024.jpg 576w, https:\/\/blog.rwth-aachen.de\/itc\/files\/2023\/05\/Mondo7-768x1365.jpg 768w, https:\/\/blog.rwth-aachen.de\/itc\/files\/2023\/05\/Mondo7-864x1536.jpg 864w, https:\/\/blog.rwth-aachen.de\/itc\/files\/2023\/05\/Mondo7.jpg 1080w\" sizes=\"auto, (max-width: 169px) 100vw, 169px\" \/><\/a>\n\t\t\t<\/dt><\/dl><br style=\"clear: both\" \/><dl class='gallery-item'>\n\t\t\t<dt class='gallery-icon landscape'>\n\t\t\t\t<a href='https:\/\/blog.rwth-aachen.de\/itc\/files\/2023\/05\/Mondo5.jpg'><img loading=\"lazy\" decoding=\"async\" width=\"300\" height=\"169\" src=\"https:\/\/blog.rwth-aachen.de\/itc\/files\/2023\/05\/Mondo5-300x169.jpg\" class=\"attachment-medium size-medium\" alt=\"\" srcset=\"https:\/\/blog.rwth-aachen.de\/itc\/files\/2023\/05\/Mondo5-300x169.jpg 300w, https:\/\/blog.rwth-aachen.de\/itc\/files\/2023\/05\/Mondo5-1024x576.jpg 1024w, https:\/\/blog.rwth-aachen.de\/itc\/files\/2023\/05\/Mondo5-768x432.jpg 768w, https:\/\/blog.rwth-aachen.de\/itc\/files\/2023\/05\/Mondo5-1536x864.jpg 1536w, https:\/\/blog.rwth-aachen.de\/itc\/files\/2023\/05\/Mondo5.jpg 1920w\" sizes=\"auto, (max-width: 300px) 100vw, 300px\" \/><\/a>\n\t\t\t<\/dt><\/dl><dl class='gallery-item'>\n\t\t\t<dt class='gallery-icon landscape'>\n\t\t\t\t<a href='https:\/\/blog.rwth-aachen.de\/itc\/files\/2023\/05\/Mondo6.jpg'><img loading=\"lazy\" decoding=\"async\" width=\"300\" height=\"169\" src=\"https:\/\/blog.rwth-aachen.de\/itc\/files\/2023\/05\/Mondo6-300x169.jpg\" class=\"attachment-medium size-medium\" alt=\"\" srcset=\"https:\/\/blog.rwth-aachen.de\/itc\/files\/2023\/05\/Mondo6-300x169.jpg 300w, https:\/\/blog.rwth-aachen.de\/itc\/files\/2023\/05\/Mondo6-1024x576.jpg 1024w, https:\/\/blog.rwth-aachen.de\/itc\/files\/2023\/05\/Mondo6-768x432.jpg 768w, https:\/\/blog.rwth-aachen.de\/itc\/files\/2023\/05\/Mondo6-1536x864.jpg 1536w, https:\/\/blog.rwth-aachen.de\/itc\/files\/2023\/05\/Mondo6.jpg 1920w\" sizes=\"auto, (max-width: 300px) 100vw, 300px\" \/><\/a>\n\t\t\t<\/dt><\/dl><dl class='gallery-item'>\n\t\t\t<dt class='gallery-icon landscape'>\n\t\t\t\t<a href='https:\/\/blog.rwth-aachen.de\/itc\/files\/2023\/05\/Mondo4.jpg'><img loading=\"lazy\" decoding=\"async\" width=\"300\" height=\"169\" src=\"https:\/\/blog.rwth-aachen.de\/itc\/files\/2023\/05\/Mondo4-300x169.jpg\" class=\"attachment-medium size-medium\" alt=\"\" srcset=\"https:\/\/blog.rwth-aachen.de\/itc\/files\/2023\/05\/Mondo4-300x169.jpg 300w, https:\/\/blog.rwth-aachen.de\/itc\/files\/2023\/05\/Mondo4-1024x576.jpg 1024w, https:\/\/blog.rwth-aachen.de\/itc\/files\/2023\/05\/Mondo4-768x432.jpg 768w, https:\/\/blog.rwth-aachen.de\/itc\/files\/2023\/05\/Mondo4-1536x864.jpg 1536w, https:\/\/blog.rwth-aachen.de\/itc\/files\/2023\/05\/Mondo4.jpg 1920w\" sizes=\"auto, (max-width: 300px) 100vw, 300px\" \/><\/a>\n\t\t\t<\/dt><\/dl><br style=\"clear: both\" \/>\n\t\t<\/div>\n\n<p>Verantwortlich f\u00fcr die Inhalte dieses Beitrags ist <a href=\"https:\/\/www.itc.rwth-aachen.de\/cms\/it-center\/IT-Center\/Profil\/Team\/~epvp\/Mitarbeiter-CAMPUS-\/?gguid=0x37FE353D2993E54A8A3AFC15273BF041&amp;allou=1&amp;lidx=1\">Morgane Overath<\/a>.<\/p>","protected":false},"excerpt":{"rendered":"<p>Nachdem im Herbst vergangenen Jahres nach langer Pause wieder ein IT Center-Betriebsausflug in Pr\u00e4senz stattfinden konnte, freuten sich die Mitarbeitenden des IT Centers auch dieses Jahr wieder auf einen Tag [&hellip;]<\/p>\n","protected":false},"author":3531,"featured_media":15329,"comment_status":"open","ping_status":"closed","sticky":false,"template":"","format":"standard","meta":{"c2c_always_allow_admin_comments":false,"footnotes":""},"categories":[308,312],"tags":[30,256,661,31],"class_list":["post-15324","post","type-post","status-publish","format-standard","has-post-thumbnail","hentry","category-events-jubilaen-erfolge","category-insight-it-center","tag-betriebsausflug","tag-events","tag-it-center-als-arbeitsplatz","tag-teambuilding"],"aioseo_notices":[],"_links":{"self":[{"href":"https:\/\/blog.rwth-aachen.de\/itc\/wp-json\/wp\/v2\/posts\/15324","targetHints":{"allow":["GET"]}}],"collection":[{"href":"https:\/\/blog.rwth-aachen.de\/itc\/wp-json\/wp\/v2\/posts"}],"about":[{"href":"https:\/\/blog.rwth-aachen.de\/itc\/wp-json\/wp\/v2\/types\/post"}],"author":[{"embeddable":true,"href":"https:\/\/blog.rwth-aachen.de\/itc\/wp-json\/wp\/v2\/users\/3531"}],"replies":[{"embeddable":true,"href":"https:\/\/blog.rwth-aachen.de\/itc\/wp-json\/wp\/v2\/comments?post=15324"}],"version-history":[{"count":14,"href":"https:\/\/blog.rwth-aachen.de\/itc\/wp-json\/wp\/v2\/posts\/15324\/revisions"}],"predecessor-version":[{"id":15443,"href":"https:\/\/blog.rwth-aachen.de\/itc\/wp-json\/wp\/v2\/posts\/15324\/revisions\/15443"}],"wp:featuredmedia":[{"embeddable":true,"href":"https:\/\/blog.rwth-aachen.de\/itc\/wp-json\/wp\/v2\/media\/15329"}],"wp:attachment":[{"href":"https:\/\/blog.rwth-aachen.de\/itc\/wp-json\/wp\/v2\/media?parent=15324"}],"wp:term":[{"taxonomy":"category","embeddable":true,"href":"https:\/\/blog.rwth-aachen.de\/itc\/wp-json\/wp\/v2\/categories?post=15324"},{"taxonomy":"post_tag","embeddable":true,"href":"https:\/\/blog.rwth-aachen.de\/itc\/wp-json\/wp\/v2\/tags?post=15324"}],"curies":[{"name":"wp","href":"https:\/\/api.w.org\/{rel}","templated":true}]}}