{"id":16191,"date":"2023-06-30T12:45:55","date_gmt":"2023-06-30T10:45:55","guid":{"rendered":"https:\/\/blog.rwth-aachen.de\/itc\/?p=16191"},"modified":"2023-08-02T09:51:57","modified_gmt":"2023-08-02T07:51:57","slug":"wlan-news-teil-3-neue-wurzel-altes-wlan","status":"publish","type":"post","link":"https:\/\/blog.rwth-aachen.de\/itc\/2023\/06\/30\/wlan-news-teil-3-neue-wurzel-altes-wlan\/","title":{"rendered":"WLAN News \u2013 Teil 3: Neue Wurzel, altes WLAN"},"content":{"rendered":"<div class=\"twoclick_social_bookmarks_post_16191 social_share_privacy clearfix 1.6.4 locale-de_DE sprite-de_DE\"><\/div><div class=\"twoclick-js\"><script type=\"text\/javascript\">\/* <![CDATA[ *\/\njQuery(document).ready(function($){if($('.twoclick_social_bookmarks_post_16191')){$('.twoclick_social_bookmarks_post_16191').socialSharePrivacy({\"txt_help\":\"Wenn Sie diese Felder durch einen Klick aktivieren, werden Informationen an Facebook, Twitter, Flattr, Xing, t3n, LinkedIn, Pinterest oder Google eventuell ins Ausland \\u00fcbertragen und unter Umst\\u00e4nden auch dort gespeichert. N\\u00e4heres erfahren Sie durch einen Klick auf das <em>i<\\\/em>.\",\"settings_perma\":\"Dauerhaft aktivieren und Daten\\u00fcber-tragung zustimmen:\",\"info_link\":\"http:\\\/\\\/www.heise.de\\\/ct\\\/artikel\\\/2-Klicks-fuer-mehr-Datenschutz-1333879.html\",\"uri\":\"https:\\\/\\\/blog.rwth-aachen.de\\\/itc\\\/2023\\\/06\\\/30\\\/wlan-news-teil-3-neue-wurzel-altes-wlan\\\/\",\"post_id\":16191,\"post_title_referrer_track\":\"WLAN+News+%E2%80%93+Teil+3%3A+Neue+Wurzel%2C+altes+WLAN\",\"display_infobox\":\"on\"});}});\n\/* ]]> *\/<\/script><\/div><p><div id=\"attachment_16193\" style=\"width: 310px\" class=\"wp-caption alignright\"><a href=\"https:\/\/blog.rwth-aachen.de\/itc\/files\/2023\/06\/Beitragsbild-WLAN-News-Teil-3.jpg\"><img loading=\"lazy\" decoding=\"async\" aria-describedby=\"caption-attachment-16193\" class=\"size-medium wp-image-16193\" src=\"https:\/\/blog.rwth-aachen.de\/itc\/files\/2023\/06\/Beitragsbild-WLAN-News-Teil-3-300x200.jpg\" alt=\"Router, Notizblock und Smartphone\" width=\"300\" height=\"200\" srcset=\"https:\/\/blog.rwth-aachen.de\/itc\/files\/2023\/06\/Beitragsbild-WLAN-News-Teil-3-300x200.jpg 300w, https:\/\/blog.rwth-aachen.de\/itc\/files\/2023\/06\/Beitragsbild-WLAN-News-Teil-3-1024x682.jpg 1024w, https:\/\/blog.rwth-aachen.de\/itc\/files\/2023\/06\/Beitragsbild-WLAN-News-Teil-3-768x512.jpg 768w, https:\/\/blog.rwth-aachen.de\/itc\/files\/2023\/06\/Beitragsbild-WLAN-News-Teil-3.jpg 1118w\" sizes=\"auto, (max-width: 300px) 100vw, 300px\" \/><\/a><p id=\"caption-attachment-16193\" class=\"wp-caption-text\">Quelle: <a href=\"https:\/\/de.freepik.com\/fotos-kostenlos\/draufsicht-auf-wlan-router-mit-smartphone-und-notebook_11382257.htm\">Freepik<\/a><\/p><\/div><\/p>\n<p>Am 23. Mai 2023 wurde zum Ablauf des Serverzertifikats unseres Authentifizierungsservers \u201eradius.rz.rwth-aachen.de\u201c ein neues Zertifikat im System implementiert. Im <a href=\"https:\/\/blog.rwth-aachen.de\/itc\/2023\/05\/17\/wlan-news-teil-1-zertifikat-radius\/\">ersten Beitrag<\/a> dieser Blogreihe haben wir euch dar\u00fcber informiert.<\/p>\n<p>Nun steht eine gr\u00f6\u00dfere \u00c4nderung an: Zuk\u00fcnftig wird die neue Zertifizierungsinstanz G\u00c9ANT\/TCS verwendet werden und DFN-PKI Global abl\u00f6sen. Dadurch werden ein neues Radius-Zertifikat samt Zertifizierungskette eingesetzt. Diese Umstellung wird am 1. August 2023 erfolgen.<\/p>\n<p>Hiervon wird eduroam im Hinblick auf die Anmeldung und Konfiguration betroffen sein. Die genauen Hintergr\u00fcnde und was ihr tun m\u00fcsst, um eduroam weiter nutzen zu k\u00f6nnen, erkl\u00e4ren wir euch im folgenden Blogbeitrag.<\/p>\n<p><!--more--><\/p>\n<h3><span style=\"color: #00549f;\">Von DFN zu G\u00c9ANT\/TCS<\/span><\/h3>\n<p>Die Nutzung der neuen Zertifizierungsinstanz G\u00c9ANT\/TCS hat zur Folge, dass der Authentifizierungsserver RADIUS ein neues Zertifikat erh\u00e4lt, was in ein neues Wurzelzertifikat m\u00fcndet. Je nach eduroam-Konfiguration muss man nicht nur dem neuen RADIUS-Zertifikat vertrauen, sondern auch seiner Wurzel. Die Umstellung zum neuen RADIUS-Zertifikat der G\u00c9ANT\/TCS wird am 01.08.2023 stattfinden.<\/p>\n<p>&nbsp;<\/p>\n<h3><span style=\"color: #00549f;\">Wie kann ich eduroam weiter nutzen?<\/span><\/h3>\n<p>Nach dem Tausch des RADIUS-Zertifikats auf dem Server, wird das Betriebssystem eures mobilen Ger\u00e4tes (je nach eduroam-Konfiguration) mit einer Meldung auf den Zertifikatswechsel hinweisen. Das passiert bei eurer n\u00e4chsten Anmeldung in eduroam. Dabei werdet ihr aufgefordert, zu entscheiden, ob ihr eine WLAN-Verbindung herstellen m\u00f6chtet oder nicht. An dieser Stelle wird die Verbindung zum RADIUS-Server nicht mehr als vertrauensw\u00fcrdig erkannt und eure Ger\u00e4te erhalten keinen Zugang mehr zu eduroam.<\/p>\n<p>Bei Windows-Ger\u00e4ten sieht die Warnung wie auf dem folgenden Bild aus:<\/p>\n<div id=\"attachment_16192\" style=\"width: 274px\" class=\"wp-caption aligncenter\"><a href=\"https:\/\/blog.rwth-aachen.de\/itc\/files\/2023\/06\/GEANT_eduroam_mit-Markierung.png\"><img loading=\"lazy\" decoding=\"async\" aria-describedby=\"caption-attachment-16192\" class=\"size-medium wp-image-16192\" src=\"https:\/\/blog.rwth-aachen.de\/itc\/files\/2023\/06\/GEANT_eduroam_mit-Markierung-264x300.png\" alt=\"Fingerprint G\u00e9ant\" width=\"264\" height=\"300\" srcset=\"https:\/\/blog.rwth-aachen.de\/itc\/files\/2023\/06\/GEANT_eduroam_mit-Markierung-264x300.png 264w, https:\/\/blog.rwth-aachen.de\/itc\/files\/2023\/06\/GEANT_eduroam_mit-Markierung-900x1024.png 900w, https:\/\/blog.rwth-aachen.de\/itc\/files\/2023\/06\/GEANT_eduroam_mit-Markierung-768x874.png 768w, https:\/\/blog.rwth-aachen.de\/itc\/files\/2023\/06\/GEANT_eduroam_mit-Markierung.png 1238w\" sizes=\"auto, (max-width: 264px) 100vw, 264px\" \/><\/a><p id=\"caption-attachment-16192\" class=\"wp-caption-text\">Quelle: Eigene Darstellung<\/p><\/div>\n<p>Mit einem Klick auf \u201eZertifikatsdetails einblenden\u201c wird die Meldung vollst\u00e4ndig angezeigt.<\/p>\n<p>Unter Zertifikatsdetails wird folgendes angezeigt:<\/p>\n<ul>\n<li>Der Name des Servers f\u00fcr den das Zertifikat ausgestellt wurde, n\u00e4mlich \u201eDE, Nordrhein-Westfalen, RWTH Aachen University, radius.rz.rwth-aachen.de\u201c.<\/li>\n<li>Der Name des Ausstellers des neuen RADIUS-Zertifikats, in diesem Fall \u201eGEANT OV RSA CA 4\u201c.<\/li>\n<li>Der SHA256-Fingerabdruck des \u00f6ffentlichen RSA-Schl\u00fcssels des RADIUS-Servers, und zwar <em>\u201e06:0B:12:1F:9E:C2:36:0C:69:36:8A:04:C6:E5:EB:79:3F:22:DF:48:2A:96:89:B4:47:BC:9E:C2:FE:8C:0A:B2\u201c<\/em>.<\/li>\n<\/ul>\n<p>An dieser Stelle ist es wichtig, die angezeigten Felder zu pr\u00fcfen. Alle m\u00fcssen \u00fcbereinstimmen. Nur dann k\u00f6nnt ihr der Verbindung vertrauen.<\/p>\n<p>&nbsp;<\/p>\n<h3><span style=\"color: #00549f;\">Fingerprints<\/span><\/h3>\n<p>Als Hilfestellung findet ihr auf IT Center Help den <a href=\"https:\/\/help.itc.rwth-aachen.de\/service\/b3d9a2c8ae5345b8b8f5128143ef4e3c\/article\/96f2bac81f1d479faac5b6e0d9e0d655\/\">Fingerprint<\/a> und alle relevante Daten des aktuell eingesetzten RADIUS-Zertifikats. Diese Angaben in IT Center Help vergleicht ihr mit denen, die euch bei der Verbindung mit eduroam angezeigt werden. Da ihr zu dem Zeitpunkt, wenn die Betriebssystem-Meldung angezeigt wird, keinen Internetzugriff auf IT Center Help habt, am besten den n\u00e4chsten Fingerabdruck schon jetzt auswendig lernen \u2013 Spa\u00df beiseite!<\/p>\n<p>Sollte der Fingerprint nicht \u00fcbereinstimmen, habt ihr im Folgenden einen Fahrplan:<\/p>\n<ol>\n<li>Man k\u00f6nnte vermuten, dass euch eduroam von einem WLAN Access Point angeboten wird, der nicht zu der offiziellen eduroam-Infrastruktur geh\u00f6rt. In dem Fall vertraut ihr dem Zertifikat nicht, sonst werden eure eduroam-Login-Daten von Unbefugten abgegriffen. So w\u00fcrde der Teil der Windows-Meldung oben \u201eAndernfalls handelt es sich m\u00f6glicherweise um ein anderes Netzwerk mit demselben Namen&#8220; zutreffen.<\/li>\n<li>Einen anderen Standort aufsuchen, wo ihr wisst, dass das \u201eechte\u201c eduroam der Hochschule angeboten wird.<\/li>\n<li>Es macht keinen Unterschied, ob man sich an der RWTH, an einer anderen Uni oder in anderen Stadtteilen befindet. Man verbindet sich als RWTH-Angeh\u00f6rige mit einer \u201e&lt;egm&gt;@rwth.edufi.de\u201c Kennung und somit immer mit dem RADIUS-Server der RWTH.<\/li>\n<\/ol>\n<p>&nbsp;<\/p>\n<h3><span style=\"color: #00549f;\">Eduroam Zugangsdaten<\/span><\/h3>\n<p>Es kann vorkommen, dass ihr eure Zugangsdaten neu eingeben m\u00fcsst, wenn ihr euch nach dieser Umstellung mit eduroam verbindet. Ihr kennt eure Zugangsdaten nicht mehr? Kein Problem! Ihr k\u00f6nnt \u00fcber den <a href=\"http:\/\/www.rwth-aachen.de\/eduroam\">eduroam Ger\u00e4temanager<\/a> ganz leicht neue generieren. Schaut euch daf\u00fcr gerne unser <a href=\"https:\/\/www.youtube.com\/watch?v=1bmnkgCmRNE\">YouTube-Tutorial<\/a> und unsere <a href=\"https:\/\/help.itc.rwth-aachen.de\/service\/b3d9a2c8ae5345b8b8f5128143ef4e3c\/article\/dca3196d60fc4bfe9b76cc381b65b248\/\">Anleitungen<\/a> auf IT Center Help an.<\/p>\n<p>&nbsp;<\/p>\n<h3><span style=\"color: #00549f;\">Ihr nutzt die CAT App?<\/span><\/h3>\n<p>Hinter der CAT App sind nun beide Wurzeln hinterlegt. Dadurch sollte ein nahtloser \u00dcbergang bei der Migration m\u00f6glich sein, wenn ihr eine Neukonfiguration mit der <a href=\"https:\/\/cat.eduroam.org\/\">CAT App<\/a> vor dem 1. August 2023 durchf\u00fchrt. Nach dem Stichtag wird nur noch die neue Wurzel vorhanden sein.<\/p>\n<p>&nbsp;<\/p>\n<p>Weitere Hilfestellungen und Konfigurationsanleitungen f\u00fcr die entsprechenden Betriebssysteme, findet ihr ebenfalls auf <a href=\"https:\/\/help.itc.rwth-aachen.de\/service\/b3d9a2c8ae5345b8b8f5128143ef4e3c\/article\/cbaa4207a17643ebb3347d62ce021336\/\">IT Center Help<\/a>.<\/p>\n<p>&nbsp;<\/p>\n<p>Verantwortlich f\u00fcr die Inhalte dieses Beitrags sind <a href=\"https:\/\/www.itc.rwth-aachen.de\/go\/id\/epvp\/gguid\/0xEFE758683719544CA2E760636B6AF6CF\/allou\/1\/\">Jelena \u0106ulum<\/a> und <a href=\"https:\/\/www.itc.rwth-aachen.de\/cms\/IT-Center\/IT-Center\/Team\/~epvp\/Mitarbeiter-CAMPUS-\/?gguid=0x6317B0C5B8127D4E8C1538F3CF93C9F0&amp;allou=1\">Ekaterini Papachristou<\/a>.<\/p>","protected":false},"excerpt":{"rendered":"<p>Am 23. Mai 2023 wurde zum Ablauf des Serverzertifikats unseres Authentifizierungsservers \u201eradius.rz.rwth-aachen.de\u201c ein neues Zertifikat im System implementiert. Im ersten Beitrag dieser Blogreihe haben wir euch dar\u00fcber informiert. Nun steht [&hellip;]<\/p>\n","protected":false},"author":4530,"featured_media":16193,"comment_status":"open","ping_status":"closed","sticky":false,"template":"","format":"standard","meta":{"c2c_always_allow_admin_comments":false,"footnotes":""},"categories":[306,314],"tags":[448,908,728,626],"class_list":["post-16191","post","type-post","status-publish","format-standard","has-post-thumbnail","hentry","category-ankuendigungen","category-it-sicherheit","tag-eduroam","tag-radius","tag-wlan","tag-zertifikate"],"aioseo_notices":[],"aioseo_head":"\n\t\t<!-- All in One SEO 4.9.8 - aioseo.com -->\n\t<meta name=\"description\" content=\"Neue Zertifizierungsinstanz G\u00c9ANT\/TCS \u2022 Neues Radius-Zertifikat samt Zertifizierungskette\u2022 Umstellung am 1. August 2023 \u2022 Anmeldung und Konfiguration von eduroam betroffen\" \/>\n\t<meta name=\"robots\" content=\"max-image-preview:large\" \/>\n\t<meta name=\"author\" content=\"Nikolic, Jelena\"\/>\n\t<meta name=\"keywords\" content=\"eduroam,radius,wlan,zertifikate,ank\u00fcndigungen,it-sicherheit\" \/>\n\t<link rel=\"canonical\" href=\"https:\/\/blog.rwth-aachen.de\/itc\/2023\/06\/30\/wlan-news-teil-3-neue-wurzel-altes-wlan\/\" \/>\n\t<meta name=\"generator\" content=\"All in One SEO (AIOSEO) 4.9.8\" \/>\n\t\t<meta property=\"og:locale\" content=\"de_DE\" \/>\n\t\t<meta property=\"og:site_name\" content=\"IT Center Blog \u2022\" \/>\n\t\t<meta property=\"og:type\" content=\"article\" \/>\n\t\t<meta property=\"og:title\" content=\"WLAN News \u2013 Teil 3: Neue Wurzel, altes WLAN \u2022 IT Center Blog\" \/>\n\t\t<meta property=\"og:description\" content=\"Neue Zertifizierungsinstanz G\u00c9ANT\/TCS \u2022 Neues Radius-Zertifikat samt Zertifizierungskette\u2022 Umstellung am 1. August 2023 \u2022 Anmeldung und Konfiguration von eduroam betroffen\" \/>\n\t\t<meta property=\"og:url\" content=\"https:\/\/blog.rwth-aachen.de\/itc\/2023\/06\/30\/wlan-news-teil-3-neue-wurzel-altes-wlan\/\" \/>\n\t\t<meta property=\"article:published_time\" content=\"2023-06-30T10:45:55+00:00\" \/>\n\t\t<meta property=\"article:modified_time\" content=\"2023-08-02T07:51:57+00:00\" \/>\n\t\t<meta property=\"article:publisher\" content=\"https:\/\/www.facebook.com\/itcenterrwth\" \/>\n\t\t<meta name=\"twitter:card\" content=\"summary\" \/>\n\t\t<meta name=\"twitter:site\" content=\"@ITCenterRWTH\" \/>\n\t\t<meta name=\"twitter:title\" content=\"WLAN News \u2013 Teil 3: Neue Wurzel, altes WLAN \u2022 IT Center Blog\" \/>\n\t\t<meta name=\"twitter:description\" content=\"Neue Zertifizierungsinstanz G\u00c9ANT\/TCS \u2022 Neues Radius-Zertifikat samt Zertifizierungskette\u2022 Umstellung am 1. August 2023 \u2022 Anmeldung und Konfiguration von eduroam betroffen\" \/>\n\t\t<meta name=\"twitter:creator\" content=\"@ITCenterRWTH\" \/>\n\t\t<script type=\"application\/ld+json\" class=\"aioseo-schema\">\n\t\t\t{\"@context\":\"https:\\\/\\\/schema.org\",\"@graph\":[{\"@type\":\"BlogPosting\",\"@id\":\"https:\\\/\\\/blog.rwth-aachen.de\\\/itc\\\/2023\\\/06\\\/30\\\/wlan-news-teil-3-neue-wurzel-altes-wlan\\\/#blogposting\",\"name\":\"WLAN News \\u2013 Teil 3: Neue Wurzel, altes WLAN \\u2022 IT Center Blog\",\"headline\":\"WLAN News \\u2013 Teil 3: Neue Wurzel, altes WLAN\",\"author\":{\"@id\":\"https:\\\/\\\/blog.rwth-aachen.de\\\/itc\\\/author\\\/4530\\\/#author\"},\"publisher\":{\"@id\":\"https:\\\/\\\/blog.rwth-aachen.de\\\/itc\\\/#organization\"},\"image\":{\"@type\":\"ImageObject\",\"url\":\"https:\\\/\\\/blog.rwth-aachen.de\\\/itc\\\/files\\\/2023\\\/06\\\/Beitragsbild-WLAN-News-Teil-3.jpg\",\"width\":1118,\"height\":745,\"caption\":\"Source: Freepik\"},\"datePublished\":\"2023-06-30T12:45:55+02:00\",\"dateModified\":\"2023-08-02T09:51:57+02:00\",\"inLanguage\":\"de-DE\",\"mainEntityOfPage\":{\"@id\":\"https:\\\/\\\/blog.rwth-aachen.de\\\/itc\\\/2023\\\/06\\\/30\\\/wlan-news-teil-3-neue-wurzel-altes-wlan\\\/#webpage\"},\"isPartOf\":{\"@id\":\"https:\\\/\\\/blog.rwth-aachen.de\\\/itc\\\/2023\\\/06\\\/30\\\/wlan-news-teil-3-neue-wurzel-altes-wlan\\\/#webpage\"},\"articleSection\":\"Ank\\u00fcndigungen, IT-Sicherheit, eduroam, RADIUS, WLAN, Zertifikate\"},{\"@type\":\"BreadcrumbList\",\"@id\":\"https:\\\/\\\/blog.rwth-aachen.de\\\/itc\\\/2023\\\/06\\\/30\\\/wlan-news-teil-3-neue-wurzel-altes-wlan\\\/#breadcrumblist\",\"itemListElement\":[{\"@type\":\"ListItem\",\"@id\":\"https:\\\/\\\/blog.rwth-aachen.de\\\/itc#listItem\",\"position\":1,\"name\":\"Home\",\"item\":\"https:\\\/\\\/blog.rwth-aachen.de\\\/itc\",\"nextItem\":{\"@type\":\"ListItem\",\"@id\":\"https:\\\/\\\/blog.rwth-aachen.de\\\/itc\\\/category\\\/themen\\\/#listItem\",\"name\":\"Themen\"}},{\"@type\":\"ListItem\",\"@id\":\"https:\\\/\\\/blog.rwth-aachen.de\\\/itc\\\/category\\\/themen\\\/#listItem\",\"position\":2,\"name\":\"Themen\",\"item\":\"https:\\\/\\\/blog.rwth-aachen.de\\\/itc\\\/category\\\/themen\\\/\",\"nextItem\":{\"@type\":\"ListItem\",\"@id\":\"https:\\\/\\\/blog.rwth-aachen.de\\\/itc\\\/category\\\/themen\\\/ankuendigungen\\\/#listItem\",\"name\":\"Ank\\u00fcndigungen\"},\"previousItem\":{\"@type\":\"ListItem\",\"@id\":\"https:\\\/\\\/blog.rwth-aachen.de\\\/itc#listItem\",\"name\":\"Home\"}},{\"@type\":\"ListItem\",\"@id\":\"https:\\\/\\\/blog.rwth-aachen.de\\\/itc\\\/category\\\/themen\\\/ankuendigungen\\\/#listItem\",\"position\":3,\"name\":\"Ank\\u00fcndigungen\",\"item\":\"https:\\\/\\\/blog.rwth-aachen.de\\\/itc\\\/category\\\/themen\\\/ankuendigungen\\\/\",\"nextItem\":{\"@type\":\"ListItem\",\"@id\":\"https:\\\/\\\/blog.rwth-aachen.de\\\/itc\\\/2023\\\/06\\\/30\\\/wlan-news-teil-3-neue-wurzel-altes-wlan\\\/#listItem\",\"name\":\"WLAN News \\u2013 Teil 3: Neue Wurzel, altes WLAN\"},\"previousItem\":{\"@type\":\"ListItem\",\"@id\":\"https:\\\/\\\/blog.rwth-aachen.de\\\/itc\\\/category\\\/themen\\\/#listItem\",\"name\":\"Themen\"}},{\"@type\":\"ListItem\",\"@id\":\"https:\\\/\\\/blog.rwth-aachen.de\\\/itc\\\/2023\\\/06\\\/30\\\/wlan-news-teil-3-neue-wurzel-altes-wlan\\\/#listItem\",\"position\":4,\"name\":\"WLAN News \\u2013 Teil 3: Neue Wurzel, altes WLAN\",\"previousItem\":{\"@type\":\"ListItem\",\"@id\":\"https:\\\/\\\/blog.rwth-aachen.de\\\/itc\\\/category\\\/themen\\\/ankuendigungen\\\/#listItem\",\"name\":\"Ank\\u00fcndigungen\"}}]},{\"@type\":\"Organization\",\"@id\":\"https:\\\/\\\/blog.rwth-aachen.de\\\/itc\\\/#organization\",\"name\":\"IT Center RWTH Aachen University\",\"url\":\"https:\\\/\\\/blog.rwth-aachen.de\\\/itc\\\/\",\"logo\":{\"@type\":\"ImageObject\",\"url\":\"https:\\\/\\\/blog.rwth-aachen.de\\\/itc\\\/files\\\/2018\\\/09\\\/IT-Center-Logo.png\",\"@id\":\"https:\\\/\\\/blog.rwth-aachen.de\\\/itc\\\/2023\\\/06\\\/30\\\/wlan-news-teil-3-neue-wurzel-altes-wlan\\\/#organizationLogo\",\"width\":1312,\"height\":378,\"caption\":\"IT Center Logo\"},\"image\":{\"@id\":\"https:\\\/\\\/blog.rwth-aachen.de\\\/itc\\\/2023\\\/06\\\/30\\\/wlan-news-teil-3-neue-wurzel-altes-wlan\\\/#organizationLogo\"},\"sameAs\":[\"https:\\\/\\\/www.facebook.com\\\/itcenterrwth\",\"https:\\\/\\\/twitter.com\\\/ITCenterRWTH\",\"https:\\\/\\\/www.youtube.com\\\/c\\\/itcenterrwthaachen\",\"https:\\\/\\\/www.linkedin.com\\\/company\\\/itcenterrwth\"]},{\"@type\":\"Person\",\"@id\":\"https:\\\/\\\/blog.rwth-aachen.de\\\/itc\\\/author\\\/4530\\\/#author\",\"url\":\"https:\\\/\\\/blog.rwth-aachen.de\\\/itc\\\/author\\\/4530\\\/\",\"name\":\"Nikolic, Jelena\",\"image\":{\"@type\":\"ImageObject\",\"@id\":\"https:\\\/\\\/blog.rwth-aachen.de\\\/itc\\\/2023\\\/06\\\/30\\\/wlan-news-teil-3-neue-wurzel-altes-wlan\\\/#authorImage\",\"url\":\"https:\\\/\\\/secure.gravatar.com\\\/avatar\\\/1ebd7a94c889a99911743014b53763d3b9a57bb620c89ca31a2d2a3f32029302?s=96&d=blank&r=g\",\"width\":96,\"height\":96,\"caption\":\"Nikolic, Jelena\"}},{\"@type\":\"WebPage\",\"@id\":\"https:\\\/\\\/blog.rwth-aachen.de\\\/itc\\\/2023\\\/06\\\/30\\\/wlan-news-teil-3-neue-wurzel-altes-wlan\\\/#webpage\",\"url\":\"https:\\\/\\\/blog.rwth-aachen.de\\\/itc\\\/2023\\\/06\\\/30\\\/wlan-news-teil-3-neue-wurzel-altes-wlan\\\/\",\"name\":\"WLAN News \\u2013 Teil 3: Neue Wurzel, altes WLAN \\u2022 IT Center Blog\",\"description\":\"Neue Zertifizierungsinstanz G\\u00c9ANT\\\/TCS \\u2022 Neues Radius-Zertifikat samt Zertifizierungskette\\u2022 Umstellung am 1. August 2023 \\u2022 Anmeldung und Konfiguration von eduroam betroffen\",\"inLanguage\":\"de-DE\",\"isPartOf\":{\"@id\":\"https:\\\/\\\/blog.rwth-aachen.de\\\/itc\\\/#website\"},\"breadcrumb\":{\"@id\":\"https:\\\/\\\/blog.rwth-aachen.de\\\/itc\\\/2023\\\/06\\\/30\\\/wlan-news-teil-3-neue-wurzel-altes-wlan\\\/#breadcrumblist\"},\"author\":{\"@id\":\"https:\\\/\\\/blog.rwth-aachen.de\\\/itc\\\/author\\\/4530\\\/#author\"},\"creator\":{\"@id\":\"https:\\\/\\\/blog.rwth-aachen.de\\\/itc\\\/author\\\/4530\\\/#author\"},\"image\":{\"@type\":\"ImageObject\",\"url\":\"https:\\\/\\\/blog.rwth-aachen.de\\\/itc\\\/files\\\/2023\\\/06\\\/Beitragsbild-WLAN-News-Teil-3.jpg\",\"@id\":\"https:\\\/\\\/blog.rwth-aachen.de\\\/itc\\\/2023\\\/06\\\/30\\\/wlan-news-teil-3-neue-wurzel-altes-wlan\\\/#mainImage\",\"width\":1118,\"height\":745,\"caption\":\"Source: Freepik\"},\"primaryImageOfPage\":{\"@id\":\"https:\\\/\\\/blog.rwth-aachen.de\\\/itc\\\/2023\\\/06\\\/30\\\/wlan-news-teil-3-neue-wurzel-altes-wlan\\\/#mainImage\"},\"datePublished\":\"2023-06-30T12:45:55+02:00\",\"dateModified\":\"2023-08-02T09:51:57+02:00\"},{\"@type\":\"WebSite\",\"@id\":\"https:\\\/\\\/blog.rwth-aachen.de\\\/itc\\\/#website\",\"url\":\"https:\\\/\\\/blog.rwth-aachen.de\\\/itc\\\/\",\"name\":\"IT Center Blog\",\"inLanguage\":\"de-DE\",\"publisher\":{\"@id\":\"https:\\\/\\\/blog.rwth-aachen.de\\\/itc\\\/#organization\"}}]}\n\t\t<\/script>\n\t\t<!-- All in One SEO -->\n\n","aioseo_head_json":{"title":"WLAN News \u2013 Teil 3: Neue Wurzel, altes WLAN \u2022 IT Center Blog","description":"Neue Zertifizierungsinstanz G\u00c9ANT\/TCS \u2022 Neues Radius-Zertifikat samt Zertifizierungskette\u2022 Umstellung am 1. August 2023 \u2022 Anmeldung und Konfiguration von eduroam betroffen","canonical_url":"https:\/\/blog.rwth-aachen.de\/itc\/2023\/06\/30\/wlan-news-teil-3-neue-wurzel-altes-wlan\/","robots":"max-image-preview:large","keywords":"eduroam,radius,wlan,zertifikate,ank\u00fcndigungen,it-sicherheit","webmasterTools":{"miscellaneous":""},"schema":{"@context":"https:\/\/schema.org","@graph":[{"@type":"BlogPosting","@id":"https:\/\/blog.rwth-aachen.de\/itc\/2023\/06\/30\/wlan-news-teil-3-neue-wurzel-altes-wlan\/#blogposting","name":"WLAN News \u2013 Teil 3: Neue Wurzel, altes WLAN \u2022 IT Center Blog","headline":"WLAN News \u2013 Teil 3: Neue Wurzel, altes WLAN","author":{"@id":"https:\/\/blog.rwth-aachen.de\/itc\/author\/4530\/#author"},"publisher":{"@id":"https:\/\/blog.rwth-aachen.de\/itc\/#organization"},"image":{"@type":"ImageObject","url":"https:\/\/blog.rwth-aachen.de\/itc\/files\/2023\/06\/Beitragsbild-WLAN-News-Teil-3.jpg","width":1118,"height":745,"caption":"Source: Freepik"},"datePublished":"2023-06-30T12:45:55+02:00","dateModified":"2023-08-02T09:51:57+02:00","inLanguage":"de-DE","mainEntityOfPage":{"@id":"https:\/\/blog.rwth-aachen.de\/itc\/2023\/06\/30\/wlan-news-teil-3-neue-wurzel-altes-wlan\/#webpage"},"isPartOf":{"@id":"https:\/\/blog.rwth-aachen.de\/itc\/2023\/06\/30\/wlan-news-teil-3-neue-wurzel-altes-wlan\/#webpage"},"articleSection":"Ank\u00fcndigungen, IT-Sicherheit, eduroam, RADIUS, WLAN, Zertifikate"},{"@type":"BreadcrumbList","@id":"https:\/\/blog.rwth-aachen.de\/itc\/2023\/06\/30\/wlan-news-teil-3-neue-wurzel-altes-wlan\/#breadcrumblist","itemListElement":[{"@type":"ListItem","@id":"https:\/\/blog.rwth-aachen.de\/itc#listItem","position":1,"name":"Home","item":"https:\/\/blog.rwth-aachen.de\/itc","nextItem":{"@type":"ListItem","@id":"https:\/\/blog.rwth-aachen.de\/itc\/category\/themen\/#listItem","name":"Themen"}},{"@type":"ListItem","@id":"https:\/\/blog.rwth-aachen.de\/itc\/category\/themen\/#listItem","position":2,"name":"Themen","item":"https:\/\/blog.rwth-aachen.de\/itc\/category\/themen\/","nextItem":{"@type":"ListItem","@id":"https:\/\/blog.rwth-aachen.de\/itc\/category\/themen\/ankuendigungen\/#listItem","name":"Ank\u00fcndigungen"},"previousItem":{"@type":"ListItem","@id":"https:\/\/blog.rwth-aachen.de\/itc#listItem","name":"Home"}},{"@type":"ListItem","@id":"https:\/\/blog.rwth-aachen.de\/itc\/category\/themen\/ankuendigungen\/#listItem","position":3,"name":"Ank\u00fcndigungen","item":"https:\/\/blog.rwth-aachen.de\/itc\/category\/themen\/ankuendigungen\/","nextItem":{"@type":"ListItem","@id":"https:\/\/blog.rwth-aachen.de\/itc\/2023\/06\/30\/wlan-news-teil-3-neue-wurzel-altes-wlan\/#listItem","name":"WLAN News \u2013 Teil 3: Neue Wurzel, altes WLAN"},"previousItem":{"@type":"ListItem","@id":"https:\/\/blog.rwth-aachen.de\/itc\/category\/themen\/#listItem","name":"Themen"}},{"@type":"ListItem","@id":"https:\/\/blog.rwth-aachen.de\/itc\/2023\/06\/30\/wlan-news-teil-3-neue-wurzel-altes-wlan\/#listItem","position":4,"name":"WLAN News \u2013 Teil 3: Neue Wurzel, altes WLAN","previousItem":{"@type":"ListItem","@id":"https:\/\/blog.rwth-aachen.de\/itc\/category\/themen\/ankuendigungen\/#listItem","name":"Ank\u00fcndigungen"}}]},{"@type":"Organization","@id":"https:\/\/blog.rwth-aachen.de\/itc\/#organization","name":"IT Center RWTH Aachen University","url":"https:\/\/blog.rwth-aachen.de\/itc\/","logo":{"@type":"ImageObject","url":"https:\/\/blog.rwth-aachen.de\/itc\/files\/2018\/09\/IT-Center-Logo.png","@id":"https:\/\/blog.rwth-aachen.de\/itc\/2023\/06\/30\/wlan-news-teil-3-neue-wurzel-altes-wlan\/#organizationLogo","width":1312,"height":378,"caption":"IT Center Logo"},"image":{"@id":"https:\/\/blog.rwth-aachen.de\/itc\/2023\/06\/30\/wlan-news-teil-3-neue-wurzel-altes-wlan\/#organizationLogo"},"sameAs":["https:\/\/www.facebook.com\/itcenterrwth","https:\/\/twitter.com\/ITCenterRWTH","https:\/\/www.youtube.com\/c\/itcenterrwthaachen","https:\/\/www.linkedin.com\/company\/itcenterrwth"]},{"@type":"Person","@id":"https:\/\/blog.rwth-aachen.de\/itc\/author\/4530\/#author","url":"https:\/\/blog.rwth-aachen.de\/itc\/author\/4530\/","name":"Nikolic, Jelena","image":{"@type":"ImageObject","@id":"https:\/\/blog.rwth-aachen.de\/itc\/2023\/06\/30\/wlan-news-teil-3-neue-wurzel-altes-wlan\/#authorImage","url":"https:\/\/secure.gravatar.com\/avatar\/1ebd7a94c889a99911743014b53763d3b9a57bb620c89ca31a2d2a3f32029302?s=96&d=blank&r=g","width":96,"height":96,"caption":"Nikolic, Jelena"}},{"@type":"WebPage","@id":"https:\/\/blog.rwth-aachen.de\/itc\/2023\/06\/30\/wlan-news-teil-3-neue-wurzel-altes-wlan\/#webpage","url":"https:\/\/blog.rwth-aachen.de\/itc\/2023\/06\/30\/wlan-news-teil-3-neue-wurzel-altes-wlan\/","name":"WLAN News \u2013 Teil 3: Neue Wurzel, altes WLAN \u2022 IT Center Blog","description":"Neue Zertifizierungsinstanz G\u00c9ANT\/TCS \u2022 Neues Radius-Zertifikat samt Zertifizierungskette\u2022 Umstellung am 1. August 2023 \u2022 Anmeldung und Konfiguration von eduroam betroffen","inLanguage":"de-DE","isPartOf":{"@id":"https:\/\/blog.rwth-aachen.de\/itc\/#website"},"breadcrumb":{"@id":"https:\/\/blog.rwth-aachen.de\/itc\/2023\/06\/30\/wlan-news-teil-3-neue-wurzel-altes-wlan\/#breadcrumblist"},"author":{"@id":"https:\/\/blog.rwth-aachen.de\/itc\/author\/4530\/#author"},"creator":{"@id":"https:\/\/blog.rwth-aachen.de\/itc\/author\/4530\/#author"},"image":{"@type":"ImageObject","url":"https:\/\/blog.rwth-aachen.de\/itc\/files\/2023\/06\/Beitragsbild-WLAN-News-Teil-3.jpg","@id":"https:\/\/blog.rwth-aachen.de\/itc\/2023\/06\/30\/wlan-news-teil-3-neue-wurzel-altes-wlan\/#mainImage","width":1118,"height":745,"caption":"Source: Freepik"},"primaryImageOfPage":{"@id":"https:\/\/blog.rwth-aachen.de\/itc\/2023\/06\/30\/wlan-news-teil-3-neue-wurzel-altes-wlan\/#mainImage"},"datePublished":"2023-06-30T12:45:55+02:00","dateModified":"2023-08-02T09:51:57+02:00"},{"@type":"WebSite","@id":"https:\/\/blog.rwth-aachen.de\/itc\/#website","url":"https:\/\/blog.rwth-aachen.de\/itc\/","name":"IT Center Blog","inLanguage":"de-DE","publisher":{"@id":"https:\/\/blog.rwth-aachen.de\/itc\/#organization"}}]},"og:locale":"de_DE","og:site_name":"IT Center Blog \u2022","og:type":"article","og:title":"WLAN News \u2013 Teil 3: Neue Wurzel, altes WLAN \u2022 IT Center Blog","og:description":"Neue Zertifizierungsinstanz G\u00c9ANT\/TCS \u2022 Neues Radius-Zertifikat samt Zertifizierungskette\u2022 Umstellung am 1. August 2023 \u2022 Anmeldung und Konfiguration von eduroam betroffen","og:url":"https:\/\/blog.rwth-aachen.de\/itc\/2023\/06\/30\/wlan-news-teil-3-neue-wurzel-altes-wlan\/","article:published_time":"2023-06-30T10:45:55+00:00","article:modified_time":"2023-08-02T07:51:57+00:00","article:publisher":"https:\/\/www.facebook.com\/itcenterrwth","twitter:card":"summary","twitter:site":"@ITCenterRWTH","twitter:title":"WLAN News \u2013 Teil 3: Neue Wurzel, altes WLAN \u2022 IT Center Blog","twitter:description":"Neue Zertifizierungsinstanz G\u00c9ANT\/TCS \u2022 Neues Radius-Zertifikat samt Zertifizierungskette\u2022 Umstellung am 1. August 2023 \u2022 Anmeldung und Konfiguration von eduroam betroffen","twitter:creator":"@ITCenterRWTH"},"aioseo_meta_data":{"post_id":"16191","title":null,"description":"Neue Zertifizierungsinstanz G\u00c9ANT\/TCS #separator_sa Neues Radius-Zertifikat samt Zertifizierungskette#separator_sa Umstellung am 1. August 2023 #separator_sa Anmeldung und Konfiguration von eduroam betroffen","keywords":[],"keyphrases":{"focus":{"keyphrase":"","score":0,"analysis":{"keyphraseInTitle":{"score":0,"maxScore":9,"error":1}}},"additional":[]},"primary_term":null,"canonical_url":null,"og_title":null,"og_description":null,"og_object_type":"default","og_image_type":"default","og_image_url":null,"og_image_width":null,"og_image_height":null,"og_image_custom_url":null,"og_image_custom_fields":null,"og_video":"","og_custom_url":null,"og_article_section":null,"og_article_tags":[],"twitter_use_og":false,"twitter_card":"default","twitter_image_type":"default","twitter_image_url":null,"twitter_image_custom_url":null,"twitter_image_custom_fields":null,"twitter_title":null,"twitter_description":null,"schema":{"blockGraphs":[],"customGraphs":[],"default":{"data":{"Article":[],"Course":[],"Dataset":[],"FAQPage":[],"Movie":[],"Person":[],"Product":[],"ProductReview":[],"Car":[],"Recipe":[],"Service":[],"SoftwareApplication":[],"WebPage":[]},"graphName":"BlogPosting","isEnabled":true},"graphs":[]},"schema_type":"default","schema_type_options":null,"pillar_content":false,"robots_default":true,"robots_noindex":false,"robots_noarchive":false,"robots_nosnippet":false,"robots_nofollow":false,"robots_noimageindex":false,"robots_noodp":false,"robots_notranslate":false,"robots_max_snippet":"-1","robots_max_videopreview":"-1","robots_max_imagepreview":"large","priority":null,"frequency":"default","local_seo":null,"breadcrumb_settings":null,"limit_modified_date":false,"ai":null,"created":"2023-06-30 10:15:06","updated":"2025-07-08 14:24:30","seo_analyzer_scan_date":null},"aioseo_breadcrumb":"<div class=\"aioseo-breadcrumbs\"><span class=\"aioseo-breadcrumb\">\n\t\t\t<a href=\"https:\/\/blog.rwth-aachen.de\/itc\" title=\"Home\">Home<\/a>\n\t\t<\/span><span class=\"aioseo-breadcrumb-separator\">\u00bb<\/span><span class=\"aioseo-breadcrumb\">\n\t\t\t<a href=\"https:\/\/blog.rwth-aachen.de\/itc\/category\/themen\/\" title=\"Themen\">Themen<\/a>\n\t\t<\/span><span class=\"aioseo-breadcrumb-separator\">\u00bb<\/span><span class=\"aioseo-breadcrumb\">\n\t\t\t<a href=\"https:\/\/blog.rwth-aachen.de\/itc\/category\/themen\/ankuendigungen\/\" title=\"Ank\u00fcndigungen\">Ank\u00fcndigungen<\/a>\n\t\t<\/span><span class=\"aioseo-breadcrumb-separator\">\u00bb<\/span><span class=\"aioseo-breadcrumb\">\n\t\t\tWLAN News \u2013 Teil 3: Neue Wurzel, altes WLAN\n\t\t<\/span><\/div>","aioseo_breadcrumb_json":[{"label":"Home","link":"https:\/\/blog.rwth-aachen.de\/itc"},{"label":"Themen","link":"https:\/\/blog.rwth-aachen.de\/itc\/category\/themen\/"},{"label":"Ank\u00fcndigungen","link":"https:\/\/blog.rwth-aachen.de\/itc\/category\/themen\/ankuendigungen\/"},{"label":"WLAN News \u2013 Teil 3: Neue Wurzel, altes WLAN","link":"https:\/\/blog.rwth-aachen.de\/itc\/2023\/06\/30\/wlan-news-teil-3-neue-wurzel-altes-wlan\/"}],"_links":{"self":[{"href":"https:\/\/blog.rwth-aachen.de\/itc\/wp-json\/wp\/v2\/posts\/16191","targetHints":{"allow":["GET"]}}],"collection":[{"href":"https:\/\/blog.rwth-aachen.de\/itc\/wp-json\/wp\/v2\/posts"}],"about":[{"href":"https:\/\/blog.rwth-aachen.de\/itc\/wp-json\/wp\/v2\/types\/post"}],"author":[{"embeddable":true,"href":"https:\/\/blog.rwth-aachen.de\/itc\/wp-json\/wp\/v2\/users\/4530"}],"replies":[{"embeddable":true,"href":"https:\/\/blog.rwth-aachen.de\/itc\/wp-json\/wp\/v2\/comments?post=16191"}],"version-history":[{"count":11,"href":"https:\/\/blog.rwth-aachen.de\/itc\/wp-json\/wp\/v2\/posts\/16191\/revisions"}],"predecessor-version":[{"id":16629,"href":"https:\/\/blog.rwth-aachen.de\/itc\/wp-json\/wp\/v2\/posts\/16191\/revisions\/16629"}],"wp:featuredmedia":[{"embeddable":true,"href":"https:\/\/blog.rwth-aachen.de\/itc\/wp-json\/wp\/v2\/media\/16193"}],"wp:attachment":[{"href":"https:\/\/blog.rwth-aachen.de\/itc\/wp-json\/wp\/v2\/media?parent=16191"}],"wp:term":[{"taxonomy":"category","embeddable":true,"href":"https:\/\/blog.rwth-aachen.de\/itc\/wp-json\/wp\/v2\/categories?post=16191"},{"taxonomy":"post_tag","embeddable":true,"href":"https:\/\/blog.rwth-aachen.de\/itc\/wp-json\/wp\/v2\/tags?post=16191"}],"curies":[{"name":"wp","href":"https:\/\/api.w.org\/{rel}","templated":true}]}}