{"id":17213,"date":"2023-09-15T14:11:16","date_gmt":"2023-09-15T12:11:16","guid":{"rendered":"https:\/\/blog.rwth-aachen.de\/itc\/?p=17213"},"modified":"2023-10-09T13:35:45","modified_gmt":"2023-10-09T11:35:45","slug":"neue-matse-azubis-2023","status":"publish","type":"post","link":"https:\/\/blog.rwth-aachen.de\/itc\/2023\/09\/15\/neue-matse-azubis-2023\/","title":{"rendered":"Herzlich willkommen, neue MATSE-Azubis!"},"content":{"rendered":"<div class=\"twoclick_social_bookmarks_post_17213 social_share_privacy clearfix 1.6.4 locale-de_DE sprite-de_DE\"><\/div><div class=\"twoclick-js\"><script type=\"text\/javascript\">\/* <![CDATA[ *\/\njQuery(document).ready(function($){if($('.twoclick_social_bookmarks_post_17213')){$('.twoclick_social_bookmarks_post_17213').socialSharePrivacy({\"txt_help\":\"Wenn Sie diese Felder durch einen Klick aktivieren, werden Informationen an Facebook, Twitter, Flattr, Xing, t3n, LinkedIn, Pinterest oder Google eventuell ins Ausland \\u00fcbertragen und unter Umst\\u00e4nden auch dort gespeichert. N\\u00e4heres erfahren Sie durch einen Klick auf das <em>i<\\\/em>.\",\"settings_perma\":\"Dauerhaft aktivieren und Daten\\u00fcber-tragung zustimmen:\",\"info_link\":\"http:\\\/\\\/www.heise.de\\\/ct\\\/artikel\\\/2-Klicks-fuer-mehr-Datenschutz-1333879.html\",\"uri\":\"https:\\\/\\\/blog.rwth-aachen.de\\\/itc\\\/2023\\\/09\\\/15\\\/neue-matse-azubis-2023\\\/\",\"post_id\":17213,\"post_title_referrer_track\":\"Herzlich+willkommen%2C+neue+MATSE-Azubis%21\",\"display_infobox\":\"on\"});}});\n\/* ]]> *\/<\/script><\/div><p><div id=\"attachment_17214\" style=\"width: 310px\" class=\"wp-caption alignright\"><a href=\"https:\/\/blog.rwth-aachen.de\/itc\/files\/2023\/09\/DSC_8278-scaled.jpg\"><img loading=\"lazy\" decoding=\"async\" aria-describedby=\"caption-attachment-17214\" class=\"size-medium wp-image-17214\" src=\"https:\/\/blog.rwth-aachen.de\/itc\/files\/2023\/09\/DSC_8278-300x200.jpg\" alt=\"MATSE-Azubis essen und trinken\" width=\"300\" height=\"200\" srcset=\"https:\/\/blog.rwth-aachen.de\/itc\/files\/2023\/09\/DSC_8278-300x200.jpg 300w, https:\/\/blog.rwth-aachen.de\/itc\/files\/2023\/09\/DSC_8278-1024x683.jpg 1024w, https:\/\/blog.rwth-aachen.de\/itc\/files\/2023\/09\/DSC_8278-768x512.jpg 768w, https:\/\/blog.rwth-aachen.de\/itc\/files\/2023\/09\/DSC_8278-1536x1024.jpg 1536w, https:\/\/blog.rwth-aachen.de\/itc\/files\/2023\/09\/DSC_8278-2048x1365.jpg 2048w\" sizes=\"auto, (max-width: 300px) 100vw, 300px\" \/><\/a><p id=\"caption-attachment-17214\" class=\"wp-caption-text\">Quelle: Eigene Darstellung<\/p><\/div><\/p>\n<p>Auch in diesem Jahr erfreuen wir uns an dem sogar dreistelligen MATSE-Zuwachs! Es haben 103 angehende Zahlenk\u00fcnstler*innen ihr duales Studium mit integrierter Ausbildung zu mathematisch-technischen Softwareentwickler*innen\u00a0\u2013\u00a0kurz\u00a0<a href=\"https:\/\/www.itc.rwth-aachen.de\/cms\/IT-Center\/Lehre-Ausbildung\/~letj\/MATSE-Ausbildung\/\">MATSE<\/a>\u00a0\u2013 begonnen.<\/p>\n<p>Im Rahmen des MATSE-Ersti-Events wurden die Neuank\u00f6mmlinge am 4. September im IT Center willkommen gehei\u00dfen. Auch der 6. September hielt spannende Programmpunkte f\u00fcr unsere Erstis bereit.<\/p>\n<p>Um euch einen Eindruck zu verschaffen, haben wir euch die wichtigsten Ereignisse in diesem Blogbeitrag zusammengefasst.<\/p>\n<p>&nbsp;<\/p>\n<p><!--more--><\/p>\n<h3><span style=\"color: #00549f;\">MATSE Begr\u00fc\u00dfung<\/span><\/h3>\n<p>Am Montag, 4. September, hat die MATSE-Begr\u00fc\u00dfung stattgefunden. Diszipliniert, ambitioniert und aufgeschlossen \u2013 die 103 neuen MATSE Azubis wurden herzlich bei uns im H\u00f6rsaal in Empfang genommen. Um 9:30 Uhr wurde mit der Begr\u00fc\u00dfung eine erste Einf\u00fchrung in die MATSE-Ausbildung vermittelt.<\/p>\n<p>&nbsp;<\/p>\n<h3><span style=\"color: #00549f;\">Rallye in 3, 2, 1\u2026 los!<\/span><\/h3>\n<p>Auch in diesem Jahr durfte die MATSE-Rallye nicht fehlen. Voller Tatendrang stellten sich die neuen MATSE ab 12:30 Uhr ihren Rallye-Aufgaben und meisterten sie mit Bravour. An 10 verschiedenen Stationen, die im ganzen IT Center verteilt waren, mussten sich die 10 Gruppen verschiedenen Herausforderungen und R\u00e4tseln stellen. Dabei konnten sie ihre mathematischen und kreativen Skills unter Beweis stellen.<\/p>\n<p>Auf diese Weise erkundeten sie einerseits die Wege und R\u00e4ume im IT Center, andererseits lernten sie sich untereinander kennen und erreichten in ihren Gruppen erste Meilensteine als Team.<\/p>\n<div id=\"attachment_17216\" style=\"width: 310px\" class=\"wp-caption aligncenter\"><a href=\"https:\/\/blog.rwth-aachen.de\/itc\/files\/2023\/09\/DSC0018-scaled.jpg\"><img loading=\"lazy\" decoding=\"async\" aria-describedby=\"caption-attachment-17216\" class=\"size-medium wp-image-17216\" src=\"https:\/\/blog.rwth-aachen.de\/itc\/files\/2023\/09\/DSC0018-300x199.jpg\" alt=\"MATSE-Rallye\" width=\"300\" height=\"199\" srcset=\"https:\/\/blog.rwth-aachen.de\/itc\/files\/2023\/09\/DSC0018-300x199.jpg 300w, https:\/\/blog.rwth-aachen.de\/itc\/files\/2023\/09\/DSC0018-1024x680.jpg 1024w, https:\/\/blog.rwth-aachen.de\/itc\/files\/2023\/09\/DSC0018-768x510.jpg 768w, https:\/\/blog.rwth-aachen.de\/itc\/files\/2023\/09\/DSC0018-1536x1020.jpg 1536w, https:\/\/blog.rwth-aachen.de\/itc\/files\/2023\/09\/DSC0018-2048x1360.jpg 2048w\" sizes=\"auto, (max-width: 300px) 100vw, 300px\" \/><\/a><p id=\"caption-attachment-17216\" class=\"wp-caption-text\">Quelle: Eigene Darstellung<\/p><\/div>\n<p>&nbsp;<\/p>\n<h3><span style=\"color: #00549f;\">MATSE-Dienste<\/span><\/h3>\n<p>Am darauffolgenden Mittwoch, 6. September, fand im Rahmen des zweiten Teils des MATSE-Ersti-Events eine Einf\u00fchrung in die MATSE-Dienste statt. <a href=\"https:\/\/www.itc.rwth-aachen.de\/go\/id\/epvp\/gguid\/PER-FUMWXKP\/allou\/1\/\">Daniel Weinholz<\/a> und die MATSE-Azubis Torben Siekmann und Thomas Janissen versorgten die Erstis mit hilfreichen Informationen und Input f\u00fcr einen erfolgreichen Start in die MATSE-Ausbildung.<\/p>\n<div id=\"attachment_17219\" style=\"width: 310px\" class=\"wp-caption aligncenter\"><a href=\"https:\/\/blog.rwth-aachen.de\/itc\/files\/2023\/09\/DSC_8112-scaled.jpg\"><img loading=\"lazy\" decoding=\"async\" aria-describedby=\"caption-attachment-17219\" class=\"size-medium wp-image-17219\" src=\"https:\/\/blog.rwth-aachen.de\/itc\/files\/2023\/09\/DSC_8112-300x200.jpg\" alt=\"Vortrag von MATSE-Azubis\" width=\"300\" height=\"200\" srcset=\"https:\/\/blog.rwth-aachen.de\/itc\/files\/2023\/09\/DSC_8112-300x200.jpg 300w, https:\/\/blog.rwth-aachen.de\/itc\/files\/2023\/09\/DSC_8112-1024x683.jpg 1024w, https:\/\/blog.rwth-aachen.de\/itc\/files\/2023\/09\/DSC_8112-768x512.jpg 768w, https:\/\/blog.rwth-aachen.de\/itc\/files\/2023\/09\/DSC_8112-1536x1024.jpg 1536w, https:\/\/blog.rwth-aachen.de\/itc\/files\/2023\/09\/DSC_8112-2048x1365.jpg 2048w\" sizes=\"auto, (max-width: 300px) 100vw, 300px\" \/><\/a><p id=\"caption-attachment-17219\" class=\"wp-caption-text\">Quelle: Eigene Darstellung<\/p><\/div>\n<p>&nbsp;<\/p>\n<h3><span style=\"color: #00549f;\">Preisverleihung<\/span><\/h3>\n<p>Bei der anschlie\u00dfenden Preisverleihung wurde das Team mit den meisten gesammelten Punkten in der Rallye als Gewinner-Team gek\u00fcrt. Das gl\u00fcckliche Team konnte sich \u00fcber RWTH-Multitool-Werkzeuge freuen.<\/p>\n<p>Die zweit- und drittplatzierten Teams erhielten RWTH-Tassen und RWTH-Tragebeutel als Siegespr\u00e4mie.<\/p>\n<p>Doch nicht nur die meisten Punkte brachten den Teams den Sieg ein. Auch in puncto Einfallsreichtum wurde das K\u00f6nnen der Erstis gefragt. Bei einer Rallye-Station mussten sie sich von ihrer kreativen Seite bei einer spontanen Skulpturdarstellung zeigen. Gewonnen hat ein Team, dass das Thema \u201eZoo\u201c sehr ansprechend dargestellt hat. Belohnt wurden sie daf\u00fcr mit Bl\u00f6cken und Kugelschreibern des IT Centers.<\/p>\n<p>&nbsp;<\/p>\n<h3><span style=\"color: #00549f;\">F\u00fcr das leibliche Wohl ist gesorgt!<\/span><\/h3>\n<p>F\u00fcr alle Teams, Sponsoren, G\u00e4ste, Ausbildenden und ehemaligen Auszubildenden gab es das von <a href=\"https:\/\/www.m-dual.de\/\">Mathe-Dual e.V<\/a> gesponserte Grillfest direkt im Anschluss an die Preisverleihung. Daf\u00fcr wurde der Parkplatz vor dem IT Center Geb\u00e4ude in der Kopernikusstra\u00dfe f\u00fcr einen Nachmittag zu einem Treffpunkt f\u00fcr alle Beteiligten umfunktioniert. Die Teilnehmenden wurden gut mit allerlei Essen und Getr\u00e4nken bei bestem Sonnenschein versorgt. Letztendlich hatten etwa 140 G\u00e4ste hiermit einen gelungenen Abschluss der Ersti-Tage und alle neuen MATSE-Azubis einen guten Start in die bevorstehende Ausbildung.<\/p>\n<p>&nbsp;<\/p>\n<h3><span style=\"color: #00549f;\">Was hat es mit MATSE auf sich?<\/span><\/h3>\n<p>Insgesamt dauert die MATSE-Ausbildung drei Jahre und endet mit einer Abschlusspr\u00fcfung der IHK. Parallel absolvieren MATSE den\u00a0<a href=\"https:\/\/www.fh-aachen.de\/studium\/angewandte-mathematik-und-informatik-bsc\/\">dualen Bachelorstudiengang \u201eAngewandte Mathematik und Informatik\u201c der FH Aachen<\/a>.<\/p>\n<p>Die MATSE-Ausbildung enth\u00e4lt sowohl theoretische als auch praktische Komponenten, die in den Schwerpunkten Mathematik, Informatik und Programmierung erworben werden. Mit diesem Wissen ist ein Einstieg in die Webentwicklung, Parallelprogrammierung, Simulation von technischen Vorg\u00e4ngen, Datenbankentwicklung, Datenvisualisierung oder in statistische Auswertungen und vielem mehr m\u00f6glich: MATSE sind IT-Spezialisten f\u00fcr Software aller Art.<\/p>\n<p>MATSE sind also beides &#8211; Auszubildende und Studierende! Ihr m\u00f6chtet mehr \u00fcber MATSE erfahren? Dann wendet euch gerne an\u00a0<a href=\"https:\/\/www.itc.rwth-aachen.de\/go\/id\/epvp\/gguid\/0xA0795101DDB99345969444BAE7912778\">Benno Wienke<\/a>, den Ausbildungsleiter der MATSE am IT Center der RWTH Aachen.<\/p>\n<div id=\"attachment_17220\" style=\"width: 310px\" class=\"wp-caption aligncenter\"><a href=\"https:\/\/blog.rwth-aachen.de\/itc\/files\/2023\/09\/DSC_8285-scaled.jpg\"><img loading=\"lazy\" decoding=\"async\" aria-describedby=\"caption-attachment-17220\" class=\"size-medium wp-image-17220\" src=\"https:\/\/blog.rwth-aachen.de\/itc\/files\/2023\/09\/DSC_8285-300x200.jpg\" alt=\"MATSE Roll-ups\" width=\"300\" height=\"200\" srcset=\"https:\/\/blog.rwth-aachen.de\/itc\/files\/2023\/09\/DSC_8285-300x200.jpg 300w, https:\/\/blog.rwth-aachen.de\/itc\/files\/2023\/09\/DSC_8285-1024x683.jpg 1024w, https:\/\/blog.rwth-aachen.de\/itc\/files\/2023\/09\/DSC_8285-768x512.jpg 768w, https:\/\/blog.rwth-aachen.de\/itc\/files\/2023\/09\/DSC_8285-1536x1024.jpg 1536w, https:\/\/blog.rwth-aachen.de\/itc\/files\/2023\/09\/DSC_8285-2048x1365.jpg 2048w\" sizes=\"auto, (max-width: 300px) 100vw, 300px\" \/><\/a><p id=\"caption-attachment-17220\" class=\"wp-caption-text\">Quelle: Eigene Darstellung<\/p><\/div>\n<p>&nbsp;<\/p>\n<hr \/>\n<p>Verantwortlich f\u00fcr die Inhalte dieses Beitrags sind <a href=\"https:\/\/www.itc.rwth-aachen.de\/cms\/it-center\/IT-Center\/Profil\/Team\/~epvp\/Mitarbeiter-CAMPUS-\/?gguid=0xEFE758683719544CA2E760636B6AF6CF&amp;allou=1&amp;lidx=1\">Jelena \u0106ulum<\/a> und <a href=\"https:\/\/www.itc.rwth-aachen.de\/cms\/it-center\/IT-Center\/Profil\/Team\/~epvp\/Mitarbeiter-CAMPUS-\/?gguid=0x0755776D6F4C3E49924A7631CC673319&amp;allou=1\">Claudia Keverp\u00fctz<\/a>.<\/p>","protected":false},"excerpt":{"rendered":"<p>Auch in diesem Jahr erfreuen wir uns an dem sogar dreistelligen MATSE-Zuwachs! Es haben 103 angehende Zahlenk\u00fcnstler*innen ihr duales Studium mit integrierter Ausbildung zu mathematisch-technischen Softwareentwickler*innen\u00a0\u2013\u00a0kurz\u00a0MATSE\u00a0\u2013 begonnen. Im Rahmen des [&hellip;]<\/p>\n","protected":false},"author":4530,"featured_media":17214,"comment_status":"open","ping_status":"closed","sticky":false,"template":"","format":"standard","meta":{"c2c_always_allow_admin_comments":false,"footnotes":""},"categories":[341,308,311,312],"tags":[274,832,636,168,289],"class_list":["post-17213","post","type-post","status-publish","format-standard","has-post-thumbnail","hentry","category-ausbildung-jobs","category-events-jubilaen-erfolge","category-fun-facts","category-insight-it-center","tag-ausbildung","tag-duales-studium","tag-erstis","tag-event","tag-matse"],"aioseo_notices":[],"_links":{"self":[{"href":"https:\/\/blog.rwth-aachen.de\/itc\/wp-json\/wp\/v2\/posts\/17213","targetHints":{"allow":["GET"]}}],"collection":[{"href":"https:\/\/blog.rwth-aachen.de\/itc\/wp-json\/wp\/v2\/posts"}],"about":[{"href":"https:\/\/blog.rwth-aachen.de\/itc\/wp-json\/wp\/v2\/types\/post"}],"author":[{"embeddable":true,"href":"https:\/\/blog.rwth-aachen.de\/itc\/wp-json\/wp\/v2\/users\/4530"}],"replies":[{"embeddable":true,"href":"https:\/\/blog.rwth-aachen.de\/itc\/wp-json\/wp\/v2\/comments?post=17213"}],"version-history":[{"count":11,"href":"https:\/\/blog.rwth-aachen.de\/itc\/wp-json\/wp\/v2\/posts\/17213\/revisions"}],"predecessor-version":[{"id":17417,"href":"https:\/\/blog.rwth-aachen.de\/itc\/wp-json\/wp\/v2\/posts\/17213\/revisions\/17417"}],"wp:featuredmedia":[{"embeddable":true,"href":"https:\/\/blog.rwth-aachen.de\/itc\/wp-json\/wp\/v2\/media\/17214"}],"wp:attachment":[{"href":"https:\/\/blog.rwth-aachen.de\/itc\/wp-json\/wp\/v2\/media?parent=17213"}],"wp:term":[{"taxonomy":"category","embeddable":true,"href":"https:\/\/blog.rwth-aachen.de\/itc\/wp-json\/wp\/v2\/categories?post=17213"},{"taxonomy":"post_tag","embeddable":true,"href":"https:\/\/blog.rwth-aachen.de\/itc\/wp-json\/wp\/v2\/tags?post=17213"}],"curies":[{"name":"wp","href":"https:\/\/api.w.org\/{rel}","templated":true}]}}