{"id":17820,"date":"2023-11-15T11:00:19","date_gmt":"2023-11-15T10:00:19","guid":{"rendered":"https:\/\/blog.rwth-aachen.de\/itc\/?p=17820"},"modified":"2023-11-16T16:25:30","modified_gmt":"2023-11-16T15:25:30","slug":"25-jaehriges-bestehen-der-vr-gruppe","status":"publish","type":"post","link":"https:\/\/blog.rwth-aachen.de\/itc\/2023\/11\/15\/25-jaehriges-bestehen-der-vr-gruppe\/","title":{"rendered":"25-j\u00e4hriges Bestehen der VR Gruppe"},"content":{"rendered":"<div class=\"twoclick_social_bookmarks_post_17820 social_share_privacy clearfix 1.6.4 locale-de_DE sprite-de_DE\"><\/div><div class=\"twoclick-js\"><script type=\"text\/javascript\">\/* <![CDATA[ *\/\njQuery(document).ready(function($){if($('.twoclick_social_bookmarks_post_17820')){$('.twoclick_social_bookmarks_post_17820').socialSharePrivacy({\"txt_help\":\"Wenn Sie diese Felder durch einen Klick aktivieren, werden Informationen an Facebook, Twitter, Flattr, Xing, t3n, LinkedIn, Pinterest oder Google eventuell ins Ausland \\u00fcbertragen und unter Umst\\u00e4nden auch dort gespeichert. N\\u00e4heres erfahren Sie durch einen Klick auf das <em>i<\\\/em>.\",\"settings_perma\":\"Dauerhaft aktivieren und Daten\\u00fcber-tragung zustimmen:\",\"info_link\":\"http:\\\/\\\/www.heise.de\\\/ct\\\/artikel\\\/2-Klicks-fuer-mehr-Datenschutz-1333879.html\",\"uri\":\"https:\\\/\\\/blog.rwth-aachen.de\\\/itc\\\/2023\\\/11\\\/15\\\/25-jaehriges-bestehen-der-vr-gruppe\\\/\",\"post_id\":17820,\"post_title_referrer_track\":\"25-j%C3%A4hriges+Bestehen+der+VR+Gruppe\",\"display_infobox\":\"on\"});}});\n\/* ]]> *\/<\/script><\/div><p><div id=\"attachment_17821\" style=\"width: 310px\" class=\"wp-caption alignright\"><a href=\"https:\/\/blog.rwth-aachen.de\/itc\/files\/2023\/11\/PXL_20231005_132455111-scaled.jpg\"><img loading=\"lazy\" decoding=\"async\" aria-describedby=\"caption-attachment-17821\" class=\"size-medium wp-image-17821\" src=\"https:\/\/blog.rwth-aachen.de\/itc\/files\/2023\/11\/PXL_20231005_132455111-300x226.jpg\" alt=\"Aufnahme der CAVE von oben herab\" width=\"300\" height=\"226\" srcset=\"https:\/\/blog.rwth-aachen.de\/itc\/files\/2023\/11\/PXL_20231005_132455111-300x226.jpg 300w, https:\/\/blog.rwth-aachen.de\/itc\/files\/2023\/11\/PXL_20231005_132455111-1024x771.jpg 1024w, https:\/\/blog.rwth-aachen.de\/itc\/files\/2023\/11\/PXL_20231005_132455111-768x578.jpg 768w, https:\/\/blog.rwth-aachen.de\/itc\/files\/2023\/11\/PXL_20231005_132455111-1536x1157.jpg 1536w, https:\/\/blog.rwth-aachen.de\/itc\/files\/2023\/11\/PXL_20231005_132455111-2048x1542.jpg 2048w\" sizes=\"auto, (max-width: 300px) 100vw, 300px\" \/><\/a><p id=\"caption-attachment-17821\" class=\"wp-caption-text\">Quelle: Eigene Darstellung<\/p><\/div><\/p>\n<p>Seit bereits einem Vierteljahrhundert erforscht <a href=\"https:\/\/www.itc.rwth-aachen.de\/cms\/it-center\/Forschung-Projekte\/Forschungsschwerpunkte\/~xrskb\/Virtuelle-Realitaet\/\">unsere VR Gruppe<\/a> die verschiedenen Anwendungsm\u00f6glichkeiten von Virtueller Realit\u00e4t (VR) an der RWTH Aachen University.<\/p>\n<p>Wir sagen \u2013 <span style=\"color: #00549f;\"><strong>HAPPY BIRTHDAY<\/strong><\/span><\/p>\n<p><!--more--><\/p>\n<p>&nbsp;<\/p>\n<h3><span style=\"color: #00549f;\">Wie alles Begann\u2026<\/span><\/h3>\n<p>Als Ende der 90er Jahre einzelne RWTH-Institute begannen, an oder mit Virtual Reality zu arbeiten, wurde sehr schnell klar, dass eine qualitativ hochwertige Forschung zu VR-Technologien und -Methoden erforderlich wurde. Somit wurde im Herbst 1998 die Virtual Reality Gruppe von Professor Christian Bischof, dem damaligen Leiter des Rechenzentrums (heutiges <a href=\"https:\/\/www.itc.rwth-aachen.de\/go\/id\/rbnjb\/\">IT Center<\/a>) und Dr. Torsten Kuhlen, der vom Institut f\u00fcr Mensch-Maschine-Interaktion in diesem Zusammenhang ans Rechenzentrum wechselte, gegr\u00fcndet.<\/p>\n<p>Ziel der Gruppe ist es seither, VR-Technik zu evaluieren und f\u00fcr die Simulation komplexer wissenschaftlicher Sachzusammenh\u00e4nge bereitzustellen und zu optimieren. Von Beginn an zeugte die hohe Anzahl an Kooperationen mit RWTH-Instituten aus verschiedenen Fakult\u00e4ten sowie Unternehmen und externe Forschungseinrichtungen von gro\u00dfem Potenzial dieser Technik.<\/p>\n<p>Somit war und ist der Einsatz von VR von gro\u00dfer Bedeutung f\u00fcr die unterschiedlichsten Disziplinen der Wissenschaft ist und erm\u00f6glichte schon fr\u00fch eine entsprechend notwendige personelle und maschinelle Infrastruktur an der RWTH.<\/p>\n<p>Seit der Gr\u00fcndung bestehen zwei wesentliche Arbeitsschwerpunkte: die anwendungsgetriebene Forschung in den Bereichen der Virtuellen Realit\u00e4t und der immersiven Visualisierung sowie die Erschlie\u00dfung von VR-Technologie f\u00fcr die breite Nutzung in der RWTH Aachen.<\/p>\n<p><span style=\"color: #000000;\">Zur Vertiefung der zugeh\u00f6rigen wissenschaftlichen Aktivit\u00e4ten engagiert sich die VR Gruppe seit 2015 unter der Leitung von Prof. Dr. Torsten Kuhlen auch als Lehr- und Forschungsgebiet<\/span><\/p>\n<div id=\"attachment_17822\" style=\"width: 310px\" class=\"wp-caption alignright\"><a href=\"https:\/\/blog.rwth-aachen.de\/itc\/files\/2023\/11\/8977203.jpg\"><img loading=\"lazy\" decoding=\"async\" aria-describedby=\"caption-attachment-17822\" class=\"size-medium wp-image-17822\" src=\"https:\/\/blog.rwth-aachen.de\/itc\/files\/2023\/11\/8977203-300x300.jpg\" alt=\"\" width=\"300\" height=\"300\" srcset=\"https:\/\/blog.rwth-aachen.de\/itc\/files\/2023\/11\/8977203-300x300.jpg 300w, https:\/\/blog.rwth-aachen.de\/itc\/files\/2023\/11\/8977203-1024x1024.jpg 1024w, https:\/\/blog.rwth-aachen.de\/itc\/files\/2023\/11\/8977203-150x150.jpg 150w, https:\/\/blog.rwth-aachen.de\/itc\/files\/2023\/11\/8977203-768x768.jpg 768w, https:\/\/blog.rwth-aachen.de\/itc\/files\/2023\/11\/8977203-1536x1536.jpg 1536w, https:\/\/blog.rwth-aachen.de\/itc\/files\/2023\/11\/8977203-50x50.jpg 50w, https:\/\/blog.rwth-aachen.de\/itc\/files\/2023\/11\/8977203.jpg 2000w\" sizes=\"auto, (max-width: 300px) 100vw, 300px\" \/><\/a><p id=\"caption-attachment-17822\" class=\"wp-caption-text\">Quelle: Freepik<\/p><\/div>\n<p><span style=\"color: #000000;\">&#8222;Virtuelle Realit\u00e4t und Immersive Visualisierung&#8220; in der Fachgruppe Informatik der RWTH.<\/span><\/p>\n<p>&nbsp;<\/p>\n<h3><span style=\"color: #00549f;\">Wir feiern silbernes Jubil\u00e4um<\/span><\/h3>\n<p>Mittlerweile betreibt die Virtual Reality Group (VRG) eines der gr\u00f6\u00dften Virtual Reality Labore der Welt. Die Ausstattung reicht von kleinen, desktop-nahen Systemen bis hin zur <a href=\"https:\/\/www.itc.rwth-aachen.de\/cms\/it-center\/Forschung-Projekte\/Forschungsschwerpunkte\/Virtuelle-Realitaet\/~fgqa\/AixCAVE\/\" target=\"_blank\" rel=\"noopener\">aixCAVE<\/a>, einer Raumprojektion, die auf einer Grundfl\u00e4che von etwa 30 Quadratmetern die interaktive Exploration virtueller Welten erlaubt. Die aixCAVE hat im Jahr 2012, als Nachfolger der CAVE aus dem Jahr 2004, einen wichtigen Meilenstein gesetzt. Sie ist eine f\u00fcnfseitige Virtual-Reality-Installation zur Darstellung immersiver, virtueller Umgebungen und kann von jedem Institut der RWTH Aachen kostenfrei genutzt werden.<\/p>\n<p>Insbesondere von zahlreichen Instituten der RWTH und deren Kooperationspartnern aus Industrie und akademischer Welt wird die aixCAVE genutzt.<\/p>\n<p>Die Gruppe war und ist \u2013 zum Teil federf\u00fchrend \u2013 an mehreren Projekten der Deutschen Forschungsgemeinschaft (DFG), des Bundesministeriums f\u00fcr Bildung und Forschung (BMBF) sowie der Europ\u00e4ischen Union beteiligt. Dar\u00fcber hinaus engagiert sich die Gruppe im National High Performance Computing Center for Computational Engineering Science (NHR4CES) und im Center for Simulation and Data Science der J\u00fclich Aachen Research Alliance (JARA-CSD).<\/p>\n<p>Mit dem Aufkommen kosteng\u00fcnstiger und qualitativ hochwertiger Head-Mounted Displays und dem darauffolgenden neuerlichen Hype um das Thema Virtual und Augmented Reality ergeben sich neue Chancen f\u00fcr eine breite Anwendung dieser Technologie. Und das nicht nur in der Unterhaltungsindustrie, sondern auch in Forschung, Lehre, und industriellen Anwendungen. Aktuelle Arbeiten der Gruppe, virtuelle Charaktere in Form von Agenten oder Avataren in die Interaktion mit virtuellen Umgebungen einzubetten, und schlie\u00dflich die Verbindung von Virtueller Realit\u00e4t und k\u00fcnstlicher Intelligenz, stellen ganz neue M\u00f6glichkeiten in Aussicht, die bis vor Kurzem nicht einmal denkbar erschienen.<\/p>\n<p>&nbsp;<\/p>\n<h3><span style=\"color: #00549f;\">Virtual Reality im Trend<\/span><\/h3>\n<p>Die Aachener Zeitung berichtete am 19. September 2023 von der immer weiter zunehmenden Begeisterung von VR in der Gesellschaft und interviewte hierf\u00fcr <a href=\"https:\/\/www.itc.rwth-aachen.de\/cms\/it-center\/IT-Center\/Profil\/Team\/~epvp\/Mitarbeiter-CAMPUS-\/?gguid=0x34077156CE85D51196710000F4B4937D&amp;allou=1\">Prof. Dr.Torsten Kuhlen<\/a> zum Forschungsspektrum am IT Center rund um VR.<\/p>\n<p>Den kompletten Zeitungsartikel, in dem es besonders um das VR-Spieleangebot in Aachen geht, k\u00f6nnt ihr mit einem Abonnement der <a href=\"https:\/\/www.aachener-zeitung.de\/lokales\/aachen\/virtual-reality-in-aachen_aid-97430237\">Aachener Zeitung<\/a> nachlesen.<\/p>\n<p>&nbsp;<\/p>\n<h3><span style=\"color: #00549f;\">Services rund um Virtuelle Realit\u00e4t am IT Center<\/span><\/h3>\n<p>Es wird ein breites Spektrum an Serviceleistungen f\u00fcr Institute der RWTH und lokale Unternehmen geboten:<\/p>\n<div id=\"attachment_17823\" style=\"width: 310px\" class=\"wp-caption alignright\"><a href=\"https:\/\/blog.rwth-aachen.de\/itc\/files\/2023\/11\/PXL_20231005_140030650-scaled.jpg\"><img loading=\"lazy\" decoding=\"async\" aria-describedby=\"caption-attachment-17823\" class=\"size-medium wp-image-17823\" src=\"https:\/\/blog.rwth-aachen.de\/itc\/files\/2023\/11\/PXL_20231005_140030650-300x226.jpg\" alt=\"Einblick in die aixCAVE von der Seite fotografiert\" width=\"300\" height=\"226\" srcset=\"https:\/\/blog.rwth-aachen.de\/itc\/files\/2023\/11\/PXL_20231005_140030650-300x226.jpg 300w, https:\/\/blog.rwth-aachen.de\/itc\/files\/2023\/11\/PXL_20231005_140030650-1024x771.jpg 1024w, https:\/\/blog.rwth-aachen.de\/itc\/files\/2023\/11\/PXL_20231005_140030650-768x578.jpg 768w, https:\/\/blog.rwth-aachen.de\/itc\/files\/2023\/11\/PXL_20231005_140030650-1536x1157.jpg 1536w, https:\/\/blog.rwth-aachen.de\/itc\/files\/2023\/11\/PXL_20231005_140030650-2048x1542.jpg 2048w\" sizes=\"auto, (max-width: 300px) 100vw, 300px\" \/><\/a><p id=\"caption-attachment-17823\" class=\"wp-caption-text\">Quelle: Eigene Darstellung<\/p><\/div>\n<ul>\n<li>Nutzung des VR Lab im IT Center (aixCAVE, Headset-VR-Systeme, Visualisierungscluster)<\/li>\n<li>Nutzung unserer Virtual-Reality-Integrationen f\u00fcr Unity und die Unreal Engine<\/li>\n<li>Beratung und methodische Unterst\u00fctzung bei der Erstellung von (immersiven) Visualisierungen und VR-Anwendungen<\/li>\n<li>Entwicklung schl\u00fcsselfertiger Visualisierungs- und VR-Anwendungen<\/li>\n<li>Beratung zum Aufbau der VR-Infrastruktur an den Instituten und Lehrst\u00fchlen<\/li>\n<li>Mitarbeit in Forschungsprojekten mit wissenschaftlichen Fragestellungen rund um (immersive) Visualisierung und Virtual Reality<\/li>\n<\/ul>\n<p>Bei Fragen dazu wendet euch gerne an das <a href=\"https:\/\/www.itc.rwth-aachen.de\/cms\/it-center\/Services\/Forschung\/~fdbm\/Virtuelle-Realitaet\/\">VR Supportteam.<\/a><\/p>\n<p>Wir freuen uns auf viele weitere spannende Jahre und Projekte aus dem Bereich VR und wenn es in weiteren 25 Jahren hei\u00dft \u2013 wir feiern goldenes Jubil\u00e4um!<\/p>\n<p>&nbsp;<\/p>\n<hr \/>\n<p>Verantwortlich f\u00fcr die Inhalte dieses Beitrags ist <a href=\"https:\/\/www.itc.rwth-aachen.de\/cms\/it-center\/IT-Center\/Profil\/Team\/~epvp\/Mitarbeiter-CAMPUS-\/?gguid=0x0DB38A849F944D4297D553F09ED3C344&amp;allou=1\">Dunja Gath<\/a>, <a href=\"https:\/\/www.itc.rwth-aachen.de\/cms\/it-center\/IT-Center\/Profil\/Team\/~epvp\/Mitarbeiter-CAMPUS-\/?gguid=0x34077156CE85D51196710000F4B4937D&amp;allou=1\" target=\"_blank\" rel=\"noopener\">Prof. Dr. Torsten Kuhlen<\/a> und <a href=\"https:\/\/www.itc.rwth-aachen.de\/cms\/it-center\/IT-Center\/Profil\/Team\/~epvp\/Mitarbeiter-CAMPUS-\/?gguid=0x8E24251FDF27C24EA18FF2B7612DC062&amp;allou=1\" target=\"_blank\" rel=\"noopener\">Tanja Wittpoth-Richter.<\/a><\/p>","protected":false},"excerpt":{"rendered":"<p>Seit bereits einem Vierteljahrhundert erforscht unsere VR Gruppe die verschiedenen Anwendungsm\u00f6glichkeiten von Virtueller Realit\u00e4t (VR) an der RWTH Aachen University. Wir sagen \u2013 HAPPY BIRTHDAY<\/p>\n","protected":false},"author":2589,"featured_media":17823,"comment_status":"open","ping_status":"closed","sticky":false,"template":"","format":"standard","meta":{"c2c_always_allow_admin_comments":false,"footnotes":""},"categories":[308,312,305],"tags":[1039,1038,1034,99,1029,1036,1037,1026,1035],"class_list":["post-17820","post","type-post","status-publish","format-standard","has-post-thumbnail","hentry","category-events-jubilaen-erfolge","category-insight-it-center","category-themen","tag-25-jahre","tag-anniversary","tag-happy-birthday","tag-it-center","tag-rwth-aachen","tag-virtual-reality","tag-virtuelle-realitaet","tag-vr","tag-vr-group"],"aioseo_notices":[],"aioseo_head":"\n\t\t<!-- All in One SEO 4.9.8 - aioseo.com -->\n\t<meta name=\"description\" content=\"Quelle: Eigene Darstellung Seit bereits einem Vierteljahrhundert erforscht unsere VR Gruppe die verschiedenen Anwendungsm\u00f6glichkeiten von Virtueller Realit\u00e4t (VR) an der RWTH Aachen University. Wir sagen \u2013 HAPPY BIRTHDAY Wie alles Begann\u2026 Als Ende der 90er Jahre einzelne RWTH-Institute begannen, an oder mit Virtual Reality zu arbeiten, wurde sehr schnell klar, dass eine qualitativ hochwertige\" \/>\n\t<meta name=\"robots\" content=\"max-image-preview:large\" \/>\n\t<meta name=\"author\" content=\"Gath, Dunja\"\/>\n\t<meta name=\"keywords\" content=\"25 jahre,anniversary,happy birthday!,it center,rwth aachen,virtual reality,virtuelle realit\u00e4t,vr,vr group,events, jubil\u00e4en &amp; erfolge,insight it center,themen\" \/>\n\t<link rel=\"canonical\" href=\"https:\/\/blog.rwth-aachen.de\/itc\/2023\/11\/15\/25-jaehriges-bestehen-der-vr-gruppe\/\" \/>\n\t<meta name=\"generator\" content=\"All in One SEO (AIOSEO) 4.9.8\" \/>\n\t\t<meta property=\"og:locale\" content=\"de_DE\" \/>\n\t\t<meta property=\"og:site_name\" content=\"IT Center Blog \u2022\" \/>\n\t\t<meta property=\"og:type\" content=\"article\" \/>\n\t\t<meta property=\"og:title\" content=\"25-j\u00e4hriges Bestehen der VR Gruppe \u2022 IT Center Blog\" \/>\n\t\t<meta property=\"og:description\" content=\"Quelle: Eigene Darstellung Seit bereits einem Vierteljahrhundert erforscht unsere VR Gruppe die verschiedenen Anwendungsm\u00f6glichkeiten von Virtueller Realit\u00e4t (VR) an der RWTH Aachen University. Wir sagen \u2013 HAPPY BIRTHDAY Wie alles Begann\u2026 Als Ende der 90er Jahre einzelne RWTH-Institute begannen, an oder mit Virtual Reality zu arbeiten, wurde sehr schnell klar, dass eine qualitativ hochwertige\" \/>\n\t\t<meta property=\"og:url\" content=\"https:\/\/blog.rwth-aachen.de\/itc\/2023\/11\/15\/25-jaehriges-bestehen-der-vr-gruppe\/\" \/>\n\t\t<meta property=\"article:published_time\" content=\"2023-11-15T10:00:19+00:00\" \/>\n\t\t<meta property=\"article:modified_time\" content=\"2023-11-16T15:25:30+00:00\" \/>\n\t\t<meta property=\"article:publisher\" content=\"https:\/\/www.facebook.com\/itcenterrwth\" \/>\n\t\t<meta name=\"twitter:card\" content=\"summary\" \/>\n\t\t<meta name=\"twitter:site\" content=\"@ITCenterRWTH\" \/>\n\t\t<meta name=\"twitter:title\" content=\"25-j\u00e4hriges Bestehen der VR Gruppe \u2022 IT Center Blog\" \/>\n\t\t<meta name=\"twitter:description\" content=\"Quelle: Eigene Darstellung Seit bereits einem Vierteljahrhundert erforscht unsere VR Gruppe die verschiedenen Anwendungsm\u00f6glichkeiten von Virtueller Realit\u00e4t (VR) an der RWTH Aachen University. Wir sagen \u2013 HAPPY BIRTHDAY Wie alles Begann\u2026 Als Ende der 90er Jahre einzelne RWTH-Institute begannen, an oder mit Virtual Reality zu arbeiten, wurde sehr schnell klar, dass eine qualitativ hochwertige\" \/>\n\t\t<meta name=\"twitter:creator\" content=\"@ITCenterRWTH\" \/>\n\t\t<script type=\"application\/ld+json\" class=\"aioseo-schema\">\n\t\t\t{\"@context\":\"https:\\\/\\\/schema.org\",\"@graph\":[{\"@type\":\"BlogPosting\",\"@id\":\"https:\\\/\\\/blog.rwth-aachen.de\\\/itc\\\/2023\\\/11\\\/15\\\/25-jaehriges-bestehen-der-vr-gruppe\\\/#blogposting\",\"name\":\"25-j\\u00e4hriges Bestehen der VR Gruppe \\u2022 IT Center Blog\",\"headline\":\"25-j\\u00e4hriges Bestehen der VR Gruppe\",\"author\":{\"@id\":\"https:\\\/\\\/blog.rwth-aachen.de\\\/itc\\\/author\\\/2589\\\/#author\"},\"publisher\":{\"@id\":\"https:\\\/\\\/blog.rwth-aachen.de\\\/itc\\\/#organization\"},\"image\":{\"@type\":\"ImageObject\",\"url\":\"https:\\\/\\\/blog.rwth-aachen.de\\\/itc\\\/files\\\/2023\\\/11\\\/PXL_20231005_140030650-scaled.jpg\",\"width\":2560,\"height\":1928,\"caption\":\"Quelle: IT Center\"},\"datePublished\":\"2023-11-15T11:00:19+01:00\",\"dateModified\":\"2023-11-16T16:25:30+01:00\",\"inLanguage\":\"de-DE\",\"mainEntityOfPage\":{\"@id\":\"https:\\\/\\\/blog.rwth-aachen.de\\\/itc\\\/2023\\\/11\\\/15\\\/25-jaehriges-bestehen-der-vr-gruppe\\\/#webpage\"},\"isPartOf\":{\"@id\":\"https:\\\/\\\/blog.rwth-aachen.de\\\/itc\\\/2023\\\/11\\\/15\\\/25-jaehriges-bestehen-der-vr-gruppe\\\/#webpage\"},\"articleSection\":\"Events, Jubil\\u00e4en &amp; Erfolge, Insight IT Center, Themen, 25 Jahre, anniversary, Happy Birthday!, IT Center, RWTH Aachen, Virtual Reality, Virtuelle Realit\\u00e4t, VR, VR Group\"},{\"@type\":\"BreadcrumbList\",\"@id\":\"https:\\\/\\\/blog.rwth-aachen.de\\\/itc\\\/2023\\\/11\\\/15\\\/25-jaehriges-bestehen-der-vr-gruppe\\\/#breadcrumblist\",\"itemListElement\":[{\"@type\":\"ListItem\",\"@id\":\"https:\\\/\\\/blog.rwth-aachen.de\\\/itc#listItem\",\"position\":1,\"name\":\"Home\",\"item\":\"https:\\\/\\\/blog.rwth-aachen.de\\\/itc\",\"nextItem\":{\"@type\":\"ListItem\",\"@id\":\"https:\\\/\\\/blog.rwth-aachen.de\\\/itc\\\/category\\\/themen\\\/#listItem\",\"name\":\"Themen\"}},{\"@type\":\"ListItem\",\"@id\":\"https:\\\/\\\/blog.rwth-aachen.de\\\/itc\\\/category\\\/themen\\\/#listItem\",\"position\":2,\"name\":\"Themen\",\"item\":\"https:\\\/\\\/blog.rwth-aachen.de\\\/itc\\\/category\\\/themen\\\/\",\"nextItem\":{\"@type\":\"ListItem\",\"@id\":\"https:\\\/\\\/blog.rwth-aachen.de\\\/itc\\\/category\\\/themen\\\/events-jubilaen-erfolge\\\/#listItem\",\"name\":\"Events, Jubil\\u00e4en &amp; Erfolge\"},\"previousItem\":{\"@type\":\"ListItem\",\"@id\":\"https:\\\/\\\/blog.rwth-aachen.de\\\/itc#listItem\",\"name\":\"Home\"}},{\"@type\":\"ListItem\",\"@id\":\"https:\\\/\\\/blog.rwth-aachen.de\\\/itc\\\/category\\\/themen\\\/events-jubilaen-erfolge\\\/#listItem\",\"position\":3,\"name\":\"Events, Jubil\\u00e4en &amp; Erfolge\",\"item\":\"https:\\\/\\\/blog.rwth-aachen.de\\\/itc\\\/category\\\/themen\\\/events-jubilaen-erfolge\\\/\",\"nextItem\":{\"@type\":\"ListItem\",\"@id\":\"https:\\\/\\\/blog.rwth-aachen.de\\\/itc\\\/2023\\\/11\\\/15\\\/25-jaehriges-bestehen-der-vr-gruppe\\\/#listItem\",\"name\":\"25-j\\u00e4hriges Bestehen der VR Gruppe\"},\"previousItem\":{\"@type\":\"ListItem\",\"@id\":\"https:\\\/\\\/blog.rwth-aachen.de\\\/itc\\\/category\\\/themen\\\/#listItem\",\"name\":\"Themen\"}},{\"@type\":\"ListItem\",\"@id\":\"https:\\\/\\\/blog.rwth-aachen.de\\\/itc\\\/2023\\\/11\\\/15\\\/25-jaehriges-bestehen-der-vr-gruppe\\\/#listItem\",\"position\":4,\"name\":\"25-j\\u00e4hriges Bestehen der VR Gruppe\",\"previousItem\":{\"@type\":\"ListItem\",\"@id\":\"https:\\\/\\\/blog.rwth-aachen.de\\\/itc\\\/category\\\/themen\\\/events-jubilaen-erfolge\\\/#listItem\",\"name\":\"Events, Jubil\\u00e4en &amp; Erfolge\"}}]},{\"@type\":\"Organization\",\"@id\":\"https:\\\/\\\/blog.rwth-aachen.de\\\/itc\\\/#organization\",\"name\":\"IT Center RWTH Aachen University\",\"url\":\"https:\\\/\\\/blog.rwth-aachen.de\\\/itc\\\/\",\"logo\":{\"@type\":\"ImageObject\",\"url\":\"https:\\\/\\\/blog.rwth-aachen.de\\\/itc\\\/files\\\/2018\\\/09\\\/IT-Center-Logo.png\",\"@id\":\"https:\\\/\\\/blog.rwth-aachen.de\\\/itc\\\/2023\\\/11\\\/15\\\/25-jaehriges-bestehen-der-vr-gruppe\\\/#organizationLogo\",\"width\":1312,\"height\":378,\"caption\":\"IT Center Logo\"},\"image\":{\"@id\":\"https:\\\/\\\/blog.rwth-aachen.de\\\/itc\\\/2023\\\/11\\\/15\\\/25-jaehriges-bestehen-der-vr-gruppe\\\/#organizationLogo\"},\"sameAs\":[\"https:\\\/\\\/www.facebook.com\\\/itcenterrwth\",\"https:\\\/\\\/twitter.com\\\/ITCenterRWTH\",\"https:\\\/\\\/www.youtube.com\\\/c\\\/itcenterrwthaachen\",\"https:\\\/\\\/www.linkedin.com\\\/company\\\/itcenterrwth\"]},{\"@type\":\"Person\",\"@id\":\"https:\\\/\\\/blog.rwth-aachen.de\\\/itc\\\/author\\\/2589\\\/#author\",\"url\":\"https:\\\/\\\/blog.rwth-aachen.de\\\/itc\\\/author\\\/2589\\\/\",\"name\":\"Gath, Dunja\",\"image\":{\"@type\":\"ImageObject\",\"@id\":\"https:\\\/\\\/blog.rwth-aachen.de\\\/itc\\\/2023\\\/11\\\/15\\\/25-jaehriges-bestehen-der-vr-gruppe\\\/#authorImage\",\"url\":\"https:\\\/\\\/secure.gravatar.com\\\/avatar\\\/6d607175ae589d3280929ec6c60449063519fec6b058fa8f30eb6bab847225c2?s=96&d=blank&r=g\",\"width\":96,\"height\":96,\"caption\":\"Gath, Dunja\"}},{\"@type\":\"WebPage\",\"@id\":\"https:\\\/\\\/blog.rwth-aachen.de\\\/itc\\\/2023\\\/11\\\/15\\\/25-jaehriges-bestehen-der-vr-gruppe\\\/#webpage\",\"url\":\"https:\\\/\\\/blog.rwth-aachen.de\\\/itc\\\/2023\\\/11\\\/15\\\/25-jaehriges-bestehen-der-vr-gruppe\\\/\",\"name\":\"25-j\\u00e4hriges Bestehen der VR Gruppe \\u2022 IT Center Blog\",\"description\":\"Quelle: Eigene Darstellung Seit bereits einem Vierteljahrhundert erforscht unsere VR Gruppe die verschiedenen Anwendungsm\\u00f6glichkeiten von Virtueller Realit\\u00e4t (VR) an der RWTH Aachen University. Wir sagen \\u2013 HAPPY BIRTHDAY Wie alles Begann\\u2026 Als Ende der 90er Jahre einzelne RWTH-Institute begannen, an oder mit Virtual Reality zu arbeiten, wurde sehr schnell klar, dass eine qualitativ hochwertige\",\"inLanguage\":\"de-DE\",\"isPartOf\":{\"@id\":\"https:\\\/\\\/blog.rwth-aachen.de\\\/itc\\\/#website\"},\"breadcrumb\":{\"@id\":\"https:\\\/\\\/blog.rwth-aachen.de\\\/itc\\\/2023\\\/11\\\/15\\\/25-jaehriges-bestehen-der-vr-gruppe\\\/#breadcrumblist\"},\"author\":{\"@id\":\"https:\\\/\\\/blog.rwth-aachen.de\\\/itc\\\/author\\\/2589\\\/#author\"},\"creator\":{\"@id\":\"https:\\\/\\\/blog.rwth-aachen.de\\\/itc\\\/author\\\/2589\\\/#author\"},\"image\":{\"@type\":\"ImageObject\",\"url\":\"https:\\\/\\\/blog.rwth-aachen.de\\\/itc\\\/files\\\/2023\\\/11\\\/PXL_20231005_140030650-scaled.jpg\",\"@id\":\"https:\\\/\\\/blog.rwth-aachen.de\\\/itc\\\/2023\\\/11\\\/15\\\/25-jaehriges-bestehen-der-vr-gruppe\\\/#mainImage\",\"width\":2560,\"height\":1928,\"caption\":\"Quelle: IT Center\"},\"primaryImageOfPage\":{\"@id\":\"https:\\\/\\\/blog.rwth-aachen.de\\\/itc\\\/2023\\\/11\\\/15\\\/25-jaehriges-bestehen-der-vr-gruppe\\\/#mainImage\"},\"datePublished\":\"2023-11-15T11:00:19+01:00\",\"dateModified\":\"2023-11-16T16:25:30+01:00\"},{\"@type\":\"WebSite\",\"@id\":\"https:\\\/\\\/blog.rwth-aachen.de\\\/itc\\\/#website\",\"url\":\"https:\\\/\\\/blog.rwth-aachen.de\\\/itc\\\/\",\"name\":\"IT Center Blog\",\"inLanguage\":\"de-DE\",\"publisher\":{\"@id\":\"https:\\\/\\\/blog.rwth-aachen.de\\\/itc\\\/#organization\"}}]}\n\t\t<\/script>\n\t\t<!-- All in One SEO -->\n\n","aioseo_head_json":{"title":"25-j\u00e4hriges Bestehen der VR Gruppe \u2022 IT Center Blog","description":"Quelle: Eigene Darstellung Seit bereits einem Vierteljahrhundert erforscht unsere VR Gruppe die verschiedenen Anwendungsm\u00f6glichkeiten von Virtueller Realit\u00e4t (VR) an der RWTH Aachen University. Wir sagen \u2013 HAPPY BIRTHDAY Wie alles Begann\u2026 Als Ende der 90er Jahre einzelne RWTH-Institute begannen, an oder mit Virtual Reality zu arbeiten, wurde sehr schnell klar, dass eine qualitativ hochwertige","canonical_url":"https:\/\/blog.rwth-aachen.de\/itc\/2023\/11\/15\/25-jaehriges-bestehen-der-vr-gruppe\/","robots":"max-image-preview:large","keywords":"25 jahre,anniversary,happy birthday!,it center,rwth aachen,virtual reality,virtuelle realit\u00e4t,vr,vr group,events, jubil\u00e4en &amp; erfolge,insight it center,themen","webmasterTools":{"miscellaneous":""},"schema":{"@context":"https:\/\/schema.org","@graph":[{"@type":"BlogPosting","@id":"https:\/\/blog.rwth-aachen.de\/itc\/2023\/11\/15\/25-jaehriges-bestehen-der-vr-gruppe\/#blogposting","name":"25-j\u00e4hriges Bestehen der VR Gruppe \u2022 IT Center Blog","headline":"25-j\u00e4hriges Bestehen der VR Gruppe","author":{"@id":"https:\/\/blog.rwth-aachen.de\/itc\/author\/2589\/#author"},"publisher":{"@id":"https:\/\/blog.rwth-aachen.de\/itc\/#organization"},"image":{"@type":"ImageObject","url":"https:\/\/blog.rwth-aachen.de\/itc\/files\/2023\/11\/PXL_20231005_140030650-scaled.jpg","width":2560,"height":1928,"caption":"Quelle: IT Center"},"datePublished":"2023-11-15T11:00:19+01:00","dateModified":"2023-11-16T16:25:30+01:00","inLanguage":"de-DE","mainEntityOfPage":{"@id":"https:\/\/blog.rwth-aachen.de\/itc\/2023\/11\/15\/25-jaehriges-bestehen-der-vr-gruppe\/#webpage"},"isPartOf":{"@id":"https:\/\/blog.rwth-aachen.de\/itc\/2023\/11\/15\/25-jaehriges-bestehen-der-vr-gruppe\/#webpage"},"articleSection":"Events, Jubil\u00e4en &amp; Erfolge, Insight IT Center, Themen, 25 Jahre, anniversary, Happy Birthday!, IT Center, RWTH Aachen, Virtual Reality, Virtuelle Realit\u00e4t, VR, VR Group"},{"@type":"BreadcrumbList","@id":"https:\/\/blog.rwth-aachen.de\/itc\/2023\/11\/15\/25-jaehriges-bestehen-der-vr-gruppe\/#breadcrumblist","itemListElement":[{"@type":"ListItem","@id":"https:\/\/blog.rwth-aachen.de\/itc#listItem","position":1,"name":"Home","item":"https:\/\/blog.rwth-aachen.de\/itc","nextItem":{"@type":"ListItem","@id":"https:\/\/blog.rwth-aachen.de\/itc\/category\/themen\/#listItem","name":"Themen"}},{"@type":"ListItem","@id":"https:\/\/blog.rwth-aachen.de\/itc\/category\/themen\/#listItem","position":2,"name":"Themen","item":"https:\/\/blog.rwth-aachen.de\/itc\/category\/themen\/","nextItem":{"@type":"ListItem","@id":"https:\/\/blog.rwth-aachen.de\/itc\/category\/themen\/events-jubilaen-erfolge\/#listItem","name":"Events, Jubil\u00e4en &amp; Erfolge"},"previousItem":{"@type":"ListItem","@id":"https:\/\/blog.rwth-aachen.de\/itc#listItem","name":"Home"}},{"@type":"ListItem","@id":"https:\/\/blog.rwth-aachen.de\/itc\/category\/themen\/events-jubilaen-erfolge\/#listItem","position":3,"name":"Events, Jubil\u00e4en &amp; Erfolge","item":"https:\/\/blog.rwth-aachen.de\/itc\/category\/themen\/events-jubilaen-erfolge\/","nextItem":{"@type":"ListItem","@id":"https:\/\/blog.rwth-aachen.de\/itc\/2023\/11\/15\/25-jaehriges-bestehen-der-vr-gruppe\/#listItem","name":"25-j\u00e4hriges Bestehen der VR Gruppe"},"previousItem":{"@type":"ListItem","@id":"https:\/\/blog.rwth-aachen.de\/itc\/category\/themen\/#listItem","name":"Themen"}},{"@type":"ListItem","@id":"https:\/\/blog.rwth-aachen.de\/itc\/2023\/11\/15\/25-jaehriges-bestehen-der-vr-gruppe\/#listItem","position":4,"name":"25-j\u00e4hriges Bestehen der VR Gruppe","previousItem":{"@type":"ListItem","@id":"https:\/\/blog.rwth-aachen.de\/itc\/category\/themen\/events-jubilaen-erfolge\/#listItem","name":"Events, Jubil\u00e4en &amp; Erfolge"}}]},{"@type":"Organization","@id":"https:\/\/blog.rwth-aachen.de\/itc\/#organization","name":"IT Center RWTH Aachen University","url":"https:\/\/blog.rwth-aachen.de\/itc\/","logo":{"@type":"ImageObject","url":"https:\/\/blog.rwth-aachen.de\/itc\/files\/2018\/09\/IT-Center-Logo.png","@id":"https:\/\/blog.rwth-aachen.de\/itc\/2023\/11\/15\/25-jaehriges-bestehen-der-vr-gruppe\/#organizationLogo","width":1312,"height":378,"caption":"IT Center Logo"},"image":{"@id":"https:\/\/blog.rwth-aachen.de\/itc\/2023\/11\/15\/25-jaehriges-bestehen-der-vr-gruppe\/#organizationLogo"},"sameAs":["https:\/\/www.facebook.com\/itcenterrwth","https:\/\/twitter.com\/ITCenterRWTH","https:\/\/www.youtube.com\/c\/itcenterrwthaachen","https:\/\/www.linkedin.com\/company\/itcenterrwth"]},{"@type":"Person","@id":"https:\/\/blog.rwth-aachen.de\/itc\/author\/2589\/#author","url":"https:\/\/blog.rwth-aachen.de\/itc\/author\/2589\/","name":"Gath, Dunja","image":{"@type":"ImageObject","@id":"https:\/\/blog.rwth-aachen.de\/itc\/2023\/11\/15\/25-jaehriges-bestehen-der-vr-gruppe\/#authorImage","url":"https:\/\/secure.gravatar.com\/avatar\/6d607175ae589d3280929ec6c60449063519fec6b058fa8f30eb6bab847225c2?s=96&d=blank&r=g","width":96,"height":96,"caption":"Gath, Dunja"}},{"@type":"WebPage","@id":"https:\/\/blog.rwth-aachen.de\/itc\/2023\/11\/15\/25-jaehriges-bestehen-der-vr-gruppe\/#webpage","url":"https:\/\/blog.rwth-aachen.de\/itc\/2023\/11\/15\/25-jaehriges-bestehen-der-vr-gruppe\/","name":"25-j\u00e4hriges Bestehen der VR Gruppe \u2022 IT Center Blog","description":"Quelle: Eigene Darstellung Seit bereits einem Vierteljahrhundert erforscht unsere VR Gruppe die verschiedenen Anwendungsm\u00f6glichkeiten von Virtueller Realit\u00e4t (VR) an der RWTH Aachen University. Wir sagen \u2013 HAPPY BIRTHDAY Wie alles Begann\u2026 Als Ende der 90er Jahre einzelne RWTH-Institute begannen, an oder mit Virtual Reality zu arbeiten, wurde sehr schnell klar, dass eine qualitativ hochwertige","inLanguage":"de-DE","isPartOf":{"@id":"https:\/\/blog.rwth-aachen.de\/itc\/#website"},"breadcrumb":{"@id":"https:\/\/blog.rwth-aachen.de\/itc\/2023\/11\/15\/25-jaehriges-bestehen-der-vr-gruppe\/#breadcrumblist"},"author":{"@id":"https:\/\/blog.rwth-aachen.de\/itc\/author\/2589\/#author"},"creator":{"@id":"https:\/\/blog.rwth-aachen.de\/itc\/author\/2589\/#author"},"image":{"@type":"ImageObject","url":"https:\/\/blog.rwth-aachen.de\/itc\/files\/2023\/11\/PXL_20231005_140030650-scaled.jpg","@id":"https:\/\/blog.rwth-aachen.de\/itc\/2023\/11\/15\/25-jaehriges-bestehen-der-vr-gruppe\/#mainImage","width":2560,"height":1928,"caption":"Quelle: IT Center"},"primaryImageOfPage":{"@id":"https:\/\/blog.rwth-aachen.de\/itc\/2023\/11\/15\/25-jaehriges-bestehen-der-vr-gruppe\/#mainImage"},"datePublished":"2023-11-15T11:00:19+01:00","dateModified":"2023-11-16T16:25:30+01:00"},{"@type":"WebSite","@id":"https:\/\/blog.rwth-aachen.de\/itc\/#website","url":"https:\/\/blog.rwth-aachen.de\/itc\/","name":"IT Center Blog","inLanguage":"de-DE","publisher":{"@id":"https:\/\/blog.rwth-aachen.de\/itc\/#organization"}}]},"og:locale":"de_DE","og:site_name":"IT Center Blog \u2022","og:type":"article","og:title":"25-j\u00e4hriges Bestehen der VR Gruppe \u2022 IT Center Blog","og:description":"Quelle: Eigene Darstellung Seit bereits einem Vierteljahrhundert erforscht unsere VR Gruppe die verschiedenen Anwendungsm\u00f6glichkeiten von Virtueller Realit\u00e4t (VR) an der RWTH Aachen University. Wir sagen \u2013 HAPPY BIRTHDAY Wie alles Begann\u2026 Als Ende der 90er Jahre einzelne RWTH-Institute begannen, an oder mit Virtual Reality zu arbeiten, wurde sehr schnell klar, dass eine qualitativ hochwertige","og:url":"https:\/\/blog.rwth-aachen.de\/itc\/2023\/11\/15\/25-jaehriges-bestehen-der-vr-gruppe\/","article:published_time":"2023-11-15T10:00:19+00:00","article:modified_time":"2023-11-16T15:25:30+00:00","article:publisher":"https:\/\/www.facebook.com\/itcenterrwth","twitter:card":"summary","twitter:site":"@ITCenterRWTH","twitter:title":"25-j\u00e4hriges Bestehen der VR Gruppe \u2022 IT Center Blog","twitter:description":"Quelle: Eigene Darstellung Seit bereits einem Vierteljahrhundert erforscht unsere VR Gruppe die verschiedenen Anwendungsm\u00f6glichkeiten von Virtueller Realit\u00e4t (VR) an der RWTH Aachen University. Wir sagen \u2013 HAPPY BIRTHDAY Wie alles Begann\u2026 Als Ende der 90er Jahre einzelne RWTH-Institute begannen, an oder mit Virtual Reality zu arbeiten, wurde sehr schnell klar, dass eine qualitativ hochwertige","twitter:creator":"@ITCenterRWTH"},"aioseo_meta_data":{"post_id":"17820","title":null,"description":null,"keywords":[],"keyphrases":{"focus":{"keyphrase":"","score":0,"analysis":{"keyphraseInTitle":{"score":0,"maxScore":9,"error":1}}},"additional":[]},"primary_term":null,"canonical_url":null,"og_title":null,"og_description":null,"og_object_type":"default","og_image_type":"default","og_image_url":null,"og_image_width":null,"og_image_height":null,"og_image_custom_url":null,"og_image_custom_fields":null,"og_video":"","og_custom_url":null,"og_article_section":null,"og_article_tags":[],"twitter_use_og":false,"twitter_card":"default","twitter_image_type":"default","twitter_image_url":null,"twitter_image_custom_url":null,"twitter_image_custom_fields":null,"twitter_title":null,"twitter_description":null,"schema":{"blockGraphs":[],"customGraphs":[],"default":{"data":{"Article":[],"Course":[],"Dataset":[],"FAQPage":[],"Movie":[],"Person":[],"Product":[],"ProductReview":[],"Car":[],"Recipe":[],"Service":[],"SoftwareApplication":[],"WebPage":[]},"graphName":"BlogPosting","isEnabled":true},"graphs":[]},"schema_type":"default","schema_type_options":null,"pillar_content":false,"robots_default":true,"robots_noindex":false,"robots_noarchive":false,"robots_nosnippet":false,"robots_nofollow":false,"robots_noimageindex":false,"robots_noodp":false,"robots_notranslate":false,"robots_max_snippet":"-1","robots_max_videopreview":"-1","robots_max_imagepreview":"large","priority":null,"frequency":"default","local_seo":null,"breadcrumb_settings":null,"limit_modified_date":false,"ai":null,"created":"2023-11-14 08:42:03","updated":"2025-07-08 14:30:29","seo_analyzer_scan_date":null},"aioseo_breadcrumb":"<div class=\"aioseo-breadcrumbs\"><span class=\"aioseo-breadcrumb\">\n\t\t\t<a href=\"https:\/\/blog.rwth-aachen.de\/itc\" title=\"Home\">Home<\/a>\n\t\t<\/span><span class=\"aioseo-breadcrumb-separator\">\u00bb<\/span><span class=\"aioseo-breadcrumb\">\n\t\t\t<a href=\"https:\/\/blog.rwth-aachen.de\/itc\/category\/themen\/\" title=\"Themen\">Themen<\/a>\n\t\t<\/span><span class=\"aioseo-breadcrumb-separator\">\u00bb<\/span><span class=\"aioseo-breadcrumb\">\n\t\t\t<a href=\"https:\/\/blog.rwth-aachen.de\/itc\/category\/themen\/events-jubilaen-erfolge\/\" title=\"Events, Jubil\u00e4en &amp; Erfolge\">Events, Jubil\u00e4en &amp; Erfolge<\/a>\n\t\t<\/span><span class=\"aioseo-breadcrumb-separator\">\u00bb<\/span><span class=\"aioseo-breadcrumb\">\n\t\t\t25-j\u00e4hriges Bestehen der VR Gruppe\n\t\t<\/span><\/div>","aioseo_breadcrumb_json":[{"label":"Home","link":"https:\/\/blog.rwth-aachen.de\/itc"},{"label":"Themen","link":"https:\/\/blog.rwth-aachen.de\/itc\/category\/themen\/"},{"label":"Events, Jubil\u00e4en &amp; Erfolge","link":"https:\/\/blog.rwth-aachen.de\/itc\/category\/themen\/events-jubilaen-erfolge\/"},{"label":"25-j\u00e4hriges Bestehen der VR Gruppe","link":"https:\/\/blog.rwth-aachen.de\/itc\/2023\/11\/15\/25-jaehriges-bestehen-der-vr-gruppe\/"}],"_links":{"self":[{"href":"https:\/\/blog.rwth-aachen.de\/itc\/wp-json\/wp\/v2\/posts\/17820","targetHints":{"allow":["GET"]}}],"collection":[{"href":"https:\/\/blog.rwth-aachen.de\/itc\/wp-json\/wp\/v2\/posts"}],"about":[{"href":"https:\/\/blog.rwth-aachen.de\/itc\/wp-json\/wp\/v2\/types\/post"}],"author":[{"embeddable":true,"href":"https:\/\/blog.rwth-aachen.de\/itc\/wp-json\/wp\/v2\/users\/2589"}],"replies":[{"embeddable":true,"href":"https:\/\/blog.rwth-aachen.de\/itc\/wp-json\/wp\/v2\/comments?post=17820"}],"version-history":[{"count":11,"href":"https:\/\/blog.rwth-aachen.de\/itc\/wp-json\/wp\/v2\/posts\/17820\/revisions"}],"predecessor-version":[{"id":17851,"href":"https:\/\/blog.rwth-aachen.de\/itc\/wp-json\/wp\/v2\/posts\/17820\/revisions\/17851"}],"wp:featuredmedia":[{"embeddable":true,"href":"https:\/\/blog.rwth-aachen.de\/itc\/wp-json\/wp\/v2\/media\/17823"}],"wp:attachment":[{"href":"https:\/\/blog.rwth-aachen.de\/itc\/wp-json\/wp\/v2\/media?parent=17820"}],"wp:term":[{"taxonomy":"category","embeddable":true,"href":"https:\/\/blog.rwth-aachen.de\/itc\/wp-json\/wp\/v2\/categories?post=17820"},{"taxonomy":"post_tag","embeddable":true,"href":"https:\/\/blog.rwth-aachen.de\/itc\/wp-json\/wp\/v2\/tags?post=17820"}],"curies":[{"name":"wp","href":"https:\/\/api.w.org\/{rel}","templated":true}]}}