{"id":17961,"date":"2023-11-27T12:23:41","date_gmt":"2023-11-27T11:23:41","guid":{"rendered":"https:\/\/blog.rwth-aachen.de\/itc\/?p=17961"},"modified":"2023-12-05T16:11:45","modified_gmt":"2023-12-05T15:11:45","slug":"azubi-besten-ehrung-2023","status":"publish","type":"post","link":"https:\/\/blog.rwth-aachen.de\/itc\/2023\/11\/27\/azubi-besten-ehrung-2023\/","title":{"rendered":"Azubi-Besten-Ehrung\u00a02023"},"content":{"rendered":"<div class=\"twoclick_social_bookmarks_post_17961 social_share_privacy clearfix 1.6.4 locale-de_DE sprite-de_DE\"><\/div><div class=\"twoclick-js\"><script type=\"text\/javascript\">\/* <![CDATA[ *\/\njQuery(document).ready(function($){if($('.twoclick_social_bookmarks_post_17961')){$('.twoclick_social_bookmarks_post_17961').socialSharePrivacy({\"txt_help\":\"Wenn Sie diese Felder durch einen Klick aktivieren, werden Informationen an Facebook, Twitter, Flattr, Xing, t3n, LinkedIn, Pinterest oder Google eventuell ins Ausland \\u00fcbertragen und unter Umst\\u00e4nden auch dort gespeichert. N\\u00e4heres erfahren Sie durch einen Klick auf das <em>i<\\\/em>.\",\"settings_perma\":\"Dauerhaft aktivieren und Daten\\u00fcber-tragung zustimmen:\",\"info_link\":\"http:\\\/\\\/www.heise.de\\\/ct\\\/artikel\\\/2-Klicks-fuer-mehr-Datenschutz-1333879.html\",\"uri\":\"https:\\\/\\\/blog.rwth-aachen.de\\\/itc\\\/2023\\\/11\\\/27\\\/azubi-besten-ehrung-2023\\\/\",\"post_id\":17961,\"post_title_referrer_track\":\"Azubi-Besten-Ehrung%C2%A02023\",\"display_infobox\":\"on\"});}});\n\/* ]]> *\/<\/script><\/div><p><div id=\"attachment_17986\" style=\"width: 310px\" class=\"wp-caption alignright\"><a href=\"https:\/\/blog.rwth-aachen.de\/itc\/files\/2023\/11\/Na_Dec_46-scaled.jpg\"><img loading=\"lazy\" decoding=\"async\" aria-describedby=\"caption-attachment-17986\" class=\"wp-image-17986 size-medium\" src=\"https:\/\/blog.rwth-aachen.de\/itc\/files\/2023\/11\/Na_Dec_46-300x200.jpg\" alt=\"Daumen hoch f\u00fcr unsere Azubis\" width=\"300\" height=\"200\" srcset=\"https:\/\/blog.rwth-aachen.de\/itc\/files\/2023\/11\/Na_Dec_46-300x200.jpg 300w, https:\/\/blog.rwth-aachen.de\/itc\/files\/2023\/11\/Na_Dec_46-1024x683.jpg 1024w, https:\/\/blog.rwth-aachen.de\/itc\/files\/2023\/11\/Na_Dec_46-768x512.jpg 768w, https:\/\/blog.rwth-aachen.de\/itc\/files\/2023\/11\/Na_Dec_46-1536x1024.jpg 1536w, https:\/\/blog.rwth-aachen.de\/itc\/files\/2023\/11\/Na_Dec_46-2048x1366.jpg 2048w\" sizes=\"auto, (max-width: 300px) 100vw, 300px\" \/><\/a><p id=\"caption-attachment-17986\" class=\"wp-caption-text\">Quelle: <a href=\"https:\/\/de.freepik.com\/vektoren-kostenlos\/der-junge-geschaeftsmann-wurde-von-allen-bewundertmenschen-mit-daumen-nach-oben-erfolgreiches-geschaeftskonzept-zeichentrickfigur-vektorillustration_22821994.htm#query=well%20done&amp;position=22&amp;from_view=search&amp;track=ais&amp;uuid=2cdd67cd-58d2-468b-8b0b-60ee25678052\" target=\"_blank\" rel=\"noopener\">Freepik<\/a><\/p><\/div><\/p>\n<p>Trotz der au\u00dfergew\u00f6hnlichen Umst\u00e4nde in der Corona-Pandemie wurde die Ausbildung mit der Note \u201esehr gut\u201c abgeschlossen \u2013 das haben im Jahr 2023 sogar vier ehemalige Auszubildende des IT Centers erreicht: Patrick Blaneck, er beendete schon zu Beginn des Jahres seine Ausbildung zum Mathematisch-technischen Softwareentwickler, Mia M\u00f6bes, Fachinformatikerin f\u00fcr Systemintegration, Eva Tiede, Kauffrau f\u00fcr B\u00fcromanagement, sowie Marcel Vogler, Mathematisch-technischer Softwareentwickler. Alle vier wurden im Rahmen einer Feierstunde von der IHK-Aachen f\u00fcr ihre sehr guten Abschl\u00fcsse geehrt.<span data-ccp-props=\"{&quot;201341983&quot;:0,&quot;335559739&quot;:160,&quot;335559740&quot;:259}\">\u00a0<\/span><\/p>\n<p>Das IT Center freut sich mit den Absolventen und\u00a0gratuliert\u00a0an dieser Stelle\u00a0ganz\u00a0herzlich!<span data-ccp-props=\"{&quot;201341983&quot;:0,&quot;335559739&quot;:160,&quot;335559740&quot;:259}\">\u00a0<\/span><!--more--><\/p>\n<p>Und was kommt nach der erfolgreichen Ausbildung? Das IT Center hat Patrick\u00a0Blaneck, Mia\u00a0M\u00f6bes\u00a0und Marcel Vogler als Mitarbeitende \u00fcbernommen. Eva Tiede hat sich\u00a0f\u00fcr\u00a0ein Studium an der FH Aachen\u00a0entschieden.<span data-ccp-props=\"{&quot;201341983&quot;:0,&quot;335559739&quot;:160,&quot;335559740&quot;:259}\">\u00a0<\/span><\/p>\n<p>Wir w\u00fcnschen allen einen guten Start ins Berufsleben!<span data-ccp-props=\"{&quot;201341983&quot;:0,&quot;335559739&quot;:160,&quot;335559740&quot;:259}\">\u00a0<\/span><\/p>\n<div id=\"attachment_18077\" style=\"width: 1034px\" class=\"wp-caption aligncenter\"><a href=\"https:\/\/blog.rwth-aachen.de\/itc\/files\/2023\/11\/20230926_153448_final_neu-scaled.jpg\"><img loading=\"lazy\" decoding=\"async\" aria-describedby=\"caption-attachment-18077\" class=\"size-large wp-image-18077\" src=\"https:\/\/blog.rwth-aachen.de\/itc\/files\/2023\/11\/20230926_153448_final_neu-1024x768.jpg\" alt=\"Azubis auf der B\u00fchne bei der Verleihung der Urkunde f\u00fcr die besten Azubis des Jahrgangs 2023\" width=\"1024\" height=\"768\" srcset=\"https:\/\/blog.rwth-aachen.de\/itc\/files\/2023\/11\/20230926_153448_final_neu-1024x768.jpg 1024w, https:\/\/blog.rwth-aachen.de\/itc\/files\/2023\/11\/20230926_153448_final_neu-300x225.jpg 300w, https:\/\/blog.rwth-aachen.de\/itc\/files\/2023\/11\/20230926_153448_final_neu-768x576.jpg 768w, https:\/\/blog.rwth-aachen.de\/itc\/files\/2023\/11\/20230926_153448_final_neu-1536x1152.jpg 1536w, https:\/\/blog.rwth-aachen.de\/itc\/files\/2023\/11\/20230926_153448_final_neu-2048x1536.jpg 2048w\" sizes=\"auto, (max-width: 1024px) 100vw, 1024px\" \/><\/a><p id=\"caption-attachment-18077\" class=\"wp-caption-text\">Quelle: eigene Darstellung<\/p><\/div>\n<p><span data-ccp-props=\"{&quot;201341983&quot;:0,&quot;335559739&quot;:160,&quot;335559740&quot;:259}\">\u00a0<\/span><\/p>\n<h3><span style=\"color: #00549f;\">Das IT Center als Ausbildungsbetrieb\u00a0<\/span><\/h3>\n<p>Am IT Center k\u00f6nnen\u00a0sich\u00a0Interessierte\u00a0in einem von\u00a0<a href=\"https:\/\/www.itc.rwth-aachen.de\/cms\/it-center\/Karriere\/Ausbildung-am-IT-Center\/~vttuq\/Das-IT-Center-als-Ausbildungsbetrieb\/\">vier unterschiedlichen Ausbildungsberufen<\/a>\u00a0ausbilden lassen:<span data-ccp-props=\"{&quot;201341983&quot;:0,&quot;335559739&quot;:160,&quot;335559740&quot;:259}\">\u00a0<\/span><\/p>\n<ul style=\"font-weight: 400;\">\n<li data-leveltext=\"\uf0b7\" data-font=\"Symbol\" data-listid=\"2\" aria-setsize=\"-1\" data-aria-posinset=\"1\" data-aria-level=\"1\">Fachinformatikerinnen und Fachinformatiker der Fachrichtung Systemintegration (FiSi)<span data-ccp-props=\"{&quot;134233279&quot;:true,&quot;201341983&quot;:0,&quot;335559739&quot;:160,&quot;335559740&quot;:259}\">\u00a0<\/span><\/li>\n<li data-leveltext=\"\uf0b7\" data-font=\"Symbol\" data-listid=\"2\" aria-setsize=\"-1\" data-aria-posinset=\"2\" data-aria-level=\"1\">Kaufleute f\u00fcr B\u00fcromanagement (KfB)<span data-ccp-props=\"{&quot;134233279&quot;:true,&quot;201341983&quot;:0,&quot;335559739&quot;:160,&quot;335559740&quot;:259}\">\u00a0<\/span><\/li>\n<li data-leveltext=\"\uf0b7\" data-font=\"Symbol\" data-listid=\"2\" aria-setsize=\"-1\" data-aria-posinset=\"3\" data-aria-level=\"1\">Kaufleute f\u00fcr Dialogmarketing (DiMa)<span data-ccp-props=\"{&quot;134233279&quot;:true,&quot;201341983&quot;:0,&quot;335559739&quot;:160,&quot;335559740&quot;:259}\">\u00a0<\/span><\/li>\n<li data-leveltext=\"\uf0b7\" data-font=\"Symbol\" data-listid=\"2\" aria-setsize=\"-1\" data-aria-posinset=\"4\" data-aria-level=\"1\">Mathematisch-technische Softwareentwicklerinnen und Softwareentwickler (MATSE)<br \/>\n<span data-ccp-props=\"{&quot;134233279&quot;:true,&quot;201341983&quot;:0,&quot;335559739&quot;:160,&quot;335559740&quot;:259}\">\u00a0<\/span><\/li>\n<\/ul>\n<h4><b>Das kommt auf dich zu<\/b><b>:<\/b><span data-ccp-props=\"{&quot;201341983&quot;:0,&quot;335559739&quot;:160,&quot;335559740&quot;:259}\">\u00a0<\/span><\/h4>\n<p>Die Ausbildung\u00a0dauert\u00a0in der Regel 3 bis 3,5 Jahre. Je nachdem, f\u00fcr welchen Ausbildungsberuf\u00a0du dich\u00a0entscheidest.<span data-ccp-props=\"{&quot;201341983&quot;:0,&quot;335559739&quot;:160,&quot;335559740&quot;:259}\">\u00a0<\/span><\/p>\n<p>In dieser Zeit warten\u00a0interessante Projekte\u00a0auf dich.\u00a0Mitarbeit in kleinen, aber auch in gro\u00dfen, bundesweiten, landesweiten und internationalen Projekten.<span data-ccp-props=\"{&quot;201341983&quot;:0,&quot;335559739&quot;:160,&quot;335559740&quot;:259}\">\u00a0<\/span><\/p>\n<p>Organisiert durch unser internes Partyteam, finden auch Feierlichkeiten am IT Center statt, wie\u00a0z. B.\u00a0der\u00a0<a href=\"https:\/\/blog.rwth-aachen.de\/itc\/2023\/05\/10\/betriebsausflug-2023\/\">Betriebsausflug<\/a>,\u00a0unser\u00a0<a href=\"https:\/\/blog.rwth-aachen.de\/itc\/2023\/09\/01\/it-center-sommerfest-2023\/\">Sommerfest<\/a>, die\u00a0j\u00e4hrliche\u00a0<a href=\"https:\/\/blog.rwth-aachen.de\/itc\/2022\/12\/23\/weihnachtsfest-auf-dem-ersten-it-center-weihnachtsmarkt\/\">Weihnachtsfeier<\/a>\u00a0und\u00a0vieles\u00a0mehr.<span data-ccp-props=\"{&quot;201341983&quot;:0,&quot;335559739&quot;:160,&quot;335559740&quot;:259}\">\u00a0<\/span><\/p>\n<p>Die\u00a0Verg\u00fctung\u00a0erfolgt\u00a0nach dem Tarifvertrag (TV-L). Eine\u00a0Verg\u00fcnstigung\u00a0f\u00fcr den\u00a0\u00f6ffentlichen Nahverkehr\u00a0durch ein Jobticket\u00a0ist m\u00f6glich. Weitere\u00a0Verg\u00fctungsbestandteile sind\u00a0eine\u00a0Jahressonderzahlung,\u00a0verm\u00f6genwirksame Leistungen\u00a0und\u00a030\u00a0Tage Urlaub\u00a0im Jahr.<\/p>\n<p>Du m\u00f6chtest dich auf einen Ausbildungsplatz f\u00fcr einen der Berufe am IT Center der RWTH bewerben?<span data-ccp-props=\"{&quot;201341983&quot;:0,&quot;335559739&quot;:160,&quot;335559740&quot;:259}\">\u00a0<\/span><\/p>\n<p>Mehr Informationen zu den\u202f<a href=\"https:\/\/www.rwth-aachen.de\/go\/id\/yim\/\">Bewerbungs- und Auswahlverfahren der Ausbildungsberufe<\/a>\u202ffindest du auf der Webseite der RWTH.<span data-ccp-props=\"{&quot;201341983&quot;:0,&quot;335559739&quot;:160,&quot;335559740&quot;:259}\">\u00a0<\/span><\/p>\n<p><span data-ccp-props=\"{&quot;201341983&quot;:0,&quot;335559739&quot;:160,&quot;335559740&quot;:259}\">\u00a0<\/span><\/p>\n<hr \/>\n<p>Verantwortlich f\u00fcr die Inhalte dieses Beitrags sind\u00a0<a href=\"https:\/\/www.itc.rwth-aachen.de\/cms\/it-center\/IT-Center\/Profil\/Team\/~epvp\/Mitarbeiter-CAMPUS-\/?gguid=PER-MXX5SXY&amp;allou=1\">Claudia Keverp\u00fctz<\/a>\u00a0und\u00a0<a href=\"https:\/\/www.itc.rwth-aachen.de\/cms\/it-center\/IT-Center\/Profil\/Team\/~epvp\/Mitarbeiter-CAMPUS-\/?gguid=PER-3EYLA7M&amp;allou=1\">Morgane Overath<\/a>.<span data-ccp-props=\"{&quot;201341983&quot;:0,&quot;335559739&quot;:160,&quot;335559740&quot;:259}\">\u00a0<\/span><\/p>","protected":false},"excerpt":{"rendered":"<p>Trotz der au\u00dfergew\u00f6hnlichen Umst\u00e4nde in der Corona-Pandemie wurde die Ausbildung mit der Note \u201esehr gut\u201c abgeschlossen \u2013 das haben im Jahr 2023 sogar vier ehemalige Auszubildende des IT Centers erreicht: [&hellip;]<\/p>\n","protected":false},"author":3531,"featured_media":17986,"comment_status":"open","ping_status":"closed","sticky":false,"template":"","format":"standard","meta":{"c2c_always_allow_admin_comments":false,"footnotes":""},"categories":[341,308,312],"tags":[274,973,1047,972,661,974,289],"class_list":["post-17961","post","type-post","status-publish","format-standard","has-post-thumbnail","hentry","category-ausbildung-jobs","category-events-jubilaen-erfolge","category-insight-it-center","tag-ausbildung","tag-dima","tag-ehrung","tag-fisi","tag-it-center-als-arbeitsplatz","tag-kfb","tag-matse"],"aioseo_notices":[],"_links":{"self":[{"href":"https:\/\/blog.rwth-aachen.de\/itc\/wp-json\/wp\/v2\/posts\/17961","targetHints":{"allow":["GET"]}}],"collection":[{"href":"https:\/\/blog.rwth-aachen.de\/itc\/wp-json\/wp\/v2\/posts"}],"about":[{"href":"https:\/\/blog.rwth-aachen.de\/itc\/wp-json\/wp\/v2\/types\/post"}],"author":[{"embeddable":true,"href":"https:\/\/blog.rwth-aachen.de\/itc\/wp-json\/wp\/v2\/users\/3531"}],"replies":[{"embeddable":true,"href":"https:\/\/blog.rwth-aachen.de\/itc\/wp-json\/wp\/v2\/comments?post=17961"}],"version-history":[{"count":32,"href":"https:\/\/blog.rwth-aachen.de\/itc\/wp-json\/wp\/v2\/posts\/17961\/revisions"}],"predecessor-version":[{"id":18079,"href":"https:\/\/blog.rwth-aachen.de\/itc\/wp-json\/wp\/v2\/posts\/17961\/revisions\/18079"}],"wp:featuredmedia":[{"embeddable":true,"href":"https:\/\/blog.rwth-aachen.de\/itc\/wp-json\/wp\/v2\/media\/17986"}],"wp:attachment":[{"href":"https:\/\/blog.rwth-aachen.de\/itc\/wp-json\/wp\/v2\/media?parent=17961"}],"wp:term":[{"taxonomy":"category","embeddable":true,"href":"https:\/\/blog.rwth-aachen.de\/itc\/wp-json\/wp\/v2\/categories?post=17961"},{"taxonomy":"post_tag","embeddable":true,"href":"https:\/\/blog.rwth-aachen.de\/itc\/wp-json\/wp\/v2\/tags?post=17961"}],"curies":[{"name":"wp","href":"https:\/\/api.w.org\/{rel}","templated":true}]}}