{"id":18111,"date":"2023-12-13T12:30:14","date_gmt":"2023-12-13T11:30:14","guid":{"rendered":"https:\/\/blog.rwth-aachen.de\/itc\/?p=18111"},"modified":"2023-12-12T14:37:14","modified_gmt":"2023-12-12T13:37:14","slug":"geaenderte-oeffnungszeiten-3","status":"publish","type":"post","link":"https:\/\/blog.rwth-aachen.de\/itc\/2023\/12\/13\/geaenderte-oeffnungszeiten-3\/","title":{"rendered":"Ge\u00e4nderte \u00d6ffnungszeiten \u00fcber Weihnachten und Neujahr"},"content":{"rendered":"<div class=\"twoclick_social_bookmarks_post_18111 social_share_privacy clearfix 1.6.4 locale-de_DE sprite-de_DE\"><\/div><div class=\"twoclick-js\"><script type=\"text\/javascript\">\/* <![CDATA[ *\/\njQuery(document).ready(function($){if($('.twoclick_social_bookmarks_post_18111')){$('.twoclick_social_bookmarks_post_18111').socialSharePrivacy({\"txt_help\":\"Wenn Sie diese Felder durch einen Klick aktivieren, werden Informationen an Facebook, Twitter, Flattr, Xing, t3n, LinkedIn, Pinterest oder Google eventuell ins Ausland \\u00fcbertragen und unter Umst\\u00e4nden auch dort gespeichert. N\\u00e4heres erfahren Sie durch einen Klick auf das <em>i<\\\/em>.\",\"settings_perma\":\"Dauerhaft aktivieren und Daten\\u00fcber-tragung zustimmen:\",\"info_link\":\"http:\\\/\\\/www.heise.de\\\/ct\\\/artikel\\\/2-Klicks-fuer-mehr-Datenschutz-1333879.html\",\"uri\":\"https:\\\/\\\/blog.rwth-aachen.de\\\/itc\\\/2023\\\/12\\\/13\\\/geaenderte-oeffnungszeiten-3\\\/\",\"post_id\":18111,\"post_title_referrer_track\":\"Ge%C3%A4nderte+%C3%96ffnungszeiten+%C3%BCber+Weihnachten+und+Neujahr\",\"display_infobox\":\"on\"});}});\n\/* ]]> *\/<\/script><\/div><p><div id=\"attachment_18116\" style=\"width: 310px\" class=\"wp-caption alignright\"><a href=\"https:\/\/blog.rwth-aachen.de\/itc\/files\/2023\/12\/frohe-weihnachten-und-ein-glueckliches-neues-jahr-scaled.jpg\"><img loading=\"lazy\" decoding=\"async\" aria-describedby=\"caption-attachment-18116\" class=\"wp-image-18116 size-medium\" src=\"https:\/\/blog.rwth-aachen.de\/itc\/files\/2023\/12\/frohe-weihnachten-und-ein-glueckliches-neues-jahr-300x200.jpg\" alt=\"Foto von drei goldenen Geschenken, welche unter einem Tannenbaum liegen und von goldenen Kugeln umgeben sind\" width=\"300\" height=\"200\" srcset=\"https:\/\/blog.rwth-aachen.de\/itc\/files\/2023\/12\/frohe-weihnachten-und-ein-glueckliches-neues-jahr-300x200.jpg 300w, https:\/\/blog.rwth-aachen.de\/itc\/files\/2023\/12\/frohe-weihnachten-und-ein-glueckliches-neues-jahr-1024x683.jpg 1024w, https:\/\/blog.rwth-aachen.de\/itc\/files\/2023\/12\/frohe-weihnachten-und-ein-glueckliches-neues-jahr-768x512.jpg 768w, https:\/\/blog.rwth-aachen.de\/itc\/files\/2023\/12\/frohe-weihnachten-und-ein-glueckliches-neues-jahr-1536x1024.jpg 1536w, https:\/\/blog.rwth-aachen.de\/itc\/files\/2023\/12\/frohe-weihnachten-und-ein-glueckliches-neues-jahr-2048x1365.jpg 2048w\" sizes=\"auto, (max-width: 300px) 100vw, 300px\" \/><\/a><p id=\"caption-attachment-18116\" class=\"wp-caption-text\">Quelle: <a href=\"https:\/\/de.freepik.com\/fotos-kostenlos\/frohe-weihnachten-und-ein-glueckliches-neues-jahr_75835411.htm\">Freepik<\/a><\/p><\/div><\/p>\n<p>Wir schreiten mit gro\u00dfen Schritten den Weihnachtstagen entgegen und das Jahr neigt sich dem Ende zu. Daher hat das IT Center im Zeitraum zwischen Weihnachten und Anfang Januar angepasste \u00d6ffnungszeiten.<!--more--><\/p>\n<p>Im Zeitraum vom <strong>27. Dezember 2023<\/strong> <strong>bis einschlie\u00dflich<\/strong> <strong>5. Januar 2024<\/strong> ist das <a href=\"https:\/\/www.itc.rwth-aachen.de\/cms\/it-center\/Services\/Support-Moeglichkeiten\/IT-ServiceDesk\/~sqqto\/Kontakt-Oeffnungszeiten\/\">IT-ServiceDesk<\/a> zu folgenden Zeiten f\u00fcr euch erreichbar:<\/p>\n<ul>\n<li><strong>Telefonisch<\/strong>: Von 8 bis 16 Uhr \u00fcber die bekannte Nummer +49 241 80 24680<\/li>\n<li><strong>Per Chat<\/strong>: Von 8 bis 16 Uhr \u00fcber den \u201eChat Support\u201c-Button. Diesen findet ihr auf der <a href=\"https:\/\/www.itc.rwth-aachen.de\/go\/id\/rbnjb\/\">IT Center Website<\/a>, im Dokumentationsportal <a href=\"https:\/\/help.itc.rwth-aachen.de\/en\/service\/b734502cd73e4201b1f763a65a61bf9c\/article\/cbf1b80232b34626bbd53dda48578c09\/\">IT Center Help<\/a>, auf <a href=\"https:\/\/moodle.rwth-aachen.de\/?lang=en\">RWTHmoodle<\/a> oder in der RWTHApp (Einrichtungen -&gt; IT-ServiceDesk).<\/li>\n<li><strong>Per E-Mail<\/strong>: Zus\u00e4tzlich erreicht ihr uns nat\u00fcrlich jederzeit per E-Mail an <a href=\"mailto:servicedesk@itc.rwth-aachen.de\">servicedesk@itc.rwth-aachen.de<\/a><\/li>\n<\/ul>\n<p>Das IT-ServiceDesk an den Standorten <strong>SuperC<\/strong> und <strong>Seffenter Weg 23<\/strong> f\u00fcr Publikumsverkehr geschlossen.<\/p>\n<p>In der Zwischenzeit findet ihr Anleitungen zur Nutzung und Installation unserer IT-Services in unserem Dokumentationsportal <a href=\"https:\/\/help.itc.rwth-aachen.de\">IT Center Help<\/a>.<\/p>\n<p>Der\u00a0<a href=\"https:\/\/help.itc.rwth-aachen.de\/service\/045675ee2f894dbc8e95486352913956\/\">Laptop-Leihpool<\/a>\u00a0und der\u00a0<a href=\"https:\/\/help.itc.rwth-aachen.de\/service\/01657442f7a14cd7abfaf243687fd7e0\/\">Druckservice<\/a> bleiben im gesamten oben genannten Zeitraum <strong>geschlossen<\/strong>.<\/p>\n<p>Der\u00a0<a href=\"https:\/\/www.itc.rwth-aachen.de\/cms\/it-center\/IT-Center\/Profil\/Team\/~epvp\/Mitarbeiter-CAMPUS-\/?gguid=9D397A91-0858-4F70-A2EC-AC945B054997&amp;allou=1\">infoPoint<\/a> ist durchgehend wie \u00fcblich von <strong>8 bis 16 Uhr<\/strong> ge\u00f6ffnet.<\/p>\n<p>Die\u00a0<a href=\"https:\/\/www.itc.rwth-aachen.de\/cms\/IT-Center\/Lehre-Ausbildung\/MATSE-Ausbildung\/~lfhn\/kontaktMATSE\/\">MATSE-Verwaltung<\/a>\u00a0erreicht ihr vom\u00a0<strong>27. Dezember 2023 bis 29. Dezember 2023<\/strong> von <strong>8 bis 13 Uhr<\/strong> telefonisch unter +49 241 80 29232 und per E-Mail unter <a href=\"mailto:matse@itc.rwth-aachen.de\">matse@itc.rwth-aachen.de<\/a>. Ab dem <strong>2. Januar 2024<\/strong> ist die MATSE-Verwaltung wieder zu den \u00fcblichen Dienstzeiten erreichbar.<\/p>\n<p>Bitte beachtet, dass das\u00a0<a href=\"https:\/\/www.cg3.rwth-aachen.de\/cms\/cg3\/Der-Lehrstuhl\/~qyjo\/VR-AR-Labor\/\">VR-Labor<\/a>\u00a0bereits am\u00a0<strong>20<\/strong><strong>. Dezember 2023<\/strong>\u00a0schlie\u00dft und\u00a0<strong>bis einschlie\u00dflich 7. Januar 2024<\/strong>\u00a0geschlossen bleibt.<\/p>\n<p>Ab Montag, <strong>den 8. Januar 2024<\/strong> ist das IT-ServiceDesk wieder zu den <a href=\"https:\/\/www.itc.rwth-aachen.de\/cms\/it-center\/services\/support-moeglichkeiten\/it-servicedesk\/~sqqto\/kontakt-oeffnungszeiten\/\">gewohnten \u00d6ffnungszeiten<\/a> f\u00fcr euch da.<\/p>\n<p>&nbsp;<\/p>\n<p>Wir w\u00fcnschen euch sch\u00f6ne und erholsame Feiertage und einen guten Rutsch ins Jahr 2024!<\/p>\n<p>&nbsp;<\/p>\n<hr \/>\n<p>Verantwortlich f\u00fcr die Inhalte dieses Beitrags ist <a href=\"https:\/\/www.itc.rwth-aachen.de\/go\/id\/epvp\/gguid\/PER-3UACJPP\/allou\/1\/\">Merrit Mielke<\/a>.<\/p>\n<p>&nbsp;<\/p>","protected":false},"excerpt":{"rendered":"<p>Wir schreiten mit gro\u00dfen Schritten den Weihnachtstagen entgegen und das Jahr neigt sich dem Ende zu. Daher hat das IT Center im Zeitraum zwischen Weihnachten und Anfang Januar angepasste \u00d6ffnungszeiten.<\/p>\n","protected":false},"author":5299,"featured_media":18116,"comment_status":"open","ping_status":"closed","sticky":false,"template":"","format":"standard","meta":{"c2c_always_allow_admin_comments":false,"footnotes":""},"categories":[306,315],"tags":[661,724,122,194],"class_list":["post-18111","post","type-post","status-publish","format-standard","has-post-thumbnail","hentry","category-ankuendigungen","category-services-support","tag-it-center-als-arbeitsplatz","tag-neujahr","tag-oeffnungszeiten","tag-weihnachten"],"aioseo_notices":[],"_links":{"self":[{"href":"https:\/\/blog.rwth-aachen.de\/itc\/wp-json\/wp\/v2\/posts\/18111","targetHints":{"allow":["GET"]}}],"collection":[{"href":"https:\/\/blog.rwth-aachen.de\/itc\/wp-json\/wp\/v2\/posts"}],"about":[{"href":"https:\/\/blog.rwth-aachen.de\/itc\/wp-json\/wp\/v2\/types\/post"}],"author":[{"embeddable":true,"href":"https:\/\/blog.rwth-aachen.de\/itc\/wp-json\/wp\/v2\/users\/5299"}],"replies":[{"embeddable":true,"href":"https:\/\/blog.rwth-aachen.de\/itc\/wp-json\/wp\/v2\/comments?post=18111"}],"version-history":[{"count":11,"href":"https:\/\/blog.rwth-aachen.de\/itc\/wp-json\/wp\/v2\/posts\/18111\/revisions"}],"predecessor-version":[{"id":18187,"href":"https:\/\/blog.rwth-aachen.de\/itc\/wp-json\/wp\/v2\/posts\/18111\/revisions\/18187"}],"wp:featuredmedia":[{"embeddable":true,"href":"https:\/\/blog.rwth-aachen.de\/itc\/wp-json\/wp\/v2\/media\/18116"}],"wp:attachment":[{"href":"https:\/\/blog.rwth-aachen.de\/itc\/wp-json\/wp\/v2\/media?parent=18111"}],"wp:term":[{"taxonomy":"category","embeddable":true,"href":"https:\/\/blog.rwth-aachen.de\/itc\/wp-json\/wp\/v2\/categories?post=18111"},{"taxonomy":"post_tag","embeddable":true,"href":"https:\/\/blog.rwth-aachen.de\/itc\/wp-json\/wp\/v2\/tags?post=18111"}],"curies":[{"name":"wp","href":"https:\/\/api.w.org\/{rel}","templated":true}]}}