{"id":18674,"date":"2024-02-26T12:00:22","date_gmt":"2024-02-26T11:00:22","guid":{"rendered":"https:\/\/blog.rwth-aachen.de\/itc\/?p=18674"},"modified":"2024-02-21T13:13:12","modified_gmt":"2024-02-21T12:13:12","slug":"erzahl-ein-marchen-tag-2024","status":"publish","type":"post","link":"https:\/\/blog.rwth-aachen.de\/itc\/2024\/02\/26\/erzahl-ein-marchen-tag-2024\/","title":{"rendered":"Erz\u00e4hl-ein-M\u00e4rchen-Tag 2024"},"content":{"rendered":"<div class=\"twoclick_social_bookmarks_post_18674 social_share_privacy clearfix 1.6.4 locale-de_DE sprite-de_DE\"><\/div><div class=\"twoclick-js\"><script type=\"text\/javascript\">\/* <![CDATA[ *\/\njQuery(document).ready(function($){if($('.twoclick_social_bookmarks_post_18674')){$('.twoclick_social_bookmarks_post_18674').socialSharePrivacy({\"txt_help\":\"Wenn Sie diese Felder durch einen Klick aktivieren, werden Informationen an Facebook, Twitter, Flattr, Xing, t3n, LinkedIn, Pinterest oder Google eventuell ins Ausland \\u00fcbertragen und unter Umst\\u00e4nden auch dort gespeichert. N\\u00e4heres erfahren Sie durch einen Klick auf das <em>i<\\\/em>.\",\"settings_perma\":\"Dauerhaft aktivieren und Daten\\u00fcber-tragung zustimmen:\",\"info_link\":\"http:\\\/\\\/www.heise.de\\\/ct\\\/artikel\\\/2-Klicks-fuer-mehr-Datenschutz-1333879.html\",\"uri\":\"https:\\\/\\\/blog.rwth-aachen.de\\\/itc\\\/2024\\\/02\\\/26\\\/erzahl-ein-marchen-tag-2024\\\/\",\"post_id\":18674,\"post_title_referrer_track\":\"Erz%C3%A4hl-ein-M%C3%A4rchen-Tag+2024\",\"display_infobox\":\"on\"});}});\n\/* ]]> *\/<\/script><\/div><p><div id=\"attachment_18676\" style=\"width: 310px\" class=\"wp-caption alignright\"><img loading=\"lazy\" decoding=\"async\" aria-describedby=\"caption-attachment-18676\" class=\"size-medium wp-image-18676\" src=\"https:\/\/blog.rwth-aachen.de\/itc\/files\/2024\/02\/Blog-Layout-3-300x200.png\" alt=\"Illustration des Erz\u00e4hlens einer Geschichte\" width=\"300\" height=\"200\" srcset=\"https:\/\/blog.rwth-aachen.de\/itc\/files\/2024\/02\/Blog-Layout-3-300x200.png 300w, https:\/\/blog.rwth-aachen.de\/itc\/files\/2024\/02\/Blog-Layout-3-1024x683.png 1024w, https:\/\/blog.rwth-aachen.de\/itc\/files\/2024\/02\/Blog-Layout-3-768x512.png 768w, https:\/\/blog.rwth-aachen.de\/itc\/files\/2024\/02\/Blog-Layout-3-1536x1024.png 1536w, https:\/\/blog.rwth-aachen.de\/itc\/files\/2024\/02\/Blog-Layout-3-2048x1365.png 2048w\" sizes=\"auto, (max-width: 300px) 100vw, 300px\" \/><p id=\"caption-attachment-18676\" class=\"wp-caption-text\">Quelle: <a href=\"https:\/\/de.freepik.com\/vektoren-kostenlos\/erzaehlen-einer-geschichte-konzeptillustration_18560685.htm#query=tales&amp;position=6&amp;from_view=search&amp;track=sph&amp;uuid=c416c7da-49f5-41b1-ba39-2e18c0fe593c\">Freepik<\/a><\/p><\/div><\/p>\n<p>Willkommen in der faszinierenden Welt der IT-M\u00e4rchen! Heute, anl\u00e4sslich des &#8222;Erz\u00e4hl-ein-M\u00e4rchen-Tag&#8220;, tauchen wir ein in die reiche Tradition des Geschichtenerz\u00e4hlens und entdecken, wie M\u00e4rchen nicht nur unsere Fantasie befl\u00fcgeln, sondern auch in der IT-Welt eine Rolle spielen. Der &#8222;Erz\u00e4hl-ein-M\u00e4rchen-Tag&#8220; wurde ins Leben gerufen, um die Kunst des Geschichtenerz\u00e4hlens zu zelebrieren und die Freude am Erz\u00e4hlen und Zuh\u00f6ren zu f\u00f6rdern.<\/p>\n<p>Doch warum ist dieser Tag auch f\u00fcr die IT von Bedeutung?<\/p>\n<p><!--more--><\/p>\n<p>&nbsp;<\/p>\n<h3><span style=\"color: #00549f;\">Warum der &#8222;Erz\u00e4hl-ein-M\u00e4rchen-Tag&#8220; in der IT relevant ist<\/span><\/h3>\n<p>In der IT-Welt spielen Geschichten eine wichtige Rolle, sei es in Form von Mythen, Legenden oder modernen Anekdoten. Diese Geschichten werden weitergegeben, um Wissen zu vermitteln, Erfahrungen zu teilen und oft auch, um komplexe Konzepte auf verst\u00e4ndliche Weise zu erkl\u00e4ren. M\u00e4rchen dienen als Werkzeug, um technische Konzepte zu veranschaulichen, Herausforderungen zu bew\u00e4ltigen und kreative L\u00f6sungsans\u00e4tze zu entwickeln. Sie erm\u00f6glichen es uns, uns in fremde Welten zu versetzen, komplexe Probleme zu verstehen und uns inspirieren zu lassen.<\/p>\n<p>&nbsp;<\/p>\n<h3><span style=\"color: #00549f;\">IT-M\u00e4rchenstunde<\/span><\/h3>\n<p>Einige bekannte Mythen konnten wir bereits in unserer Reihe <a href=\"https:\/\/blog.rwth-aachen.de\/itc\/2023\/11\/20\/it-maerchenstunde-was-ist-dran-an-den-mythen-2\/\">\u201eIT-M\u00e4rchenstunde\u201c<\/a> kl\u00e4ren. Darunter das verh\u00e4ngnisvolle Leeren des Papierkorbs. Es ist ein Szenario, das viele von uns kennen: Beim schnellen Leeren des Papierkorbs wurde eine wichtige Datei versehentlich gel\u00f6scht. Doch ist sie wirklich f\u00fcr immer verloren? Nicht unbedingt! Mit speziellen Tools wie Recuva oder DiskDrill k\u00f6nnen gel\u00f6schte Dateien unter Umst\u00e4nden wiederhergestellt werden. Also, bevor ihr den Papierkorb leert, werft lieber noch einen zweiten Blick auf die Dateien darin!<\/p>\n<p>Dazu kommt auch Mythos Nr.2; Computer herunterfahren vs. einfach ausschalten. Der Rat, den Computer stets ordnungsgem\u00e4\u00df herunterzufahren, ist weit verbreitet. Doch moderne Systeme k\u00f6nnen in der Regel auch ein abruptes Ausschalten verkraften. Dennoch ist das Herunterfahren vorzuziehen, da es das Risiko von Datenverlust und besch\u00e4digten Dateien minimiert. Also nehmt euch die Zeit f\u00fcr ein geordnetes Herunterfahren \u2013 euer System wird es euch danken!<\/p>\n<p>&nbsp;<\/p>\n<h2><span style=\"color: #00549f;\">Neue IT-M\u00e4rchen<\/span><\/h2>\n<p><strong>Mehr Megapixel bedeuten immer bessere Fotos: <\/strong>Viele glauben, dass eine Kamera mit mehr Megapixeln automatisch bessere Fotos macht. Dieser Mythos basiert auf der Annahme, dass eine h\u00f6here Megapixelzahl eine h\u00f6here Bildqualit\u00e4t bedeutet. In Wahrheit h\u00e4ngt die Qualit\u00e4t eines Fotos jedoch von vielen Faktoren ab, einschlie\u00dflich der Sensorgr\u00f6\u00dfe, der Objektivqualit\u00e4t und der Bildverarbeitungstechnik. Eine Kamera mit einer h\u00f6heren Megapixelzahl kann zwar mehr Details erfassen, aber wenn die anderen Komponenten nicht hochwertig sind, kann dies zu Bildrauschen, schlechterer Leistung bei schlechten Lichtverh\u00e4ltnissen und unnat\u00fcrlich wirkenden Bildern f\u00fchren.<\/p>\n<p><strong>Macs sind immun gegen Viren und Malware:<\/strong> Ein weit verbreiteter Mythos besagt, dass Mac-Computer immun gegen Viren und Malware sind. Dieser Glaube beruht auf der Annahme, dass Macs aufgrund ihres geringeren Marktanteils nicht so oft angegriffen werden wie die Windows-PCs. Es stimmt zwar, dass Macs weniger h\u00e4ufig Ziel von Angriffen sind, allerdings sind sie keineswegs immun gegen Viren und Malware. Mit der steigenden Beliebtheit von Macs werden sie auch zunehmend zum Ziel von Malware-Entwicklern. Mac Benutzende sollten daher weiterhin Sicherheitsma\u00dfnahmen wie Antivirensoftware und regelm\u00e4\u00dfige Software-Updates ergreifen, um ihre Systeme zu sch\u00fctzen.<\/p>\n<p>&nbsp;<\/p>\n<p>Mit diesen beiden neuen IT-M\u00e4rchen setzen wir unsere Reise durch die Welt der IT-Geschichten fort. M\u00f6gen sie euch inspirieren, euch herausfordern und euch daran erinnern, dass hinter jedem technischen Problem eine Geschichte voller M\u00f6glichkeiten und Abenteuer steckt!<\/p>\n<p>&nbsp;<\/p>\n<p>&nbsp;<\/p>\n<hr \/>\n<p>Verantwortlich f\u00fcr die Inhalte dieses Beitrags ist <a href=\"https:\/\/www.itc.rwth-aachen.de\/cms\/it-center\/it-center\/profil\/team\/~epvp\/mitarbeiter-campus-\/?gguid=PER-FSX9U9J&amp;allou=1\">Malak Mostafa<\/a>.<\/p>","protected":false},"excerpt":{"rendered":"<p>Willkommen in der faszinierenden Welt der IT-M\u00e4rchen! Heute, anl\u00e4sslich des &#8222;Erz\u00e4hl-ein-M\u00e4rchen-Tag&#8220;, tauchen wir ein in die reiche Tradition des Geschichtenerz\u00e4hlens und entdecken, wie M\u00e4rchen nicht nur unsere Fantasie befl\u00fcgeln, sondern [&hellip;]<\/p>\n","protected":false},"author":5003,"featured_media":18676,"comment_status":"open","ping_status":"closed","sticky":false,"template":"","format":"standard","meta":{"c2c_always_allow_admin_comments":false,"footnotes":""},"categories":[306,311],"tags":[982,984,983],"class_list":["post-18674","post","type-post","status-publish","format-standard","has-post-thumbnail","hentry","category-ankuendigungen","category-fun-facts","tag-it-maerchenstunde","tag-mythen","tag-mythos"],"aioseo_notices":[],"_links":{"self":[{"href":"https:\/\/blog.rwth-aachen.de\/itc\/wp-json\/wp\/v2\/posts\/18674","targetHints":{"allow":["GET"]}}],"collection":[{"href":"https:\/\/blog.rwth-aachen.de\/itc\/wp-json\/wp\/v2\/posts"}],"about":[{"href":"https:\/\/blog.rwth-aachen.de\/itc\/wp-json\/wp\/v2\/types\/post"}],"author":[{"embeddable":true,"href":"https:\/\/blog.rwth-aachen.de\/itc\/wp-json\/wp\/v2\/users\/5003"}],"replies":[{"embeddable":true,"href":"https:\/\/blog.rwth-aachen.de\/itc\/wp-json\/wp\/v2\/comments?post=18674"}],"version-history":[{"count":4,"href":"https:\/\/blog.rwth-aachen.de\/itc\/wp-json\/wp\/v2\/posts\/18674\/revisions"}],"predecessor-version":[{"id":18701,"href":"https:\/\/blog.rwth-aachen.de\/itc\/wp-json\/wp\/v2\/posts\/18674\/revisions\/18701"}],"wp:featuredmedia":[{"embeddable":true,"href":"https:\/\/blog.rwth-aachen.de\/itc\/wp-json\/wp\/v2\/media\/18676"}],"wp:attachment":[{"href":"https:\/\/blog.rwth-aachen.de\/itc\/wp-json\/wp\/v2\/media?parent=18674"}],"wp:term":[{"taxonomy":"category","embeddable":true,"href":"https:\/\/blog.rwth-aachen.de\/itc\/wp-json\/wp\/v2\/categories?post=18674"},{"taxonomy":"post_tag","embeddable":true,"href":"https:\/\/blog.rwth-aachen.de\/itc\/wp-json\/wp\/v2\/tags?post=18674"}],"curies":[{"name":"wp","href":"https:\/\/api.w.org\/{rel}","templated":true}]}}