{"id":1868,"date":"2017-12-29T15:30:46","date_gmt":"2017-12-29T13:30:46","guid":{"rendered":"https:\/\/blog.rwth-aachen.de\/itc\/?p=1868"},"modified":"2023-10-12T13:44:37","modified_gmt":"2023-10-12T11:44:37","slug":"alles-gute-fuer-2018","status":"publish","type":"post","link":"https:\/\/blog.rwth-aachen.de\/itc\/2017\/12\/29\/alles-gute-fuer-2018\/","title":{"rendered":"Alles Gute f\u00fcr 2018!"},"content":{"rendered":"<div class=\"twoclick_social_bookmarks_post_1868 social_share_privacy clearfix 1.6.4 locale-de_DE sprite-de_DE\"><\/div><div class=\"twoclick-js\"><script type=\"text\/javascript\">\/* <![CDATA[ *\/\njQuery(document).ready(function($){if($('.twoclick_social_bookmarks_post_1868')){$('.twoclick_social_bookmarks_post_1868').socialSharePrivacy({\"txt_help\":\"Wenn Sie diese Felder durch einen Klick aktivieren, werden Informationen an Facebook, Twitter, Flattr, Xing, t3n, LinkedIn, Pinterest oder Google eventuell ins Ausland \\u00fcbertragen und unter Umst\\u00e4nden auch dort gespeichert. N\\u00e4heres erfahren Sie durch einen Klick auf das <em>i<\\\/em>.\",\"settings_perma\":\"Dauerhaft aktivieren und Daten\\u00fcber-tragung zustimmen:\",\"info_link\":\"http:\\\/\\\/www.heise.de\\\/ct\\\/artikel\\\/2-Klicks-fuer-mehr-Datenschutz-1333879.html\",\"uri\":\"https:\\\/\\\/blog.rwth-aachen.de\\\/itc\\\/2017\\\/12\\\/29\\\/alles-gute-fuer-2018\\\/\",\"post_id\":1868,\"post_title_referrer_track\":\"Alles+Gute+f%C3%BCr+2018%21\",\"display_infobox\":\"on\"});}});\n\/* ]]> *\/<\/script><\/div><p>Wir bedanken uns bei allen Nutzenden unserer IT-Dienste f\u00fcr das entgegengebrachte Vertrauen und die gute Zusammenarbeit in den letzten Jahren. Auch im Jahr 2018 freuen wir uns, Ihnen bei Fragen und Problemen rund um unsere angebotenen Dienste zur Verf\u00fcgung zu stehen.<\/p>\n<div id=\"attachment_17487\" style=\"width: 310px\" class=\"wp-caption aligncenter\"><a href=\"https:\/\/blog.rwth-aachen.de\/itc\/files\/2017\/12\/new-years-eve-2018-3010443_12802.jpg\"><img loading=\"lazy\" decoding=\"async\" aria-describedby=\"caption-attachment-17487\" class=\"wp-image-17487 size-medium\" src=\"https:\/\/blog.rwth-aachen.de\/itc\/files\/2017\/12\/new-years-eve-2018-3010443_12802-300x200.jpg\" alt=\"2018\" width=\"300\" height=\"200\" srcset=\"https:\/\/blog.rwth-aachen.de\/itc\/files\/2017\/12\/new-years-eve-2018-3010443_12802-300x200.jpg 300w, https:\/\/blog.rwth-aachen.de\/itc\/files\/2017\/12\/new-years-eve-2018-3010443_12802-1024x682.jpg 1024w, https:\/\/blog.rwth-aachen.de\/itc\/files\/2017\/12\/new-years-eve-2018-3010443_12802-768x512.jpg 768w, https:\/\/blog.rwth-aachen.de\/itc\/files\/2017\/12\/new-years-eve-2018-3010443_12802.jpg 1280w\" sizes=\"auto, (max-width: 300px) 100vw, 300px\" \/><\/a><p id=\"caption-attachment-17487\" class=\"wp-caption-text\">Quelle: <a href=\"https:\/\/pixabay.com\/illustrations\/new-years-eve-2018-new-year-2018-3010443\/\">Pixabay<\/a><\/p><\/div>\n<p>An dieser Stelle m\u00f6chten wir Sie auch noch einmal auf unsere angepassten \u00d6ffnungszeiten in der ersten Januarwoche hinweisen. Wir sind bis einschlie\u00dflich dem 05.01.2018 nur an unserem Standort Seffenter Weg 23 erreichbar. Pers\u00f6nlicher Kontakt wird von 08:00 \u2013 12:00 Uhr angeboten, telefonisch erreichen Sie uns von 08:00 \u2013 16:00 Uhr und per Chat von 10:00 \u2013 16:00 Uhr.<\/p>\n","protected":false},"excerpt":{"rendered":"<p>Wir bedanken uns bei allen Nutzenden unserer IT-Dienste f\u00fcr das entgegengebrachte Vertrauen und die gute Zusammenarbeit in den letzten Jahren. Auch im Jahr 2018 freuen wir uns, Ihnen bei Fragen [&hellip;]<\/p>\n","protected":false},"author":1,"featured_media":0,"comment_status":"open","ping_status":"open","sticky":false,"template":"","format":"standard","meta":{"c2c_always_allow_admin_comments":false,"footnotes":""},"categories":[305],"tags":[],"class_list":["post-1868","post","type-post","status-publish","format-standard","hentry","category-themen"],"aioseo_notices":[],"_links":{"self":[{"href":"https:\/\/blog.rwth-aachen.de\/itc\/wp-json\/wp\/v2\/posts\/1868","targetHints":{"allow":["GET"]}}],"collection":[{"href":"https:\/\/blog.rwth-aachen.de\/itc\/wp-json\/wp\/v2\/posts"}],"about":[{"href":"https:\/\/blog.rwth-aachen.de\/itc\/wp-json\/wp\/v2\/types\/post"}],"author":[{"embeddable":true,"href":"https:\/\/blog.rwth-aachen.de\/itc\/wp-json\/wp\/v2\/users\/1"}],"replies":[{"embeddable":true,"href":"https:\/\/blog.rwth-aachen.de\/itc\/wp-json\/wp\/v2\/comments?post=1868"}],"version-history":[{"count":7,"href":"https:\/\/blog.rwth-aachen.de\/itc\/wp-json\/wp\/v2\/posts\/1868\/revisions"}],"predecessor-version":[{"id":17489,"href":"https:\/\/blog.rwth-aachen.de\/itc\/wp-json\/wp\/v2\/posts\/1868\/revisions\/17489"}],"wp:attachment":[{"href":"https:\/\/blog.rwth-aachen.de\/itc\/wp-json\/wp\/v2\/media?parent=1868"}],"wp:term":[{"taxonomy":"category","embeddable":true,"href":"https:\/\/blog.rwth-aachen.de\/itc\/wp-json\/wp\/v2\/categories?post=1868"},{"taxonomy":"post_tag","embeddable":true,"href":"https:\/\/blog.rwth-aachen.de\/itc\/wp-json\/wp\/v2\/tags?post=1868"}],"curies":[{"name":"wp","href":"https:\/\/api.w.org\/{rel}","templated":true}]}}