{"id":18726,"date":"2024-03-04T15:25:56","date_gmt":"2024-03-04T14:25:56","guid":{"rendered":"https:\/\/blog.rwth-aachen.de\/itc\/?p=18726"},"modified":"2024-03-04T15:21:46","modified_gmt":"2024-03-04T14:21:46","slug":"meine-lernraeume-sind-weg","status":"publish","type":"post","link":"https:\/\/blog.rwth-aachen.de\/itc\/2024\/03\/04\/meine-lernraeume-sind-weg\/","title":{"rendered":"RWTHmoodle: Hilfe, meine Lernr\u00e4ume sind pl\u00f6tzlich weg!"},"content":{"rendered":"<div class=\"twoclick_social_bookmarks_post_18726 social_share_privacy clearfix 1.6.4 locale-de_DE sprite-de_DE\"><\/div><div class=\"twoclick-js\"><script type=\"text\/javascript\">\/* <![CDATA[ *\/\njQuery(document).ready(function($){if($('.twoclick_social_bookmarks_post_18726')){$('.twoclick_social_bookmarks_post_18726').socialSharePrivacy({\"txt_help\":\"Wenn Sie diese Felder durch einen Klick aktivieren, werden Informationen an Facebook, Twitter, Flattr, Xing, t3n, LinkedIn, Pinterest oder Google eventuell ins Ausland \\u00fcbertragen und unter Umst\\u00e4nden auch dort gespeichert. N\\u00e4heres erfahren Sie durch einen Klick auf das <em>i<\\\/em>.\",\"settings_perma\":\"Dauerhaft aktivieren und Daten\\u00fcber-tragung zustimmen:\",\"info_link\":\"http:\\\/\\\/www.heise.de\\\/ct\\\/artikel\\\/2-Klicks-fuer-mehr-Datenschutz-1333879.html\",\"uri\":\"https:\\\/\\\/blog.rwth-aachen.de\\\/itc\\\/2024\\\/03\\\/04\\\/meine-lernraeume-sind-weg\\\/\",\"post_id\":18726,\"post_title_referrer_track\":\"RWTHmoodle%3A+Hilfe%2C+meine+Lernr%C3%A4ume+sind+pl%C3%B6tzlich+weg%21\",\"display_infobox\":\"on\"});}});\n\/* ]]> *\/<\/script><\/div><p><div id=\"attachment_18728\" style=\"width: 310px\" class=\"wp-caption alignright\"><img loading=\"lazy\" decoding=\"async\" aria-describedby=\"caption-attachment-18728\" class=\"size-medium wp-image-18728\" src=\"https:\/\/blog.rwth-aachen.de\/itc\/files\/2024\/03\/Blog-Layout-300x200.png\" alt=\"Vektor sitzt neben gro\u00dfen manuellen Illustration\" width=\"300\" height=\"200\" srcset=\"https:\/\/blog.rwth-aachen.de\/itc\/files\/2024\/03\/Blog-Layout-300x200.png 300w, https:\/\/blog.rwth-aachen.de\/itc\/files\/2024\/03\/Blog-Layout-1024x683.png 1024w, https:\/\/blog.rwth-aachen.de\/itc\/files\/2024\/03\/Blog-Layout-768x512.png 768w, https:\/\/blog.rwth-aachen.de\/itc\/files\/2024\/03\/Blog-Layout-1536x1024.png 1536w, https:\/\/blog.rwth-aachen.de\/itc\/files\/2024\/03\/Blog-Layout-2048x1365.png 2048w\" sizes=\"auto, (max-width: 300px) 100vw, 300px\" \/><p id=\"caption-attachment-18728\" class=\"wp-caption-text\">Quelle: <a href=\"https:\/\/storyset.com\/illustration\/instruction-manual\/cuate#F6A800FF&amp;hide=&amp;hide=complete\">Freepik<\/a><\/p><\/div><\/p>\n<p>Oft erreichen uns zu Beginn des Semesters Anfragen von Studierenden, weil bei ihnen in <a href=\"https:\/\/moodle.rwth-aachen.de\">RWTHmoodle<\/a> nicht mehr die aktuellen Lernr\u00e4ume auftauchen trotz vorheriger erfolgreicher Anmeldung. Hierf\u00fcr gibt es zwei Gr\u00fcnde, die wir euch nun gerne n\u00e4her erl\u00e4utern m\u00f6chten.<\/p>\n<p><!--more--><\/p>\n<p>&nbsp;<\/p>\n<p>&nbsp;<\/p>\n<h3><span style=\"color: #00549f;\">Grund 1: Exmatrikulationslauf<\/span><\/h3>\n<p>Der Exmatrikulationslauf ist kein Sportereignis, sondern ein Prozess zu Beginn jeden Semesters, bei dem alle Studierende exmatrikuliert werden, die z. B. die Studiengeb\u00fchr nicht fristgerecht bezahlt haben. Dadurch verlieren Studierende ihren Status und auch den Zugriff auf Services, die einen aktiven Status voraussetzen (z. B. <a href=\"https:\/\/help.itc.rwth-aachen.de\/service\/b3d9a2c8ae5345b8b8f5128143ef4e3c\/article\/cbaa4207a17643ebb3347d62ce021336\/\">Eduroam<\/a> oder <a href=\"https:\/\/help.itc.rwth-aachen.de\/service\/vbf6fx0gom76\/\">VPN<\/a>). Zwar k\u00f6nnen sie noch auf <a href=\"https:\/\/online.rwth-aachen.de\">RWTHonline<\/a> zugreifen, allerdings wurden sie von allen Veranstaltungen abgemeldet. Im Zuge dessen verlieren die betroffenen Personen auch den Zugriff auf die Lernr\u00e4ume des aktuellen Semesters, d. h. die Lernr\u00e4ume zu den entsprechenden Veranstaltungen sind nicht mehr in RWTHmoodle sichtbar.<\/p>\n<p>&nbsp;<\/p>\n<h3><span style=\"color: #00549f;\">Grund 2: Wechsel des Studiengangs im laufenden Semester<\/span><\/h3>\n<p>Auch beim Wechsel vom Bachelor- in den Masterstudiengang im laufenden Semester kann es passieren, dass ihr f\u00fcr kurze Zeit euren Status verliert und von den zuvor angemeldeten Veranstaltungen abgemeldet werdet. Auch dann k\u00f6nnt ihr in RWTHmoodle die Lernr\u00e4ume des aktuellen Semesters nicht mehr in der Kurs\u00fcbersicht sehen.<\/p>\n<p>&nbsp;<\/p>\n<h3><span style=\"color: #00549f;\">Was ist also zu tun?<\/span><\/h3>\n<p><strong>Wenn bei euch Grund 1 zutrifft:<br \/>\n<\/strong>Um wieder den Studierenden-Status zu erhalten, wendet ihr euch an das <a href=\"https:\/\/www.rwth-aachen.de\/go\/id\/ciss\">Studierendensekretariat<\/a> und kl\u00e4rt dort die ausstehende Bezahlung eurer Studiengeb\u00fchr ab. Wenn die Zahlung eingegangen ist, werdet ihr wieder immatrikuliert und ihr habt auch wieder einen Studierenden-Status an der RWTH.<\/p>\n<p>Nun k\u00f6nnt ihr euch wieder f\u00fcr die Veranstaltungen anmelden. Sollte die Frist abgelaufen sind, wendet ihr euch am besten direkt an die jeweilige Fakult\u00e4t oder nutzt das Support-Formular in <a href=\"https:\/\/online.rwth-aachen.de\/support\/#\/main\">RWTHonline<\/a>.<\/p>\n<p>Teilt dabei unbedingt die jeweilige Lehrveranstaltungs-Nummer (LV-Nummer) sowie den Titel mit. \u00dcbrigens erkennt ihr anhand der ersten Zahl, zu welcher Fakult\u00e4t die Veranstaltung geh\u00f6rt. Beginnt die LV-Nummer beispielsweise mit einer 1, ist die Lehrveranstaltung von Fakult\u00e4t 1, also der Fakult\u00e4t f\u00fcr Mathematik, Informatik, Naturwissenschaften.<\/p>\n<p><strong>Hinweis:<\/strong> Es kann nach der Anmeldung bis zum Folgetag dauern, bis ihr auch die entsprechenden Lernr\u00e4ume in RWTHmoodle seht.<\/p>\n<p><strong>Ist bei euch Grund 2 zutreffend<\/strong>, verfahrt ihr wie in Punkt 2 und meldet euch wieder \u00fcber RWTHonline f\u00fcr die Veranstaltungen an. Auch hier gilt: sollte das nicht mehr m\u00f6glich sein, weil die Anmeldefrist vorbei ist, meldet ihr euch entweder direkt bei der jeweiligen Fakult\u00e4t oder bei uns.<\/p>\n<p>&nbsp;<\/p>\n<p>Dar\u00fcber hinaus ist <a href=\"https:\/\/help.itc.rwth-aachen.de\/\">IT Center Help<\/a> euer Rettungsanker f\u00fcr Anleitungen und Hinweise zu den Services des IT Centers. Ob ihr Schwierigkeiten mit eurer <a href=\"https:\/\/help.itc.rwth-aachen.de\/service\/1jefzdccuvuch\/\">E-Mail<\/a> oder Fragen zum <a href=\"https:\/\/help.itc.rwth-aachen.de\/service\/rhb2fhkpjhb7\/\">Identity Management<\/a> (IdM) habt \u2013 IT Center Help hat euch abgedeckt! Lest in unserem <a href=\"https:\/\/blog.rwth-aachen.de\/itc\/2023\/07\/31\/3-jahre-it-center-help\/\">Blogbeitrag<\/a>, was IT Center Help alles bietet.<\/p>\n<p>Wenn ihr noch weitere technische Fragen habt, wendet euch gerne an das <a href=\"https:\/\/help.itc.rwth-aachen.de\/service\/b734502cd73e4201b1f763a65a61bf9c\/\">IT-ServiceDesk<\/a>.<\/p>\n<p>&nbsp;<\/p>\n<hr \/>\n<p>Verantwortlich f\u00fcr die Inhalte dieses Beitrags ist <a href=\"https:\/\/www.itc.rwth-aachen.de\/cms\/it-center\/it-center\/profil\/team\/~epvp\/mitarbeiter-campus-\/?gguid=PER-2G5N5V2&amp;allou=1\">Verena Grouls<\/a>.<\/p>","protected":false},"excerpt":{"rendered":"<p>Oft erreichen uns zu Beginn des Semesters Anfragen von Studierenden, weil bei ihnen in RWTHmoodle nicht mehr die aktuellen Lernr\u00e4ume auftauchen trotz vorheriger erfolgreicher Anmeldung. Hierf\u00fcr gibt es zwei Gr\u00fcnde, [&hellip;]<\/p>\n","protected":false},"author":5003,"featured_media":18728,"comment_status":"open","ping_status":"closed","sticky":false,"template":"","format":"standard","meta":{"c2c_always_allow_admin_comments":false,"footnotes":""},"categories":[315,310],"tags":[174,329,89,87],"class_list":["post-18726","post","type-post","status-publish","format-standard","has-post-thumbnail","hentry","category-services-support","category-studium-lehre","tag-lernraum","tag-lernraeume","tag-moodle","tag-rwthmoodle"],"aioseo_notices":[],"aioseo_head":"\n\t\t<!-- All in One SEO 4.9.8 - aioseo.com -->\n\t<meta name=\"description\" content=\"Oft erreichen uns zu Beginn des Semesters Anfragen von Studierenden, weil bei ihnen in RWTHmoodle nicht mehr die Lernr\u00e4ume auftauchen. Hierf\u00fcr gibt es 2 Gr\u00fcnde.\" \/>\n\t<meta name=\"robots\" content=\"max-image-preview:large\" \/>\n\t<meta name=\"author\" content=\"Mostafa, Malak\"\/>\n\t<meta name=\"keywords\" content=\"lernraum,lernr\u00e4ume,moodle,rwthmoodle,services &amp; support,studium &amp; lehre\" \/>\n\t<link rel=\"canonical\" href=\"https:\/\/blog.rwth-aachen.de\/itc\/2024\/03\/04\/meine-lernraeume-sind-weg\/\" \/>\n\t<meta name=\"generator\" content=\"All in One SEO (AIOSEO) 4.9.8\" \/>\n\t\t<meta property=\"og:locale\" content=\"de_DE\" \/>\n\t\t<meta property=\"og:site_name\" content=\"IT Center Blog \u2022\" \/>\n\t\t<meta property=\"og:type\" content=\"article\" \/>\n\t\t<meta property=\"og:title\" content=\"RWTHmoodle: Hilfe, meine Lernr\u00e4ume sind pl\u00f6tzlich weg! \u2022 IT Center Blog\" \/>\n\t\t<meta property=\"og:description\" content=\"Oft erreichen uns zu Beginn des Semesters Anfragen von Studierenden, weil bei ihnen in RWTHmoodle nicht mehr die Lernr\u00e4ume auftauchen. Hierf\u00fcr gibt es 2 Gr\u00fcnde.\" \/>\n\t\t<meta property=\"og:url\" content=\"https:\/\/blog.rwth-aachen.de\/itc\/2024\/03\/04\/meine-lernraeume-sind-weg\/\" \/>\n\t\t<meta property=\"article:published_time\" content=\"2024-03-04T14:25:56+00:00\" \/>\n\t\t<meta property=\"article:modified_time\" content=\"2024-03-04T14:21:46+00:00\" \/>\n\t\t<meta property=\"article:publisher\" content=\"https:\/\/www.facebook.com\/itcenterrwth\" \/>\n\t\t<meta name=\"twitter:card\" content=\"summary\" \/>\n\t\t<meta name=\"twitter:site\" content=\"@ITCenterRWTH\" \/>\n\t\t<meta name=\"twitter:title\" content=\"RWTHmoodle: Hilfe, meine Lernr\u00e4ume sind pl\u00f6tzlich weg! \u2022 IT Center Blog\" \/>\n\t\t<meta name=\"twitter:description\" content=\"Oft erreichen uns zu Beginn des Semesters Anfragen von Studierenden, weil bei ihnen in RWTHmoodle nicht mehr die Lernr\u00e4ume auftauchen. Hierf\u00fcr gibt es 2 Gr\u00fcnde.\" \/>\n\t\t<meta name=\"twitter:creator\" content=\"@ITCenterRWTH\" \/>\n\t\t<script type=\"application\/ld+json\" class=\"aioseo-schema\">\n\t\t\t{\"@context\":\"https:\\\/\\\/schema.org\",\"@graph\":[{\"@type\":\"BlogPosting\",\"@id\":\"https:\\\/\\\/blog.rwth-aachen.de\\\/itc\\\/2024\\\/03\\\/04\\\/meine-lernraeume-sind-weg\\\/#blogposting\",\"name\":\"RWTHmoodle: Hilfe, meine Lernr\\u00e4ume sind pl\\u00f6tzlich weg! \\u2022 IT Center Blog\",\"headline\":\"RWTHmoodle: Hilfe, meine Lernr\\u00e4ume sind pl\\u00f6tzlich weg!\",\"author\":{\"@id\":\"https:\\\/\\\/blog.rwth-aachen.de\\\/itc\\\/author\\\/5003\\\/#author\"},\"publisher\":{\"@id\":\"https:\\\/\\\/blog.rwth-aachen.de\\\/itc\\\/#organization\"},\"image\":{\"@type\":\"ImageObject\",\"url\":\"https:\\\/\\\/blog.rwth-aachen.de\\\/itc\\\/files\\\/2024\\\/03\\\/Blog-Layout.png\",\"width\":3000,\"height\":2000,\"caption\":\"Source: Freepik\"},\"datePublished\":\"2024-03-04T15:25:56+01:00\",\"dateModified\":\"2024-03-04T15:21:46+01:00\",\"inLanguage\":\"de-DE\",\"mainEntityOfPage\":{\"@id\":\"https:\\\/\\\/blog.rwth-aachen.de\\\/itc\\\/2024\\\/03\\\/04\\\/meine-lernraeume-sind-weg\\\/#webpage\"},\"isPartOf\":{\"@id\":\"https:\\\/\\\/blog.rwth-aachen.de\\\/itc\\\/2024\\\/03\\\/04\\\/meine-lernraeume-sind-weg\\\/#webpage\"},\"articleSection\":\"Services &amp; Support, Studium &amp; Lehre, lernraum, Lernr\\u00e4ume, Moodle, RWTHmoodle\"},{\"@type\":\"BreadcrumbList\",\"@id\":\"https:\\\/\\\/blog.rwth-aachen.de\\\/itc\\\/2024\\\/03\\\/04\\\/meine-lernraeume-sind-weg\\\/#breadcrumblist\",\"itemListElement\":[{\"@type\":\"ListItem\",\"@id\":\"https:\\\/\\\/blog.rwth-aachen.de\\\/itc#listItem\",\"position\":1,\"name\":\"Home\",\"item\":\"https:\\\/\\\/blog.rwth-aachen.de\\\/itc\",\"nextItem\":{\"@type\":\"ListItem\",\"@id\":\"https:\\\/\\\/blog.rwth-aachen.de\\\/itc\\\/category\\\/themen\\\/#listItem\",\"name\":\"Themen\"}},{\"@type\":\"ListItem\",\"@id\":\"https:\\\/\\\/blog.rwth-aachen.de\\\/itc\\\/category\\\/themen\\\/#listItem\",\"position\":2,\"name\":\"Themen\",\"item\":\"https:\\\/\\\/blog.rwth-aachen.de\\\/itc\\\/category\\\/themen\\\/\",\"nextItem\":{\"@type\":\"ListItem\",\"@id\":\"https:\\\/\\\/blog.rwth-aachen.de\\\/itc\\\/category\\\/themen\\\/studium-lehre\\\/#listItem\",\"name\":\"Studium &amp; Lehre\"},\"previousItem\":{\"@type\":\"ListItem\",\"@id\":\"https:\\\/\\\/blog.rwth-aachen.de\\\/itc#listItem\",\"name\":\"Home\"}},{\"@type\":\"ListItem\",\"@id\":\"https:\\\/\\\/blog.rwth-aachen.de\\\/itc\\\/category\\\/themen\\\/studium-lehre\\\/#listItem\",\"position\":3,\"name\":\"Studium &amp; Lehre\",\"item\":\"https:\\\/\\\/blog.rwth-aachen.de\\\/itc\\\/category\\\/themen\\\/studium-lehre\\\/\",\"nextItem\":{\"@type\":\"ListItem\",\"@id\":\"https:\\\/\\\/blog.rwth-aachen.de\\\/itc\\\/2024\\\/03\\\/04\\\/meine-lernraeume-sind-weg\\\/#listItem\",\"name\":\"RWTHmoodle: Hilfe, meine Lernr\\u00e4ume sind pl\\u00f6tzlich weg!\"},\"previousItem\":{\"@type\":\"ListItem\",\"@id\":\"https:\\\/\\\/blog.rwth-aachen.de\\\/itc\\\/category\\\/themen\\\/#listItem\",\"name\":\"Themen\"}},{\"@type\":\"ListItem\",\"@id\":\"https:\\\/\\\/blog.rwth-aachen.de\\\/itc\\\/2024\\\/03\\\/04\\\/meine-lernraeume-sind-weg\\\/#listItem\",\"position\":4,\"name\":\"RWTHmoodle: Hilfe, meine Lernr\\u00e4ume sind pl\\u00f6tzlich weg!\",\"previousItem\":{\"@type\":\"ListItem\",\"@id\":\"https:\\\/\\\/blog.rwth-aachen.de\\\/itc\\\/category\\\/themen\\\/studium-lehre\\\/#listItem\",\"name\":\"Studium &amp; Lehre\"}}]},{\"@type\":\"Organization\",\"@id\":\"https:\\\/\\\/blog.rwth-aachen.de\\\/itc\\\/#organization\",\"name\":\"IT Center RWTH Aachen University\",\"url\":\"https:\\\/\\\/blog.rwth-aachen.de\\\/itc\\\/\",\"logo\":{\"@type\":\"ImageObject\",\"url\":\"https:\\\/\\\/blog.rwth-aachen.de\\\/itc\\\/files\\\/2018\\\/09\\\/IT-Center-Logo.png\",\"@id\":\"https:\\\/\\\/blog.rwth-aachen.de\\\/itc\\\/2024\\\/03\\\/04\\\/meine-lernraeume-sind-weg\\\/#organizationLogo\",\"width\":1312,\"height\":378,\"caption\":\"IT Center Logo\"},\"image\":{\"@id\":\"https:\\\/\\\/blog.rwth-aachen.de\\\/itc\\\/2024\\\/03\\\/04\\\/meine-lernraeume-sind-weg\\\/#organizationLogo\"},\"sameAs\":[\"https:\\\/\\\/www.facebook.com\\\/itcenterrwth\",\"https:\\\/\\\/twitter.com\\\/ITCenterRWTH\",\"https:\\\/\\\/www.youtube.com\\\/c\\\/itcenterrwthaachen\",\"https:\\\/\\\/www.linkedin.com\\\/company\\\/itcenterrwth\"]},{\"@type\":\"Person\",\"@id\":\"https:\\\/\\\/blog.rwth-aachen.de\\\/itc\\\/author\\\/5003\\\/#author\",\"url\":\"https:\\\/\\\/blog.rwth-aachen.de\\\/itc\\\/author\\\/5003\\\/\",\"name\":\"Mostafa, Malak\",\"image\":{\"@type\":\"ImageObject\",\"@id\":\"https:\\\/\\\/blog.rwth-aachen.de\\\/itc\\\/2024\\\/03\\\/04\\\/meine-lernraeume-sind-weg\\\/#authorImage\",\"url\":\"https:\\\/\\\/secure.gravatar.com\\\/avatar\\\/2ebc3fa9c50b86f358c82e24d178f4c6e2f5e049b725d3ca19fe370767c424b5?s=96&d=blank&r=g\",\"width\":96,\"height\":96,\"caption\":\"Mostafa, Malak\"}},{\"@type\":\"WebPage\",\"@id\":\"https:\\\/\\\/blog.rwth-aachen.de\\\/itc\\\/2024\\\/03\\\/04\\\/meine-lernraeume-sind-weg\\\/#webpage\",\"url\":\"https:\\\/\\\/blog.rwth-aachen.de\\\/itc\\\/2024\\\/03\\\/04\\\/meine-lernraeume-sind-weg\\\/\",\"name\":\"RWTHmoodle: Hilfe, meine Lernr\\u00e4ume sind pl\\u00f6tzlich weg! \\u2022 IT Center Blog\",\"description\":\"Oft erreichen uns zu Beginn des Semesters Anfragen von Studierenden, weil bei ihnen in RWTHmoodle nicht mehr die Lernr\\u00e4ume auftauchen. Hierf\\u00fcr gibt es 2 Gr\\u00fcnde.\",\"inLanguage\":\"de-DE\",\"isPartOf\":{\"@id\":\"https:\\\/\\\/blog.rwth-aachen.de\\\/itc\\\/#website\"},\"breadcrumb\":{\"@id\":\"https:\\\/\\\/blog.rwth-aachen.de\\\/itc\\\/2024\\\/03\\\/04\\\/meine-lernraeume-sind-weg\\\/#breadcrumblist\"},\"author\":{\"@id\":\"https:\\\/\\\/blog.rwth-aachen.de\\\/itc\\\/author\\\/5003\\\/#author\"},\"creator\":{\"@id\":\"https:\\\/\\\/blog.rwth-aachen.de\\\/itc\\\/author\\\/5003\\\/#author\"},\"image\":{\"@type\":\"ImageObject\",\"url\":\"https:\\\/\\\/blog.rwth-aachen.de\\\/itc\\\/files\\\/2024\\\/03\\\/Blog-Layout.png\",\"@id\":\"https:\\\/\\\/blog.rwth-aachen.de\\\/itc\\\/2024\\\/03\\\/04\\\/meine-lernraeume-sind-weg\\\/#mainImage\",\"width\":3000,\"height\":2000,\"caption\":\"Source: Freepik\"},\"primaryImageOfPage\":{\"@id\":\"https:\\\/\\\/blog.rwth-aachen.de\\\/itc\\\/2024\\\/03\\\/04\\\/meine-lernraeume-sind-weg\\\/#mainImage\"},\"datePublished\":\"2024-03-04T15:25:56+01:00\",\"dateModified\":\"2024-03-04T15:21:46+01:00\"},{\"@type\":\"WebSite\",\"@id\":\"https:\\\/\\\/blog.rwth-aachen.de\\\/itc\\\/#website\",\"url\":\"https:\\\/\\\/blog.rwth-aachen.de\\\/itc\\\/\",\"name\":\"IT Center Blog\",\"inLanguage\":\"de-DE\",\"publisher\":{\"@id\":\"https:\\\/\\\/blog.rwth-aachen.de\\\/itc\\\/#organization\"}}]}\n\t\t<\/script>\n\t\t<!-- All in One SEO -->\n\n","aioseo_head_json":{"title":"RWTHmoodle: Hilfe, meine Lernr\u00e4ume sind pl\u00f6tzlich weg! \u2022 IT Center Blog","description":"Oft erreichen uns zu Beginn des Semesters Anfragen von Studierenden, weil bei ihnen in RWTHmoodle nicht mehr die Lernr\u00e4ume auftauchen. Hierf\u00fcr gibt es 2 Gr\u00fcnde.","canonical_url":"https:\/\/blog.rwth-aachen.de\/itc\/2024\/03\/04\/meine-lernraeume-sind-weg\/","robots":"max-image-preview:large","keywords":"lernraum,lernr\u00e4ume,moodle,rwthmoodle,services &amp; support,studium &amp; lehre","webmasterTools":{"miscellaneous":""},"schema":{"@context":"https:\/\/schema.org","@graph":[{"@type":"BlogPosting","@id":"https:\/\/blog.rwth-aachen.de\/itc\/2024\/03\/04\/meine-lernraeume-sind-weg\/#blogposting","name":"RWTHmoodle: Hilfe, meine Lernr\u00e4ume sind pl\u00f6tzlich weg! \u2022 IT Center Blog","headline":"RWTHmoodle: Hilfe, meine Lernr\u00e4ume sind pl\u00f6tzlich weg!","author":{"@id":"https:\/\/blog.rwth-aachen.de\/itc\/author\/5003\/#author"},"publisher":{"@id":"https:\/\/blog.rwth-aachen.de\/itc\/#organization"},"image":{"@type":"ImageObject","url":"https:\/\/blog.rwth-aachen.de\/itc\/files\/2024\/03\/Blog-Layout.png","width":3000,"height":2000,"caption":"Source: Freepik"},"datePublished":"2024-03-04T15:25:56+01:00","dateModified":"2024-03-04T15:21:46+01:00","inLanguage":"de-DE","mainEntityOfPage":{"@id":"https:\/\/blog.rwth-aachen.de\/itc\/2024\/03\/04\/meine-lernraeume-sind-weg\/#webpage"},"isPartOf":{"@id":"https:\/\/blog.rwth-aachen.de\/itc\/2024\/03\/04\/meine-lernraeume-sind-weg\/#webpage"},"articleSection":"Services &amp; Support, Studium &amp; Lehre, lernraum, Lernr\u00e4ume, Moodle, RWTHmoodle"},{"@type":"BreadcrumbList","@id":"https:\/\/blog.rwth-aachen.de\/itc\/2024\/03\/04\/meine-lernraeume-sind-weg\/#breadcrumblist","itemListElement":[{"@type":"ListItem","@id":"https:\/\/blog.rwth-aachen.de\/itc#listItem","position":1,"name":"Home","item":"https:\/\/blog.rwth-aachen.de\/itc","nextItem":{"@type":"ListItem","@id":"https:\/\/blog.rwth-aachen.de\/itc\/category\/themen\/#listItem","name":"Themen"}},{"@type":"ListItem","@id":"https:\/\/blog.rwth-aachen.de\/itc\/category\/themen\/#listItem","position":2,"name":"Themen","item":"https:\/\/blog.rwth-aachen.de\/itc\/category\/themen\/","nextItem":{"@type":"ListItem","@id":"https:\/\/blog.rwth-aachen.de\/itc\/category\/themen\/studium-lehre\/#listItem","name":"Studium &amp; Lehre"},"previousItem":{"@type":"ListItem","@id":"https:\/\/blog.rwth-aachen.de\/itc#listItem","name":"Home"}},{"@type":"ListItem","@id":"https:\/\/blog.rwth-aachen.de\/itc\/category\/themen\/studium-lehre\/#listItem","position":3,"name":"Studium &amp; Lehre","item":"https:\/\/blog.rwth-aachen.de\/itc\/category\/themen\/studium-lehre\/","nextItem":{"@type":"ListItem","@id":"https:\/\/blog.rwth-aachen.de\/itc\/2024\/03\/04\/meine-lernraeume-sind-weg\/#listItem","name":"RWTHmoodle: Hilfe, meine Lernr\u00e4ume sind pl\u00f6tzlich weg!"},"previousItem":{"@type":"ListItem","@id":"https:\/\/blog.rwth-aachen.de\/itc\/category\/themen\/#listItem","name":"Themen"}},{"@type":"ListItem","@id":"https:\/\/blog.rwth-aachen.de\/itc\/2024\/03\/04\/meine-lernraeume-sind-weg\/#listItem","position":4,"name":"RWTHmoodle: Hilfe, meine Lernr\u00e4ume sind pl\u00f6tzlich weg!","previousItem":{"@type":"ListItem","@id":"https:\/\/blog.rwth-aachen.de\/itc\/category\/themen\/studium-lehre\/#listItem","name":"Studium &amp; Lehre"}}]},{"@type":"Organization","@id":"https:\/\/blog.rwth-aachen.de\/itc\/#organization","name":"IT Center RWTH Aachen University","url":"https:\/\/blog.rwth-aachen.de\/itc\/","logo":{"@type":"ImageObject","url":"https:\/\/blog.rwth-aachen.de\/itc\/files\/2018\/09\/IT-Center-Logo.png","@id":"https:\/\/blog.rwth-aachen.de\/itc\/2024\/03\/04\/meine-lernraeume-sind-weg\/#organizationLogo","width":1312,"height":378,"caption":"IT Center Logo"},"image":{"@id":"https:\/\/blog.rwth-aachen.de\/itc\/2024\/03\/04\/meine-lernraeume-sind-weg\/#organizationLogo"},"sameAs":["https:\/\/www.facebook.com\/itcenterrwth","https:\/\/twitter.com\/ITCenterRWTH","https:\/\/www.youtube.com\/c\/itcenterrwthaachen","https:\/\/www.linkedin.com\/company\/itcenterrwth"]},{"@type":"Person","@id":"https:\/\/blog.rwth-aachen.de\/itc\/author\/5003\/#author","url":"https:\/\/blog.rwth-aachen.de\/itc\/author\/5003\/","name":"Mostafa, Malak","image":{"@type":"ImageObject","@id":"https:\/\/blog.rwth-aachen.de\/itc\/2024\/03\/04\/meine-lernraeume-sind-weg\/#authorImage","url":"https:\/\/secure.gravatar.com\/avatar\/2ebc3fa9c50b86f358c82e24d178f4c6e2f5e049b725d3ca19fe370767c424b5?s=96&d=blank&r=g","width":96,"height":96,"caption":"Mostafa, Malak"}},{"@type":"WebPage","@id":"https:\/\/blog.rwth-aachen.de\/itc\/2024\/03\/04\/meine-lernraeume-sind-weg\/#webpage","url":"https:\/\/blog.rwth-aachen.de\/itc\/2024\/03\/04\/meine-lernraeume-sind-weg\/","name":"RWTHmoodle: Hilfe, meine Lernr\u00e4ume sind pl\u00f6tzlich weg! \u2022 IT Center Blog","description":"Oft erreichen uns zu Beginn des Semesters Anfragen von Studierenden, weil bei ihnen in RWTHmoodle nicht mehr die Lernr\u00e4ume auftauchen. Hierf\u00fcr gibt es 2 Gr\u00fcnde.","inLanguage":"de-DE","isPartOf":{"@id":"https:\/\/blog.rwth-aachen.de\/itc\/#website"},"breadcrumb":{"@id":"https:\/\/blog.rwth-aachen.de\/itc\/2024\/03\/04\/meine-lernraeume-sind-weg\/#breadcrumblist"},"author":{"@id":"https:\/\/blog.rwth-aachen.de\/itc\/author\/5003\/#author"},"creator":{"@id":"https:\/\/blog.rwth-aachen.de\/itc\/author\/5003\/#author"},"image":{"@type":"ImageObject","url":"https:\/\/blog.rwth-aachen.de\/itc\/files\/2024\/03\/Blog-Layout.png","@id":"https:\/\/blog.rwth-aachen.de\/itc\/2024\/03\/04\/meine-lernraeume-sind-weg\/#mainImage","width":3000,"height":2000,"caption":"Source: Freepik"},"primaryImageOfPage":{"@id":"https:\/\/blog.rwth-aachen.de\/itc\/2024\/03\/04\/meine-lernraeume-sind-weg\/#mainImage"},"datePublished":"2024-03-04T15:25:56+01:00","dateModified":"2024-03-04T15:21:46+01:00"},{"@type":"WebSite","@id":"https:\/\/blog.rwth-aachen.de\/itc\/#website","url":"https:\/\/blog.rwth-aachen.de\/itc\/","name":"IT Center Blog","inLanguage":"de-DE","publisher":{"@id":"https:\/\/blog.rwth-aachen.de\/itc\/#organization"}}]},"og:locale":"de_DE","og:site_name":"IT Center Blog \u2022","og:type":"article","og:title":"RWTHmoodle: Hilfe, meine Lernr\u00e4ume sind pl\u00f6tzlich weg! \u2022 IT Center Blog","og:description":"Oft erreichen uns zu Beginn des Semesters Anfragen von Studierenden, weil bei ihnen in RWTHmoodle nicht mehr die Lernr\u00e4ume auftauchen. Hierf\u00fcr gibt es 2 Gr\u00fcnde.","og:url":"https:\/\/blog.rwth-aachen.de\/itc\/2024\/03\/04\/meine-lernraeume-sind-weg\/","article:published_time":"2024-03-04T14:25:56+00:00","article:modified_time":"2024-03-04T14:21:46+00:00","article:publisher":"https:\/\/www.facebook.com\/itcenterrwth","twitter:card":"summary","twitter:site":"@ITCenterRWTH","twitter:title":"RWTHmoodle: Hilfe, meine Lernr\u00e4ume sind pl\u00f6tzlich weg! \u2022 IT Center Blog","twitter:description":"Oft erreichen uns zu Beginn des Semesters Anfragen von Studierenden, weil bei ihnen in RWTHmoodle nicht mehr die Lernr\u00e4ume auftauchen. Hierf\u00fcr gibt es 2 Gr\u00fcnde.","twitter:creator":"@ITCenterRWTH"},"aioseo_meta_data":{"post_id":"18726","title":null,"description":"Oft erreichen uns zu Beginn des Semesters Anfragen von Studierenden, weil bei ihnen in RWTHmoodle nicht mehr die Lernr\u00e4ume auftauchen. Hierf\u00fcr gibt es 2 Gr\u00fcnde.","keywords":[],"keyphrases":{"focus":{"keyphrase":"","score":0,"analysis":{"keyphraseInTitle":{"score":0,"maxScore":9,"error":1}}},"additional":[]},"primary_term":null,"canonical_url":null,"og_title":null,"og_description":null,"og_object_type":"default","og_image_type":"default","og_image_url":null,"og_image_width":null,"og_image_height":null,"og_image_custom_url":null,"og_image_custom_fields":null,"og_video":"","og_custom_url":null,"og_article_section":null,"og_article_tags":[],"twitter_use_og":false,"twitter_card":"default","twitter_image_type":"default","twitter_image_url":null,"twitter_image_custom_url":null,"twitter_image_custom_fields":null,"twitter_title":null,"twitter_description":null,"schema":{"blockGraphs":[],"customGraphs":[],"default":{"data":{"Article":[],"Course":[],"Dataset":[],"FAQPage":[],"Movie":[],"Person":[],"Product":[],"ProductReview":[],"Car":[],"Recipe":[],"Service":[],"SoftwareApplication":[],"WebPage":[]},"graphName":"BlogPosting","isEnabled":true},"graphs":[]},"schema_type":"default","schema_type_options":null,"pillar_content":false,"robots_default":true,"robots_noindex":false,"robots_noarchive":false,"robots_nosnippet":false,"robots_nofollow":false,"robots_noimageindex":false,"robots_noodp":false,"robots_notranslate":false,"robots_max_snippet":"-1","robots_max_videopreview":"-1","robots_max_imagepreview":"large","priority":null,"frequency":"default","local_seo":null,"breadcrumb_settings":null,"limit_modified_date":false,"ai":null,"created":"2024-03-01 10:49:04","updated":"2025-07-08 14:35:32","seo_analyzer_scan_date":null},"aioseo_breadcrumb":"<div class=\"aioseo-breadcrumbs\"><span class=\"aioseo-breadcrumb\">\n\t\t\t<a href=\"https:\/\/blog.rwth-aachen.de\/itc\" title=\"Home\">Home<\/a>\n\t\t<\/span><span class=\"aioseo-breadcrumb-separator\">\u00bb<\/span><span class=\"aioseo-breadcrumb\">\n\t\t\t<a href=\"https:\/\/blog.rwth-aachen.de\/itc\/category\/themen\/\" title=\"Themen\">Themen<\/a>\n\t\t<\/span><span class=\"aioseo-breadcrumb-separator\">\u00bb<\/span><span class=\"aioseo-breadcrumb\">\n\t\t\t<a href=\"https:\/\/blog.rwth-aachen.de\/itc\/category\/themen\/studium-lehre\/\" title=\"Studium &amp; Lehre\">Studium &amp; Lehre<\/a>\n\t\t<\/span><span class=\"aioseo-breadcrumb-separator\">\u00bb<\/span><span class=\"aioseo-breadcrumb\">\n\t\t\tRWTHmoodle: Hilfe, meine Lernr\u00e4ume sind pl\u00f6tzlich weg!\n\t\t<\/span><\/div>","aioseo_breadcrumb_json":[{"label":"Home","link":"https:\/\/blog.rwth-aachen.de\/itc"},{"label":"Themen","link":"https:\/\/blog.rwth-aachen.de\/itc\/category\/themen\/"},{"label":"Studium &amp; Lehre","link":"https:\/\/blog.rwth-aachen.de\/itc\/category\/themen\/studium-lehre\/"},{"label":"RWTHmoodle: Hilfe, meine Lernr\u00e4ume sind pl\u00f6tzlich weg!","link":"https:\/\/blog.rwth-aachen.de\/itc\/2024\/03\/04\/meine-lernraeume-sind-weg\/"}],"_links":{"self":[{"href":"https:\/\/blog.rwth-aachen.de\/itc\/wp-json\/wp\/v2\/posts\/18726","targetHints":{"allow":["GET"]}}],"collection":[{"href":"https:\/\/blog.rwth-aachen.de\/itc\/wp-json\/wp\/v2\/posts"}],"about":[{"href":"https:\/\/blog.rwth-aachen.de\/itc\/wp-json\/wp\/v2\/types\/post"}],"author":[{"embeddable":true,"href":"https:\/\/blog.rwth-aachen.de\/itc\/wp-json\/wp\/v2\/users\/5003"}],"replies":[{"embeddable":true,"href":"https:\/\/blog.rwth-aachen.de\/itc\/wp-json\/wp\/v2\/comments?post=18726"}],"version-history":[{"count":8,"href":"https:\/\/blog.rwth-aachen.de\/itc\/wp-json\/wp\/v2\/posts\/18726\/revisions"}],"predecessor-version":[{"id":18742,"href":"https:\/\/blog.rwth-aachen.de\/itc\/wp-json\/wp\/v2\/posts\/18726\/revisions\/18742"}],"wp:featuredmedia":[{"embeddable":true,"href":"https:\/\/blog.rwth-aachen.de\/itc\/wp-json\/wp\/v2\/media\/18728"}],"wp:attachment":[{"href":"https:\/\/blog.rwth-aachen.de\/itc\/wp-json\/wp\/v2\/media?parent=18726"}],"wp:term":[{"taxonomy":"category","embeddable":true,"href":"https:\/\/blog.rwth-aachen.de\/itc\/wp-json\/wp\/v2\/categories?post=18726"},{"taxonomy":"post_tag","embeddable":true,"href":"https:\/\/blog.rwth-aachen.de\/itc\/wp-json\/wp\/v2\/tags?post=18726"}],"curies":[{"name":"wp","href":"https:\/\/api.w.org\/{rel}","templated":true}]}}