{"id":19128,"date":"2024-04-26T16:00:41","date_gmt":"2024-04-26T14:00:41","guid":{"rendered":"https:\/\/blog.rwth-aachen.de\/itc\/?p=19128"},"modified":"2024-05-02T14:26:05","modified_gmt":"2024-05-02T12:26:05","slug":"betriebsausflug-2024-koeln-wir-kommen","status":"publish","type":"post","link":"https:\/\/blog.rwth-aachen.de\/itc\/2024\/04\/26\/betriebsausflug-2024-koeln-wir-kommen\/","title":{"rendered":"Betriebsausflug 2024 \u2013 K\u00f6ln wir kommen"},"content":{"rendered":"<div class=\"twoclick_social_bookmarks_post_19128 social_share_privacy clearfix 1.6.4 locale-de_DE sprite-de_DE\"><\/div><div class=\"twoclick-js\"><script type=\"text\/javascript\">\/* <![CDATA[ *\/\njQuery(document).ready(function($){if($('.twoclick_social_bookmarks_post_19128')){$('.twoclick_social_bookmarks_post_19128').socialSharePrivacy({\"txt_help\":\"Wenn Sie diese Felder durch einen Klick aktivieren, werden Informationen an Facebook, Twitter, Flattr, Xing, t3n, LinkedIn, Pinterest oder Google eventuell ins Ausland \\u00fcbertragen und unter Umst\\u00e4nden auch dort gespeichert. N\\u00e4heres erfahren Sie durch einen Klick auf das <em>i<\\\/em>.\",\"settings_perma\":\"Dauerhaft aktivieren und Daten\\u00fcber-tragung zustimmen:\",\"info_link\":\"http:\\\/\\\/www.heise.de\\\/ct\\\/artikel\\\/2-Klicks-fuer-mehr-Datenschutz-1333879.html\",\"uri\":\"https:\\\/\\\/blog.rwth-aachen.de\\\/itc\\\/2024\\\/04\\\/26\\\/betriebsausflug-2024-koeln-wir-kommen\\\/\",\"post_id\":19128,\"post_title_referrer_track\":\"Betriebsausflug+2024+%E2%80%93+K%C3%B6ln+wir+kommen\",\"display_infobox\":\"on\"});}});\n\/* ]]> *\/<\/script><\/div><p><div id=\"attachment_19162\" style=\"width: 310px\" class=\"wp-caption alignright\"><a href=\"https:\/\/blog.rwth-aachen.de\/itc\/files\/2024\/04\/2.1-1-scaled.jpg\"><img loading=\"lazy\" decoding=\"async\" aria-describedby=\"caption-attachment-19162\" class=\"size-medium wp-image-19162\" src=\"https:\/\/blog.rwth-aachen.de\/itc\/files\/2024\/04\/2.1-1-300x200.jpg\" alt=\"VR Cave der Universit\u00e4t zu K\u00f6ln\" width=\"300\" height=\"200\" srcset=\"https:\/\/blog.rwth-aachen.de\/itc\/files\/2024\/04\/2.1-1-300x200.jpg 300w, https:\/\/blog.rwth-aachen.de\/itc\/files\/2024\/04\/2.1-1-1024x683.jpg 1024w, https:\/\/blog.rwth-aachen.de\/itc\/files\/2024\/04\/2.1-1-768x512.jpg 768w, https:\/\/blog.rwth-aachen.de\/itc\/files\/2024\/04\/2.1-1-1536x1024.jpg 1536w, https:\/\/blog.rwth-aachen.de\/itc\/files\/2024\/04\/2.1-1-2048x1365.jpg 2048w\" sizes=\"auto, (max-width: 300px) 100vw, 300px\" \/><\/a><p id=\"caption-attachment-19162\" class=\"wp-caption-text\">Quelle: Eigene Darstellung<\/p><\/div><\/p>\n<p>Der Betriebsausflug am 19. April 2024 war ein H\u00f6hepunkt im Kalender der Mitarbeitenden des IT Centers. Die Idee, gemeinsam einen Tag au\u00dferhalb des B\u00fcros zu verbringen, stie\u00df auf gro\u00dfe Begeisterung. Geplant war nicht nur die Teambindung zu st\u00e4rken, sondern auch interessante Einblicke in das High Performance Computing des Rechenzentrums der Universit\u00e4t zu K\u00f6ln zu erhalten und anschlie\u00dfend gemeinsam verschiedene Aktivit\u00e4ten in K\u00f6ln zu unternehmen. Knapp 120 Mitarbeitende haben sich auf den Weg gemacht, um K\u00f6ln unsicher zu machen und gemeinsam einen tollen Tag zu verbringen.<\/p>\n<p>&nbsp;<\/p>\n<p><!--more--><\/p>\n<h3><span style=\"color: #00549f;\">Wie alles begann<\/span><\/h3>\n<p>So startete der Tag fr\u00fch am Morgen um 8 Uhr am Aachener Hauptbahnhof, um gemeinsam die Reise nach K\u00f6ln anzutreten. F\u00fcr viele war es eine willkommene Abwechslung und eine Gelegenheit, die Kolleginnen und Kollegen auch au\u00dferhalb der B\u00fcros besser kennenzulernen.<\/p>\n<p>Der erste Programmpunkt f\u00fchrte direkt in das Rechenzentrum der Universit\u00e4t zu K\u00f6ln, wo die Mitarbeitenden die M\u00f6glichkeit hatten, den Hochleistungsrechner zu sehen, Simulationen in der Cave zu erleben oder gleich nebenan den Stollennachbau aus dem Steinkohlebergbau, den Barbarastollen, zu entdecken. Die Mitarbeitenden des Rechenzentrums empfingen uns sehr herzlich und nahmen sich viel Zeit, um uns durch die verschiedenen Attraktionen f\u00fchren.<br \/>\nDas unerwartete Highlight in der Cave: Die Nahaufnahme eines Fruchtfliegengehirns, durch welches virtuell gef\u00fchrt wurde und welches mit erstaunlicher N\u00e4he und Detailreichtum \u00fcberraschte.<\/p>\n<p>&nbsp;<\/p>\n<h3><span style=\"color: #00549f;\">Aktivit\u00e4ten in K\u00f6ln<\/span><\/h3>\n<p>Nach diesem informativen Start stand den Mitarbeitenden ein umfangreiches Auswahlangebot zur Verf\u00fcgung, um die Stadt K\u00f6ln in all ihren Facetten zu erkunden. Von kulturellen Sehensw\u00fcrdigkeiten \u00fcber kulinarische Gen\u00fcsse, bis hin zu spannenden Aktivit\u00e4ten gab es f\u00fcr jeden Geschmack etwas zu entdecken. Mit im Programm gab es nat\u00fcrlich eine K\u00f6lsch Tour, eine K\u00f6ln-unterirdisch-F\u00fchrung oder eine Dampf-Schiff-Tour. Aber auch eine Outdoor-Escape-Tour, eine Turmbesteigung des K\u00f6lner Doms oder eine Unternehmung auf eigene Faust \u2013 wie bspw. die Besichtigung eines Museums \u2013 z\u00e4hlten zu den w\u00e4hlbaren Optionen. Das Wetter hat mit aller Macht versucht, die gute Laune zu d\u00e4mpfen, blieb dabei aber erfolglos. Egal ob auf rauer See, unter den Stra\u00dfen der Stadt oder im Banksy Museum \u2013 die Stimmung war gro\u00dfartig.<\/p>\n<p>&nbsp;<\/p>\n<h3><span style=\"color: #00549f;\">Gemeinsamer Abschluss<\/span><\/h3>\n<p>Der ereignisreiche Tag gipfelte, als sich alle Mitarbeitenden zum Ausklang in einem Brauhaus in der K\u00f6lner Innenstadt trafen und gemeinsam die k\u00f6lschen Spezialit\u00e4ten genossen und den bis dahin bereits gelungenen Tag ausklingen lie\u00dfen. Es war sch\u00f6n zu sehen, wie sich die Kolleginnen und Kollegen in ungezwungener Atmosph\u00e4re austauschten und dass die verschiedenen Aktivit\u00e4ten nicht nur f\u00fcr Abwechslung gesorgt, sondern auch das Teamgef\u00fchl gest\u00e4rkt haben. Unser pers\u00f6nliches Highlight bestand darin, sich mit Menschen auszutauschen, mit denen man sonst im beruflichen Alltag selten die Gelegenheit bekommt.<\/p>\n<p>&nbsp;<\/p>\n<p>Ein gro\u00dfer Dank gilt dem Party-Team, das diesen Betriebsausflug geplant und uns so einen sch\u00f6nen Tagorganisiert hat.<\/p>\n<p>Auch wollen wir uns an dieser Stelle herzlich bei der Universit\u00e4t zu K\u00f6ln bedanken, die uns einen gro\u00dfartigen Einblick in ihr Rechenzentrum geschenkt hat.<\/p>\n<p>Der gr\u00f6\u00dfte Dank gilt der IT Center Leitung \u2013 ohne sie w\u00e4re ein solcher Ausflug nicht m\u00f6glich.<\/p>\n<p>&nbsp;<\/p>\n<p>Wir freuen uns sehr auf den n\u00e4chsten IT Center Betriebsausflug!<\/p>\n<p>&nbsp;<\/p>\n<h3><span style=\"color: #00549f;\">Bildergalerie<\/span><\/h3>\n\n\t\t<style>\n\t\t\t#gallery-1 {\n\t\t\t\tmargin: auto;\n\t\t\t}\n\t\t\t#gallery-1 .gallery-item {\n\t\t\t\tfloat: left;\n\t\t\t\tmargin-top: 10px;\n\t\t\t\ttext-align: center;\n\t\t\t\twidth: 33%;\n\t\t\t}\n\t\t\t#gallery-1 img {\n\t\t\t\tborder: 2px solid #cfcfcf;\n\t\t\t}\n\t\t\t#gallery-1 .gallery-caption {\n\t\t\t\tmargin-left: 0;\n\t\t\t}\n\t\t\t\/* see gallery_shortcode() in wp-includes\/media.php *\/\n\t\t<\/style>\n\t\t<div id='gallery-1' class='gallery galleryid-19128 gallery-columns-3 gallery-size-thumbnail'><dl class='gallery-item'>\n\t\t\t<dt class='gallery-icon landscape'>\n\t\t\t\t<a href='https:\/\/blog.rwth-aachen.de\/itc\/2024\/04\/26\/betriebsausflug-2024-koeln-wir-kommen\/20240419_141514-2\/'><img loading=\"lazy\" decoding=\"async\" width=\"150\" height=\"150\" src=\"https:\/\/blog.rwth-aachen.de\/itc\/files\/2024\/04\/20240419_141514-1-150x150.jpg\" class=\"attachment-thumbnail size-thumbnail\" alt=\"Altes Haus mit Fenstern\" aria-describedby=\"gallery-1-19160\" srcset=\"https:\/\/blog.rwth-aachen.de\/itc\/files\/2024\/04\/20240419_141514-1-150x150.jpg 150w, https:\/\/blog.rwth-aachen.de\/itc\/files\/2024\/04\/20240419_141514-1-50x50.jpg 50w\" sizes=\"auto, (max-width: 150px) 100vw, 150px\" \/><\/a>\n\t\t\t<\/dt>\n\t\t\t\t<dd class='wp-caption-text gallery-caption' id='gallery-1-19160'>\n\t\t\t\tQuelle: Eigene Darstellung\n\t\t\t\t<\/dd><\/dl><dl class='gallery-item'>\n\t\t\t<dt class='gallery-icon landscape'>\n\t\t\t\t<a href='https:\/\/blog.rwth-aachen.de\/itc\/2024\/04\/26\/betriebsausflug-2024-koeln-wir-kommen\/20240419_betriebsausflug_maryam-nils-1-2\/'><img loading=\"lazy\" decoding=\"async\" width=\"150\" height=\"150\" src=\"https:\/\/blog.rwth-aachen.de\/itc\/files\/2024\/04\/20240419_betriebsausflug_maryam-nils-1-1-150x150.jpg\" class=\"attachment-thumbnail size-thumbnail\" alt=\"Zwei Menschen mit einem Schirm\" aria-describedby=\"gallery-1-19161\" srcset=\"https:\/\/blog.rwth-aachen.de\/itc\/files\/2024\/04\/20240419_betriebsausflug_maryam-nils-1-1-150x150.jpg 150w, https:\/\/blog.rwth-aachen.de\/itc\/files\/2024\/04\/20240419_betriebsausflug_maryam-nils-1-1-50x50.jpg 50w\" sizes=\"auto, (max-width: 150px) 100vw, 150px\" \/><\/a>\n\t\t\t<\/dt>\n\t\t\t\t<dd class='wp-caption-text gallery-caption' id='gallery-1-19161'>\n\t\t\t\tQuelle: Eigene Darstellung\n\t\t\t\t<\/dd><\/dl><dl class='gallery-item'>\n\t\t\t<dt class='gallery-icon portrait'>\n\t\t\t\t<a href='https:\/\/blog.rwth-aachen.de\/itc\/2024\/04\/26\/betriebsausflug-2024-koeln-wir-kommen\/20240419_121531-2\/'><img loading=\"lazy\" decoding=\"async\" width=\"150\" height=\"150\" src=\"https:\/\/blog.rwth-aachen.de\/itc\/files\/2024\/04\/20240419_121531-1-150x150.jpg\" class=\"attachment-thumbnail size-thumbnail\" alt=\"Haus mit bunter Wand\" aria-describedby=\"gallery-1-19159\" srcset=\"https:\/\/blog.rwth-aachen.de\/itc\/files\/2024\/04\/20240419_121531-1-150x150.jpg 150w, https:\/\/blog.rwth-aachen.de\/itc\/files\/2024\/04\/20240419_121531-1-50x50.jpg 50w\" sizes=\"auto, (max-width: 150px) 100vw, 150px\" \/><\/a>\n\t\t\t<\/dt>\n\t\t\t\t<dd class='wp-caption-text gallery-caption' id='gallery-1-19159'>\n\t\t\t\tQuelle: Eigene Darstellung\n\t\t\t\t<\/dd><\/dl><br style=\"clear: both\" \/><dl class='gallery-item'>\n\t\t\t<dt class='gallery-icon landscape'>\n\t\t\t\t<a href='https:\/\/blog.rwth-aachen.de\/itc\/2024\/04\/26\/betriebsausflug-2024-koeln-wir-kommen\/20240419_121002-2\/'><img loading=\"lazy\" decoding=\"async\" width=\"150\" height=\"150\" src=\"https:\/\/blog.rwth-aachen.de\/itc\/files\/2024\/04\/20240419_121002-1-150x150.jpg\" class=\"attachment-thumbnail size-thumbnail\" alt=\"Altes Gem\u00e4uer im Barbarastollen\" aria-describedby=\"gallery-1-19158\" srcset=\"https:\/\/blog.rwth-aachen.de\/itc\/files\/2024\/04\/20240419_121002-1-150x150.jpg 150w, https:\/\/blog.rwth-aachen.de\/itc\/files\/2024\/04\/20240419_121002-1-50x50.jpg 50w\" sizes=\"auto, (max-width: 150px) 100vw, 150px\" \/><\/a>\n\t\t\t<\/dt>\n\t\t\t\t<dd class='wp-caption-text gallery-caption' id='gallery-1-19158'>\n\t\t\t\tQuelle: Eigene Darstellung\n\t\t\t\t<\/dd><\/dl><dl class='gallery-item'>\n\t\t\t<dt class='gallery-icon landscape'>\n\t\t\t\t<a href='https:\/\/blog.rwth-aachen.de\/itc\/2024\/04\/26\/betriebsausflug-2024-koeln-wir-kommen\/20240419_101104-2\/'><img loading=\"lazy\" decoding=\"async\" width=\"150\" height=\"150\" src=\"https:\/\/blog.rwth-aachen.de\/itc\/files\/2024\/04\/20240419_101104-1-150x150.jpg\" class=\"attachment-thumbnail size-thumbnail\" alt=\"Schild aus dem Barbarastollen mit der Aufschrift &quot;Signale langsam und deutlich geben&quot;\" aria-describedby=\"gallery-1-19157\" srcset=\"https:\/\/blog.rwth-aachen.de\/itc\/files\/2024\/04\/20240419_101104-1-150x150.jpg 150w, https:\/\/blog.rwth-aachen.de\/itc\/files\/2024\/04\/20240419_101104-1-50x50.jpg 50w\" sizes=\"auto, (max-width: 150px) 100vw, 150px\" \/><\/a>\n\t\t\t<\/dt>\n\t\t\t\t<dd class='wp-caption-text gallery-caption' id='gallery-1-19157'>\n\t\t\t\tQuelle: Eigene Darstellung\n\t\t\t\t<\/dd><\/dl><dl class='gallery-item'>\n\t\t\t<dt class='gallery-icon portrait'>\n\t\t\t\t<a href='https:\/\/blog.rwth-aachen.de\/itc\/2024\/04\/26\/betriebsausflug-2024-koeln-wir-kommen\/6-3\/'><img loading=\"lazy\" decoding=\"async\" width=\"150\" height=\"150\" src=\"https:\/\/blog.rwth-aachen.de\/itc\/files\/2024\/04\/6-1-150x150.jpg\" class=\"attachment-thumbnail size-thumbnail\" alt=\"Malerei von Banksy &quot;Ballonm\u00e4dchen&quot;\" aria-describedby=\"gallery-1-19156\" srcset=\"https:\/\/blog.rwth-aachen.de\/itc\/files\/2024\/04\/6-1-150x150.jpg 150w, https:\/\/blog.rwth-aachen.de\/itc\/files\/2024\/04\/6-1-50x50.jpg 50w\" sizes=\"auto, (max-width: 150px) 100vw, 150px\" \/><\/a>\n\t\t\t<\/dt>\n\t\t\t\t<dd class='wp-caption-text gallery-caption' id='gallery-1-19156'>\n\t\t\t\tQuelle: Eigene Darstellung\n\t\t\t\t<\/dd><\/dl><br style=\"clear: both\" \/><dl class='gallery-item'>\n\t\t\t<dt class='gallery-icon landscape'>\n\t\t\t\t<a href='https:\/\/blog.rwth-aachen.de\/itc\/2024\/04\/26\/betriebsausflug-2024-koeln-wir-kommen\/5-2\/'><img loading=\"lazy\" decoding=\"async\" width=\"150\" height=\"150\" src=\"https:\/\/blog.rwth-aachen.de\/itc\/files\/2024\/04\/5-1-150x150.jpg\" class=\"attachment-thumbnail size-thumbnail\" alt=\"Ausblick vom Dampfschiff auf die Krankh\u00e4user in K\u00f6ln\" aria-describedby=\"gallery-1-19155\" srcset=\"https:\/\/blog.rwth-aachen.de\/itc\/files\/2024\/04\/5-1-150x150.jpg 150w, https:\/\/blog.rwth-aachen.de\/itc\/files\/2024\/04\/5-1-50x50.jpg 50w\" sizes=\"auto, (max-width: 150px) 100vw, 150px\" \/><\/a>\n\t\t\t<\/dt>\n\t\t\t\t<dd class='wp-caption-text gallery-caption' id='gallery-1-19155'>\n\t\t\t\tQuelle: Eigene Darstellung\n\t\t\t\t<\/dd><\/dl><dl class='gallery-item'>\n\t\t\t<dt class='gallery-icon portrait'>\n\t\t\t\t<a href='https:\/\/blog.rwth-aachen.de\/itc\/2024\/04\/26\/betriebsausflug-2024-koeln-wir-kommen\/1-4\/'><img loading=\"lazy\" decoding=\"async\" width=\"150\" height=\"150\" src=\"https:\/\/blog.rwth-aachen.de\/itc\/files\/2024\/04\/1-1-150x150.jpg\" class=\"attachment-thumbnail size-thumbnail\" alt=\"Bild vom Rechenzentrum der Universit\u00e4t zu K\u00f6ln\" aria-describedby=\"gallery-1-19151\" srcset=\"https:\/\/blog.rwth-aachen.de\/itc\/files\/2024\/04\/1-1-150x150.jpg 150w, https:\/\/blog.rwth-aachen.de\/itc\/files\/2024\/04\/1-1-50x50.jpg 50w\" sizes=\"auto, (max-width: 150px) 100vw, 150px\" \/><\/a>\n\t\t\t<\/dt>\n\t\t\t\t<dd class='wp-caption-text gallery-caption' id='gallery-1-19151'>\n\t\t\t\tQuelle: Eigene Darstellung\n\t\t\t\t<\/dd><\/dl>\n\t\t\t<br style='clear: both' \/>\n\t\t<\/div>\n\n<p>&nbsp;<\/p>\n<hr \/>\n<p>Verantwortlich f\u00fcr die Inhalte dieses Beitrags sind <a href=\"https:\/\/www.itc.rwth-aachen.de\/cms\/it-center\/it-center\/profil\/team\/~epvp\/mitarbeiter-campus-\/?gguid=PER-3UACJPP&amp;allou=1\">Merrit Mielke<\/a> und <a href=\"https:\/\/www.itc.rwth-aachen.de\/cms\/it-center\/it-center\/profil\/team\/~epvp\/mitarbeiter-campus-\/?gguid=PER-N6AW3XB&amp;allou=1\">Arlinda Ujkani<\/a>.<\/p>","protected":false},"excerpt":{"rendered":"<p>Der Betriebsausflug am 19. April 2024 war ein H\u00f6hepunkt im Kalender der Mitarbeitenden des IT Centers. Die Idee, gemeinsam einen Tag au\u00dferhalb des B\u00fcros zu verbringen, stie\u00df auf gro\u00dfe Begeisterung. [&hellip;]<\/p>\n","protected":false},"author":5299,"featured_media":19162,"comment_status":"open","ping_status":"closed","sticky":false,"template":"","format":"standard","meta":{"c2c_always_allow_admin_comments":false,"footnotes":""},"categories":[305],"tags":[1067,30,753,1120],"class_list":["post-19128","post","type-post","status-publish","format-standard","has-post-thumbnail","hentry","category-themen","tag-1067","tag-betriebsausflug","tag-kollegium","tag-koeln"],"aioseo_notices":[],"aioseo_head":"\n\t\t<!-- All in One SEO 4.9.8 - aioseo.com -->\n\t<meta name=\"description\" content=\"Der Betriebsausflug fand am 19. April 2024 mit knapp 120 Mitarbeitenden fand in K\u00f6ln statt und war ein H\u00f6hepunkt im Kalender der Mitarbeitenden des IT Centers.\" \/>\n\t<meta name=\"robots\" content=\"max-image-preview:large\" \/>\n\t<meta name=\"author\" content=\"Mielke, Merrit\"\/>\n\t<meta name=\"keywords\" content=\"2024,betriebsausflug,kollegium,k\u00f6ln,themen\" \/>\n\t<link rel=\"canonical\" href=\"https:\/\/blog.rwth-aachen.de\/itc\/2024\/04\/26\/betriebsausflug-2024-koeln-wir-kommen\/\" \/>\n\t<meta name=\"generator\" content=\"All in One SEO (AIOSEO) 4.9.8\" \/>\n\t\t<meta property=\"og:locale\" content=\"de_DE\" \/>\n\t\t<meta property=\"og:site_name\" content=\"IT Center Blog \u2022\" \/>\n\t\t<meta property=\"og:type\" content=\"article\" \/>\n\t\t<meta property=\"og:title\" content=\"Betriebsausflug 2024 \u2013 K\u00f6ln wir kommen \u2022 IT Center Blog\" \/>\n\t\t<meta property=\"og:description\" content=\"Der Betriebsausflug fand am 19. April 2024 mit knapp 120 Mitarbeitenden fand in K\u00f6ln statt und war ein H\u00f6hepunkt im Kalender der Mitarbeitenden des IT Centers.\" \/>\n\t\t<meta property=\"og:url\" content=\"https:\/\/blog.rwth-aachen.de\/itc\/2024\/04\/26\/betriebsausflug-2024-koeln-wir-kommen\/\" \/>\n\t\t<meta property=\"article:published_time\" content=\"2024-04-26T14:00:41+00:00\" \/>\n\t\t<meta property=\"article:modified_time\" content=\"2024-05-02T12:26:05+00:00\" \/>\n\t\t<meta property=\"article:publisher\" content=\"https:\/\/www.facebook.com\/itcenterrwth\" \/>\n\t\t<meta name=\"twitter:card\" content=\"summary\" \/>\n\t\t<meta name=\"twitter:site\" content=\"@ITCenterRWTH\" \/>\n\t\t<meta name=\"twitter:title\" content=\"Betriebsausflug 2024 \u2013 K\u00f6ln wir kommen \u2022 IT Center Blog\" \/>\n\t\t<meta name=\"twitter:description\" content=\"Der Betriebsausflug fand am 19. April 2024 mit knapp 120 Mitarbeitenden fand in K\u00f6ln statt und war ein H\u00f6hepunkt im Kalender der Mitarbeitenden des IT Centers.\" \/>\n\t\t<meta name=\"twitter:creator\" content=\"@ITCenterRWTH\" \/>\n\t\t<script type=\"application\/ld+json\" class=\"aioseo-schema\">\n\t\t\t{\"@context\":\"https:\\\/\\\/schema.org\",\"@graph\":[{\"@type\":\"BlogPosting\",\"@id\":\"https:\\\/\\\/blog.rwth-aachen.de\\\/itc\\\/2024\\\/04\\\/26\\\/betriebsausflug-2024-koeln-wir-kommen\\\/#blogposting\",\"name\":\"Betriebsausflug 2024 \\u2013 K\\u00f6ln wir kommen \\u2022 IT Center Blog\",\"headline\":\"Betriebsausflug 2024 \\u2013 K\\u00f6ln wir kommen\",\"author\":{\"@id\":\"https:\\\/\\\/blog.rwth-aachen.de\\\/itc\\\/author\\\/5299\\\/#author\"},\"publisher\":{\"@id\":\"https:\\\/\\\/blog.rwth-aachen.de\\\/itc\\\/#organization\"},\"image\":{\"@type\":\"ImageObject\",\"url\":\"https:\\\/\\\/blog.rwth-aachen.de\\\/itc\\\/files\\\/2024\\\/04\\\/2.1-1-scaled.jpg\",\"width\":2560,\"height\":1707,\"caption\":\"Quelle: Eigene Darstellung\"},\"datePublished\":\"2024-04-26T16:00:41+02:00\",\"dateModified\":\"2024-05-02T14:26:05+02:00\",\"inLanguage\":\"de-DE\",\"mainEntityOfPage\":{\"@id\":\"https:\\\/\\\/blog.rwth-aachen.de\\\/itc\\\/2024\\\/04\\\/26\\\/betriebsausflug-2024-koeln-wir-kommen\\\/#webpage\"},\"isPartOf\":{\"@id\":\"https:\\\/\\\/blog.rwth-aachen.de\\\/itc\\\/2024\\\/04\\\/26\\\/betriebsausflug-2024-koeln-wir-kommen\\\/#webpage\"},\"articleSection\":\"Themen, 2024, Betriebsausflug, Kollegium, K\\u00f6ln\"},{\"@type\":\"BreadcrumbList\",\"@id\":\"https:\\\/\\\/blog.rwth-aachen.de\\\/itc\\\/2024\\\/04\\\/26\\\/betriebsausflug-2024-koeln-wir-kommen\\\/#breadcrumblist\",\"itemListElement\":[{\"@type\":\"ListItem\",\"@id\":\"https:\\\/\\\/blog.rwth-aachen.de\\\/itc#listItem\",\"position\":1,\"name\":\"Home\",\"item\":\"https:\\\/\\\/blog.rwth-aachen.de\\\/itc\",\"nextItem\":{\"@type\":\"ListItem\",\"@id\":\"https:\\\/\\\/blog.rwth-aachen.de\\\/itc\\\/category\\\/themen\\\/#listItem\",\"name\":\"Themen\"}},{\"@type\":\"ListItem\",\"@id\":\"https:\\\/\\\/blog.rwth-aachen.de\\\/itc\\\/category\\\/themen\\\/#listItem\",\"position\":2,\"name\":\"Themen\",\"item\":\"https:\\\/\\\/blog.rwth-aachen.de\\\/itc\\\/category\\\/themen\\\/\",\"nextItem\":{\"@type\":\"ListItem\",\"@id\":\"https:\\\/\\\/blog.rwth-aachen.de\\\/itc\\\/2024\\\/04\\\/26\\\/betriebsausflug-2024-koeln-wir-kommen\\\/#listItem\",\"name\":\"Betriebsausflug 2024 \\u2013 K\\u00f6ln wir kommen\"},\"previousItem\":{\"@type\":\"ListItem\",\"@id\":\"https:\\\/\\\/blog.rwth-aachen.de\\\/itc#listItem\",\"name\":\"Home\"}},{\"@type\":\"ListItem\",\"@id\":\"https:\\\/\\\/blog.rwth-aachen.de\\\/itc\\\/2024\\\/04\\\/26\\\/betriebsausflug-2024-koeln-wir-kommen\\\/#listItem\",\"position\":3,\"name\":\"Betriebsausflug 2024 \\u2013 K\\u00f6ln wir kommen\",\"previousItem\":{\"@type\":\"ListItem\",\"@id\":\"https:\\\/\\\/blog.rwth-aachen.de\\\/itc\\\/category\\\/themen\\\/#listItem\",\"name\":\"Themen\"}}]},{\"@type\":\"Organization\",\"@id\":\"https:\\\/\\\/blog.rwth-aachen.de\\\/itc\\\/#organization\",\"name\":\"IT Center RWTH Aachen University\",\"url\":\"https:\\\/\\\/blog.rwth-aachen.de\\\/itc\\\/\",\"logo\":{\"@type\":\"ImageObject\",\"url\":\"https:\\\/\\\/blog.rwth-aachen.de\\\/itc\\\/files\\\/2018\\\/09\\\/IT-Center-Logo.png\",\"@id\":\"https:\\\/\\\/blog.rwth-aachen.de\\\/itc\\\/2024\\\/04\\\/26\\\/betriebsausflug-2024-koeln-wir-kommen\\\/#organizationLogo\",\"width\":1312,\"height\":378,\"caption\":\"IT Center Logo\"},\"image\":{\"@id\":\"https:\\\/\\\/blog.rwth-aachen.de\\\/itc\\\/2024\\\/04\\\/26\\\/betriebsausflug-2024-koeln-wir-kommen\\\/#organizationLogo\"},\"sameAs\":[\"https:\\\/\\\/www.facebook.com\\\/itcenterrwth\",\"https:\\\/\\\/twitter.com\\\/ITCenterRWTH\",\"https:\\\/\\\/www.youtube.com\\\/c\\\/itcenterrwthaachen\",\"https:\\\/\\\/www.linkedin.com\\\/company\\\/itcenterrwth\"]},{\"@type\":\"Person\",\"@id\":\"https:\\\/\\\/blog.rwth-aachen.de\\\/itc\\\/author\\\/5299\\\/#author\",\"url\":\"https:\\\/\\\/blog.rwth-aachen.de\\\/itc\\\/author\\\/5299\\\/\",\"name\":\"Mielke, Merrit\",\"image\":{\"@type\":\"ImageObject\",\"@id\":\"https:\\\/\\\/blog.rwth-aachen.de\\\/itc\\\/2024\\\/04\\\/26\\\/betriebsausflug-2024-koeln-wir-kommen\\\/#authorImage\",\"url\":\"https:\\\/\\\/secure.gravatar.com\\\/avatar\\\/7be91c3f4e47abf0cff2691db45d866e2b094aafe16d06fd44437081053f7c86?s=96&d=blank&r=g\",\"width\":96,\"height\":96,\"caption\":\"Mielke, Merrit\"}},{\"@type\":\"WebPage\",\"@id\":\"https:\\\/\\\/blog.rwth-aachen.de\\\/itc\\\/2024\\\/04\\\/26\\\/betriebsausflug-2024-koeln-wir-kommen\\\/#webpage\",\"url\":\"https:\\\/\\\/blog.rwth-aachen.de\\\/itc\\\/2024\\\/04\\\/26\\\/betriebsausflug-2024-koeln-wir-kommen\\\/\",\"name\":\"Betriebsausflug 2024 \\u2013 K\\u00f6ln wir kommen \\u2022 IT Center Blog\",\"description\":\"Der Betriebsausflug fand am 19. April 2024 mit knapp 120 Mitarbeitenden fand in K\\u00f6ln statt und war ein H\\u00f6hepunkt im Kalender der Mitarbeitenden des IT Centers.\",\"inLanguage\":\"de-DE\",\"isPartOf\":{\"@id\":\"https:\\\/\\\/blog.rwth-aachen.de\\\/itc\\\/#website\"},\"breadcrumb\":{\"@id\":\"https:\\\/\\\/blog.rwth-aachen.de\\\/itc\\\/2024\\\/04\\\/26\\\/betriebsausflug-2024-koeln-wir-kommen\\\/#breadcrumblist\"},\"author\":{\"@id\":\"https:\\\/\\\/blog.rwth-aachen.de\\\/itc\\\/author\\\/5299\\\/#author\"},\"creator\":{\"@id\":\"https:\\\/\\\/blog.rwth-aachen.de\\\/itc\\\/author\\\/5299\\\/#author\"},\"image\":{\"@type\":\"ImageObject\",\"url\":\"https:\\\/\\\/blog.rwth-aachen.de\\\/itc\\\/files\\\/2024\\\/04\\\/2.1-1-scaled.jpg\",\"@id\":\"https:\\\/\\\/blog.rwth-aachen.de\\\/itc\\\/2024\\\/04\\\/26\\\/betriebsausflug-2024-koeln-wir-kommen\\\/#mainImage\",\"width\":2560,\"height\":1707,\"caption\":\"Quelle: Eigene Darstellung\"},\"primaryImageOfPage\":{\"@id\":\"https:\\\/\\\/blog.rwth-aachen.de\\\/itc\\\/2024\\\/04\\\/26\\\/betriebsausflug-2024-koeln-wir-kommen\\\/#mainImage\"},\"datePublished\":\"2024-04-26T16:00:41+02:00\",\"dateModified\":\"2024-05-02T14:26:05+02:00\"},{\"@type\":\"WebSite\",\"@id\":\"https:\\\/\\\/blog.rwth-aachen.de\\\/itc\\\/#website\",\"url\":\"https:\\\/\\\/blog.rwth-aachen.de\\\/itc\\\/\",\"name\":\"IT Center Blog\",\"inLanguage\":\"de-DE\",\"publisher\":{\"@id\":\"https:\\\/\\\/blog.rwth-aachen.de\\\/itc\\\/#organization\"}}]}\n\t\t<\/script>\n\t\t<!-- All in One SEO -->\n\n","aioseo_head_json":{"title":"Betriebsausflug 2024 \u2013 K\u00f6ln wir kommen \u2022 IT Center Blog","description":"Der Betriebsausflug fand am 19. April 2024 mit knapp 120 Mitarbeitenden fand in K\u00f6ln statt und war ein H\u00f6hepunkt im Kalender der Mitarbeitenden des IT Centers.","canonical_url":"https:\/\/blog.rwth-aachen.de\/itc\/2024\/04\/26\/betriebsausflug-2024-koeln-wir-kommen\/","robots":"max-image-preview:large","keywords":"2024,betriebsausflug,kollegium,k\u00f6ln,themen","webmasterTools":{"miscellaneous":""},"schema":{"@context":"https:\/\/schema.org","@graph":[{"@type":"BlogPosting","@id":"https:\/\/blog.rwth-aachen.de\/itc\/2024\/04\/26\/betriebsausflug-2024-koeln-wir-kommen\/#blogposting","name":"Betriebsausflug 2024 \u2013 K\u00f6ln wir kommen \u2022 IT Center Blog","headline":"Betriebsausflug 2024 \u2013 K\u00f6ln wir kommen","author":{"@id":"https:\/\/blog.rwth-aachen.de\/itc\/author\/5299\/#author"},"publisher":{"@id":"https:\/\/blog.rwth-aachen.de\/itc\/#organization"},"image":{"@type":"ImageObject","url":"https:\/\/blog.rwth-aachen.de\/itc\/files\/2024\/04\/2.1-1-scaled.jpg","width":2560,"height":1707,"caption":"Quelle: Eigene Darstellung"},"datePublished":"2024-04-26T16:00:41+02:00","dateModified":"2024-05-02T14:26:05+02:00","inLanguage":"de-DE","mainEntityOfPage":{"@id":"https:\/\/blog.rwth-aachen.de\/itc\/2024\/04\/26\/betriebsausflug-2024-koeln-wir-kommen\/#webpage"},"isPartOf":{"@id":"https:\/\/blog.rwth-aachen.de\/itc\/2024\/04\/26\/betriebsausflug-2024-koeln-wir-kommen\/#webpage"},"articleSection":"Themen, 2024, Betriebsausflug, Kollegium, K\u00f6ln"},{"@type":"BreadcrumbList","@id":"https:\/\/blog.rwth-aachen.de\/itc\/2024\/04\/26\/betriebsausflug-2024-koeln-wir-kommen\/#breadcrumblist","itemListElement":[{"@type":"ListItem","@id":"https:\/\/blog.rwth-aachen.de\/itc#listItem","position":1,"name":"Home","item":"https:\/\/blog.rwth-aachen.de\/itc","nextItem":{"@type":"ListItem","@id":"https:\/\/blog.rwth-aachen.de\/itc\/category\/themen\/#listItem","name":"Themen"}},{"@type":"ListItem","@id":"https:\/\/blog.rwth-aachen.de\/itc\/category\/themen\/#listItem","position":2,"name":"Themen","item":"https:\/\/blog.rwth-aachen.de\/itc\/category\/themen\/","nextItem":{"@type":"ListItem","@id":"https:\/\/blog.rwth-aachen.de\/itc\/2024\/04\/26\/betriebsausflug-2024-koeln-wir-kommen\/#listItem","name":"Betriebsausflug 2024 \u2013 K\u00f6ln wir kommen"},"previousItem":{"@type":"ListItem","@id":"https:\/\/blog.rwth-aachen.de\/itc#listItem","name":"Home"}},{"@type":"ListItem","@id":"https:\/\/blog.rwth-aachen.de\/itc\/2024\/04\/26\/betriebsausflug-2024-koeln-wir-kommen\/#listItem","position":3,"name":"Betriebsausflug 2024 \u2013 K\u00f6ln wir kommen","previousItem":{"@type":"ListItem","@id":"https:\/\/blog.rwth-aachen.de\/itc\/category\/themen\/#listItem","name":"Themen"}}]},{"@type":"Organization","@id":"https:\/\/blog.rwth-aachen.de\/itc\/#organization","name":"IT Center RWTH Aachen University","url":"https:\/\/blog.rwth-aachen.de\/itc\/","logo":{"@type":"ImageObject","url":"https:\/\/blog.rwth-aachen.de\/itc\/files\/2018\/09\/IT-Center-Logo.png","@id":"https:\/\/blog.rwth-aachen.de\/itc\/2024\/04\/26\/betriebsausflug-2024-koeln-wir-kommen\/#organizationLogo","width":1312,"height":378,"caption":"IT Center Logo"},"image":{"@id":"https:\/\/blog.rwth-aachen.de\/itc\/2024\/04\/26\/betriebsausflug-2024-koeln-wir-kommen\/#organizationLogo"},"sameAs":["https:\/\/www.facebook.com\/itcenterrwth","https:\/\/twitter.com\/ITCenterRWTH","https:\/\/www.youtube.com\/c\/itcenterrwthaachen","https:\/\/www.linkedin.com\/company\/itcenterrwth"]},{"@type":"Person","@id":"https:\/\/blog.rwth-aachen.de\/itc\/author\/5299\/#author","url":"https:\/\/blog.rwth-aachen.de\/itc\/author\/5299\/","name":"Mielke, Merrit","image":{"@type":"ImageObject","@id":"https:\/\/blog.rwth-aachen.de\/itc\/2024\/04\/26\/betriebsausflug-2024-koeln-wir-kommen\/#authorImage","url":"https:\/\/secure.gravatar.com\/avatar\/7be91c3f4e47abf0cff2691db45d866e2b094aafe16d06fd44437081053f7c86?s=96&d=blank&r=g","width":96,"height":96,"caption":"Mielke, Merrit"}},{"@type":"WebPage","@id":"https:\/\/blog.rwth-aachen.de\/itc\/2024\/04\/26\/betriebsausflug-2024-koeln-wir-kommen\/#webpage","url":"https:\/\/blog.rwth-aachen.de\/itc\/2024\/04\/26\/betriebsausflug-2024-koeln-wir-kommen\/","name":"Betriebsausflug 2024 \u2013 K\u00f6ln wir kommen \u2022 IT Center Blog","description":"Der Betriebsausflug fand am 19. April 2024 mit knapp 120 Mitarbeitenden fand in K\u00f6ln statt und war ein H\u00f6hepunkt im Kalender der Mitarbeitenden des IT Centers.","inLanguage":"de-DE","isPartOf":{"@id":"https:\/\/blog.rwth-aachen.de\/itc\/#website"},"breadcrumb":{"@id":"https:\/\/blog.rwth-aachen.de\/itc\/2024\/04\/26\/betriebsausflug-2024-koeln-wir-kommen\/#breadcrumblist"},"author":{"@id":"https:\/\/blog.rwth-aachen.de\/itc\/author\/5299\/#author"},"creator":{"@id":"https:\/\/blog.rwth-aachen.de\/itc\/author\/5299\/#author"},"image":{"@type":"ImageObject","url":"https:\/\/blog.rwth-aachen.de\/itc\/files\/2024\/04\/2.1-1-scaled.jpg","@id":"https:\/\/blog.rwth-aachen.de\/itc\/2024\/04\/26\/betriebsausflug-2024-koeln-wir-kommen\/#mainImage","width":2560,"height":1707,"caption":"Quelle: Eigene Darstellung"},"primaryImageOfPage":{"@id":"https:\/\/blog.rwth-aachen.de\/itc\/2024\/04\/26\/betriebsausflug-2024-koeln-wir-kommen\/#mainImage"},"datePublished":"2024-04-26T16:00:41+02:00","dateModified":"2024-05-02T14:26:05+02:00"},{"@type":"WebSite","@id":"https:\/\/blog.rwth-aachen.de\/itc\/#website","url":"https:\/\/blog.rwth-aachen.de\/itc\/","name":"IT Center Blog","inLanguage":"de-DE","publisher":{"@id":"https:\/\/blog.rwth-aachen.de\/itc\/#organization"}}]},"og:locale":"de_DE","og:site_name":"IT Center Blog \u2022","og:type":"article","og:title":"Betriebsausflug 2024 \u2013 K\u00f6ln wir kommen \u2022 IT Center Blog","og:description":"Der Betriebsausflug fand am 19. April 2024 mit knapp 120 Mitarbeitenden fand in K\u00f6ln statt und war ein H\u00f6hepunkt im Kalender der Mitarbeitenden des IT Centers.","og:url":"https:\/\/blog.rwth-aachen.de\/itc\/2024\/04\/26\/betriebsausflug-2024-koeln-wir-kommen\/","article:published_time":"2024-04-26T14:00:41+00:00","article:modified_time":"2024-05-02T12:26:05+00:00","article:publisher":"https:\/\/www.facebook.com\/itcenterrwth","twitter:card":"summary","twitter:site":"@ITCenterRWTH","twitter:title":"Betriebsausflug 2024 \u2013 K\u00f6ln wir kommen \u2022 IT Center Blog","twitter:description":"Der Betriebsausflug fand am 19. April 2024 mit knapp 120 Mitarbeitenden fand in K\u00f6ln statt und war ein H\u00f6hepunkt im Kalender der Mitarbeitenden des IT Centers.","twitter:creator":"@ITCenterRWTH"},"aioseo_meta_data":{"post_id":"19128","title":null,"description":"Der Betriebsausflug fand am 19. April 2024 mit knapp 120 Mitarbeitenden fand in K\u00f6ln statt und war ein H\u00f6hepunkt im Kalender der Mitarbeitenden des IT Centers.","keywords":[],"keyphrases":{"focus":{"keyphrase":"","score":0,"analysis":{"keyphraseInTitle":{"score":0,"maxScore":9,"error":1}}},"additional":[]},"primary_term":null,"canonical_url":null,"og_title":null,"og_description":null,"og_object_type":"default","og_image_type":"default","og_image_url":null,"og_image_width":null,"og_image_height":null,"og_image_custom_url":null,"og_image_custom_fields":null,"og_video":"","og_custom_url":null,"og_article_section":null,"og_article_tags":[],"twitter_use_og":false,"twitter_card":"default","twitter_image_type":"default","twitter_image_url":null,"twitter_image_custom_url":null,"twitter_image_custom_fields":null,"twitter_title":null,"twitter_description":null,"schema":{"blockGraphs":[],"customGraphs":[],"default":{"data":{"Article":[],"Course":[],"Dataset":[],"FAQPage":[],"Movie":[],"Person":[],"Product":[],"ProductReview":[],"Car":[],"Recipe":[],"Service":[],"SoftwareApplication":[],"WebPage":[]},"graphName":"BlogPosting","isEnabled":true},"graphs":[]},"schema_type":"default","schema_type_options":null,"pillar_content":false,"robots_default":true,"robots_noindex":false,"robots_noarchive":false,"robots_nosnippet":false,"robots_nofollow":false,"robots_noimageindex":false,"robots_noodp":false,"robots_notranslate":false,"robots_max_snippet":"-1","robots_max_videopreview":"-1","robots_max_imagepreview":"large","priority":null,"frequency":"default","local_seo":null,"breadcrumb_settings":null,"limit_modified_date":false,"ai":null,"created":"2024-04-26 12:23:25","updated":"2025-07-08 14:37:30","seo_analyzer_scan_date":null},"aioseo_breadcrumb":"<div class=\"aioseo-breadcrumbs\"><span class=\"aioseo-breadcrumb\">\n\t\t\t<a href=\"https:\/\/blog.rwth-aachen.de\/itc\" title=\"Home\">Home<\/a>\n\t\t<\/span><span class=\"aioseo-breadcrumb-separator\">\u00bb<\/span><span class=\"aioseo-breadcrumb\">\n\t\t\t<a href=\"https:\/\/blog.rwth-aachen.de\/itc\/category\/themen\/\" title=\"Themen\">Themen<\/a>\n\t\t<\/span><span class=\"aioseo-breadcrumb-separator\">\u00bb<\/span><span class=\"aioseo-breadcrumb\">\n\t\t\tBetriebsausflug 2024 \u2013 K\u00f6ln wir kommen\n\t\t<\/span><\/div>","aioseo_breadcrumb_json":[{"label":"Home","link":"https:\/\/blog.rwth-aachen.de\/itc"},{"label":"Themen","link":"https:\/\/blog.rwth-aachen.de\/itc\/category\/themen\/"},{"label":"Betriebsausflug 2024 \u2013 K\u00f6ln wir kommen","link":"https:\/\/blog.rwth-aachen.de\/itc\/2024\/04\/26\/betriebsausflug-2024-koeln-wir-kommen\/"}],"_links":{"self":[{"href":"https:\/\/blog.rwth-aachen.de\/itc\/wp-json\/wp\/v2\/posts\/19128","targetHints":{"allow":["GET"]}}],"collection":[{"href":"https:\/\/blog.rwth-aachen.de\/itc\/wp-json\/wp\/v2\/posts"}],"about":[{"href":"https:\/\/blog.rwth-aachen.de\/itc\/wp-json\/wp\/v2\/types\/post"}],"author":[{"embeddable":true,"href":"https:\/\/blog.rwth-aachen.de\/itc\/wp-json\/wp\/v2\/users\/5299"}],"replies":[{"embeddable":true,"href":"https:\/\/blog.rwth-aachen.de\/itc\/wp-json\/wp\/v2\/comments?post=19128"}],"version-history":[{"count":35,"href":"https:\/\/blog.rwth-aachen.de\/itc\/wp-json\/wp\/v2\/posts\/19128\/revisions"}],"predecessor-version":[{"id":19249,"href":"https:\/\/blog.rwth-aachen.de\/itc\/wp-json\/wp\/v2\/posts\/19128\/revisions\/19249"}],"wp:featuredmedia":[{"embeddable":true,"href":"https:\/\/blog.rwth-aachen.de\/itc\/wp-json\/wp\/v2\/media\/19162"}],"wp:attachment":[{"href":"https:\/\/blog.rwth-aachen.de\/itc\/wp-json\/wp\/v2\/media?parent=19128"}],"wp:term":[{"taxonomy":"category","embeddable":true,"href":"https:\/\/blog.rwth-aachen.de\/itc\/wp-json\/wp\/v2\/categories?post=19128"},{"taxonomy":"post_tag","embeddable":true,"href":"https:\/\/blog.rwth-aachen.de\/itc\/wp-json\/wp\/v2\/tags?post=19128"}],"curies":[{"name":"wp","href":"https:\/\/api.w.org\/{rel}","templated":true}]}}