{"id":19760,"date":"2024-07-05T12:00:19","date_gmt":"2024-07-05T10:00:19","guid":{"rendered":"https:\/\/blog.rwth-aachen.de\/itc\/?p=19760"},"modified":"2024-07-08T09:23:01","modified_gmt":"2024-07-08T07:23:01","slug":"zki-bundesweiten-arbeitskreis","status":"publish","type":"post","link":"https:\/\/blog.rwth-aachen.de\/itc\/2024\/07\/05\/zki-bundesweiten-arbeitskreis\/","title":{"rendered":"ZKI &#8211; vom Projekt zum Arbeitskreis"},"content":{"rendered":"<div class=\"twoclick_social_bookmarks_post_19760 social_share_privacy clearfix 1.6.4 locale-de_DE sprite-de_DE\"><\/div><div class=\"twoclick-js\"><script type=\"text\/javascript\">\/* <![CDATA[ *\/\njQuery(document).ready(function($){if($('.twoclick_social_bookmarks_post_19760')){$('.twoclick_social_bookmarks_post_19760').socialSharePrivacy({\"txt_help\":\"Wenn Sie diese Felder durch einen Klick aktivieren, werden Informationen an Facebook, Twitter, Flattr, Xing, t3n, LinkedIn, Pinterest oder Google eventuell ins Ausland \\u00fcbertragen und unter Umst\\u00e4nden auch dort gespeichert. N\\u00e4heres erfahren Sie durch einen Klick auf das <em>i<\\\/em>.\",\"settings_perma\":\"Dauerhaft aktivieren und Daten\\u00fcber-tragung zustimmen:\",\"info_link\":\"http:\\\/\\\/www.heise.de\\\/ct\\\/artikel\\\/2-Klicks-fuer-mehr-Datenschutz-1333879.html\",\"uri\":\"https:\\\/\\\/blog.rwth-aachen.de\\\/itc\\\/2024\\\/07\\\/05\\\/zki-bundesweiten-arbeitskreis\\\/\",\"post_id\":19760,\"post_title_referrer_track\":\"ZKI+%26%238211%3B+vom+Projekt+zum+Arbeitskreis\",\"display_infobox\":\"on\"});}});\n\/* ]]> *\/<\/script><\/div><p><div id=\"attachment_19761\" style=\"width: 310px\" class=\"wp-caption alignright\"><img loading=\"lazy\" decoding=\"async\" aria-describedby=\"caption-attachment-19761\" class=\"size-medium wp-image-19761\" src=\"https:\/\/blog.rwth-aachen.de\/itc\/files\/2024\/07\/Blog-Layout-300x200.png\" alt=\"Surreales Foto: Fingerklick auf Wolke am Himmel\" width=\"300\" height=\"200\" srcset=\"https:\/\/blog.rwth-aachen.de\/itc\/files\/2024\/07\/Blog-Layout-300x200.png 300w, https:\/\/blog.rwth-aachen.de\/itc\/files\/2024\/07\/Blog-Layout-1024x683.png 1024w, https:\/\/blog.rwth-aachen.de\/itc\/files\/2024\/07\/Blog-Layout-768x512.png 768w, https:\/\/blog.rwth-aachen.de\/itc\/files\/2024\/07\/Blog-Layout-1536x1024.png 1536w, https:\/\/blog.rwth-aachen.de\/itc\/files\/2024\/07\/Blog-Layout-2048x1365.png 2048w\" sizes=\"auto, (max-width: 300px) 100vw, 300px\" \/><p id=\"caption-attachment-19761\" class=\"wp-caption-text\">Quelle: <a href=\"https:\/\/pixabay.com\/de\/photos\/wolke-computer-technologie-netzwerk-4373407\/\">Pixabay<\/a><\/p><\/div><\/p>\n<p>Als Partner unterst\u00fctzt das IT Center aktiv die Gestaltung der Digitalisierungsprozesse der RWTH Aachen. Dazu z\u00e4hlt auch die Nutzung von Cloud Dienstleistungen und die entsprechend steigenden Bedarfe der Lehrenden, Forschenden und Studierenden der RWTH Aachen. Die Flexibilit\u00e4t und Skalierungseigenschaften von Cloud Dienstleistungen k\u00f6nnen hier ein Mittel sein, den immer schneller immer st\u00e4rker variierende IT-Anforderungen von Nutzenden gerecht zu werden.<\/p>\n<p><!--more--><\/p>\n<p>&nbsp;<\/p>\n<h3><span style=\"color: #00549f;\">IT Center und Cloud Dienste<\/span><\/h3>\n<p>Vor diesem Hintergrund besch\u00e4ftigt sich das IT Center schon seit einiger Zeit mit dem Thema \u201eCloud\u201c im universit\u00e4ren Umfeld der RWTH. Die Cloud-Strategie des IT Centers sieht demnach vor, langfristig besser auf diese Anforderungen einzugehen und das Serviceangebot des IT Centers grunds\u00e4tzlich entsprechend auszuweiten. Die gr\u00f6\u00dfere Breite an Services soll dabei durch immer schnellere Bereitstellungsprozesse angeboten werden.<\/p>\n<p>Startpunkt zur Erarbeitung der Cloud Strategie war ein Strategie-Retreat des IT Centers im M\u00e4rz 2018 aus dem sich das hochschulweite Projekt \u201eCloud Nutzung an der RWTH\u201c ergeben hat. In Zusammenarbeit mit Dezernaten der Zentralen Hochschulverwaltung sowie dem Datenschutzbeauftragten der RWTH hat sich das IT Center mit entsprechenden kaufm\u00e4nnischen und rechtlichen Fragestellungen sowie den Bereichen Datenschutz und Datensicherheit intensiv auseinandergesetzt.<\/p>\n<p>&nbsp;<\/p>\n<h3><span style=\"color: #00549f;\">Landes- und bundesweite Initiativen<\/span><\/h3>\n<p>Parallel dazu hat sich das IT Center in hochschul\u00fcbergreifenden Gremien, die sich dem Thema Cloud widmen, sowie DH-NRW-Projekten, mit denen das IT Center sich selbst als Community Cloud Anbieter (zum Beispiel mit dem Thema Groupware) etabliert, engagiert. In diesem Zusammenhang wurde im Verein der \u201eZentren f\u00fcr Kommunikationsverarbeitung in Forschung und Lehre\u201c (ZKI e. V.) im November 2019 eine Kommission unter der Leitung der Gesch\u00e4ftsf\u00fchrer des IT Centers gegr\u00fcndet, die sich mit dem Thema \u201eEinf\u00fchrung von Cloud an deutschen Hochschulen\u201c besch\u00e4ftigt. Ziel der Kommission war die Erstellung eines <a href=\"https:\/\/www.zki.de\/fileadmin\/user_upload\/Downloads\/Ergebnisbericht-ZKIKommission_final.pdf\">Leitfadens zur Einf\u00fchrung von Cloud-Diensten an einer Hochschule<\/a> [1], der die Einf\u00fchrung und Nutzung verschiedenster Cloud Produkte an Hochschulen beschreibt. Der Fokus lag dabei vor allem auf der Beschreibung herstellerunabh\u00e4ngiger Aussagen und Empfehlungen begleitet von herstellerspezifischen Aussagen.<\/p>\n<p>Die Kommission wurde in 2023 um ein weiteres Jahr unter der Leitung von Denise Dittrich (IT Center, RWTH Aachen University) verl\u00e4ngert. Der zweite Ergebnisbericht befindet sich aktuell im Ver\u00f6ffentlichungsprozess.<\/p>\n<p>&nbsp;<\/p>\n<h3><span style=\"color: #00549f;\">Etablierung eines Arbeitskreises<\/span><\/h3>\n<p>Durch die Einf\u00fchrung und Nutzung von Cloud-Leistungen \u00e4ndern sich viele Aufgabenbereiche an den Hochschulen. Zur F\u00f6rderung eines entsprechenden Erfahrungsaustausches in organisatorischen und technischen Aspekten rund um das Thema Cloud wurde im Rahmen der ZKI-Fr\u00fchjahrstagung im Juni 2024 \u2013 als Fortf\u00fchrung der Kommission \u2013 der Arbeitskreis Cloud Management gegr\u00fcndet. Auf der konstituierenden Sitzung Ende Juni an der TU Darmstadt wurde Denise Dittrich (IT Center, RWTH Aachen University) zur Sprecherin gew\u00e4hlt. \u00a0Sie wird von Christian Schultz (TU Dortmund) und Patrick von der Hagen (KIT \/ SCC) unterst\u00fctzt und vertreten.<\/p>\n<p>Durch Austausch von Wissen und Dokumentation sollen Aufw\u00e4nde zur Einf\u00fchrung und Bereitstellung von Cloud-Leistungen an Hochschulen reduziert werden. Dabei wird der AK dabei alle Cloud Service- (SaaS,PaaS,IaaS) und Bereitstellungsmodelle (private, public, hybrid, multi cloud) ber\u00fccksichtigen.<\/p>\n<p>Angesichts der vielen Schnittmengen zu weiteren Arbeitskreisen des ZKI und Arbeitsgruppen in der Hochschullandschaft strebt der Arbeitskreis Cloud Management einen regen Austausch auf breiter Ebene an.<\/p>\n<p>&nbsp;<\/p>\n<hr \/>\n<p>Verantwortlich f\u00fcr die Inhalte dieses Beitrags sind <a href=\"https:\/\/www.itc.rwth-aachen.de\/cms\/it-center\/it-center\/profil\/team\/~epvp\/mitarbeiter-campus-\/?gguid=PER-5TL9GTD&amp;allou=1\">Denise Dittrich<\/a> und <a href=\"https:\/\/www.itc.rwth-aachen.de\/cms\/it-center\/it-center\/profil\/team\/~epvp\/mitarbeiter-campus-\/?gguid=PER-4D4ET99&amp;allou=1\">Tanja Wittpoth-Richter<\/a>.<\/p>\n<p>&nbsp;<\/p>\n<h6>Als Informationsgrundlage\u00a0f\u00fcr diesen Beitrag dienten folgende Quellen:<br \/>\n[1] <a href=\"https:\/\/www.zki.de\/fileadmin\/user_upload\/Downloads\/Ergebnisbericht-ZKIKommission_final.pdf\">Ergebnisbericht ZKI<\/a><\/h6>\n<p><\/p>","protected":false},"excerpt":{"rendered":"<p>Als Partner unterst\u00fctzt das IT Center aktiv die Gestaltung der Digitalisierungsprozesse der RWTH Aachen. Dazu z\u00e4hlt auch die Nutzung von Cloud Dienstleistungen und die entsprechend steigenden Bedarfe der Lehrenden, Forschenden [&hellip;]<\/p>\n","protected":false},"author":5003,"featured_media":19761,"comment_status":"open","ping_status":"closed","sticky":false,"template":"","format":"standard","meta":{"c2c_always_allow_admin_comments":false,"footnotes":""},"categories":[306,311,312,314,316,315],"tags":[92,563,1188,1186,1187,297],"class_list":["post-19760","post","type-post","status-publish","format-standard","has-post-thumbnail","hentry","category-ankuendigungen","category-fun-facts","category-insight-it-center","category-it-sicherheit","category-projekte-kooperationen","category-services-support","tag-cloud","tag-cloud-dienst","tag-datenschutz","tag-initiative","tag-schutz","tag-zki"],"aioseo_notices":[],"_links":{"self":[{"href":"https:\/\/blog.rwth-aachen.de\/itc\/wp-json\/wp\/v2\/posts\/19760","targetHints":{"allow":["GET"]}}],"collection":[{"href":"https:\/\/blog.rwth-aachen.de\/itc\/wp-json\/wp\/v2\/posts"}],"about":[{"href":"https:\/\/blog.rwth-aachen.de\/itc\/wp-json\/wp\/v2\/types\/post"}],"author":[{"embeddable":true,"href":"https:\/\/blog.rwth-aachen.de\/itc\/wp-json\/wp\/v2\/users\/5003"}],"replies":[{"embeddable":true,"href":"https:\/\/blog.rwth-aachen.de\/itc\/wp-json\/wp\/v2\/comments?post=19760"}],"version-history":[{"count":8,"href":"https:\/\/blog.rwth-aachen.de\/itc\/wp-json\/wp\/v2\/posts\/19760\/revisions"}],"predecessor-version":[{"id":19782,"href":"https:\/\/blog.rwth-aachen.de\/itc\/wp-json\/wp\/v2\/posts\/19760\/revisions\/19782"}],"wp:featuredmedia":[{"embeddable":true,"href":"https:\/\/blog.rwth-aachen.de\/itc\/wp-json\/wp\/v2\/media\/19761"}],"wp:attachment":[{"href":"https:\/\/blog.rwth-aachen.de\/itc\/wp-json\/wp\/v2\/media?parent=19760"}],"wp:term":[{"taxonomy":"category","embeddable":true,"href":"https:\/\/blog.rwth-aachen.de\/itc\/wp-json\/wp\/v2\/categories?post=19760"},{"taxonomy":"post_tag","embeddable":true,"href":"https:\/\/blog.rwth-aachen.de\/itc\/wp-json\/wp\/v2\/tags?post=19760"}],"curies":[{"name":"wp","href":"https:\/\/api.w.org\/{rel}","templated":true}]}}