{"id":21031,"date":"2025-01-27T11:00:56","date_gmt":"2025-01-27T10:00:56","guid":{"rendered":"https:\/\/blog.rwth-aachen.de\/itc\/?p=21031"},"modified":"2025-01-27T10:08:26","modified_gmt":"2025-01-27T09:08:26","slug":"frauen-am-it-center","status":"publish","type":"post","link":"https:\/\/blog.rwth-aachen.de\/itc\/2025\/01\/27\/frauen-am-it-center\/","title":{"rendered":"Frauen in der IT: Frauen am IT Center"},"content":{"rendered":"<div class=\"twoclick_social_bookmarks_post_21031 social_share_privacy clearfix 1.6.4 locale-de_DE sprite-de_DE\"><\/div><div class=\"twoclick-js\"><script type=\"text\/javascript\">\/* <![CDATA[ *\/\njQuery(document).ready(function($){if($('.twoclick_social_bookmarks_post_21031')){$('.twoclick_social_bookmarks_post_21031').socialSharePrivacy({\"txt_help\":\"Wenn Sie diese Felder durch einen Klick aktivieren, werden Informationen an Facebook, Twitter, Flattr, Xing, t3n, LinkedIn, Pinterest oder Google eventuell ins Ausland \\u00fcbertragen und unter Umst\\u00e4nden auch dort gespeichert. N\\u00e4heres erfahren Sie durch einen Klick auf das <em>i<\\\/em>.\",\"settings_perma\":\"Dauerhaft aktivieren und Daten\\u00fcber-tragung zustimmen:\",\"info_link\":\"http:\\\/\\\/www.heise.de\\\/ct\\\/artikel\\\/2-Klicks-fuer-mehr-Datenschutz-1333879.html\",\"uri\":\"https:\\\/\\\/blog.rwth-aachen.de\\\/itc\\\/2025\\\/01\\\/27\\\/frauen-am-it-center\\\/\",\"post_id\":21031,\"post_title_referrer_track\":\"Frauen+in+der+IT%3A+Frauen+am+IT+Center\",\"display_infobox\":\"on\"});}});\n\/* ]]> *\/<\/script><\/div><p><div id=\"attachment_21230\" style=\"width: 310px\" class=\"wp-caption alignright\"><a href=\"https:\/\/blog.rwth-aachen.de\/itc\/files\/2025\/01\/Design-16.png\"><img loading=\"lazy\" decoding=\"async\" aria-describedby=\"caption-attachment-21230\" class=\"size-medium wp-image-21230\" src=\"https:\/\/blog.rwth-aachen.de\/itc\/files\/2025\/01\/Design-16-300x200.png\" alt=\"Frauen bei der Arbeit\" width=\"300\" height=\"200\" srcset=\"https:\/\/blog.rwth-aachen.de\/itc\/files\/2025\/01\/Design-16-300x200.png 300w, https:\/\/blog.rwth-aachen.de\/itc\/files\/2025\/01\/Design-16-1024x683.png 1024w, https:\/\/blog.rwth-aachen.de\/itc\/files\/2025\/01\/Design-16-768x512.png 768w, https:\/\/blog.rwth-aachen.de\/itc\/files\/2025\/01\/Design-16-1536x1024.png 1536w, https:\/\/blog.rwth-aachen.de\/itc\/files\/2025\/01\/Design-16-2048x1365.png 2048w\" sizes=\"auto, (max-width: 300px) 100vw, 300px\" \/><\/a><p id=\"caption-attachment-21230\" class=\"wp-caption-text\">Quelle: <a href=\"https:\/\/www.freepik.com\/free-photo\/community-beautiful-women-working-together_6651892.htm#fromView=search&amp;page=1&amp;position=0&amp;uuid=606408f7-5b6b-40de-9784-51d219a26656&amp;query=frauen+arbeit\">Freepik<\/a><\/p><\/div><\/p>\n<p>Mit diesem Beitrag schlie\u00dfen wir unsere Blogreihe \u201eFrauen in der IT\u201c ab, die wir im Laufe der letzten Monate ver\u00f6ffentlicht haben. In den vorherigen Beitr\u00e4gen haben wir bereits die <a href=\"https:\/\/blog.rwth-aachen.de\/itc\/2024\/07\/01\/frauen-in-der-it-herausforderungen-und-erfolge\/\">Herausforderungen<\/a>, <a href=\"https:\/\/blog.rwth-aachen.de\/itc\/2024\/08\/14\/frauen-erfolgsgeschichten\/\">Erfolgsgeschichten<\/a> und <a href=\"https:\/\/blog.rwth-aachen.de\/itc\/2024\/11\/22\/frauen-in-der-it-tandem-mentoring\/\">Initiativen<\/a> f\u00fcr Frauen in der IT beleuchtet. Heute m\u00f6chten wir das Event <strong>Frauen am IT Center <\/strong>vorstellen, das nicht nur ein weiteres Highlight unserer Reihe darstellt, sondern auch die Vernetzung und F\u00f6rderung der Gleichstellung im IT-Bereich weiter vorantreibt.<\/p>\n<p><!--more--><\/p>\n<h3><span style=\"color: #00549f;\">Einblick in die Gleichstellungsarbeit der RWTH Aachen University<\/span><\/h3>\n<p>Passend zum \u201eInternationalen Tag gegen Gewalt an Frauen\u201c der Vereinten Nationen fand am 25. November 2024 am IT Center ein Event zum Thema \u201eFrauen am IT Center\u201c statt. Ziel war es Frauen aus den verschiedenen Abteilungen des IT Centers einen Raum zum Austausch und zur Vernetzung zu bieten, um voneinander zu lernen und \u00fcber die F\u00f6rderung der Gleichstellung im IT Center zu diskutieren. Wir freuen uns sehr, dass das Event eine hohe Nachfrage verzeichnen konnte und zahlreiche Frauen erschienen sind. Dies unterstreicht das gro\u00dfe Interesse an den Themen und dem Austausch.<\/p>\n<div id=\"attachment_21180\" style=\"width: 310px\" class=\"wp-caption alignright\"><a href=\"https:\/\/blog.rwth-aachen.de\/itc\/files\/2025\/01\/Blog-Layout-3-1.png\"><img loading=\"lazy\" decoding=\"async\" aria-describedby=\"caption-attachment-21180\" class=\"size-medium wp-image-21180\" src=\"https:\/\/blog.rwth-aachen.de\/itc\/files\/2025\/01\/Blog-Layout-3-1-300x200.png\" alt=\"Sticker\" width=\"300\" height=\"200\" srcset=\"https:\/\/blog.rwth-aachen.de\/itc\/files\/2025\/01\/Blog-Layout-3-1-300x200.png 300w, https:\/\/blog.rwth-aachen.de\/itc\/files\/2025\/01\/Blog-Layout-3-1-1024x683.png 1024w, https:\/\/blog.rwth-aachen.de\/itc\/files\/2025\/01\/Blog-Layout-3-1-768x512.png 768w, https:\/\/blog.rwth-aachen.de\/itc\/files\/2025\/01\/Blog-Layout-3-1-1536x1024.png 1536w, https:\/\/blog.rwth-aachen.de\/itc\/files\/2025\/01\/Blog-Layout-3-1-2048x1365.png 2048w\" sizes=\"auto, (max-width: 300px) 100vw, 300px\" \/><\/a><p id=\"caption-attachment-21180\" class=\"wp-caption-text\">Quelle: Eigene Darstellung<\/p><\/div>\n<p>Zu Beginn des Events begr\u00fc\u00dften die Gleichstellungsbeauftragte der RWTH, Jana Zimmermann, und die Koordinatorin des Projekts Karrieref\u00f6rderung und Vernetzung von Nachwuchswissenschaftlerinnen, Kaja K\u00f6hnle, die Teilnehmerinnen und gaben einen umfassenden \u00dcberblick \u00fcber die Gleichstellungsarbeit an der RWTH. Das Team des Gleichstellungsb\u00fcros setzt sich f\u00fcr ein faires, inklusives und diskriminierungsfreies Umfeld f\u00fcr alle Studierenden und Mitarbeitenden der Hochschule ein. Auf der <a href=\"http:\/\/www.rwth-aachen.de\/gsb\">Webseite des Gleichstellungsb\u00fcros<\/a> findet sich eine \u00dcbersicht mit den zentralen Handlungsfeldern, zu denen auch die Vereinbarkeit von Beruf, Studium und Familie geh\u00f6rt.<\/p>\n<p>&nbsp;<\/p>\n<h3><span style=\"color: #00549f;\">Gleichstellung und Antidiskriminierung: Wichtige Themen f\u00fcr jeden Arbeitsplatz<\/span><\/h3>\n<p>Zentrales Thema des Vortrags war die Gleichbehandlung und der Antidiskriminierungsschutz im Sinne des\u00a0<a href=\"http:\/\/www.gesetze-im-internet.de\/agg\/\">Allgemeinen Gleichbehandlungsgesetzes<\/a>\u00a0und des\u00a0<a href=\"https:\/\/recht.nrw.de\/lmi\/owa\/br_bes_text?anw_nr=2&amp;gld_nr=2&amp;ugl_nr=2031&amp;bes_id=4847&amp;aufgehoben=N&amp;menu=1&amp;sg=0\">Landesgleichstellungsgesetzes<\/a>. In diesem Zusammenhang wurde auch das Thema der Mikroaggressionen angesprochen, also unbewusste oder bewusste diskriminierende Aussagen oder Handlungen, die sich auf die Gruppenzugeh\u00f6rigkeit einer Person beziehen. Die zentralen Gleichstellungsbeauftragten bieten professionelle und vertrauliche <a href=\"https:\/\/www.rwth-aachen.de\/go\/id\/zarn\">Beratung<\/a> bei F\u00e4llen von Diskriminierung f\u00fcr alle Hochschulangeh\u00f6rigen an und bieten zudem Vortr\u00e4ge an Instituten oder Teams zur Pr\u00e4vention an.<\/p>\n<p>Ein weiterer Schwerpunkt waren die weiterhin bestehenden Herausforderungen in der Unterrepr\u00e4sentanz von Frauen: Der Frauenanteil in technischen Berufen ist vergleichsweise gering, welches sich auch in Zahlen des IT Centers widerspiegelt. Dennoch befindet sich das IT Center bereits auf einem guten Weg, welches auch die Gespr\u00e4che zeigten: So ist ein positiver Trend bei den Frauenanteilen vor allem im wissenschaftlichen Bereich zu erkennen. Mit Hilfe der Gleichstellungspl\u00e4ne sowie der dort gesetzten Zielzahlen soll der Frauenanteil weiter gesteigert und mehr Frauen f\u00fcr die technische und wissenschaftliche Karriere am IT Center gewonnen werden.<\/p>\n<p>&nbsp;<\/p>\n<h3><span style=\"color: #00549f;\">Netzwerke und der Austausch unter Frauen im IT Center<\/span><\/h3>\n<p>Das Event verdeutlichte die Relevanz von frauenspezifischen Netzwerken an der RWTH und dar\u00fcber hinaus. Diese Netzwerke bieten nicht nur wertvolle Informationsquellen, sondern dienen auch als Plattform f\u00fcr berufliche Unterst\u00fctzung und Feedback. Zum Abschluss der Veranstaltung hatten die Teilnehmerinnen die M\u00f6glichkeit, sich an verschiedenen thematisch gestalteten Stehtischen auszutauschen. Die Themen umfassten unter anderem Geh\u00e4lter, die Vereinbarkeit von Familie und Beruf, Netzwerken, Frauen in F\u00fchrungspositionen sowie Karrierem\u00f6glichkeiten. Die gesammelten Ideen und Anregungen sollen k\u00fcnftig in die Netzwerkarbeit einflie\u00dfen, um den Austausch unter den Frauen im IT Center weiter zu f\u00f6rdern.<\/p>\n<p>&nbsp;<\/p>\n<h3><span style=\"color: #00549f;\">Ausblick: Auf dem Weg zu mehr Gleichstellung<\/span><\/h3>\n<p>Das Event war ein wichtiger Schritt auf dem Weg zu mehr Gleichstellung und Vernetzung f\u00fcr Frauen am IT Center. Es zeigt die hohe Nachfrage und starke Teilnahme, die das Interesse an diesen Themen widerspiegeln. Auch wenn die Gleichstellung aller Geschlechter weiterer Ma\u00dfnahmen bedarf, so wurde an diesem Tag ein klares Signal gesetzt: Frauen am IT Center unterst\u00fctzen sich gegenseitig und sind sichtbar. Der offene Austausch, die spannende Diskussion und die vielf\u00e4ltigen Gespr\u00e4che zeigten, dass der Weg in die richtige Richtung f\u00fchrt. Die Themensammlung im Rahmen der Veranstaltung bietet vielf\u00e4ltige Inhalte f\u00fcr weiteren Events, bei denen Raum f\u00fcr Austausch geschaffen und die Positionen der Frauen am IT Center weiter gest\u00e4rkt werden k\u00f6nnen.<\/p>\n<p>&nbsp;<\/p>\n<hr \/>\n<p>Verantwortlich f\u00fcr die Inhalte dieses Beitrags sind <a href=\"https:\/\/www.itc.rwth-aachen.de\/cms\/it-center\/it-center\/profil\/team\/~epvp\/mitarbeiter-campus-\/?gguid=PER-DTJF9WU&amp;allou=1\">Hania Eid<\/a>, <a href=\"https:\/\/www.itc.rwth-aachen.de\/cms\/it-center\/it-center\/profil\/team\/~epvp\/mitarbeiter-campus-\/?gguid=PER-FSX9U9J&amp;allou=1\">Malak Mostafa<\/a> und <a href=\"https:\/\/www.itc.rwth-aachen.de\/go\/id\/epvp\/gguid\/PER-N6AW3XB\/allou\/1\/\">Arlinda Ujkani<\/a>.<\/p>","protected":false},"excerpt":{"rendered":"<p>Mit diesem Beitrag schlie\u00dfen wir unsere Blogreihe \u201eFrauen in der IT\u201c ab, die wir im Laufe der letzten Monate ver\u00f6ffentlicht haben. In den vorherigen Beitr\u00e4gen haben wir bereits die Herausforderungen, [&hellip;]<\/p>\n","protected":false},"author":6019,"featured_media":0,"comment_status":"open","ping_status":"closed","sticky":false,"template":"","format":"standard","meta":{"c2c_always_allow_admin_comments":false,"footnotes":""},"categories":[308,312],"tags":[1378,236,1382,434,1379,1160,661,1388,1385],"class_list":["post-21031","post","type-post","status-publish","format-standard","hentry","category-events-jubilaen-erfolge","category-insight-it-center","tag-antidiskriminierung","tag-arbeitsplatz","tag-equality","tag-frauen","tag-frauen-am-it-center","tag-gleichstellung","tag-it-center-als-arbeitsplatz","tag-women","tag-women-at-the-it-center"],"aioseo_notices":[],"_links":{"self":[{"href":"https:\/\/blog.rwth-aachen.de\/itc\/wp-json\/wp\/v2\/posts\/21031","targetHints":{"allow":["GET"]}}],"collection":[{"href":"https:\/\/blog.rwth-aachen.de\/itc\/wp-json\/wp\/v2\/posts"}],"about":[{"href":"https:\/\/blog.rwth-aachen.de\/itc\/wp-json\/wp\/v2\/types\/post"}],"author":[{"embeddable":true,"href":"https:\/\/blog.rwth-aachen.de\/itc\/wp-json\/wp\/v2\/users\/6019"}],"replies":[{"embeddable":true,"href":"https:\/\/blog.rwth-aachen.de\/itc\/wp-json\/wp\/v2\/comments?post=21031"}],"version-history":[{"count":13,"href":"https:\/\/blog.rwth-aachen.de\/itc\/wp-json\/wp\/v2\/posts\/21031\/revisions"}],"predecessor-version":[{"id":21234,"href":"https:\/\/blog.rwth-aachen.de\/itc\/wp-json\/wp\/v2\/posts\/21031\/revisions\/21234"}],"wp:attachment":[{"href":"https:\/\/blog.rwth-aachen.de\/itc\/wp-json\/wp\/v2\/media?parent=21031"}],"wp:term":[{"taxonomy":"category","embeddable":true,"href":"https:\/\/blog.rwth-aachen.de\/itc\/wp-json\/wp\/v2\/categories?post=21031"},{"taxonomy":"post_tag","embeddable":true,"href":"https:\/\/blog.rwth-aachen.de\/itc\/wp-json\/wp\/v2\/tags?post=21031"}],"curies":[{"name":"wp","href":"https:\/\/api.w.org\/{rel}","templated":true}]}}