{"id":21214,"date":"2025-01-29T11:30:39","date_gmt":"2025-01-29T10:30:39","guid":{"rendered":"https:\/\/blog.rwth-aachen.de\/itc\/?p=21214"},"modified":"2025-01-24T11:59:16","modified_gmt":"2025-01-24T10:59:16","slug":"europaischer-datenschutztag-2025","status":"publish","type":"post","link":"https:\/\/blog.rwth-aachen.de\/itc\/2025\/01\/29\/europaischer-datenschutztag-2025\/","title":{"rendered":"Europ\u00e4ischer Datenschutztag 2025"},"content":{"rendered":"<div class=\"twoclick_social_bookmarks_post_21214 social_share_privacy clearfix 1.6.4 locale-de_DE sprite-de_DE\"><\/div><div class=\"twoclick-js\"><script type=\"text\/javascript\">\/* <![CDATA[ *\/\njQuery(document).ready(function($){if($('.twoclick_social_bookmarks_post_21214')){$('.twoclick_social_bookmarks_post_21214').socialSharePrivacy({\"txt_help\":\"Wenn Sie diese Felder durch einen Klick aktivieren, werden Informationen an Facebook, Twitter, Flattr, Xing, t3n, LinkedIn, Pinterest oder Google eventuell ins Ausland \\u00fcbertragen und unter Umst\\u00e4nden auch dort gespeichert. N\\u00e4heres erfahren Sie durch einen Klick auf das <em>i<\\\/em>.\",\"settings_perma\":\"Dauerhaft aktivieren und Daten\\u00fcber-tragung zustimmen:\",\"info_link\":\"http:\\\/\\\/www.heise.de\\\/ct\\\/artikel\\\/2-Klicks-fuer-mehr-Datenschutz-1333879.html\",\"uri\":\"https:\\\/\\\/blog.rwth-aachen.de\\\/itc\\\/2025\\\/01\\\/29\\\/europaischer-datenschutztag-2025\\\/\",\"post_id\":21214,\"post_title_referrer_track\":\"Europ%C3%A4ischer+Datenschutztag+2025\",\"display_infobox\":\"on\"});}});\n\/* ]]> *\/<\/script><\/div><p><div id=\"attachment_21216\" style=\"width: 310px\" class=\"wp-caption alignright\"><img loading=\"lazy\" decoding=\"async\" aria-describedby=\"caption-attachment-21216\" class=\"size-medium wp-image-21216\" src=\"https:\/\/blog.rwth-aachen.de\/itc\/files\/2025\/01\/Blog-Layout-6-300x200.png\" alt=\"Schloss- und Sicherheitssymbole mit Laptop in der Mitte\" width=\"300\" height=\"200\" srcset=\"https:\/\/blog.rwth-aachen.de\/itc\/files\/2025\/01\/Blog-Layout-6-300x200.png 300w, https:\/\/blog.rwth-aachen.de\/itc\/files\/2025\/01\/Blog-Layout-6-1024x683.png 1024w, https:\/\/blog.rwth-aachen.de\/itc\/files\/2025\/01\/Blog-Layout-6-768x512.png 768w, https:\/\/blog.rwth-aachen.de\/itc\/files\/2025\/01\/Blog-Layout-6-1536x1024.png 1536w, https:\/\/blog.rwth-aachen.de\/itc\/files\/2025\/01\/Blog-Layout-6-2048x1365.png 2048w\" sizes=\"auto, (max-width: 300px) 100vw, 300px\" \/><p id=\"caption-attachment-21216\" class=\"wp-caption-text\">Quelle: <a href=\"https:\/\/de.freepik.com\/search?format=search&amp;last_filter=query&amp;last_value=datenschutztag&amp;query=datenschutztag\">Freepik<\/a><\/p><\/div><\/p>\n<p>Jedes Jahr am 28. Januar steht der <strong>Europ\u00e4ische Datenschutztag<\/strong> an \u2013 ein Datum, das uns an den Schutz unserer pers\u00f6nlichen Daten und die Bedeutung der Privatsph\u00e4re in der digitalen Welt erinnert. Wir vom IT Center nehmen diesen Tag zum Anlass, um auf zentrale Aspekte des <a href=\"https:\/\/blog.rwth-aachen.de\/itc\/2024\/08\/12\/privatsphare\/\">Datenschutzes<\/a> aufmerksam zu machen. Bereits im <a href=\"https:\/\/blog.rwth-aachen.de\/itc\/2024\/01\/29\/europaischer-datenschutztag\/\">Beitrag<\/a> vom letzten Jahr haben wir auf die Wichtigkeit des Schutzes unserer pers\u00f6nlichen Daten hingewiesen.<\/p>\n<p><!--more--><\/p>\n<p>&nbsp;<\/p>\n<h3><span style=\"color: #00549f;\">Hintergrund des Europ\u00e4ischen Datenschutztags\u00a0<\/span><\/h3>\n<p>Der Europ\u00e4ische Datenschutztag wurde 2006 vom Europarat ins Leben gerufen. Das Datum erinnert an die Unterzeichnung der <strong>Konvention 108<\/strong> am 28. Januar 1981, dem ersten verbindlichen internationalen Vertrag zum Schutz personenbezogener Daten.<\/p>\n<p>Ziel dieses Tages ist es, die B\u00fcrger*innen in Europa \u2013 und weltweit \u2013 \u00fcber ihre Datenschutzrechte und den verantwortungsvollen Umgang mit pers\u00f6nlichen Daten zu informieren. Der Tag erinnert daran, dass personenbezogene Daten rund um die Uhr verarbeitet werden, sei es am Arbeitsplatz, beim Online-Shopping, bei Beh\u00f6rdeng\u00e4ngen oder im Gesundheitswesen.<\/p>\n<p>&nbsp;<\/p>\n<h3><span style=\"color: #00549f;\">Datenschutz in der digitalen Welt\u00a0<\/span><\/h3>\n<p>Im digitalen Zeitalter ist Datenschutz wichtiger denn je. Viele allt\u00e4gliche Prozesse, vom Online-Shopping \u00fcber Social Media bis hin zu Smart-Home-Ger\u00e4ten, greifen auf pers\u00f6nliche Daten zu. Der Schutz dieser Daten vor unberechtigtem Zugriff und Missbrauch ist nicht nur gesetzlich vorgeschrieben, sondern auch eine Frage des Vertrauens.<\/p>\n<p>Viele Menschen sind sich der Risiken im Umgang mit ihren Daten und ihrer Rechte oft nicht bewusst. Sie wissen selten, wie sie reagieren k\u00f6nnen, wenn ihre Rechte verletzt werden, oder welche Rolle die nationalen Datenschutzbeh\u00f6rden spielen. Der Datenschutztag soll diese L\u00fccke schlie\u00dfen, indem er:<\/p>\n<ul>\n<li><strong>Sensibilisierungskampagnen<\/strong> f\u00fcr die breite \u00d6ffentlichkeit f\u00f6rdert.<\/li>\n<li><strong>Bildungsprojekte<\/strong> f\u00fcr Lehrer*innen und Sch\u00fcler*innen initiiert.<\/li>\n<li><strong>Tage der offenen T\u00fcr<\/strong> bei Datenschutzbeh\u00f6rden und Konferenzen organisiert.<\/li>\n<\/ul>\n<p>&nbsp;<\/p>\n<h3><span style=\"color: #00549f;\">Was bedeutet uns der Datenschutztag?\u00a0<\/span><\/h3>\n<p>F\u00fcr uns am IT Center ist Datenschutz nicht nur ein Thema f\u00fcr einen einzelnen Tag, sondern ein zentraler Bestandteil unserer Arbeit. Wir sorgen daf\u00fcr, dass die IT-Services der RWTH Aachen den h\u00f6chsten Datenschutzstandards entsprechen und regelm\u00e4\u00dfig gepr\u00fcft werden.<\/p>\n<p>Unser Ziel ist es, Studierende, Mitarbeitende und Lehrende beim sicheren Umgang mit Daten zu unterst\u00fctzen.\u00a0 Deshalb legen wir beispielsweise gro\u00dfen Wert auf <a href=\"https:\/\/blog.rwth-aachen.de\/itc\/2024\/07\/29\/erhoehte-cybersicherheit-an-der-rwth-durch-mfa-einfuehrung\/\">Multifaktor-Authentifizierung<\/a> (MFA) und haben diese bereits f\u00fcr viele Services integriert. Zudem ver\u00f6ffentlichen wir auch regelm\u00e4\u00dfig Blogbeitr\u00e4ge zum Thema Datensicherheit unter der Kategorie \u201e<a href=\"https:\/\/blog.rwth-aachen.de\/itc\/category\/themen\/it-sicherheit\/\">IT-Sicherheit<\/a>\u201c.<\/p>\n<p>&nbsp;<\/p>\n<h3><span style=\"color: #00549f;\">So k\u00f6nnt ihr eure Daten sch\u00fctzen<\/span><\/h3>\n<p>Um eure pers\u00f6nlichen Daten zu sch\u00fctzen, empfehlen wir Folgendes:<\/p>\n<ul>\n<li><strong>Passwortsicherheit:<\/strong> Nutzt starke, einzigartige Kennw\u00f6rter und einen Passwortmanager. Mehr zu sicheren Passw\u00f6rtern findet ihr in unserem fr\u00fcheren <a href=\"https:\/\/blog.rwth-aachen.de\/itc\/2020\/11\/13\/sichere-passwoerter\/\">Beitrag<\/a> zu diesem Thema.<\/li>\n<li><strong>Updates installieren<\/strong>: Haltet eure Ger\u00e4te und Anwendungen auf dem neuesten Stand, um Sicherheitsl\u00fccken zu schlie\u00dfen.<\/li>\n<li><strong>Achtsamkeit im Netz<\/strong>: Seid vorsichtig bei der Weitergabe eurer Daten und pr\u00fcft, ob Webseiten und Dienste vertrauensw\u00fcrdig sind.<\/li>\n<li><strong>Multi-Faktor-Authentifizierung<\/strong>: Aktiviert diese Funktion, um eure Konten besser zu sch\u00fctzen. Mehr dazu auf <a href=\"https:\/\/help.itc.rwth-aachen.de\/service\/0f861f53818c44e9a5df6ea7b244dacd\/\">IT Center Help<\/a>.<\/li>\n<\/ul>\n<p>&nbsp;<\/p>\n<h3><span style=\"color: #00549f;\">Datenschutz: ein gemeinsames Ziel\u00a0<\/span><\/h3>\n<p>Der Europ\u00e4ische Datenschutztag erinnert uns daran, dass Datenschutz nicht nur eine technische oder rechtliche Herausforderung ist, sondern auch ein gesellschaftliches Thema, das uns alle angeht. Indem wir unsere Daten sch\u00fctzen, sch\u00fctzen wir auch unsere Privatsph\u00e4re und unsere Rechte in der digitalen Welt.<\/p>\n<p>Wir laden euch ein, mehr \u00fcber Datenschutz und die Ma\u00dfnahmen des IT Centers zu erfahren. Besucht unseren Blog und bleibt informiert!<\/p>\n<p>&nbsp;<\/p>\n<hr \/>\n<p>Verantwortlich f\u00fcr die Inhalte dieses Beitrags ist <a href=\"https:\/\/www.itc.rwth-aachen.de\/cms\/it-center\/it-center\/profil\/team\/~epvp\/mitarbeiter-campus-\/?gguid=PER-FSX9U9J&amp;allou=1\">Malak Mostafa<\/a>.<\/p>","protected":false},"excerpt":{"rendered":"<p>Jedes Jahr am 28. Januar steht der Europ\u00e4ische Datenschutztag an \u2013 ein Datum, das uns an den Schutz unserer pers\u00f6nlichen Daten und die Bedeutung der Privatsph\u00e4re in der digitalen Welt [&hellip;]<\/p>\n","protected":false},"author":5003,"featured_media":21216,"comment_status":"open","ping_status":"closed","sticky":false,"template":"","format":"standard","meta":{"c2c_always_allow_admin_comments":false,"footnotes":""},"categories":[306,308,314,315],"tags":[1396,1188,1395,81,61,1002],"class_list":["post-21214","post","type-post","status-publish","format-standard","has-post-thumbnail","hentry","category-ankuendigungen","category-events-jubilaen-erfolge","category-it-sicherheit","category-services-support","tag-data-privacy","tag-datenschutz","tag-datenschutztag","tag-it-security","tag-it-sicherheit","tag-security"],"aioseo_notices":[],"_links":{"self":[{"href":"https:\/\/blog.rwth-aachen.de\/itc\/wp-json\/wp\/v2\/posts\/21214","targetHints":{"allow":["GET"]}}],"collection":[{"href":"https:\/\/blog.rwth-aachen.de\/itc\/wp-json\/wp\/v2\/posts"}],"about":[{"href":"https:\/\/blog.rwth-aachen.de\/itc\/wp-json\/wp\/v2\/types\/post"}],"author":[{"embeddable":true,"href":"https:\/\/blog.rwth-aachen.de\/itc\/wp-json\/wp\/v2\/users\/5003"}],"replies":[{"embeddable":true,"href":"https:\/\/blog.rwth-aachen.de\/itc\/wp-json\/wp\/v2\/comments?post=21214"}],"version-history":[{"count":4,"href":"https:\/\/blog.rwth-aachen.de\/itc\/wp-json\/wp\/v2\/posts\/21214\/revisions"}],"predecessor-version":[{"id":21243,"href":"https:\/\/blog.rwth-aachen.de\/itc\/wp-json\/wp\/v2\/posts\/21214\/revisions\/21243"}],"wp:featuredmedia":[{"embeddable":true,"href":"https:\/\/blog.rwth-aachen.de\/itc\/wp-json\/wp\/v2\/media\/21216"}],"wp:attachment":[{"href":"https:\/\/blog.rwth-aachen.de\/itc\/wp-json\/wp\/v2\/media?parent=21214"}],"wp:term":[{"taxonomy":"category","embeddable":true,"href":"https:\/\/blog.rwth-aachen.de\/itc\/wp-json\/wp\/v2\/categories?post=21214"},{"taxonomy":"post_tag","embeddable":true,"href":"https:\/\/blog.rwth-aachen.de\/itc\/wp-json\/wp\/v2\/tags?post=21214"}],"curies":[{"name":"wp","href":"https:\/\/api.w.org\/{rel}","templated":true}]}}