{"id":22434,"date":"2025-07-14T11:30:53","date_gmt":"2025-07-14T09:30:53","guid":{"rendered":"https:\/\/blog.rwth-aachen.de\/itc\/?p=22434"},"modified":"2025-08-20T15:08:59","modified_gmt":"2025-08-20T13:08:59","slug":"aci-user-group-treffen-2025","status":"publish","type":"post","link":"https:\/\/blog.rwth-aachen.de\/itc\/2025\/07\/14\/aci-user-group-treffen-2025\/","title":{"rendered":"R\u00fcckblick auf das ACI User Group Treffen 2025"},"content":{"rendered":"<div class=\"twoclick_social_bookmarks_post_22434 social_share_privacy clearfix 1.6.4 locale-de_DE sprite-de_DE\"><\/div><div class=\"twoclick-js\"><script type=\"text\/javascript\">\/* <![CDATA[ *\/\njQuery(document).ready(function($){if($('.twoclick_social_bookmarks_post_22434')){$('.twoclick_social_bookmarks_post_22434').socialSharePrivacy({\"txt_help\":\"Wenn Sie diese Felder durch einen Klick aktivieren, werden Informationen an Facebook, Twitter, Flattr, Xing, t3n, LinkedIn, Pinterest oder Google eventuell ins Ausland \\u00fcbertragen und unter Umst\\u00e4nden auch dort gespeichert. N\\u00e4heres erfahren Sie durch einen Klick auf das <em>i<\\\/em>.\",\"settings_perma\":\"Dauerhaft aktivieren und Daten\\u00fcber-tragung zustimmen:\",\"info_link\":\"http:\\\/\\\/www.heise.de\\\/ct\\\/artikel\\\/2-Klicks-fuer-mehr-Datenschutz-1333879.html\",\"uri\":\"https:\\\/\\\/blog.rwth-aachen.de\\\/itc\\\/2025\\\/07\\\/14\\\/aci-user-group-treffen-2025\\\/\",\"post_id\":22434,\"post_title_referrer_track\":\"R%C3%BCckblick+auf+das+ACI+User+Group+Treffen+2025\",\"display_infobox\":\"on\"});}});\n\/* ]]> *\/<\/script><\/div><p><div id=\"attachment_22443\" style=\"width: 310px\" class=\"wp-caption alignright\"><img loading=\"lazy\" decoding=\"async\" aria-describedby=\"caption-attachment-22443\" class=\"size-medium wp-image-22443\" src=\"https:\/\/blog.rwth-aachen.de\/itc\/files\/2025\/07\/Blog-Layout-2-1-300x200.png\" alt=\"cloud server hosting mobile schnittstelle holographisches steuerelement cloud speicher remote datenbank\" width=\"300\" height=\"200\" srcset=\"https:\/\/blog.rwth-aachen.de\/itc\/files\/2025\/07\/Blog-Layout-2-1-300x200.png 300w, https:\/\/blog.rwth-aachen.de\/itc\/files\/2025\/07\/Blog-Layout-2-1-1024x683.png 1024w, https:\/\/blog.rwth-aachen.de\/itc\/files\/2025\/07\/Blog-Layout-2-1-768x512.png 768w, https:\/\/blog.rwth-aachen.de\/itc\/files\/2025\/07\/Blog-Layout-2-1-1536x1024.png 1536w, https:\/\/blog.rwth-aachen.de\/itc\/files\/2025\/07\/Blog-Layout-2-1-2048x1365.png 2048w\" sizes=\"auto, (max-width: 300px) 100vw, 300px\" \/><p id=\"caption-attachment-22443\" class=\"wp-caption-text\">Quelle: <a href=\"https:\/\/de.freepik.com\/vektoren-kostenlos\/cloud-server-hosting-mobile-schnittstelle-holographisches-steuerelement-cloud-speicher-remote-datenbank_4102884.htm#fromView=search&amp;page=1&amp;position=4&amp;uuid=f6a6ff3d-9af9-463a-bc0f-2fa7ef9760d6&amp;query=application+centric+infrastructure\">Freepik<\/a><\/p><\/div><\/p>\n<p>Auch in diesem Jahr kam die ACI-User Group wieder zusammen. Vom 24. bis 25. Juni 2025 fand das Treffen dieses Mal am Bosch IT-Campus in Stuttgart statt. Rund 40 Teilnehmende aus dem \u00f6ffentlichen Dienst, der Industrie sowie dem IT Center waren vor Ort. Das Ziel: aktuelle Entwicklungen, Herausforderungen und Zukunftsthemen im ACI-Kontext zu diskutieren.<\/p>\n<p>&nbsp;<\/p>\n<p><!--more--><\/p>\n<p>&nbsp;<\/p>\n<h3><span style=\"color: #00549f;\">Was ist ACI?<\/span><\/h3>\n<p>ACI steht f\u00fcr \u201eApplication Centric Infrastructure\u201c und ist eine DataCenter-Netzwerkl\u00f6sung, die am IT Center zum Einsatz kommt. Sie bildet die Grundlage f\u00fcr die Netzwerkkonnektivit\u00e4t von mehr als 1.500 virtuellen Maschinen (und Bare-Metal-Server), die sowohl vom IT Center selbst als auch von dessen Kundschaft betrieben werden.<\/p>\n<p>Die Architektur von ACI besteht aus drei zentralen Elementen: dem Selfservice-Portal \u201eDataCenter-Admin\u201c, einem Verbund aus drei redundanten Controllern sowie einer Vielzahl von Switchen. Die Verwaltungsplattform \u201eDataCenter-Admin\u201c wurde vom IT Center eigens entwickelt und erm\u00f6glicht Administrierenden eine eigenst\u00e4ndige, kontrollierte Verwaltung der Infrastruktur. \u00dcber diesen Zugang lassen sich Konfigurationen zentral \u00fcber die Controller verwalten, die wiederum alle Informationen an die Switches verteilen. Diese \u00fcbernehmen Routing, Switching und Firewalling und sorgen f\u00fcr eine zuverl\u00e4ssige Weiterleitung der Datenpakete an die Endsysteme.<\/p>\n<p>&nbsp;<\/p>\n<h3><span style=\"color: #00549f;\">Schwerpunkt: Netzwerke f\u00fcr ML und KI<\/span><\/h3>\n<div id=\"attachment_22445\" style=\"width: 310px\" class=\"wp-caption alignright\"><img loading=\"lazy\" decoding=\"async\" aria-describedby=\"caption-attachment-22445\" class=\"size-medium wp-image-22445\" src=\"https:\/\/blog.rwth-aachen.de\/itc\/files\/2025\/07\/IMG_9479-300x225.jpg\" alt=\"\" width=\"300\" height=\"225\" srcset=\"https:\/\/blog.rwth-aachen.de\/itc\/files\/2025\/07\/IMG_9479-300x225.jpg 300w, https:\/\/blog.rwth-aachen.de\/itc\/files\/2025\/07\/IMG_9479-1024x768.jpg 1024w, https:\/\/blog.rwth-aachen.de\/itc\/files\/2025\/07\/IMG_9479-768x576.jpg 768w, https:\/\/blog.rwth-aachen.de\/itc\/files\/2025\/07\/IMG_9479-1536x1152.jpg 1536w, https:\/\/blog.rwth-aachen.de\/itc\/files\/2025\/07\/IMG_9479-2048x1536.jpg 2048w\" sizes=\"auto, (max-width: 300px) 100vw, 300px\" \/><p id=\"caption-attachment-22445\" class=\"wp-caption-text\">Quelle: Eigene Darstellung<\/p><\/div>\n<p>Der diesj\u00e4hrige Fokus lag auf dem Aufbau und Betrieb performanter Netzwerkinfrastrukturen f\u00fcr Anwendungen im Bereich Machine Learning und K\u00fcnstliche Intelligenz. Dabei ging es insbesondere um Fragen wie:<\/p>\n<ul>\n<li>Welche Netzwerkprotokolle eignen sich f\u00fcr hochdynamische ML-Workloads?<\/li>\n<li>Welche Konzepte k\u00f6nnen helfen, Rechen- und Datenpfade effizient zu organisieren?<\/li>\n<li>Wie lassen sich klassische Architekturen auf die Anforderungen moderner KI-Setups \u00fcbertragen?<\/li>\n<\/ul>\n<p>Die Expert*innen waren sich einig: Netzwerke sind das R\u00fcckgrat f\u00fcr leistungsf\u00e4hige KI-Infrastrukturen. Doch viele L\u00f6sungen m\u00fcssen erst noch auf Praxistauglichkeit gepr\u00fcft und entsprechend angepasst werden.<\/p>\n<p>&nbsp;<\/p>\n<h3><span style=\"color: #00549f;\">IPv6 in ACI: IT Center in Vorreiterrolle best\u00e4tigt<\/span><\/h3>\n<p>Ein weiteres zentrales Thema war die Integration von IPv6 in ACI-Umgebungen. Das IT Center hat hier eine Vorreiterrolle \u00fcbernommen: Erste Funktionen wurden von uns aktiviert und getestet. Ziel ist es, mittel- bis langfristig produktive ACI-Setups IPv6-f\u00e4hig zu machen. Diesen Schritt hat das IT Center jedoch bereits hinter sich. Das stellt einen wichtigen Schritt in Richtung Zukunftssicherheit und Skalierbarkeit dar.<\/p>\n<p>&nbsp;<\/p>\n<h3><span style=\"color: #00549f;\">Hochgeschwindigkeitsnetze: 400G und 800G im Blick<\/span><\/h3>\n<p>Neben den fachlichen Schwerpunkten zu ML und IPv6 stand auch der technologische Fortschritt in der physikalischen Netzwerkinfrastruktur auf der Agenda. Diskutiert wurden die neuen Standards mit 400G und 800G pro Sekunde. Darunter verstehen sich Bandbreiten, die k\u00fcnftig in modernen Rechenzentren und Core-Netzwerken eine zunehmend wichtige Rolle spielen werden.<\/p>\n<p>Die Teilnehmenden tauschten sich dar\u00fcber aus, welche Voraussetzungen Netzwerke erf\u00fcllen m\u00fcssen, um solche Geschwindigkeiten sinnvoll nutzen zu k\u00f6nnen.<\/p>\n<div id=\"attachment_22447\" style=\"width: 235px\" class=\"wp-caption alignright\"><img loading=\"lazy\" decoding=\"async\" aria-describedby=\"caption-attachment-22447\" class=\"size-medium wp-image-22447\" src=\"https:\/\/blog.rwth-aachen.de\/itc\/files\/2025\/07\/Datei_20861D70-877D-4611-B678-D0BB33B3C843-225x300.jpeg\" alt=\"\" width=\"225\" height=\"300\" srcset=\"https:\/\/blog.rwth-aachen.de\/itc\/files\/2025\/07\/Datei_20861D70-877D-4611-B678-D0BB33B3C843-225x300.jpeg 225w, https:\/\/blog.rwth-aachen.de\/itc\/files\/2025\/07\/Datei_20861D70-877D-4611-B678-D0BB33B3C843-768x1024.jpeg 768w, https:\/\/blog.rwth-aachen.de\/itc\/files\/2025\/07\/Datei_20861D70-877D-4611-B678-D0BB33B3C843-1152x1536.jpeg 1152w, https:\/\/blog.rwth-aachen.de\/itc\/files\/2025\/07\/Datei_20861D70-877D-4611-B678-D0BB33B3C843-1536x2048.jpeg 1536w, https:\/\/blog.rwth-aachen.de\/itc\/files\/2025\/07\/Datei_20861D70-877D-4611-B678-D0BB33B3C843-scaled.jpeg 1920w\" sizes=\"auto, (max-width: 225px) 100vw, 225px\" \/><p id=\"caption-attachment-22447\" class=\"wp-caption-text\">Quelle: Eigene Darstellung<\/p><\/div>\n<p>&nbsp;<\/p>\n<h3><span style=\"color: #00549f;\">Austausch auf Augenh\u00f6he<\/span><\/h3>\n<p>Wie immer stand auch der Erfahrungsaustausch im Vordergrund. In verschiedenen Sessions wurden Best Practices und Lessons Learned offen geteilt. Neben der technischen Tiefe sch\u00e4tzten die Teilnehmenden vor allem die offene, l\u00f6sungsorientierte Atmosph\u00e4re der Runde.<\/p>\n<p>&nbsp;<\/p>\n<h3><span style=\"color: #00549f;\">Ausblick<\/span><\/h3>\n<p>Die Impulse aus dem Treffen werden nun intern weiterverfolgt und flie\u00dfen in aktuelle Projekte und strategische Planungen ein. Besonders im Hinblick auf AI-Workloads, IPv6 und zuk\u00fcnftige Netzwerkstandards ergibt sich f\u00fcr viele Organisationen konkreter Handlungsbedarf.<\/p>\n<p>Die n\u00e4chste ACI-User-Group ist bereits in Planung. Wir freuen uns auf weitere spannende Diskussionen und praxisnahe Entwicklungen.<\/p>\n<p>Alle Beitr\u00e4ge zu den vergangenen ACI-Treffen findet ihr auf unserem <a href=\"https:\/\/blog.rwth-aachen.de\/itc\/en?s=ACI\">Blog<\/a>!<\/p>\n<p>&nbsp;<\/p>\n<hr \/>\n<p>Verantwortlich f\u00fcr die Inhalte dieses Beitrags sind <a href=\"https:\/\/www.itc.rwth-aachen.de\/cms\/it-center\/it-center\/profil\/team\/~epvp\/mitarbeiter-campus-\/?gguid=PER-EB7A3US&amp;allou=1\">Benedikt Paffen<\/a> und <a href=\"https:\/\/www.itc.rwth-aachen.de\/cms\/it-center\/it-center\/profil\/team\/~epvp\/mitarbeiter-campus-\/?gguid=PER-N6AW3XB&amp;allou=1\">Arlinda Ujkani<\/a>.<\/p>","protected":false},"excerpt":{"rendered":"<p>Auch in diesem Jahr kam die ACI-User Group wieder zusammen. Vom 24. bis 25. Juni 2025 fand das Treffen dieses Mal am Bosch IT-Campus in Stuttgart statt. Rund 40 Teilnehmende [&hellip;]<\/p>\n","protected":false},"author":5003,"featured_media":22443,"comment_status":"open","ping_status":"closed","sticky":false,"template":"","format":"standard","meta":{"c2c_always_allow_admin_comments":false,"footnotes":""},"categories":[308,312,1514],"tags":[961,962,582,620,1172,929],"class_list":["post-22434","post","type-post","status-publish","format-standard","has-post-thumbnail","hentry","category-events-jubilaen-erfolge","category-insight-it-center","category-ki","tag-aci","tag-application-centric-infrastructure","tag-austausch","tag-ki","tag-machine-learning","tag-treffen"],"aioseo_notices":[],"_links":{"self":[{"href":"https:\/\/blog.rwth-aachen.de\/itc\/wp-json\/wp\/v2\/posts\/22434","targetHints":{"allow":["GET"]}}],"collection":[{"href":"https:\/\/blog.rwth-aachen.de\/itc\/wp-json\/wp\/v2\/posts"}],"about":[{"href":"https:\/\/blog.rwth-aachen.de\/itc\/wp-json\/wp\/v2\/types\/post"}],"author":[{"embeddable":true,"href":"https:\/\/blog.rwth-aachen.de\/itc\/wp-json\/wp\/v2\/users\/5003"}],"replies":[{"embeddable":true,"href":"https:\/\/blog.rwth-aachen.de\/itc\/wp-json\/wp\/v2\/comments?post=22434"}],"version-history":[{"count":8,"href":"https:\/\/blog.rwth-aachen.de\/itc\/wp-json\/wp\/v2\/posts\/22434\/revisions"}],"predecessor-version":[{"id":22464,"href":"https:\/\/blog.rwth-aachen.de\/itc\/wp-json\/wp\/v2\/posts\/22434\/revisions\/22464"}],"wp:featuredmedia":[{"embeddable":true,"href":"https:\/\/blog.rwth-aachen.de\/itc\/wp-json\/wp\/v2\/media\/22443"}],"wp:attachment":[{"href":"https:\/\/blog.rwth-aachen.de\/itc\/wp-json\/wp\/v2\/media?parent=22434"}],"wp:term":[{"taxonomy":"category","embeddable":true,"href":"https:\/\/blog.rwth-aachen.de\/itc\/wp-json\/wp\/v2\/categories?post=22434"},{"taxonomy":"post_tag","embeddable":true,"href":"https:\/\/blog.rwth-aachen.de\/itc\/wp-json\/wp\/v2\/tags?post=22434"}],"curies":[{"name":"wp","href":"https:\/\/api.w.org\/{rel}","templated":true}]}}