{"id":22919,"date":"2025-09-26T12:00:47","date_gmt":"2025-09-26T10:00:47","guid":{"rendered":"https:\/\/blog.rwth-aachen.de\/itc\/?p=22919"},"modified":"2025-09-25T12:28:16","modified_gmt":"2025-09-25T10:28:16","slug":"willkommen-neue-matse-auszubildende","status":"publish","type":"post","link":"https:\/\/blog.rwth-aachen.de\/itc\/2025\/09\/26\/willkommen-neue-matse-auszubildende\/","title":{"rendered":"Willkommen, neue MATSE-Auszubildende!"},"content":{"rendered":"<div class=\"twoclick_social_bookmarks_post_22919 social_share_privacy clearfix 1.6.4 locale-de_DE sprite-de_DE\"><\/div><div class=\"twoclick-js\"><script type=\"text\/javascript\">\/* <![CDATA[ *\/\njQuery(document).ready(function($){if($('.twoclick_social_bookmarks_post_22919')){$('.twoclick_social_bookmarks_post_22919').socialSharePrivacy({\"txt_help\":\"Wenn Sie diese Felder durch einen Klick aktivieren, werden Informationen an Facebook, Twitter, Flattr, Xing, t3n, LinkedIn, Pinterest oder Google eventuell ins Ausland \\u00fcbertragen und unter Umst\\u00e4nden auch dort gespeichert. N\\u00e4heres erfahren Sie durch einen Klick auf das <em>i<\\\/em>.\",\"settings_perma\":\"Dauerhaft aktivieren und Daten\\u00fcber-tragung zustimmen:\",\"info_link\":\"http:\\\/\\\/www.heise.de\\\/ct\\\/artikel\\\/2-Klicks-fuer-mehr-Datenschutz-1333879.html\",\"uri\":\"https:\\\/\\\/blog.rwth-aachen.de\\\/itc\\\/2025\\\/09\\\/26\\\/willkommen-neue-matse-auszubildende\\\/\",\"post_id\":22919,\"post_title_referrer_track\":\"Willkommen%2C+neue+MATSE-Auszubildende%21\",\"display_infobox\":\"on\"});}});\n\/* ]]> *\/<\/script><\/div><p><div id=\"attachment_22921\" style=\"width: 310px\" class=\"wp-caption alignright\"><a href=\"https:\/\/blog.rwth-aachen.de\/itc\/files\/2025\/09\/DSC0579-scaled.jpg\"><img loading=\"lazy\" decoding=\"async\" aria-describedby=\"caption-attachment-22921\" class=\"size-medium wp-image-22921\" src=\"https:\/\/blog.rwth-aachen.de\/itc\/files\/2025\/09\/DSC0579-300x199.jpg\" alt=\"Auszubildende bei dem Versuch ein IT R\u00e4tsel zu l\u00f6sen\" width=\"300\" height=\"199\" srcset=\"https:\/\/blog.rwth-aachen.de\/itc\/files\/2025\/09\/DSC0579-300x199.jpg 300w, https:\/\/blog.rwth-aachen.de\/itc\/files\/2025\/09\/DSC0579-1024x680.jpg 1024w, https:\/\/blog.rwth-aachen.de\/itc\/files\/2025\/09\/DSC0579-768x510.jpg 768w, https:\/\/blog.rwth-aachen.de\/itc\/files\/2025\/09\/DSC0579-1536x1020.jpg 1536w, https:\/\/blog.rwth-aachen.de\/itc\/files\/2025\/09\/DSC0579-2048x1360.jpg 2048w\" sizes=\"auto, (max-width: 300px) 100vw, 300px\" \/><\/a><p id=\"caption-attachment-22921\" class=\"wp-caption-text\">Quelle: Eigene Darstellung<\/p><\/div><\/p>\n<p>Wir freuen uns sehr, in diesem Jahr 92 neue MATSE-Azubis begr\u00fc\u00dfen zu d\u00fcrfen. Diese talentierten Nachwuchskr\u00e4fte werden zu mathematisch-technischen Softwareentwickler*innen ausgebildet und wurden am 2. September im IT Center herzlich empfangen.<\/p>\n<p>Am 4. September erwarteten die neuen MATSE weitere aufregende Programmpunkte, die wir in diesem Blogbeitrag f\u00fcr dich zusammengefasst haben.<\/p>\n<p><!--more--><\/p>\n<h3><span style=\"color: #00549f;\">Bei der MATSE-Rallye Punkten!<\/span><\/h3>\n<p>Am Dienstag, den 2. September ging es morgens um 9:30 mit der MATSE-Begr\u00fc\u00dfung los. Die Auszubildenden erhielten im H\u00f6rsaal ihre erste Einf\u00fchrung in die Ausbildung.<\/p>\n<p>Danach ging es, wie jedes Jahr, mit der MATSE-Rallye weiter. Die neuen Auszubildenden wurden in Gruppen eingeteilt und hatten die Gelegenheit, an 10 unterschiedlichen Stationen im IT Center spannende Aufgaben und R\u00e4tsel zu bew\u00e4ltigen.<\/p>\n<p>Die Rallye erm\u00f6glichte nicht nur das Entdecken der R\u00e4umlichkeiten des IT Centers, sondern auch das Kn\u00fcpfen erster Kontakte und das gemeinsame Wachsen als Team.<\/p>\n<div id=\"attachment_22924\" style=\"width: 310px\" class=\"wp-caption aligncenter\"><a href=\"https:\/\/blog.rwth-aachen.de\/itc\/files\/2025\/09\/DSC0550-scaled.jpg\"><img loading=\"lazy\" decoding=\"async\" aria-describedby=\"caption-attachment-22924\" class=\"wp-image-22924 size-medium\" src=\"https:\/\/blog.rwth-aachen.de\/itc\/files\/2025\/09\/DSC0550-300x199.jpg\" alt=\"MATSE Azubis im austausch mit IT Center Mitarbeitenden\" width=\"300\" height=\"199\" srcset=\"https:\/\/blog.rwth-aachen.de\/itc\/files\/2025\/09\/DSC0550-300x199.jpg 300w, https:\/\/blog.rwth-aachen.de\/itc\/files\/2025\/09\/DSC0550-1024x680.jpg 1024w, https:\/\/blog.rwth-aachen.de\/itc\/files\/2025\/09\/DSC0550-768x510.jpg 768w, https:\/\/blog.rwth-aachen.de\/itc\/files\/2025\/09\/DSC0550-1536x1020.jpg 1536w, https:\/\/blog.rwth-aachen.de\/itc\/files\/2025\/09\/DSC0550-2048x1360.jpg 2048w\" sizes=\"auto, (max-width: 300px) 100vw, 300px\" \/><\/a><p id=\"caption-attachment-22924\" class=\"wp-caption-text\">Quelle: Eigene Darstellung<\/p><\/div>\n<h3><span style=\"color: #00549f;\">MATSE-Dienste und Siegerehrung<\/span><\/h3>\n<p>Am Donnerstag, den 4. September ging es mit dem Programm w\u00e4hrend der Einf\u00fchrungswoche f\u00fcr unsere MATSE-Erstis weiter. Im H\u00f6rsaal des IT Centers wurden die angehenden mathematisch-technischen Softwareentwickler*innen mit hilfreichen Informationen und Input f\u00fcr einen erfolgreichen Start in die duale MATSE-Ausbildung versorgt.<\/p>\n<p>Anschlie\u00dfend wurde das Team, das w\u00e4hrend der Rallye die meisten Punkte gesammelt hatte, als Sieger-Team ausgezeichnet. Das gl\u00fcckliche Team konnte sich \u00fcber eine Baumwolltasche mit Block und Kugelschreiber freuen.<\/p>\n<p>Das Zweitplatzierte Team erhielt ein Key Tool und die f\u00fcr die Drittplatzierte Gruppe gab es eine ITC-Tasse.<\/p>\n<p>Die Teams wurden nicht nur nach der Bew\u00e4ltigung der Aufgaben bewertet. Es wurden auch Punkte f\u00fcr die \u201eZ\u00fcndende Idee\u201c verteilt. Hier erhielten die Sieger einen Premium-Block.<\/p>\n<div id=\"attachment_22926\" style=\"width: 310px\" class=\"wp-caption aligncenter\"><a href=\"https:\/\/blog.rwth-aachen.de\/itc\/files\/2025\/09\/DSC0116-scaled.jpg\"><img loading=\"lazy\" decoding=\"async\" aria-describedby=\"caption-attachment-22926\" class=\"size-medium wp-image-22926\" src=\"https:\/\/blog.rwth-aachen.de\/itc\/files\/2025\/09\/DSC0116-300x199.jpg\" alt=\"Bild von dem erstplatzierten Team\" width=\"300\" height=\"199\" srcset=\"https:\/\/blog.rwth-aachen.de\/itc\/files\/2025\/09\/DSC0116-300x199.jpg 300w, https:\/\/blog.rwth-aachen.de\/itc\/files\/2025\/09\/DSC0116-1024x680.jpg 1024w, https:\/\/blog.rwth-aachen.de\/itc\/files\/2025\/09\/DSC0116-768x510.jpg 768w, https:\/\/blog.rwth-aachen.de\/itc\/files\/2025\/09\/DSC0116-1536x1020.jpg 1536w, https:\/\/blog.rwth-aachen.de\/itc\/files\/2025\/09\/DSC0116-2048x1360.jpg 2048w\" sizes=\"auto, (max-width: 300px) 100vw, 300px\" \/><\/a><p id=\"caption-attachment-22926\" class=\"wp-caption-text\">Quelle: Eigene Darstellung<\/p><\/div>\n<h3><span style=\"color: #00549f;\">Gemeinsames Grillvergn\u00fcgen beim MATSE-Event<\/span><\/h3>\n<p>Ein Grillfest bei herrlichem Wetter rundete die Ersti-Tage perfekt ab. \u00dcber 100 G\u00e4ste trafen sich auf dem Parkplatz vor dem IT Center, die in eine gem\u00fctliche Grillfl\u00e4che umgewandelt worden war.<\/p>\n<p>Die Azubis nutzten die M\u00f6glichkeit sich untereinander auszutauschen und einen gelungenen Start in die Ausbildung zu feiern.<\/p>\n<div id=\"attachment_22927\" style=\"width: 310px\" class=\"wp-caption aligncenter\"><a href=\"https:\/\/blog.rwth-aachen.de\/itc\/files\/2025\/09\/DSC0132-scaled.jpg\"><img loading=\"lazy\" decoding=\"async\" aria-describedby=\"caption-attachment-22927\" class=\"size-medium wp-image-22927\" src=\"https:\/\/blog.rwth-aachen.de\/itc\/files\/2025\/09\/DSC0132-300x199.jpg\" alt=\"Azubis spielen Kartenspiele beim MATSE-Grillfest\" width=\"300\" height=\"199\" srcset=\"https:\/\/blog.rwth-aachen.de\/itc\/files\/2025\/09\/DSC0132-300x199.jpg 300w, https:\/\/blog.rwth-aachen.de\/itc\/files\/2025\/09\/DSC0132-1024x680.jpg 1024w, https:\/\/blog.rwth-aachen.de\/itc\/files\/2025\/09\/DSC0132-768x510.jpg 768w, https:\/\/blog.rwth-aachen.de\/itc\/files\/2025\/09\/DSC0132-1536x1020.jpg 1536w, https:\/\/blog.rwth-aachen.de\/itc\/files\/2025\/09\/DSC0132-2048x1360.jpg 2048w\" sizes=\"auto, (max-width: 300px) 100vw, 300px\" \/><\/a><p id=\"caption-attachment-22927\" class=\"wp-caption-text\">Quelle: Eigene Darstellung<\/p><\/div>\n<h3><span style=\"color: #00549f;\">Du interessierst dich f\u00fcr MATSE?<\/span><\/h3>\n<p>Die MATSE-Ausbildung dauert drei Jahre und endet mit einer IHK-Abschlusspr\u00fcfung. Parallel dazu studieren die MATSE im <a href=\"https:\/\/www.fh-aachen.de\/studium\/studiengaenge\/angewandte-mathematik-und-informatik-bsc-dual\" target=\"_blank\" rel=\"noopener\">dualen Bachelorstudiengang \u201eAngewandte Mathematik und Informatik\u201c<\/a> an der FH Aachen.<\/p>\n<p>Die Ausbildung kombiniert theoretische und praktische Inhalte in Mathematik, Informatik und Programmierung. Mit diesem Wissen k\u00f6nnen MATSE in Bereichen wie Webentwicklung, Parallelprogrammierung, Simulation technischer Prozesse oder Datenbankentwicklung t\u00e4tig werden: sie sind echte IT-Experten!<\/p>\n<p>M\u00f6chtet ihr mehr \u00fcber das MATSE-Programm erfahren? Dann kontaktiert gerne <a href=\"https:\/\/www.itc.rwth-aachen.de\/go\/id\/epvp\/gguid\/0xA0795101DDB99345969444BAE7912778\" target=\"_blank\" rel=\"noopener\">Benno Wienke<\/a>, den Ausbildungsleiter am IT Center der RWTH Aachen.<\/p>\n<hr \/>\n<p>Verantwortlich f\u00fcr die Inhalte dieses Beitrags ist <a href=\"https:\/\/www.itc.rwth-aachen.de\/cms\/it-center\/it-center\/profil\/team\/~epvp\/mitarbeiter-campus-\/?gguid=PER-2DF4PAN&amp;allou=1\" target=\"_blank\" rel=\"noopener\">Masimba Koschke<\/a>.<\/p>","protected":false},"excerpt":{"rendered":"<p>Wir freuen uns sehr, in diesem Jahr 92 neue MATSE-Azubis begr\u00fc\u00dfen zu d\u00fcrfen. Diese talentierten Nachwuchskr\u00e4fte werden zu mathematisch-technischen Softwareentwickler*innen ausgebildet und wurden am 2. September im IT Center herzlich [&hellip;]<\/p>\n","protected":false},"author":6316,"featured_media":22921,"comment_status":"open","ping_status":"closed","sticky":false,"template":"","format":"standard","meta":{"c2c_always_allow_admin_comments":false,"footnotes":""},"categories":[341,308],"tags":[274,126,1131,289,1526],"class_list":["post-22919","post","type-post","status-publish","format-standard","has-post-thumbnail","hentry","category-ausbildung-jobs","category-events-jubilaen-erfolge","tag-ausbildung","tag-auszubildende","tag-informatik","tag-matse","tag-trainees"],"aioseo_notices":[],"aioseo_head":"\n\t\t<!-- All in One SEO 4.9.8 - aioseo.com -->\n\t<meta name=\"description\" content=\"Neues Jahr, neue MATSE-Azubis! Erfahre, wie die 92 talentierten Nachwuchskr\u00e4fte bei der Begr\u00fc\u00dfung, Rallye und dem Grillfest im IT Center starten.\" \/>\n\t<meta name=\"robots\" content=\"max-image-preview:large\" \/>\n\t<meta name=\"author\" content=\"Masimba Koschke\"\/>\n\t<meta name=\"keywords\" content=\"ausbildung,auszubildende,informatik,matse,trainees,ausbildung &amp; jobs,events, jubil\u00e4en &amp; erfolge\" \/>\n\t<link rel=\"canonical\" href=\"https:\/\/blog.rwth-aachen.de\/itc\/2025\/09\/26\/willkommen-neue-matse-auszubildende\/\" \/>\n\t<meta name=\"generator\" content=\"All in One SEO (AIOSEO) 4.9.8\" \/>\n\t\t<meta property=\"og:locale\" content=\"de_DE\" \/>\n\t\t<meta property=\"og:site_name\" content=\"IT Center Blog \u2022\" \/>\n\t\t<meta property=\"og:type\" content=\"article\" \/>\n\t\t<meta property=\"og:title\" content=\"Willkommen, neue MATSE-Auszubildende! \u2022 IT Center Blog\" \/>\n\t\t<meta property=\"og:description\" content=\"Neues Jahr, neue MATSE-Azubis! Erfahre, wie die 92 talentierten Nachwuchskr\u00e4fte bei der Begr\u00fc\u00dfung, Rallye und dem Grillfest im IT Center starten.\" \/>\n\t\t<meta property=\"og:url\" content=\"https:\/\/blog.rwth-aachen.de\/itc\/2025\/09\/26\/willkommen-neue-matse-auszubildende\/\" \/>\n\t\t<meta property=\"article:published_time\" content=\"2025-09-26T10:00:47+00:00\" \/>\n\t\t<meta property=\"article:modified_time\" content=\"2025-09-25T10:28:16+00:00\" \/>\n\t\t<meta property=\"article:publisher\" content=\"https:\/\/www.facebook.com\/itcenterrwth\" \/>\n\t\t<meta name=\"twitter:card\" content=\"summary\" \/>\n\t\t<meta name=\"twitter:site\" content=\"@ITCenterRWTH\" \/>\n\t\t<meta name=\"twitter:title\" content=\"Willkommen, neue MATSE-Auszubildende! \u2022 IT Center Blog\" \/>\n\t\t<meta name=\"twitter:description\" content=\"Neues Jahr, neue MATSE-Azubis! Erfahre, wie die 92 talentierten Nachwuchskr\u00e4fte bei der Begr\u00fc\u00dfung, Rallye und dem Grillfest im IT Center starten.\" \/>\n\t\t<meta name=\"twitter:creator\" content=\"@ITCenterRWTH\" \/>\n\t\t<script type=\"application\/ld+json\" class=\"aioseo-schema\">\n\t\t\t{\"@context\":\"https:\\\/\\\/schema.org\",\"@graph\":[{\"@type\":\"BlogPosting\",\"@id\":\"https:\\\/\\\/blog.rwth-aachen.de\\\/itc\\\/2025\\\/09\\\/26\\\/willkommen-neue-matse-auszubildende\\\/#blogposting\",\"name\":\"Willkommen, neue MATSE-Auszubildende! \\u2022 IT Center Blog\",\"headline\":\"Willkommen, neue MATSE-Auszubildende!\",\"author\":{\"@id\":\"https:\\\/\\\/blog.rwth-aachen.de\\\/itc\\\/author\\\/6316\\\/#author\"},\"publisher\":{\"@id\":\"https:\\\/\\\/blog.rwth-aachen.de\\\/itc\\\/#organization\"},\"image\":{\"@type\":\"ImageObject\",\"url\":\"https:\\\/\\\/blog.rwth-aachen.de\\\/itc\\\/files\\\/2025\\\/09\\\/DSC0579-scaled.jpg\",\"width\":2560,\"height\":1700,\"caption\":\"Source: Own Illustration\"},\"datePublished\":\"2025-09-26T12:00:47+02:00\",\"dateModified\":\"2025-09-25T12:28:16+02:00\",\"inLanguage\":\"de-DE\",\"mainEntityOfPage\":{\"@id\":\"https:\\\/\\\/blog.rwth-aachen.de\\\/itc\\\/2025\\\/09\\\/26\\\/willkommen-neue-matse-auszubildende\\\/#webpage\"},\"isPartOf\":{\"@id\":\"https:\\\/\\\/blog.rwth-aachen.de\\\/itc\\\/2025\\\/09\\\/26\\\/willkommen-neue-matse-auszubildende\\\/#webpage\"},\"articleSection\":\"Ausbildung &amp; Jobs, Events, Jubil\\u00e4en &amp; Erfolge, Ausbildung, Auszubildende, Informatik, MATSE, Trainees\"},{\"@type\":\"BreadcrumbList\",\"@id\":\"https:\\\/\\\/blog.rwth-aachen.de\\\/itc\\\/2025\\\/09\\\/26\\\/willkommen-neue-matse-auszubildende\\\/#breadcrumblist\",\"itemListElement\":[{\"@type\":\"ListItem\",\"@id\":\"https:\\\/\\\/blog.rwth-aachen.de\\\/itc#listItem\",\"position\":1,\"name\":\"Home\",\"item\":\"https:\\\/\\\/blog.rwth-aachen.de\\\/itc\",\"nextItem\":{\"@type\":\"ListItem\",\"@id\":\"https:\\\/\\\/blog.rwth-aachen.de\\\/itc\\\/category\\\/themen\\\/#listItem\",\"name\":\"Themen\"}},{\"@type\":\"ListItem\",\"@id\":\"https:\\\/\\\/blog.rwth-aachen.de\\\/itc\\\/category\\\/themen\\\/#listItem\",\"position\":2,\"name\":\"Themen\",\"item\":\"https:\\\/\\\/blog.rwth-aachen.de\\\/itc\\\/category\\\/themen\\\/\",\"nextItem\":{\"@type\":\"ListItem\",\"@id\":\"https:\\\/\\\/blog.rwth-aachen.de\\\/itc\\\/category\\\/themen\\\/events-jubilaen-erfolge\\\/#listItem\",\"name\":\"Events, Jubil\\u00e4en &amp; Erfolge\"},\"previousItem\":{\"@type\":\"ListItem\",\"@id\":\"https:\\\/\\\/blog.rwth-aachen.de\\\/itc#listItem\",\"name\":\"Home\"}},{\"@type\":\"ListItem\",\"@id\":\"https:\\\/\\\/blog.rwth-aachen.de\\\/itc\\\/category\\\/themen\\\/events-jubilaen-erfolge\\\/#listItem\",\"position\":3,\"name\":\"Events, Jubil\\u00e4en &amp; Erfolge\",\"item\":\"https:\\\/\\\/blog.rwth-aachen.de\\\/itc\\\/category\\\/themen\\\/events-jubilaen-erfolge\\\/\",\"nextItem\":{\"@type\":\"ListItem\",\"@id\":\"https:\\\/\\\/blog.rwth-aachen.de\\\/itc\\\/2025\\\/09\\\/26\\\/willkommen-neue-matse-auszubildende\\\/#listItem\",\"name\":\"Willkommen, neue MATSE-Auszubildende!\"},\"previousItem\":{\"@type\":\"ListItem\",\"@id\":\"https:\\\/\\\/blog.rwth-aachen.de\\\/itc\\\/category\\\/themen\\\/#listItem\",\"name\":\"Themen\"}},{\"@type\":\"ListItem\",\"@id\":\"https:\\\/\\\/blog.rwth-aachen.de\\\/itc\\\/2025\\\/09\\\/26\\\/willkommen-neue-matse-auszubildende\\\/#listItem\",\"position\":4,\"name\":\"Willkommen, neue MATSE-Auszubildende!\",\"previousItem\":{\"@type\":\"ListItem\",\"@id\":\"https:\\\/\\\/blog.rwth-aachen.de\\\/itc\\\/category\\\/themen\\\/events-jubilaen-erfolge\\\/#listItem\",\"name\":\"Events, Jubil\\u00e4en &amp; Erfolge\"}}]},{\"@type\":\"Organization\",\"@id\":\"https:\\\/\\\/blog.rwth-aachen.de\\\/itc\\\/#organization\",\"name\":\"IT Center RWTH Aachen University\",\"url\":\"https:\\\/\\\/blog.rwth-aachen.de\\\/itc\\\/\",\"logo\":{\"@type\":\"ImageObject\",\"url\":\"https:\\\/\\\/blog.rwth-aachen.de\\\/itc\\\/files\\\/2018\\\/09\\\/IT-Center-Logo.png\",\"@id\":\"https:\\\/\\\/blog.rwth-aachen.de\\\/itc\\\/2025\\\/09\\\/26\\\/willkommen-neue-matse-auszubildende\\\/#organizationLogo\",\"width\":1312,\"height\":378,\"caption\":\"IT Center Logo\"},\"image\":{\"@id\":\"https:\\\/\\\/blog.rwth-aachen.de\\\/itc\\\/2025\\\/09\\\/26\\\/willkommen-neue-matse-auszubildende\\\/#organizationLogo\"},\"sameAs\":[\"https:\\\/\\\/www.facebook.com\\\/itcenterrwth\",\"https:\\\/\\\/twitter.com\\\/ITCenterRWTH\",\"https:\\\/\\\/www.youtube.com\\\/c\\\/itcenterrwthaachen\",\"https:\\\/\\\/www.linkedin.com\\\/company\\\/itcenterrwth\"]},{\"@type\":\"Person\",\"@id\":\"https:\\\/\\\/blog.rwth-aachen.de\\\/itc\\\/author\\\/6316\\\/#author\",\"url\":\"https:\\\/\\\/blog.rwth-aachen.de\\\/itc\\\/author\\\/6316\\\/\",\"name\":\"Masimba Koschke\",\"image\":{\"@type\":\"ImageObject\",\"@id\":\"https:\\\/\\\/blog.rwth-aachen.de\\\/itc\\\/2025\\\/09\\\/26\\\/willkommen-neue-matse-auszubildende\\\/#authorImage\",\"url\":\"https:\\\/\\\/secure.gravatar.com\\\/avatar\\\/b92f618aa415c28fcb1733b3431a0a91b748dd60981766a09af01c55105f80ba?s=96&d=blank&r=g\",\"width\":96,\"height\":96,\"caption\":\"Masimba Koschke\"}},{\"@type\":\"WebPage\",\"@id\":\"https:\\\/\\\/blog.rwth-aachen.de\\\/itc\\\/2025\\\/09\\\/26\\\/willkommen-neue-matse-auszubildende\\\/#webpage\",\"url\":\"https:\\\/\\\/blog.rwth-aachen.de\\\/itc\\\/2025\\\/09\\\/26\\\/willkommen-neue-matse-auszubildende\\\/\",\"name\":\"Willkommen, neue MATSE-Auszubildende! \\u2022 IT Center Blog\",\"description\":\"Neues Jahr, neue MATSE-Azubis! Erfahre, wie die 92 talentierten Nachwuchskr\\u00e4fte bei der Begr\\u00fc\\u00dfung, Rallye und dem Grillfest im IT Center starten.\",\"inLanguage\":\"de-DE\",\"isPartOf\":{\"@id\":\"https:\\\/\\\/blog.rwth-aachen.de\\\/itc\\\/#website\"},\"breadcrumb\":{\"@id\":\"https:\\\/\\\/blog.rwth-aachen.de\\\/itc\\\/2025\\\/09\\\/26\\\/willkommen-neue-matse-auszubildende\\\/#breadcrumblist\"},\"author\":{\"@id\":\"https:\\\/\\\/blog.rwth-aachen.de\\\/itc\\\/author\\\/6316\\\/#author\"},\"creator\":{\"@id\":\"https:\\\/\\\/blog.rwth-aachen.de\\\/itc\\\/author\\\/6316\\\/#author\"},\"image\":{\"@type\":\"ImageObject\",\"url\":\"https:\\\/\\\/blog.rwth-aachen.de\\\/itc\\\/files\\\/2025\\\/09\\\/DSC0579-scaled.jpg\",\"@id\":\"https:\\\/\\\/blog.rwth-aachen.de\\\/itc\\\/2025\\\/09\\\/26\\\/willkommen-neue-matse-auszubildende\\\/#mainImage\",\"width\":2560,\"height\":1700,\"caption\":\"Source: Own Illustration\"},\"primaryImageOfPage\":{\"@id\":\"https:\\\/\\\/blog.rwth-aachen.de\\\/itc\\\/2025\\\/09\\\/26\\\/willkommen-neue-matse-auszubildende\\\/#mainImage\"},\"datePublished\":\"2025-09-26T12:00:47+02:00\",\"dateModified\":\"2025-09-25T12:28:16+02:00\"},{\"@type\":\"WebSite\",\"@id\":\"https:\\\/\\\/blog.rwth-aachen.de\\\/itc\\\/#website\",\"url\":\"https:\\\/\\\/blog.rwth-aachen.de\\\/itc\\\/\",\"name\":\"IT Center Blog\",\"inLanguage\":\"de-DE\",\"publisher\":{\"@id\":\"https:\\\/\\\/blog.rwth-aachen.de\\\/itc\\\/#organization\"}}]}\n\t\t<\/script>\n\t\t<!-- All in One SEO -->\n\n","aioseo_head_json":{"title":"Willkommen, neue MATSE-Auszubildende! \u2022 IT Center Blog","description":"Neues Jahr, neue MATSE-Azubis! Erfahre, wie die 92 talentierten Nachwuchskr\u00e4fte bei der Begr\u00fc\u00dfung, Rallye und dem Grillfest im IT Center starten.","canonical_url":"https:\/\/blog.rwth-aachen.de\/itc\/2025\/09\/26\/willkommen-neue-matse-auszubildende\/","robots":"max-image-preview:large","keywords":"ausbildung,auszubildende,informatik,matse,trainees,ausbildung &amp; jobs,events, jubil\u00e4en &amp; erfolge","webmasterTools":{"miscellaneous":""},"schema":{"@context":"https:\/\/schema.org","@graph":[{"@type":"BlogPosting","@id":"https:\/\/blog.rwth-aachen.de\/itc\/2025\/09\/26\/willkommen-neue-matse-auszubildende\/#blogposting","name":"Willkommen, neue MATSE-Auszubildende! \u2022 IT Center Blog","headline":"Willkommen, neue MATSE-Auszubildende!","author":{"@id":"https:\/\/blog.rwth-aachen.de\/itc\/author\/6316\/#author"},"publisher":{"@id":"https:\/\/blog.rwth-aachen.de\/itc\/#organization"},"image":{"@type":"ImageObject","url":"https:\/\/blog.rwth-aachen.de\/itc\/files\/2025\/09\/DSC0579-scaled.jpg","width":2560,"height":1700,"caption":"Source: Own Illustration"},"datePublished":"2025-09-26T12:00:47+02:00","dateModified":"2025-09-25T12:28:16+02:00","inLanguage":"de-DE","mainEntityOfPage":{"@id":"https:\/\/blog.rwth-aachen.de\/itc\/2025\/09\/26\/willkommen-neue-matse-auszubildende\/#webpage"},"isPartOf":{"@id":"https:\/\/blog.rwth-aachen.de\/itc\/2025\/09\/26\/willkommen-neue-matse-auszubildende\/#webpage"},"articleSection":"Ausbildung &amp; Jobs, Events, Jubil\u00e4en &amp; Erfolge, Ausbildung, Auszubildende, Informatik, MATSE, Trainees"},{"@type":"BreadcrumbList","@id":"https:\/\/blog.rwth-aachen.de\/itc\/2025\/09\/26\/willkommen-neue-matse-auszubildende\/#breadcrumblist","itemListElement":[{"@type":"ListItem","@id":"https:\/\/blog.rwth-aachen.de\/itc#listItem","position":1,"name":"Home","item":"https:\/\/blog.rwth-aachen.de\/itc","nextItem":{"@type":"ListItem","@id":"https:\/\/blog.rwth-aachen.de\/itc\/category\/themen\/#listItem","name":"Themen"}},{"@type":"ListItem","@id":"https:\/\/blog.rwth-aachen.de\/itc\/category\/themen\/#listItem","position":2,"name":"Themen","item":"https:\/\/blog.rwth-aachen.de\/itc\/category\/themen\/","nextItem":{"@type":"ListItem","@id":"https:\/\/blog.rwth-aachen.de\/itc\/category\/themen\/events-jubilaen-erfolge\/#listItem","name":"Events, Jubil\u00e4en &amp; Erfolge"},"previousItem":{"@type":"ListItem","@id":"https:\/\/blog.rwth-aachen.de\/itc#listItem","name":"Home"}},{"@type":"ListItem","@id":"https:\/\/blog.rwth-aachen.de\/itc\/category\/themen\/events-jubilaen-erfolge\/#listItem","position":3,"name":"Events, Jubil\u00e4en &amp; Erfolge","item":"https:\/\/blog.rwth-aachen.de\/itc\/category\/themen\/events-jubilaen-erfolge\/","nextItem":{"@type":"ListItem","@id":"https:\/\/blog.rwth-aachen.de\/itc\/2025\/09\/26\/willkommen-neue-matse-auszubildende\/#listItem","name":"Willkommen, neue MATSE-Auszubildende!"},"previousItem":{"@type":"ListItem","@id":"https:\/\/blog.rwth-aachen.de\/itc\/category\/themen\/#listItem","name":"Themen"}},{"@type":"ListItem","@id":"https:\/\/blog.rwth-aachen.de\/itc\/2025\/09\/26\/willkommen-neue-matse-auszubildende\/#listItem","position":4,"name":"Willkommen, neue MATSE-Auszubildende!","previousItem":{"@type":"ListItem","@id":"https:\/\/blog.rwth-aachen.de\/itc\/category\/themen\/events-jubilaen-erfolge\/#listItem","name":"Events, Jubil\u00e4en &amp; Erfolge"}}]},{"@type":"Organization","@id":"https:\/\/blog.rwth-aachen.de\/itc\/#organization","name":"IT Center RWTH Aachen University","url":"https:\/\/blog.rwth-aachen.de\/itc\/","logo":{"@type":"ImageObject","url":"https:\/\/blog.rwth-aachen.de\/itc\/files\/2018\/09\/IT-Center-Logo.png","@id":"https:\/\/blog.rwth-aachen.de\/itc\/2025\/09\/26\/willkommen-neue-matse-auszubildende\/#organizationLogo","width":1312,"height":378,"caption":"IT Center Logo"},"image":{"@id":"https:\/\/blog.rwth-aachen.de\/itc\/2025\/09\/26\/willkommen-neue-matse-auszubildende\/#organizationLogo"},"sameAs":["https:\/\/www.facebook.com\/itcenterrwth","https:\/\/twitter.com\/ITCenterRWTH","https:\/\/www.youtube.com\/c\/itcenterrwthaachen","https:\/\/www.linkedin.com\/company\/itcenterrwth"]},{"@type":"Person","@id":"https:\/\/blog.rwth-aachen.de\/itc\/author\/6316\/#author","url":"https:\/\/blog.rwth-aachen.de\/itc\/author\/6316\/","name":"Masimba Koschke","image":{"@type":"ImageObject","@id":"https:\/\/blog.rwth-aachen.de\/itc\/2025\/09\/26\/willkommen-neue-matse-auszubildende\/#authorImage","url":"https:\/\/secure.gravatar.com\/avatar\/b92f618aa415c28fcb1733b3431a0a91b748dd60981766a09af01c55105f80ba?s=96&d=blank&r=g","width":96,"height":96,"caption":"Masimba Koschke"}},{"@type":"WebPage","@id":"https:\/\/blog.rwth-aachen.de\/itc\/2025\/09\/26\/willkommen-neue-matse-auszubildende\/#webpage","url":"https:\/\/blog.rwth-aachen.de\/itc\/2025\/09\/26\/willkommen-neue-matse-auszubildende\/","name":"Willkommen, neue MATSE-Auszubildende! \u2022 IT Center Blog","description":"Neues Jahr, neue MATSE-Azubis! Erfahre, wie die 92 talentierten Nachwuchskr\u00e4fte bei der Begr\u00fc\u00dfung, Rallye und dem Grillfest im IT Center starten.","inLanguage":"de-DE","isPartOf":{"@id":"https:\/\/blog.rwth-aachen.de\/itc\/#website"},"breadcrumb":{"@id":"https:\/\/blog.rwth-aachen.de\/itc\/2025\/09\/26\/willkommen-neue-matse-auszubildende\/#breadcrumblist"},"author":{"@id":"https:\/\/blog.rwth-aachen.de\/itc\/author\/6316\/#author"},"creator":{"@id":"https:\/\/blog.rwth-aachen.de\/itc\/author\/6316\/#author"},"image":{"@type":"ImageObject","url":"https:\/\/blog.rwth-aachen.de\/itc\/files\/2025\/09\/DSC0579-scaled.jpg","@id":"https:\/\/blog.rwth-aachen.de\/itc\/2025\/09\/26\/willkommen-neue-matse-auszubildende\/#mainImage","width":2560,"height":1700,"caption":"Source: Own Illustration"},"primaryImageOfPage":{"@id":"https:\/\/blog.rwth-aachen.de\/itc\/2025\/09\/26\/willkommen-neue-matse-auszubildende\/#mainImage"},"datePublished":"2025-09-26T12:00:47+02:00","dateModified":"2025-09-25T12:28:16+02:00"},{"@type":"WebSite","@id":"https:\/\/blog.rwth-aachen.de\/itc\/#website","url":"https:\/\/blog.rwth-aachen.de\/itc\/","name":"IT Center Blog","inLanguage":"de-DE","publisher":{"@id":"https:\/\/blog.rwth-aachen.de\/itc\/#organization"}}]},"og:locale":"de_DE","og:site_name":"IT Center Blog \u2022","og:type":"article","og:title":"Willkommen, neue MATSE-Auszubildende! \u2022 IT Center Blog","og:description":"Neues Jahr, neue MATSE-Azubis! Erfahre, wie die 92 talentierten Nachwuchskr\u00e4fte bei der Begr\u00fc\u00dfung, Rallye und dem Grillfest im IT Center starten.","og:url":"https:\/\/blog.rwth-aachen.de\/itc\/2025\/09\/26\/willkommen-neue-matse-auszubildende\/","article:published_time":"2025-09-26T10:00:47+00:00","article:modified_time":"2025-09-25T10:28:16+00:00","article:publisher":"https:\/\/www.facebook.com\/itcenterrwth","twitter:card":"summary","twitter:site":"@ITCenterRWTH","twitter:title":"Willkommen, neue MATSE-Auszubildende! \u2022 IT Center Blog","twitter:description":"Neues Jahr, neue MATSE-Azubis! Erfahre, wie die 92 talentierten Nachwuchskr\u00e4fte bei der Begr\u00fc\u00dfung, Rallye und dem Grillfest im IT Center starten.","twitter:creator":"@ITCenterRWTH"},"aioseo_meta_data":{"post_id":"22919","title":null,"description":"Neues Jahr, neue MATSE-Azubis! Erfahre, wie die 92 talentierten Nachwuchskr\u00e4fte bei der Begr\u00fc\u00dfung, Rallye und dem Grillfest im IT Center starten.","keywords":null,"keyphrases":{"focus":{"keyphrase":"","score":0,"analysis":{"keyphraseInTitle":{"score":0,"maxScore":9,"error":1}}},"additional":[]},"primary_term":null,"canonical_url":null,"og_title":null,"og_description":null,"og_object_type":"default","og_image_type":"default","og_image_url":null,"og_image_width":null,"og_image_height":null,"og_image_custom_url":null,"og_image_custom_fields":null,"og_video":"","og_custom_url":null,"og_article_section":null,"og_article_tags":null,"twitter_use_og":false,"twitter_card":"default","twitter_image_type":"default","twitter_image_url":null,"twitter_image_custom_url":null,"twitter_image_custom_fields":null,"twitter_title":null,"twitter_description":null,"schema":{"blockGraphs":[],"customGraphs":[],"default":{"data":{"Article":[],"Course":[],"Dataset":[],"FAQPage":[],"Movie":[],"Person":[],"Product":[],"ProductReview":[],"Car":[],"Recipe":[],"Service":[],"SoftwareApplication":[],"WebPage":[]},"graphName":"BlogPosting","isEnabled":true},"graphs":[]},"schema_type":"default","schema_type_options":null,"pillar_content":false,"robots_default":true,"robots_noindex":false,"robots_noarchive":false,"robots_nosnippet":false,"robots_nofollow":false,"robots_noimageindex":false,"robots_noodp":false,"robots_notranslate":false,"robots_max_snippet":"-1","robots_max_videopreview":"-1","robots_max_imagepreview":"large","priority":null,"frequency":"default","local_seo":null,"breadcrumb_settings":null,"limit_modified_date":false,"ai":{"faqs":[],"keyPoints":[],"titles":[],"descriptions":["Neues Jahr, neue MATSE-Azubis! Erfahre, wie die 92 talentierten Nachwuchskr\u00e4fte bei der Begr\u00fc\u00dfung, Rallye und dem Grillfest im IT Center starten.","Lerne die spannende MATSE-Ausbildung kennen: Eine dreij\u00e4hrige duale Ausbildung mit viel Praxis, Teamgeist und einer abschlie\u00dfenden IHK-Pr\u00fcfung!","Entdecke, wie MATSE-Azubis im IT Center die ersten Kontakte kn\u00fcpfen, R\u00e4tsel l\u00f6sen und gemeinsam am Erfolg arbeiten.","Von Rallye-Spielen bis Grillfest \u2013 erfahre, wie unser MATSE-Programm f\u00fcr einen gelungene Start in die Ausbildung sorgt.","Interessiert an einer Karriere in IT und Mathematik? Das MATSE-Programm bietet vielf\u00e4ltige M\u00f6glichkeiten in Webentwicklung, Datenbanken und mehr."],"socialPosts":{"email":[],"linkedin":[],"twitter":[],"facebook":[],"instagram":[]}},"created":"2025-09-25 09:11:57","updated":"2025-09-26 10:13:38","seo_analyzer_scan_date":null},"aioseo_breadcrumb":"<div class=\"aioseo-breadcrumbs\"><span class=\"aioseo-breadcrumb\">\n\t\t\t<a href=\"https:\/\/blog.rwth-aachen.de\/itc\" title=\"Home\">Home<\/a>\n\t\t<\/span><span class=\"aioseo-breadcrumb-separator\">\u00bb<\/span><span class=\"aioseo-breadcrumb\">\n\t\t\t<a href=\"https:\/\/blog.rwth-aachen.de\/itc\/category\/themen\/\" title=\"Themen\">Themen<\/a>\n\t\t<\/span><span class=\"aioseo-breadcrumb-separator\">\u00bb<\/span><span class=\"aioseo-breadcrumb\">\n\t\t\t<a href=\"https:\/\/blog.rwth-aachen.de\/itc\/category\/themen\/events-jubilaen-erfolge\/\" title=\"Events, Jubil\u00e4en &amp; Erfolge\">Events, Jubil\u00e4en &amp; Erfolge<\/a>\n\t\t<\/span><span class=\"aioseo-breadcrumb-separator\">\u00bb<\/span><span class=\"aioseo-breadcrumb\">\n\t\t\tWillkommen, neue MATSE-Auszubildende!\n\t\t<\/span><\/div>","aioseo_breadcrumb_json":[{"label":"Home","link":"https:\/\/blog.rwth-aachen.de\/itc"},{"label":"Themen","link":"https:\/\/blog.rwth-aachen.de\/itc\/category\/themen\/"},{"label":"Events, Jubil\u00e4en &amp; Erfolge","link":"https:\/\/blog.rwth-aachen.de\/itc\/category\/themen\/events-jubilaen-erfolge\/"},{"label":"Willkommen, neue MATSE-Auszubildende!","link":"https:\/\/blog.rwth-aachen.de\/itc\/2025\/09\/26\/willkommen-neue-matse-auszubildende\/"}],"_links":{"self":[{"href":"https:\/\/blog.rwth-aachen.de\/itc\/wp-json\/wp\/v2\/posts\/22919","targetHints":{"allow":["GET"]}}],"collection":[{"href":"https:\/\/blog.rwth-aachen.de\/itc\/wp-json\/wp\/v2\/posts"}],"about":[{"href":"https:\/\/blog.rwth-aachen.de\/itc\/wp-json\/wp\/v2\/types\/post"}],"author":[{"embeddable":true,"href":"https:\/\/blog.rwth-aachen.de\/itc\/wp-json\/wp\/v2\/users\/6316"}],"replies":[{"embeddable":true,"href":"https:\/\/blog.rwth-aachen.de\/itc\/wp-json\/wp\/v2\/comments?post=22919"}],"version-history":[{"count":10,"href":"https:\/\/blog.rwth-aachen.de\/itc\/wp-json\/wp\/v2\/posts\/22919\/revisions"}],"predecessor-version":[{"id":22941,"href":"https:\/\/blog.rwth-aachen.de\/itc\/wp-json\/wp\/v2\/posts\/22919\/revisions\/22941"}],"wp:featuredmedia":[{"embeddable":true,"href":"https:\/\/blog.rwth-aachen.de\/itc\/wp-json\/wp\/v2\/media\/22921"}],"wp:attachment":[{"href":"https:\/\/blog.rwth-aachen.de\/itc\/wp-json\/wp\/v2\/media?parent=22919"}],"wp:term":[{"taxonomy":"category","embeddable":true,"href":"https:\/\/blog.rwth-aachen.de\/itc\/wp-json\/wp\/v2\/categories?post=22919"},{"taxonomy":"post_tag","embeddable":true,"href":"https:\/\/blog.rwth-aachen.de\/itc\/wp-json\/wp\/v2\/tags?post=22919"}],"curies":[{"name":"wp","href":"https:\/\/api.w.org\/{rel}","templated":true}]}}