{"id":23603,"date":"2026-01-28T13:00:58","date_gmt":"2026-01-28T12:00:58","guid":{"rendered":"https:\/\/blog.rwth-aachen.de\/itc\/?p=23603"},"modified":"2026-01-26T14:47:38","modified_gmt":"2026-01-26T13:47:38","slug":"europaeischer-datenschutztag-2026","status":"publish","type":"post","link":"https:\/\/blog.rwth-aachen.de\/itc\/2026\/01\/28\/europaeischer-datenschutztag-2026\/","title":{"rendered":"Europ\u00e4ischer Datenschutztag 2026"},"content":{"rendered":"<div class=\"twoclick_social_bookmarks_post_23603 social_share_privacy clearfix 1.6.4 locale-de_DE sprite-de_DE\"><\/div><div class=\"twoclick-js\"><script type=\"text\/javascript\">\/* <![CDATA[ *\/\njQuery(document).ready(function($){if($('.twoclick_social_bookmarks_post_23603')){$('.twoclick_social_bookmarks_post_23603').socialSharePrivacy({\"txt_help\":\"Wenn Sie diese Felder durch einen Klick aktivieren, werden Informationen an Facebook, Twitter, Flattr, Xing, t3n, LinkedIn, Pinterest oder Google eventuell ins Ausland \\u00fcbertragen und unter Umst\\u00e4nden auch dort gespeichert. N\\u00e4heres erfahren Sie durch einen Klick auf das <em>i<\\\/em>.\",\"settings_perma\":\"Dauerhaft aktivieren und Daten\\u00fcber-tragung zustimmen:\",\"info_link\":\"http:\\\/\\\/www.heise.de\\\/ct\\\/artikel\\\/2-Klicks-fuer-mehr-Datenschutz-1333879.html\",\"uri\":\"https:\\\/\\\/blog.rwth-aachen.de\\\/itc\\\/2026\\\/01\\\/28\\\/europaeischer-datenschutztag-2026\\\/\",\"post_id\":23603,\"post_title_referrer_track\":\"Europ%C3%A4ischer+Datenschutztag+2026\",\"display_infobox\":\"on\"});}});\n\/* ]]> *\/<\/script><\/div><p><div id=\"attachment_23611\" style=\"width: 310px\" class=\"wp-caption alignright\"><img loading=\"lazy\" decoding=\"async\" aria-describedby=\"caption-attachment-23611\" class=\"size-medium wp-image-23611\" src=\"https:\/\/blog.rwth-aachen.de\/itc\/files\/2026\/01\/Datenschutztag_20251212_OM_Blog-300x200.jpg\" alt=\"Silhouette von Europa, darauf in wei\u00dfer Schrift 28. Januar 2026, Europ\u00e4ischer Datenschutztag\" width=\"300\" height=\"200\" srcset=\"https:\/\/blog.rwth-aachen.de\/itc\/files\/2026\/01\/Datenschutztag_20251212_OM_Blog-300x200.jpg 300w, https:\/\/blog.rwth-aachen.de\/itc\/files\/2026\/01\/Datenschutztag_20251212_OM_Blog-1024x683.jpg 1024w, https:\/\/blog.rwth-aachen.de\/itc\/files\/2026\/01\/Datenschutztag_20251212_OM_Blog-768x512.jpg 768w, https:\/\/blog.rwth-aachen.de\/itc\/files\/2026\/01\/Datenschutztag_20251212_OM_Blog-1536x1024.jpg 1536w, https:\/\/blog.rwth-aachen.de\/itc\/files\/2026\/01\/Datenschutztag_20251212_OM_Blog-2048x1365.jpg 2048w\" sizes=\"auto, (max-width: 300px) 100vw, 300px\" \/><p id=\"caption-attachment-23611\" class=\"wp-caption-text\">Quelle: eigene Darstellung<\/p><\/div><\/p>\n<p>In unserem heutigen digitalen Zeitalter ist der Datenschutz wichtiger denn je. Hierf\u00fcr steht jedes Jahr am 28. Januar der Europ\u00e4ische Datenschutztag an \u2013 ein Datum, das uns an den Schutz unserer pers\u00f6nlichen Daten und die Bedeutung der Privatsph\u00e4re in der digitalen Welt erinnert. Wir vom IT Center nehmen den Tag zum Anlass, um auf zentrale Aspekte des Datenschutzes aufmerksam zu machen.<\/p>\n<p>&nbsp;<\/p>\n<p><!--more--><\/p>\n<h3><span style=\"color: #00549f;\">Ursprung und Zielsetzung des Europ\u00e4ischen Datenschutztags<\/span><\/h3>\n<p>Der Europarat f\u00fchrte 2006 den Datenschutztag am 28. Januar ein. Das Datum geht auf den 28. Januar 1981 zur\u00fcck, an dem vom Europarat die Europ\u00e4ische Datenschutzkonvention angenommen wurde.<br \/>\nDas Ziel \u2013 Rechte und Grundfreiheiten aller Menschen sicherzustellen, vor allem das Recht auf einen Pers\u00f6nlichkeitsbereich bei der automatischen Verarbeitung personenbezogener Daten. Ebenso soll darauf aufmerksam gemacht werden, wo und f\u00fcr welchen Zweck personenbezogenen Daten ermittelt und verarbeitet werden.<\/p>\n<p>&nbsp;<\/p>\n<h3><span style=\"color: #00549f;\">Was bedeutet der Datenschutztag f\u00fcr uns?<\/span><\/h3>\n<p>F\u00fcr uns am IT Center ist der der Datenschutz kein kleines und einmaliges Thema, sondern ein langfristiger und zentraler Bestandteil unserer Arbeit. Wir sorgen daf\u00fcr, dass die IT-Services der RWTH Aachen den h\u00f6chsten Datenschutzstandards entsprechen und regelm\u00e4\u00dfig gepr\u00fcft werden. Unser Ziel ist es, Studierende, Mitarbeitende und Lehr<span style=\"font-size: 16px;\">ende beim sicheren Umgang mit Daten zu unterst\u00fctzen.<\/span><\/p>\n<p>&nbsp;<\/p>\n<h3><span style=\"color: #00549f;\">So k\u00f6nnt Ihr eure Daten sch\u00fctzen<\/span><\/h3>\n<p>Ihr k\u00f6nnt mit einigen einfachen Ma\u00dfnahmen dazu beitragen, eure Daten zu sch\u00fctzen:<\/p>\n<ul>\n<li>Passw\u00f6rter<br \/>\nJe komplexer das Passwort, desto sicherer ist es. W\u00e4hlt eure Passw\u00f6rter mit Bedacht und \u00e4ndert sie regelm\u00e4\u00dfig. Au\u00dferdem solltet ihr f\u00fcr verschiedene Services unterschiedliche Passw\u00f6rter benutzen. Weitere Infos zum Thema sichere Passw\u00f6rter findet ihr in unserem fr\u00fcheren <a href=\"https:\/\/blog.rwth-aachen.de\/itc\/2020\/11\/13\/sichere-passwoerter\/\">Beitrag<\/a>.<\/li>\n<li>Multi-Faktor-Authentifizierung<br \/>\nBei allen Services, wo die MFA angeboten wird, solltet ihr diese Funktion aktivieren, um eure Konten besser zu sch\u00fctzen. An der RWTH ist die Nutzung der MFA verpflichtend f\u00fcr alle Services, die den RWTH Single Sign-On verwenden. Auch f\u00fcr die Nutzung des RWTH VPNs muss die MFA aktiviert sein. Weitere Informationen zu diesem Thema gibt es auf <a href=\"https:\/\/help.itc.rwth-aachen.de\/service\/0f861f53818c44e9a5df6ea7b244dacd\/\">IT Center Help<\/a>.<\/li>\n<li>Updates installieren<br \/>\nHaltet eure Ger\u00e4te und Anwendungen auf dem neuesten Stand, um Sicherheitsl\u00fccken zu schlie\u00dfen.<\/li>\n<li>Achtsamkeit im Netz<br \/>\nSeid vorsichtig bei der Weitergabe eurer Daten und pr\u00fcft, ob Webseiten und Dienste vertrauensw\u00fcrdig sind.<\/li>\n<\/ul>\n<p>&nbsp;<\/p>\n<h3><span style=\"color: #00549f;\">Datenschutz: ein gemeinsames Ziel<\/span><\/h3>\n<p>Der Europ\u00e4ische Datenschutztag erinnert uns, dass der Datenschutz einerseits eine technische und rechtliche Herausforderung ist, andererseits aber auch vor allem ein gesellschaftliches Thema, das uns alle betrifft. Indem wir unsere Daten sch\u00fctzen, sch\u00fctzen wir auch unsere Privatsph\u00e4re und unsere Rechte in der digitalen Welt.<br \/>\nWir laden euch ein, mehr \u00fcber Datenschutz und die Ma\u00dfnahmen des IT Centers zu erfahren. \u00dcber unseren Blog k\u00f6nnt ihr informiert bleiben! In der Kategorie \u201e<a href=\"https:\/\/blog.rwth-aachen.de\/itc\/category\/themen\/it-sicherheit\/\">IT-Sicherheit<\/a>\u201c ver\u00f6ffentlichen wir regelm\u00e4\u00dfig Beitr\u00e4ge zum Thema Datenschutz.<\/p>\n<p>&nbsp;<\/p>\n<hr \/>\n<p>Verantwortlich f\u00fcr die Inhalte dieses Beitrags ist <a href=\"https:\/\/www.itc.rwth-aachen.de\/cms\/it-center\/it-center\/profil\/team\/~epvp\/mitarbeiter-pvz-\/?gguid=PER-GWSXWSW&amp;allou=1\">Leo Braun<\/a>.<\/p>","protected":false},"excerpt":{"rendered":"<p>In unserem heutigen digitalen Zeitalter ist der Datenschutz wichtiger denn je. Hierf\u00fcr steht jedes Jahr am 28. Januar der Europ\u00e4ische Datenschutztag an \u2013 ein Datum, das uns an den Schutz [&hellip;]<\/p>\n","protected":false},"author":3522,"featured_media":0,"comment_status":"open","ping_status":"closed","sticky":false,"template":"","format":"standard","meta":{"c2c_always_allow_admin_comments":false,"footnotes":""},"categories":[314],"tags":[1188],"class_list":["post-23603","post","type-post","status-publish","format-standard","hentry","category-it-sicherheit","tag-datenschutz"],"aioseo_notices":[],"_links":{"self":[{"href":"https:\/\/blog.rwth-aachen.de\/itc\/wp-json\/wp\/v2\/posts\/23603","targetHints":{"allow":["GET"]}}],"collection":[{"href":"https:\/\/blog.rwth-aachen.de\/itc\/wp-json\/wp\/v2\/posts"}],"about":[{"href":"https:\/\/blog.rwth-aachen.de\/itc\/wp-json\/wp\/v2\/types\/post"}],"author":[{"embeddable":true,"href":"https:\/\/blog.rwth-aachen.de\/itc\/wp-json\/wp\/v2\/users\/3522"}],"replies":[{"embeddable":true,"href":"https:\/\/blog.rwth-aachen.de\/itc\/wp-json\/wp\/v2\/comments?post=23603"}],"version-history":[{"count":16,"href":"https:\/\/blog.rwth-aachen.de\/itc\/wp-json\/wp\/v2\/posts\/23603\/revisions"}],"predecessor-version":[{"id":23652,"href":"https:\/\/blog.rwth-aachen.de\/itc\/wp-json\/wp\/v2\/posts\/23603\/revisions\/23652"}],"wp:attachment":[{"href":"https:\/\/blog.rwth-aachen.de\/itc\/wp-json\/wp\/v2\/media?parent=23603"}],"wp:term":[{"taxonomy":"category","embeddable":true,"href":"https:\/\/blog.rwth-aachen.de\/itc\/wp-json\/wp\/v2\/categories?post=23603"},{"taxonomy":"post_tag","embeddable":true,"href":"https:\/\/blog.rwth-aachen.de\/itc\/wp-json\/wp\/v2\/tags?post=23603"}],"curies":[{"name":"wp","href":"https:\/\/api.w.org\/{rel}","templated":true}]}}