{"id":23745,"date":"2026-02-20T11:30:12","date_gmt":"2026-02-20T10:30:12","guid":{"rendered":"https:\/\/blog.rwth-aachen.de\/itc\/?p=23745"},"modified":"2026-02-20T10:36:19","modified_gmt":"2026-02-20T09:36:19","slug":"karneval-2026-am-it-center","status":"publish","type":"post","link":"https:\/\/blog.rwth-aachen.de\/itc\/2026\/02\/20\/karneval-2026-am-it-center\/","title":{"rendered":"Karneval 2026 am IT Center"},"content":{"rendered":"<div class=\"twoclick_social_bookmarks_post_23745 social_share_privacy clearfix 1.6.4 locale-de_DE sprite-de_DE\"><\/div><div class=\"twoclick-js\"><script type=\"text\/javascript\">\/* <![CDATA[ *\/\njQuery(document).ready(function($){if($('.twoclick_social_bookmarks_post_23745')){$('.twoclick_social_bookmarks_post_23745').socialSharePrivacy({\"txt_help\":\"Wenn Sie diese Felder durch einen Klick aktivieren, werden Informationen an Facebook, Twitter, Flattr, Xing, t3n, LinkedIn, Pinterest oder Google eventuell ins Ausland \\u00fcbertragen und unter Umst\\u00e4nden auch dort gespeichert. N\\u00e4heres erfahren Sie durch einen Klick auf das <em>i<\\\/em>.\",\"settings_perma\":\"Dauerhaft aktivieren und Daten\\u00fcber-tragung zustimmen:\",\"info_link\":\"http:\\\/\\\/www.heise.de\\\/ct\\\/artikel\\\/2-Klicks-fuer-mehr-Datenschutz-1333879.html\",\"uri\":\"https:\\\/\\\/blog.rwth-aachen.de\\\/itc\\\/2026\\\/02\\\/20\\\/karneval-2026-am-it-center\\\/\",\"post_id\":23745,\"post_title_referrer_track\":\"Karneval+2026+am+IT+Center\",\"display_infobox\":\"on\"});}});\n\/* ]]> *\/<\/script><\/div><p><div id=\"attachment_23746\" style=\"width: 310px\" class=\"wp-caption alignright\"><img loading=\"lazy\" decoding=\"async\" aria-describedby=\"caption-attachment-23746\" class=\"size-medium wp-image-23746\" src=\"https:\/\/blog.rwth-aachen.de\/itc\/files\/2026\/02\/image00004-300x224.jpeg\" alt=\"\" width=\"300\" height=\"224\" srcset=\"https:\/\/blog.rwth-aachen.de\/itc\/files\/2026\/02\/image00004-300x224.jpeg 300w, https:\/\/blog.rwth-aachen.de\/itc\/files\/2026\/02\/image00004-1024x766.jpeg 1024w, https:\/\/blog.rwth-aachen.de\/itc\/files\/2026\/02\/image00004-768x574.jpeg 768w, https:\/\/blog.rwth-aachen.de\/itc\/files\/2026\/02\/image00004-1536x1149.jpeg 1536w, https:\/\/blog.rwth-aachen.de\/itc\/files\/2026\/02\/image00004-2048x1531.jpeg 2048w\" sizes=\"auto, (max-width: 300px) 100vw, 300px\" \/><p id=\"caption-attachment-23746\" class=\"wp-caption-text\">Quelle: Eigene Darstellung<\/p><\/div><\/p>\n<p>Am IT Center wird nicht nur gearbeitet, hier wird auch gefeiert; und das mit voller Karnevalspracht! Auch in diesem Jahr lie\u00dfen es sich die Mitarbeitenden nicht nehmen, gemeinsam die f\u00fcnfte Jahreszeit zu zelebrieren.<\/p>\n<p>&nbsp;<\/p>\n<p><!--more--><\/p>\n<p>&nbsp;<\/p>\n<h3><span style=\"color: #00549f;\">Versammlung und Polonaise<\/span><\/h3>\n<p>Der Fettdonnerstag startete um 10:15 Uhr mit der Versammlung der Jecken des IT Centers im Seffenterweg 23. Das Motto in diesem Jahr: Kunterbunter Obstsalat \u2013 ob Erdbeere, Zitrone, Banane oder Ananas, es wird fruchtig! Bunte Kost\u00fcme, gute Laune und jede Menge Vorfreude erf\u00fcllten die R\u00e4ume. Im Anschluss fand die traditionelle Polonaise, die durch das Geb\u00e4ude zog, statt. Die fr\u00f6hliche Schlange aus feiernden Menschen, die einmal mehr zeigte, wie sch\u00f6n Zusammenhalt und Gemeinschaft ist, endete mit dem Brauch des Krawatte Abschneidens in der Leitungsebene des IT Centers. Ein Karnevalsritual, das f\u00fcr Spa\u00df und Schmunzeln bei allen Beteiligten sorgte. Danach machten sich die Mitarbeitenden gemeinsam auf den Weg ins C.A.R.L., wo alle RWTH-Angeh\u00f6rigen mit uns \u201eC.A.R.nevaL.\u201c feierten.<\/p>\n<div id=\"attachment_23748\" style=\"width: 227px\" class=\"wp-caption alignright\"><img loading=\"lazy\" decoding=\"async\" aria-describedby=\"caption-attachment-23748\" class=\"size-medium wp-image-23748\" src=\"https:\/\/blog.rwth-aachen.de\/itc\/files\/2026\/02\/image00002-217x300.jpeg\" alt=\"\" width=\"217\" height=\"300\" srcset=\"https:\/\/blog.rwth-aachen.de\/itc\/files\/2026\/02\/image00002-217x300.jpeg 217w, https:\/\/blog.rwth-aachen.de\/itc\/files\/2026\/02\/image00002-742x1024.jpeg 742w, https:\/\/blog.rwth-aachen.de\/itc\/files\/2026\/02\/image00002-768x1060.jpeg 768w, https:\/\/blog.rwth-aachen.de\/itc\/files\/2026\/02\/image00002-1113x1536.jpeg 1113w, https:\/\/blog.rwth-aachen.de\/itc\/files\/2026\/02\/image00002.jpeg 1206w\" sizes=\"auto, (max-width: 217px) 100vw, 217px\" \/><p id=\"caption-attachment-23748\" class=\"wp-caption-text\">Quelle: Eigene Darstellung<\/p><\/div>\n<p>&nbsp;<\/p>\n<h3><span style=\"color: #00549f;\">Das Programm<\/span><\/h3>\n<p>Ab 11 Uhr begann der Einlass mit Musik, die sofort f\u00fcr gute Laune sorgte. Um 12 Uhr \u00fcbergab <a href=\"https:\/\/www.rwth-aachen.de\/cms\/root\/wir\/einrichtungen\/rektorat\/~cbpy\/univ-prof-dr-rer-nat-dr-hc-mult-u\/?allou=1\">Rektor Prof. Dr. Ulrich R\u00fcdiger<\/a> feierlich den Schl\u00fcssel des Hauses, bevor um 12:30 Uhr die Band \u201eDeschaw\u00fc\u201c auftrat und mit ihren Karnevalshits f\u00fcr ausgelassene Stimmung sorgte.<\/p>\n<p>H\u00f6hepunkt war der Besuch seiner Tollit\u00e4t Prinz Lukas I um 13 Uhr. Mit Humor, Tanz und viel Herzlichkeit brachte er die Jecken zum Lachen und verlieh dem Event einen ganz besonderen Glanz. Anschlie\u00dfend sorgte DJ daCream mit Tanzmusik daf\u00fcr, dass die Feier bis in den Abend weiterging.<\/p>\n<p>&nbsp;<\/p>\n<h3><span style=\"color: #00549f;\">Zusammenhalt und Gemeinschaft<\/span><\/h3>\n<div id=\"attachment_23755\" style=\"width: 310px\" class=\"wp-caption alignright\"><img loading=\"lazy\" decoding=\"async\" aria-describedby=\"caption-attachment-23755\" class=\"size-medium wp-image-23755\" src=\"https:\/\/blog.rwth-aachen.de\/itc\/files\/2026\/02\/image00003-300x279.jpeg\" alt=\"\" width=\"300\" height=\"279\" srcset=\"https:\/\/blog.rwth-aachen.de\/itc\/files\/2026\/02\/image00003-300x279.jpeg 300w, https:\/\/blog.rwth-aachen.de\/itc\/files\/2026\/02\/image00003-1024x953.jpeg 1024w, https:\/\/blog.rwth-aachen.de\/itc\/files\/2026\/02\/image00003-768x715.jpeg 768w, https:\/\/blog.rwth-aachen.de\/itc\/files\/2026\/02\/image00003.jpeg 1205w\" sizes=\"auto, (max-width: 300px) 100vw, 300px\" \/><p id=\"caption-attachment-23755\" class=\"wp-caption-text\">Quelle: Eigene Darstellung<\/p><\/div>\n<p>Karneval am IT Center ist mehr als nur ein Fest; es ist ein Zeichen f\u00fcr den Zusammenhalt im Team. Veranstaltungen wie diese st\u00e4rken die Verbundenheit zwischen Mitarbeitenden, bringen Kolleginnen und Kollegen aus allen Bereichen zusammen und schaffen Momente, die \u00fcber den Arbeitsalltag hinausgehen.<\/p>\n<p>Von der bunten Polonaise \u00fcber den Auftritt der Band bis hin zur Feier \u2013 Karneval am IT Center ist ein voller Erfolg. Es wurde gemeinsam gelacht, getanzt und das bunte Treiben genossen. Alles in allem war es wieder eine rundum gelungene Karnevalsfeier.<\/p>\n<p>Wir freuen uns schon jetzt auf die n\u00e4chste Karnevalsfeier und danken dem Veranstaltungsteam der RWTH f\u00fcr dieses tolle Fest!<\/p>\n<p>&nbsp;<\/p>\n<hr \/>\n<p>Verantwortlich f\u00fcr die Inhalte dieses Beitrags ist <a href=\"https:\/\/www.itc.rwth-aachen.de\/cms\/it-center\/it-center\/profil\/team\/~epvp\/mitarbeiter-pvz-\/?gguid=PER-FSX9U9J&amp;allou=1\">Malak Mostafa<\/a>.<\/p>","protected":false},"excerpt":{"rendered":"<p>Am IT Center wird nicht nur gearbeitet, hier wird auch gefeiert; und das mit voller Karnevalspracht! Auch in diesem Jahr lie\u00dfen es sich die Mitarbeitenden nicht nehmen, gemeinsam die f\u00fcnfte [&hellip;]<\/p>\n","protected":false},"author":5003,"featured_media":23746,"comment_status":"open","ping_status":"closed","sticky":false,"template":"","format":"standard","meta":{"c2c_always_allow_admin_comments":false,"footnotes":""},"categories":[308,311,312,305],"tags":[1576,1278,282,1277,1017],"class_list":["post-23745","post","type-post","status-publish","format-standard","has-post-thumbnail","hentry","category-events-jubilaen-erfolge","category-fun-facts","category-insight-it-center","category-themen","tag-c-a-r-l","tag-feier","tag-karneval","tag-karnevalssaison","tag-party"],"aioseo_notices":[],"_links":{"self":[{"href":"https:\/\/blog.rwth-aachen.de\/itc\/wp-json\/wp\/v2\/posts\/23745","targetHints":{"allow":["GET"]}}],"collection":[{"href":"https:\/\/blog.rwth-aachen.de\/itc\/wp-json\/wp\/v2\/posts"}],"about":[{"href":"https:\/\/blog.rwth-aachen.de\/itc\/wp-json\/wp\/v2\/types\/post"}],"author":[{"embeddable":true,"href":"https:\/\/blog.rwth-aachen.de\/itc\/wp-json\/wp\/v2\/users\/5003"}],"replies":[{"embeddable":true,"href":"https:\/\/blog.rwth-aachen.de\/itc\/wp-json\/wp\/v2\/comments?post=23745"}],"version-history":[{"count":13,"href":"https:\/\/blog.rwth-aachen.de\/itc\/wp-json\/wp\/v2\/posts\/23745\/revisions"}],"predecessor-version":[{"id":23766,"href":"https:\/\/blog.rwth-aachen.de\/itc\/wp-json\/wp\/v2\/posts\/23745\/revisions\/23766"}],"wp:featuredmedia":[{"embeddable":true,"href":"https:\/\/blog.rwth-aachen.de\/itc\/wp-json\/wp\/v2\/media\/23746"}],"wp:attachment":[{"href":"https:\/\/blog.rwth-aachen.de\/itc\/wp-json\/wp\/v2\/media?parent=23745"}],"wp:term":[{"taxonomy":"category","embeddable":true,"href":"https:\/\/blog.rwth-aachen.de\/itc\/wp-json\/wp\/v2\/categories?post=23745"},{"taxonomy":"post_tag","embeddable":true,"href":"https:\/\/blog.rwth-aachen.de\/itc\/wp-json\/wp\/v2\/tags?post=23745"}],"curies":[{"name":"wp","href":"https:\/\/api.w.org\/{rel}","templated":true}]}}