{"id":24735,"date":"2026-08-31T11:00:44","date_gmt":"2026-08-31T09:00:44","guid":{"rendered":"https:\/\/blog.rwth-aachen.de\/itc\/?p=24735"},"modified":"2026-08-31T08:14:12","modified_gmt":"2026-08-31T06:14:12","slug":"kube3-projektvorstellung","status":"publish","type":"post","link":"https:\/\/blog.rwth-aachen.de\/itc\/2026\/08\/31\/kube3-projektvorstellung\/","title":{"rendered":"Kube3: L\u00e4nder\u00fcbergreifende Kubernetes-Infrastruktur f\u00fcr Hochschulen"},"content":{"rendered":"<div class=\"twoclick_social_bookmarks_post_24735 social_share_privacy clearfix 1.6.4 locale-de_DE sprite-de_DE\"><\/div><div class=\"twoclick-js\"><script type=\"text\/javascript\">\/* <![CDATA[ *\/\njQuery(document).ready(function($){if($('.twoclick_social_bookmarks_post_24735')){$('.twoclick_social_bookmarks_post_24735').socialSharePrivacy({\"txt_help\":\"Wenn Sie diese Felder durch einen Klick aktivieren, werden Informationen an Facebook, Twitter, Flattr, Xing, t3n, LinkedIn, Pinterest oder Google eventuell ins Ausland \\u00fcbertragen und unter Umst\\u00e4nden auch dort gespeichert. N\\u00e4heres erfahren Sie durch einen Klick auf das <em>i<\\\/em>.\",\"settings_perma\":\"Dauerhaft aktivieren und Daten\\u00fcber-tragung zustimmen:\",\"info_link\":\"http:\\\/\\\/www.heise.de\\\/ct\\\/artikel\\\/2-Klicks-fuer-mehr-Datenschutz-1333879.html\",\"uri\":\"https:\\\/\\\/blog.rwth-aachen.de\\\/itc\\\/2026\\\/08\\\/31\\\/kube3-projektvorstellung\\\/\",\"post_id\":24735,\"post_title_referrer_track\":\"Kube3%3A+L%C3%A4nder%C3%BCbergreifende+Kubernetes-Infrastruktur+f%C3%BCr+Hochschulen\",\"display_infobox\":\"on\"});}});\n\/* ]]> *\/<\/script><\/div><p><div id=\"attachment_24771\" style=\"width: 310px\" class=\"wp-caption alignright\"><img loading=\"lazy\" decoding=\"async\" aria-describedby=\"caption-attachment-24771\" class=\"size-medium wp-image-24771\" src=\"https:\/\/blog.rwth-aachen.de\/itc\/files\/2026\/08\/Kube3_20260709_OM_Blog-300x200.jpg\" alt=\"Ein abstraktes K, der senkrechte Strich besteht aus Quadraten, darunter steht &quot;Kube3&quot;.\" width=\"300\" height=\"200\" srcset=\"https:\/\/blog.rwth-aachen.de\/itc\/files\/2026\/08\/Kube3_20260709_OM_Blog-300x200.jpg 300w, https:\/\/blog.rwth-aachen.de\/itc\/files\/2026\/08\/Kube3_20260709_OM_Blog-1024x683.jpg 1024w, https:\/\/blog.rwth-aachen.de\/itc\/files\/2026\/08\/Kube3_20260709_OM_Blog-768x512.jpg 768w, https:\/\/blog.rwth-aachen.de\/itc\/files\/2026\/08\/Kube3_20260709_OM_Blog-1536x1024.jpg 1536w, https:\/\/blog.rwth-aachen.de\/itc\/files\/2026\/08\/Kube3_20260709_OM_Blog-2048x1365.jpg 2048w\" sizes=\"auto, (max-width: 300px) 100vw, 300px\" \/><p id=\"caption-attachment-24771\" class=\"wp-caption-text\">Quelle: Eigene Darstellung<\/p><\/div><\/p>\n<p>Wie k\u00f6nnen Hochschulen moderne Cloud-Dienste gemeinsam entwickeln und gleichzeitig ihre digitale Souver\u00e4nit\u00e4t bewahren? Genau hier setzt die Kooperation Kube3 an. Hochschulen und Forschungseinrichtungen aus Baden-W\u00fcrttemberg, Bayern und Nordrhein-Westfalen (NRW) arbeiten gemeinsam daran, eine l\u00e4nder\u00fcbergreifende Kubernetes-as-a-Service (KaaS)-Infrastruktur aufzubauen. Ziel ist es, gemeinsame Standards und zukunftsf\u00e4hige L\u00f6sungen zu entwickeln, die langfristig von allen beteiligten Einrichtungen genutzt werden k\u00f6nnen. Der NRW-Teil der Kube3-F\u00f6deration l\u00e4uft zun\u00e4chst bis zum Fr\u00fchjahr 2028.<\/p>\n<p>&nbsp;<\/p>\n<p><!--more--><\/p>\n<h3><span style=\"color: #00549f;\">Kubernetes oder KaaS: Was ist der Unterschied?<\/span><\/h3>\n<p>Kubernetes ist eine Open-Source-Plattform zur Orchestrierung von Containern. Sie automatisiert unter anderem die Bereitstellung, Skalierung und Verwaltung containerisierter Anwendungen. Wer Kubernetes selbst betreibt, ist jedoch auch f\u00fcr Installation, Konfiguration, Netzwerk, Updates und Wartung verantwortlich.<\/p>\n<p>Kubernetes-as-a-Service (KaaS) stellt Kubernetes hingegen als verwalteten Dienst bereit. Der Betrieb, die Wartung sowie Themen wie Sicherheit und Hochverf\u00fcgbarkeit werden vom Provider \u00fcbernommen. Dadurch k\u00f6nnen Nutzende Kubernetes verwenden, ohne sich um die zugrunde liegende Infrastruktur k\u00fcmmern zu m\u00fcssen. Die einzelnen Kubernetes-Cluster sind dabei voneinander getrennt und mandantenf\u00e4hig, sodass Daten und Ressourcen anderer Nutzender gesch\u00fctzt bleiben.<\/p>\n<p>&nbsp;<\/p>\n<h3><span style=\"color: #00549f;\">Gemeinsame Infrastruktur f\u00fcr mehr digitale Souver\u00e4nit\u00e4t<\/span><\/h3>\n<p>Das Ziel von Kube3 ist es, einheitliche Blaupausen f\u00fcr cloud-basierte Infrastrukturen zu schaffen und diese l\u00e4nder\u00fcbergreifend zu erproben. Die entstandenen L\u00f6sungen sollen unmittelbar einsetzbar sein und gleichzeitig gen\u00fcgend Flexibilit\u00e4t bieten, um individuelle Anforderungen der einzelnen Hochschulen abzudecken.<\/p>\n<p>Durch die enge Zusammenarbeit entstehen gemeinsame Standards, Workflows und Best Practices. Gleichzeitig st\u00e4rkt das Projekt die digitale Souver\u00e4nit\u00e4t der Hochschulen, da die Datenhoheit erhalten bleibt und offene Technologien eingesetzt werden. Dar\u00fcber hinaus erh\u00f6ht die Zusammenarbeit die Resilienz der Infrastruktur, da Komponenten und Konzepte zwischen den Standorten ausgetauscht und gemeinsam weiterentwickelt werden k\u00f6nnen.<\/p>\n<p>&nbsp;<\/p>\n<h3><span style=\"color: #00549f;\">Von der Infrastruktur bis zum produktiven Einsatz<\/span><\/h3>\n<p>Kube3 gliedert sich in zwei Handlungsfelder. Zun\u00e4chst werden die technischen Grundlagen f\u00fcr eine gemeinsame KaaS-Infrastruktur geschaffen und Infrastrukturen an mehreren Standorten aufgebaut. Anschlie\u00dfend werden diese, hinsichtlich ihrer Einsatzzwecke und Skalierungseigenschaften, mithilfe konkreter Dienste in den beteiligten Bundesl\u00e4ndern erprobt und kontinuierlich weiterentwickelt.<\/p>\n<p>In NRW stehen dabei insbesondere Anwendungen wie Coscine.nrw, git.nrw, KI:Connect und JupyterHub.nrw im Fokus. K\u00fcnftig sollen auch Dienste aus der Nationalen Forschungsdateninfrastruktur (NFDI), dem Nationalen Hochleistungsrechnen (NHR) sowie weitere zentrale Angebote die gemeinsame Infrastruktur nutzen k\u00f6nnen.<\/p>\n<p>W\u00e4hrend der Projektlaufzeit soll es auch die M\u00f6glichkeit geben, die KaaS-Ebene f\u00fcr weitere Einrichtungen innerhalb der Kooperation zu \u00f6ffnen und damit f\u00f6deriertes Arbeiten \u00fcber L\u00e4ndergrenzen hinweg zu erm\u00f6glichen.<\/p>\n<p>&nbsp;<\/p>\n<h3><span style=\"color: #00549f;\">Offene Standards als gemeinsames Fundament<\/span><\/h3>\n<p>Ein zentraler Baustein von Kube3 ist die Standardisierung. Als technologische Grundlage orientiert sich das Projekt am Sovereign Cloud Stack (SCS), einer europ\u00e4ischen Initiative f\u00fcr offene Cloud- und Containerstandards. Ziel ist es, transparente und kompatible Infrastrukturen zu schaffen, bei denen Datenschutz, Datenintegrit\u00e4t und Datenhoheit innerhalb Europas gew\u00e4hrleistet bleiben.<\/p>\n<p>&nbsp;<\/p>\n<h3><span style=\"color: #00549f;\">Beteiligte Einrichtungen<\/span><\/h3>\n<p>Insgesamt beteiligen sich acht Hochschulen und Forschungseinrichtungen an Kube3:<\/p>\n<ul>\n<li><strong>Baden-W\u00fcrttemberg:<\/strong> Karlsruher Institut f\u00fcr Technologie (KIT), Universit\u00e4t Heidelberg und Universit\u00e4t T\u00fcbingen<\/li>\n<li><strong>Bayern:<\/strong> Leibniz-Rechenzentrum (LRZ) und Universit\u00e4t Bamberg<\/li>\n<li><strong>Nordrhein-Westfalen:<\/strong> RWTH Aachen, Universit\u00e4t M\u00fcnster und Universit\u00e4t zu K\u00f6ln<\/li>\n<\/ul>\n<p>&nbsp;<\/p>\n<h3><span style=\"color: #00549f;\">Zusammenarbeit \u00fcber L\u00e4ndergrenzen hinweg<\/span><\/h3>\n<p>Ein wichtiger Bestandteil des Projekts ist der regelm\u00e4\u00dfige Austausch zwischen den Partnern. Im Mai 2026 traf sich die Projektgruppe der Kube3-Kooperation f\u00fcr zwei Tage beim KIT in Karlsruhe, um die Grundlagen der Zusammenarbeit festzulegen und die gemeinsame Vision weiterzuentwickeln.\u00a0Um den Projektfortschritt kontinuierlich voranzutreiben, finden k\u00fcnftig viertelj\u00e4hrliche Online-Treffen sowie halbj\u00e4hrliche Pr\u00e4senztreffen statt.<\/p>\n<p>Alle weiteren Informationen zu Kube3 findet ihr auf der <a href=\"http:\/\/www.kube3.de\">Kube3-Webseite.<\/a><\/p>\n<p>&nbsp;<\/p>\n<hr \/>\n<p>&nbsp;<\/p>\n<p>Verantwortlich f\u00fcr die Inhalte dieses Beitrags ist <a href=\"https:\/\/www.itc.rwth-aachen.de\/cms\/it-center\/it-center\/profil\/team\/~epvp\/mitarbeiter-pvz-\/?gguid=PER-QNL6YXJ&amp;allou=1\">Hannah Loock<\/a>.<\/p>","protected":false},"excerpt":{"rendered":"<p>Wie k\u00f6nnen Hochschulen moderne Cloud-Dienste gemeinsam entwickeln und gleichzeitig ihre digitale Souver\u00e4nit\u00e4t bewahren? Genau hier setzt die Kooperation Kube3 an. Hochschulen und Forschungseinrichtungen aus Baden-W\u00fcrttemberg, Bayern und Nordrhein-Westfalen (NRW) arbeiten [&hellip;]<\/p>\n","protected":false},"author":6500,"featured_media":24771,"comment_status":"open","ping_status":"closed","sticky":false,"template":"","format":"standard","meta":{"c2c_always_allow_admin_comments":false,"footnotes":""},"categories":[306,316,315,310],"tags":[1625,1622,1623,1624,56],"class_list":["post-24735","post","type-post","status-publish","format-standard","has-post-thumbnail","hentry","category-ankuendigungen","category-projekte-kooperationen","category-services-support","category-studium-lehre","tag-kaas","tag-kube3","tag-kubernetes","tag-kubernetes-as-a-service","tag-projekt"],"aioseo_notices":[],"aioseo_head":"\n\t\t<!-- All in One SEO 4.9.8 - aioseo.com -->\n\t<meta name=\"description\" content=\"Kube3 entwickelt eine l\u00e4nder\u00fcbergreifende Kubernetes-as-a-Service-Infrastruktur und st\u00e4rkt digitale Souver\u00e4nit\u00e4t, Standards und resiliente Cloud-L\u00f6sungen.\" \/>\n\t<meta name=\"robots\" content=\"max-image-preview:large\" \/>\n\t<meta name=\"author\" content=\"Hannah Loock\"\/>\n\t<meta name=\"keywords\" content=\"kaas,kube3,kubernetes,kubernetes-as-a-service,projekt,ank\u00fcndigungen,projekte &amp; kooperationen,services &amp; support,studium &amp; lehre\" \/>\n\t<link rel=\"canonical\" href=\"https:\/\/blog.rwth-aachen.de\/itc\/2026\/08\/31\/kube3-projektvorstellung\/\" \/>\n\t<meta name=\"generator\" content=\"All in One SEO (AIOSEO) 4.9.8\" \/>\n\t\t<meta property=\"og:locale\" content=\"de_DE\" \/>\n\t\t<meta property=\"og:site_name\" content=\"IT Center Blog \u2022\" \/>\n\t\t<meta property=\"og:type\" content=\"article\" \/>\n\t\t<meta property=\"og:title\" content=\"Kube3: L\u00e4nder\u00fcbergreifende Kubernetes-Infrastruktur f\u00fcr Hochschulen\" \/>\n\t\t<meta property=\"og:description\" content=\"Kube3 entwickelt eine l\u00e4nder\u00fcbergreifende Kubernetes-as-a-Service-Infrastruktur und st\u00e4rkt digitale Souver\u00e4nit\u00e4t, Standards und resiliente Cloud-L\u00f6sungen.\" \/>\n\t\t<meta property=\"og:url\" content=\"https:\/\/blog.rwth-aachen.de\/itc\/2026\/08\/31\/kube3-projektvorstellung\/\" \/>\n\t\t<meta property=\"article:published_time\" content=\"2026-08-31T09:00:44+00:00\" \/>\n\t\t<meta property=\"article:modified_time\" content=\"2026-08-31T06:14:12+00:00\" \/>\n\t\t<meta property=\"article:publisher\" content=\"https:\/\/www.facebook.com\/itcenterrwth\" \/>\n\t\t<meta name=\"twitter:card\" content=\"summary\" \/>\n\t\t<meta name=\"twitter:site\" content=\"@ITCenterRWTH\" \/>\n\t\t<meta name=\"twitter:title\" content=\"Kube3: L\u00e4nder\u00fcbergreifende Kubernetes-Infrastruktur f\u00fcr Hochschulen\" \/>\n\t\t<meta name=\"twitter:description\" content=\"Kube3 entwickelt eine l\u00e4nder\u00fcbergreifende Kubernetes-as-a-Service-Infrastruktur und st\u00e4rkt digitale Souver\u00e4nit\u00e4t, Standards und resiliente Cloud-L\u00f6sungen.\" \/>\n\t\t<meta name=\"twitter:creator\" content=\"@ITCenterRWTH\" \/>\n\t\t<script type=\"application\/ld+json\" class=\"aioseo-schema\">\n\t\t\t{\"@context\":\"https:\\\/\\\/schema.org\",\"@graph\":[{\"@type\":\"BlogPosting\",\"@id\":\"https:\\\/\\\/blog.rwth-aachen.de\\\/itc\\\/2026\\\/08\\\/31\\\/kube3-projektvorstellung\\\/#blogposting\",\"name\":\"Kube3: L\\u00e4nder\\u00fcbergreifende Kubernetes-Infrastruktur f\\u00fcr Hochschulen\",\"headline\":\"Kube3: L\\u00e4nder\\u00fcbergreifende Kubernetes-Infrastruktur f\\u00fcr Hochschulen\",\"author\":{\"@id\":\"https:\\\/\\\/blog.rwth-aachen.de\\\/itc\\\/author\\\/6500\\\/#author\"},\"publisher\":{\"@id\":\"https:\\\/\\\/blog.rwth-aachen.de\\\/itc\\\/#organization\"},\"image\":{\"@type\":\"ImageObject\",\"url\":\"https:\\\/\\\/blog.rwth-aachen.de\\\/itc\\\/files\\\/2026\\\/08\\\/Kube3_20260709_OM_Blog-scaled.jpg\",\"width\":2560,\"height\":1706,\"caption\":\"Quelle: Eigene Darstellung\"},\"datePublished\":\"2026-08-31T11:00:44+02:00\",\"dateModified\":\"2026-08-31T08:14:12+02:00\",\"inLanguage\":\"de-DE\",\"mainEntityOfPage\":{\"@id\":\"https:\\\/\\\/blog.rwth-aachen.de\\\/itc\\\/2026\\\/08\\\/31\\\/kube3-projektvorstellung\\\/#webpage\"},\"isPartOf\":{\"@id\":\"https:\\\/\\\/blog.rwth-aachen.de\\\/itc\\\/2026\\\/08\\\/31\\\/kube3-projektvorstellung\\\/#webpage\"},\"articleSection\":\"Ank\\u00fcndigungen, Projekte &amp; Kooperationen, Services &amp; Support, Studium &amp; Lehre, KaaS, Kube3, Kubernetes, Kubernetes-as-a-Service, Projekt\"},{\"@type\":\"BreadcrumbList\",\"@id\":\"https:\\\/\\\/blog.rwth-aachen.de\\\/itc\\\/2026\\\/08\\\/31\\\/kube3-projektvorstellung\\\/#breadcrumblist\",\"itemListElement\":[{\"@type\":\"ListItem\",\"@id\":\"https:\\\/\\\/blog.rwth-aachen.de\\\/itc#listItem\",\"position\":1,\"name\":\"Home\",\"item\":\"https:\\\/\\\/blog.rwth-aachen.de\\\/itc\",\"nextItem\":{\"@type\":\"ListItem\",\"@id\":\"https:\\\/\\\/blog.rwth-aachen.de\\\/itc\\\/category\\\/themen\\\/#listItem\",\"name\":\"Themen\"}},{\"@type\":\"ListItem\",\"@id\":\"https:\\\/\\\/blog.rwth-aachen.de\\\/itc\\\/category\\\/themen\\\/#listItem\",\"position\":2,\"name\":\"Themen\",\"item\":\"https:\\\/\\\/blog.rwth-aachen.de\\\/itc\\\/category\\\/themen\\\/\",\"nextItem\":{\"@type\":\"ListItem\",\"@id\":\"https:\\\/\\\/blog.rwth-aachen.de\\\/itc\\\/category\\\/themen\\\/ankuendigungen\\\/#listItem\",\"name\":\"Ank\\u00fcndigungen\"},\"previousItem\":{\"@type\":\"ListItem\",\"@id\":\"https:\\\/\\\/blog.rwth-aachen.de\\\/itc#listItem\",\"name\":\"Home\"}},{\"@type\":\"ListItem\",\"@id\":\"https:\\\/\\\/blog.rwth-aachen.de\\\/itc\\\/category\\\/themen\\\/ankuendigungen\\\/#listItem\",\"position\":3,\"name\":\"Ank\\u00fcndigungen\",\"item\":\"https:\\\/\\\/blog.rwth-aachen.de\\\/itc\\\/category\\\/themen\\\/ankuendigungen\\\/\",\"nextItem\":{\"@type\":\"ListItem\",\"@id\":\"https:\\\/\\\/blog.rwth-aachen.de\\\/itc\\\/2026\\\/08\\\/31\\\/kube3-projektvorstellung\\\/#listItem\",\"name\":\"Kube3: L\\u00e4nder\\u00fcbergreifende Kubernetes-Infrastruktur f\\u00fcr Hochschulen\"},\"previousItem\":{\"@type\":\"ListItem\",\"@id\":\"https:\\\/\\\/blog.rwth-aachen.de\\\/itc\\\/category\\\/themen\\\/#listItem\",\"name\":\"Themen\"}},{\"@type\":\"ListItem\",\"@id\":\"https:\\\/\\\/blog.rwth-aachen.de\\\/itc\\\/2026\\\/08\\\/31\\\/kube3-projektvorstellung\\\/#listItem\",\"position\":4,\"name\":\"Kube3: L\\u00e4nder\\u00fcbergreifende Kubernetes-Infrastruktur f\\u00fcr Hochschulen\",\"previousItem\":{\"@type\":\"ListItem\",\"@id\":\"https:\\\/\\\/blog.rwth-aachen.de\\\/itc\\\/category\\\/themen\\\/ankuendigungen\\\/#listItem\",\"name\":\"Ank\\u00fcndigungen\"}}]},{\"@type\":\"Organization\",\"@id\":\"https:\\\/\\\/blog.rwth-aachen.de\\\/itc\\\/#organization\",\"name\":\"IT Center RWTH Aachen University\",\"url\":\"https:\\\/\\\/blog.rwth-aachen.de\\\/itc\\\/\",\"logo\":{\"@type\":\"ImageObject\",\"url\":\"https:\\\/\\\/blog.rwth-aachen.de\\\/itc\\\/files\\\/2018\\\/09\\\/IT-Center-Logo.png\",\"@id\":\"https:\\\/\\\/blog.rwth-aachen.de\\\/itc\\\/2026\\\/08\\\/31\\\/kube3-projektvorstellung\\\/#organizationLogo\",\"width\":1312,\"height\":378,\"caption\":\"IT Center Logo\"},\"image\":{\"@id\":\"https:\\\/\\\/blog.rwth-aachen.de\\\/itc\\\/2026\\\/08\\\/31\\\/kube3-projektvorstellung\\\/#organizationLogo\"},\"sameAs\":[\"https:\\\/\\\/www.facebook.com\\\/itcenterrwth\",\"https:\\\/\\\/twitter.com\\\/ITCenterRWTH\",\"https:\\\/\\\/www.youtube.com\\\/c\\\/itcenterrwthaachen\",\"https:\\\/\\\/www.linkedin.com\\\/company\\\/itcenterrwth\"]},{\"@type\":\"Person\",\"@id\":\"https:\\\/\\\/blog.rwth-aachen.de\\\/itc\\\/author\\\/6500\\\/#author\",\"url\":\"https:\\\/\\\/blog.rwth-aachen.de\\\/itc\\\/author\\\/6500\\\/\",\"name\":\"Hannah Loock\",\"image\":{\"@type\":\"ImageObject\",\"@id\":\"https:\\\/\\\/blog.rwth-aachen.de\\\/itc\\\/2026\\\/08\\\/31\\\/kube3-projektvorstellung\\\/#authorImage\",\"url\":\"https:\\\/\\\/secure.gravatar.com\\\/avatar\\\/0f060d671fc63fc093dbd2e4533b0894903ffd97f85483319fee49f2065c682f?s=96&d=blank&r=g\",\"width\":96,\"height\":96,\"caption\":\"Hannah Loock\"}},{\"@type\":\"WebPage\",\"@id\":\"https:\\\/\\\/blog.rwth-aachen.de\\\/itc\\\/2026\\\/08\\\/31\\\/kube3-projektvorstellung\\\/#webpage\",\"url\":\"https:\\\/\\\/blog.rwth-aachen.de\\\/itc\\\/2026\\\/08\\\/31\\\/kube3-projektvorstellung\\\/\",\"name\":\"Kube3: L\\u00e4nder\\u00fcbergreifende Kubernetes-Infrastruktur f\\u00fcr Hochschulen\",\"description\":\"Kube3 entwickelt eine l\\u00e4nder\\u00fcbergreifende Kubernetes-as-a-Service-Infrastruktur und st\\u00e4rkt digitale Souver\\u00e4nit\\u00e4t, Standards und resiliente Cloud-L\\u00f6sungen.\",\"inLanguage\":\"de-DE\",\"isPartOf\":{\"@id\":\"https:\\\/\\\/blog.rwth-aachen.de\\\/itc\\\/#website\"},\"breadcrumb\":{\"@id\":\"https:\\\/\\\/blog.rwth-aachen.de\\\/itc\\\/2026\\\/08\\\/31\\\/kube3-projektvorstellung\\\/#breadcrumblist\"},\"author\":{\"@id\":\"https:\\\/\\\/blog.rwth-aachen.de\\\/itc\\\/author\\\/6500\\\/#author\"},\"creator\":{\"@id\":\"https:\\\/\\\/blog.rwth-aachen.de\\\/itc\\\/author\\\/6500\\\/#author\"},\"image\":{\"@type\":\"ImageObject\",\"url\":\"https:\\\/\\\/blog.rwth-aachen.de\\\/itc\\\/files\\\/2026\\\/08\\\/Kube3_20260709_OM_Blog-scaled.jpg\",\"@id\":\"https:\\\/\\\/blog.rwth-aachen.de\\\/itc\\\/2026\\\/08\\\/31\\\/kube3-projektvorstellung\\\/#mainImage\",\"width\":2560,\"height\":1706,\"caption\":\"Quelle: Eigene Darstellung\"},\"primaryImageOfPage\":{\"@id\":\"https:\\\/\\\/blog.rwth-aachen.de\\\/itc\\\/2026\\\/08\\\/31\\\/kube3-projektvorstellung\\\/#mainImage\"},\"datePublished\":\"2026-08-31T11:00:44+02:00\",\"dateModified\":\"2026-08-31T08:14:12+02:00\"},{\"@type\":\"WebSite\",\"@id\":\"https:\\\/\\\/blog.rwth-aachen.de\\\/itc\\\/#website\",\"url\":\"https:\\\/\\\/blog.rwth-aachen.de\\\/itc\\\/\",\"name\":\"IT Center Blog\",\"inLanguage\":\"de-DE\",\"publisher\":{\"@id\":\"https:\\\/\\\/blog.rwth-aachen.de\\\/itc\\\/#organization\"}}]}\n\t\t<\/script>\n\t\t<!-- All in One SEO -->\n\n","aioseo_head_json":{"title":"Kube3: L\u00e4nder\u00fcbergreifende Kubernetes-Infrastruktur f\u00fcr Hochschulen","description":"Kube3 entwickelt eine l\u00e4nder\u00fcbergreifende Kubernetes-as-a-Service-Infrastruktur und st\u00e4rkt digitale Souver\u00e4nit\u00e4t, Standards und resiliente Cloud-L\u00f6sungen.","canonical_url":"https:\/\/blog.rwth-aachen.de\/itc\/2026\/08\/31\/kube3-projektvorstellung\/","robots":"max-image-preview:large","keywords":"kaas,kube3,kubernetes,kubernetes-as-a-service,projekt,ank\u00fcndigungen,projekte &amp; kooperationen,services &amp; support,studium &amp; lehre","webmasterTools":{"miscellaneous":""},"schema":{"@context":"https:\/\/schema.org","@graph":[{"@type":"BlogPosting","@id":"https:\/\/blog.rwth-aachen.de\/itc\/2026\/08\/31\/kube3-projektvorstellung\/#blogposting","name":"Kube3: L\u00e4nder\u00fcbergreifende Kubernetes-Infrastruktur f\u00fcr Hochschulen","headline":"Kube3: L\u00e4nder\u00fcbergreifende Kubernetes-Infrastruktur f\u00fcr Hochschulen","author":{"@id":"https:\/\/blog.rwth-aachen.de\/itc\/author\/6500\/#author"},"publisher":{"@id":"https:\/\/blog.rwth-aachen.de\/itc\/#organization"},"image":{"@type":"ImageObject","url":"https:\/\/blog.rwth-aachen.de\/itc\/files\/2026\/08\/Kube3_20260709_OM_Blog-scaled.jpg","width":2560,"height":1706,"caption":"Quelle: Eigene Darstellung"},"datePublished":"2026-08-31T11:00:44+02:00","dateModified":"2026-08-31T08:14:12+02:00","inLanguage":"de-DE","mainEntityOfPage":{"@id":"https:\/\/blog.rwth-aachen.de\/itc\/2026\/08\/31\/kube3-projektvorstellung\/#webpage"},"isPartOf":{"@id":"https:\/\/blog.rwth-aachen.de\/itc\/2026\/08\/31\/kube3-projektvorstellung\/#webpage"},"articleSection":"Ank\u00fcndigungen, Projekte &amp; Kooperationen, Services &amp; Support, Studium &amp; Lehre, KaaS, Kube3, Kubernetes, Kubernetes-as-a-Service, Projekt"},{"@type":"BreadcrumbList","@id":"https:\/\/blog.rwth-aachen.de\/itc\/2026\/08\/31\/kube3-projektvorstellung\/#breadcrumblist","itemListElement":[{"@type":"ListItem","@id":"https:\/\/blog.rwth-aachen.de\/itc#listItem","position":1,"name":"Home","item":"https:\/\/blog.rwth-aachen.de\/itc","nextItem":{"@type":"ListItem","@id":"https:\/\/blog.rwth-aachen.de\/itc\/category\/themen\/#listItem","name":"Themen"}},{"@type":"ListItem","@id":"https:\/\/blog.rwth-aachen.de\/itc\/category\/themen\/#listItem","position":2,"name":"Themen","item":"https:\/\/blog.rwth-aachen.de\/itc\/category\/themen\/","nextItem":{"@type":"ListItem","@id":"https:\/\/blog.rwth-aachen.de\/itc\/category\/themen\/ankuendigungen\/#listItem","name":"Ank\u00fcndigungen"},"previousItem":{"@type":"ListItem","@id":"https:\/\/blog.rwth-aachen.de\/itc#listItem","name":"Home"}},{"@type":"ListItem","@id":"https:\/\/blog.rwth-aachen.de\/itc\/category\/themen\/ankuendigungen\/#listItem","position":3,"name":"Ank\u00fcndigungen","item":"https:\/\/blog.rwth-aachen.de\/itc\/category\/themen\/ankuendigungen\/","nextItem":{"@type":"ListItem","@id":"https:\/\/blog.rwth-aachen.de\/itc\/2026\/08\/31\/kube3-projektvorstellung\/#listItem","name":"Kube3: L\u00e4nder\u00fcbergreifende Kubernetes-Infrastruktur f\u00fcr Hochschulen"},"previousItem":{"@type":"ListItem","@id":"https:\/\/blog.rwth-aachen.de\/itc\/category\/themen\/#listItem","name":"Themen"}},{"@type":"ListItem","@id":"https:\/\/blog.rwth-aachen.de\/itc\/2026\/08\/31\/kube3-projektvorstellung\/#listItem","position":4,"name":"Kube3: L\u00e4nder\u00fcbergreifende Kubernetes-Infrastruktur f\u00fcr Hochschulen","previousItem":{"@type":"ListItem","@id":"https:\/\/blog.rwth-aachen.de\/itc\/category\/themen\/ankuendigungen\/#listItem","name":"Ank\u00fcndigungen"}}]},{"@type":"Organization","@id":"https:\/\/blog.rwth-aachen.de\/itc\/#organization","name":"IT Center RWTH Aachen University","url":"https:\/\/blog.rwth-aachen.de\/itc\/","logo":{"@type":"ImageObject","url":"https:\/\/blog.rwth-aachen.de\/itc\/files\/2018\/09\/IT-Center-Logo.png","@id":"https:\/\/blog.rwth-aachen.de\/itc\/2026\/08\/31\/kube3-projektvorstellung\/#organizationLogo","width":1312,"height":378,"caption":"IT Center Logo"},"image":{"@id":"https:\/\/blog.rwth-aachen.de\/itc\/2026\/08\/31\/kube3-projektvorstellung\/#organizationLogo"},"sameAs":["https:\/\/www.facebook.com\/itcenterrwth","https:\/\/twitter.com\/ITCenterRWTH","https:\/\/www.youtube.com\/c\/itcenterrwthaachen","https:\/\/www.linkedin.com\/company\/itcenterrwth"]},{"@type":"Person","@id":"https:\/\/blog.rwth-aachen.de\/itc\/author\/6500\/#author","url":"https:\/\/blog.rwth-aachen.de\/itc\/author\/6500\/","name":"Hannah Loock","image":{"@type":"ImageObject","@id":"https:\/\/blog.rwth-aachen.de\/itc\/2026\/08\/31\/kube3-projektvorstellung\/#authorImage","url":"https:\/\/secure.gravatar.com\/avatar\/0f060d671fc63fc093dbd2e4533b0894903ffd97f85483319fee49f2065c682f?s=96&d=blank&r=g","width":96,"height":96,"caption":"Hannah Loock"}},{"@type":"WebPage","@id":"https:\/\/blog.rwth-aachen.de\/itc\/2026\/08\/31\/kube3-projektvorstellung\/#webpage","url":"https:\/\/blog.rwth-aachen.de\/itc\/2026\/08\/31\/kube3-projektvorstellung\/","name":"Kube3: L\u00e4nder\u00fcbergreifende Kubernetes-Infrastruktur f\u00fcr Hochschulen","description":"Kube3 entwickelt eine l\u00e4nder\u00fcbergreifende Kubernetes-as-a-Service-Infrastruktur und st\u00e4rkt digitale Souver\u00e4nit\u00e4t, Standards und resiliente Cloud-L\u00f6sungen.","inLanguage":"de-DE","isPartOf":{"@id":"https:\/\/blog.rwth-aachen.de\/itc\/#website"},"breadcrumb":{"@id":"https:\/\/blog.rwth-aachen.de\/itc\/2026\/08\/31\/kube3-projektvorstellung\/#breadcrumblist"},"author":{"@id":"https:\/\/blog.rwth-aachen.de\/itc\/author\/6500\/#author"},"creator":{"@id":"https:\/\/blog.rwth-aachen.de\/itc\/author\/6500\/#author"},"image":{"@type":"ImageObject","url":"https:\/\/blog.rwth-aachen.de\/itc\/files\/2026\/08\/Kube3_20260709_OM_Blog-scaled.jpg","@id":"https:\/\/blog.rwth-aachen.de\/itc\/2026\/08\/31\/kube3-projektvorstellung\/#mainImage","width":2560,"height":1706,"caption":"Quelle: Eigene Darstellung"},"primaryImageOfPage":{"@id":"https:\/\/blog.rwth-aachen.de\/itc\/2026\/08\/31\/kube3-projektvorstellung\/#mainImage"},"datePublished":"2026-08-31T11:00:44+02:00","dateModified":"2026-08-31T08:14:12+02:00"},{"@type":"WebSite","@id":"https:\/\/blog.rwth-aachen.de\/itc\/#website","url":"https:\/\/blog.rwth-aachen.de\/itc\/","name":"IT Center Blog","inLanguage":"de-DE","publisher":{"@id":"https:\/\/blog.rwth-aachen.de\/itc\/#organization"}}]},"og:locale":"de_DE","og:site_name":"IT Center Blog \u2022","og:type":"article","og:title":"Kube3: L\u00e4nder\u00fcbergreifende Kubernetes-Infrastruktur f\u00fcr Hochschulen","og:description":"Kube3 entwickelt eine l\u00e4nder\u00fcbergreifende Kubernetes-as-a-Service-Infrastruktur und st\u00e4rkt digitale Souver\u00e4nit\u00e4t, Standards und resiliente Cloud-L\u00f6sungen.","og:url":"https:\/\/blog.rwth-aachen.de\/itc\/2026\/08\/31\/kube3-projektvorstellung\/","article:published_time":"2026-08-31T09:00:44+00:00","article:modified_time":"2026-08-31T06:14:12+00:00","article:publisher":"https:\/\/www.facebook.com\/itcenterrwth","twitter:card":"summary","twitter:site":"@ITCenterRWTH","twitter:title":"Kube3: L\u00e4nder\u00fcbergreifende Kubernetes-Infrastruktur f\u00fcr Hochschulen","twitter:description":"Kube3 entwickelt eine l\u00e4nder\u00fcbergreifende Kubernetes-as-a-Service-Infrastruktur und st\u00e4rkt digitale Souver\u00e4nit\u00e4t, Standards und resiliente Cloud-L\u00f6sungen.","twitter:creator":"@ITCenterRWTH"},"aioseo_meta_data":{"post_id":"24735","title":"#post_title","description":"Kube3 entwickelt eine l\u00e4nder\u00fcbergreifende Kubernetes-as-a-Service-Infrastruktur und st\u00e4rkt digitale Souver\u00e4nit\u00e4t, Standards und resiliente Cloud-L\u00f6sungen.","keywords":null,"keyphrases":{"focus":{"keyphrase":"","score":0,"analysis":{"keyphraseInTitle":{"score":0,"maxScore":9,"error":1}}},"additional":[]},"primary_term":null,"canonical_url":null,"og_title":null,"og_description":null,"og_object_type":"default","og_image_type":"default","og_image_url":null,"og_image_width":null,"og_image_height":null,"og_image_custom_url":null,"og_image_custom_fields":null,"og_video":"","og_custom_url":null,"og_article_section":null,"og_article_tags":null,"twitter_use_og":false,"twitter_card":"default","twitter_image_type":"default","twitter_image_url":null,"twitter_image_custom_url":null,"twitter_image_custom_fields":null,"twitter_title":null,"twitter_description":null,"schema":{"blockGraphs":[],"customGraphs":[],"default":{"data":{"Article":[],"Course":[],"Dataset":[],"FAQPage":[],"Movie":[],"Person":[],"Product":[],"ProductReview":[],"Car":[],"Recipe":[],"Service":[],"SoftwareApplication":[],"WebPage":[]},"graphName":"BlogPosting","isEnabled":true},"graphs":[]},"schema_type":"default","schema_type_options":null,"pillar_content":false,"robots_default":true,"robots_noindex":false,"robots_noarchive":false,"robots_nosnippet":false,"robots_nofollow":false,"robots_noimageindex":false,"robots_noodp":false,"robots_notranslate":false,"robots_max_snippet":"-1","robots_max_videopreview":"-1","robots_max_imagepreview":"large","priority":null,"frequency":"default","local_seo":null,"breadcrumb_settings":null,"limit_modified_date":false,"ai":{"faqs":[],"keyPoints":[],"schemas":[],"titles":[],"descriptions":[],"socialPosts":{"email":[],"linkedin":[],"twitter":[],"facebook":[],"instagram":[]}},"created":"2026-08-18 09:11:26","updated":"2026-08-31 09:25:30","seo_analyzer_scan_date":null},"aioseo_breadcrumb":"<div class=\"aioseo-breadcrumbs\"><span class=\"aioseo-breadcrumb\">\n\t\t\t<a href=\"https:\/\/blog.rwth-aachen.de\/itc\" title=\"Home\">Home<\/a>\n\t\t<\/span><span class=\"aioseo-breadcrumb-separator\">\u00bb<\/span><span class=\"aioseo-breadcrumb\">\n\t\t\t<a href=\"https:\/\/blog.rwth-aachen.de\/itc\/category\/themen\/\" title=\"Themen\">Themen<\/a>\n\t\t<\/span><span class=\"aioseo-breadcrumb-separator\">\u00bb<\/span><span class=\"aioseo-breadcrumb\">\n\t\t\t<a href=\"https:\/\/blog.rwth-aachen.de\/itc\/category\/themen\/ankuendigungen\/\" title=\"Ank\u00fcndigungen\">Ank\u00fcndigungen<\/a>\n\t\t<\/span><span class=\"aioseo-breadcrumb-separator\">\u00bb<\/span><span class=\"aioseo-breadcrumb\">\n\t\t\tKube3: L\u00e4nder\u00fcbergreifende Kubernetes-Infrastruktur f\u00fcr Hochschulen\n\t\t<\/span><\/div>","aioseo_breadcrumb_json":[{"label":"Home","link":"https:\/\/blog.rwth-aachen.de\/itc"},{"label":"Themen","link":"https:\/\/blog.rwth-aachen.de\/itc\/category\/themen\/"},{"label":"Ank\u00fcndigungen","link":"https:\/\/blog.rwth-aachen.de\/itc\/category\/themen\/ankuendigungen\/"},{"label":"Kube3: L\u00e4nder\u00fcbergreifende Kubernetes-Infrastruktur f\u00fcr Hochschulen","link":"https:\/\/blog.rwth-aachen.de\/itc\/2026\/08\/31\/kube3-projektvorstellung\/"}],"_links":{"self":[{"href":"https:\/\/blog.rwth-aachen.de\/itc\/wp-json\/wp\/v2\/posts\/24735","targetHints":{"allow":["GET"]}}],"collection":[{"href":"https:\/\/blog.rwth-aachen.de\/itc\/wp-json\/wp\/v2\/posts"}],"about":[{"href":"https:\/\/blog.rwth-aachen.de\/itc\/wp-json\/wp\/v2\/types\/post"}],"author":[{"embeddable":true,"href":"https:\/\/blog.rwth-aachen.de\/itc\/wp-json\/wp\/v2\/users\/6500"}],"replies":[{"embeddable":true,"href":"https:\/\/blog.rwth-aachen.de\/itc\/wp-json\/wp\/v2\/comments?post=24735"}],"version-history":[{"count":9,"href":"https:\/\/blog.rwth-aachen.de\/itc\/wp-json\/wp\/v2\/posts\/24735\/revisions"}],"predecessor-version":[{"id":24777,"href":"https:\/\/blog.rwth-aachen.de\/itc\/wp-json\/wp\/v2\/posts\/24735\/revisions\/24777"}],"wp:featuredmedia":[{"embeddable":true,"href":"https:\/\/blog.rwth-aachen.de\/itc\/wp-json\/wp\/v2\/media\/24771"}],"wp:attachment":[{"href":"https:\/\/blog.rwth-aachen.de\/itc\/wp-json\/wp\/v2\/media?parent=24735"}],"wp:term":[{"taxonomy":"category","embeddable":true,"href":"https:\/\/blog.rwth-aachen.de\/itc\/wp-json\/wp\/v2\/categories?post=24735"},{"taxonomy":"post_tag","embeddable":true,"href":"https:\/\/blog.rwth-aachen.de\/itc\/wp-json\/wp\/v2\/tags?post=24735"}],"curies":[{"name":"wp","href":"https:\/\/api.w.org\/{rel}","templated":true}]}}