{"id":24787,"date":"2026-09-03T17:00:45","date_gmt":"2026-09-03T15:00:45","guid":{"rendered":"https:\/\/blog.rwth-aachen.de\/itc\/?p=24787"},"modified":"2026-09-03T16:46:31","modified_gmt":"2026-09-03T14:46:31","slug":"von-campus-bis-cloud-souveraen-vernetzt","status":"publish","type":"post","link":"https:\/\/blog.rwth-aachen.de\/itc\/2026\/09\/03\/von-campus-bis-cloud-souveraen-vernetzt\/","title":{"rendered":"\u201eVon Campus bis Cloud \u2013 souver\u00e4n vernetzt\u201c"},"content":{"rendered":"<div class=\"twoclick_social_bookmarks_post_24787 social_share_privacy clearfix 1.6.4 locale-de_DE sprite-de_DE\"><\/div><div class=\"twoclick-js\"><script type=\"text\/javascript\">\/* <![CDATA[ *\/\njQuery(document).ready(function($){if($('.twoclick_social_bookmarks_post_24787')){$('.twoclick_social_bookmarks_post_24787').socialSharePrivacy({\"txt_help\":\"Wenn Sie diese Felder durch einen Klick aktivieren, werden Informationen an Facebook, Twitter, Flattr, Xing, t3n, LinkedIn, Pinterest oder Google eventuell ins Ausland \\u00fcbertragen und unter Umst\\u00e4nden auch dort gespeichert. N\\u00e4heres erfahren Sie durch einen Klick auf das <em>i<\\\/em>.\",\"settings_perma\":\"Dauerhaft aktivieren und Daten\\u00fcber-tragung zustimmen:\",\"info_link\":\"http:\\\/\\\/www.heise.de\\\/ct\\\/artikel\\\/2-Klicks-fuer-mehr-Datenschutz-1333879.html\",\"uri\":\"https:\\\/\\\/blog.rwth-aachen.de\\\/itc\\\/2026\\\/09\\\/03\\\/von-campus-bis-cloud-souveraen-vernetzt\\\/\",\"post_id\":24787,\"post_title_referrer_track\":\"%E2%80%9EVon+Campus+bis+Cloud+%E2%80%93+souver%C3%A4n+vernetzt%E2%80%9C\",\"display_infobox\":\"on\"});}});\n\/* ]]> *\/<\/script><\/div><p><div id=\"attachment_24790\" style=\"width: 310px\" class=\"wp-caption alignright\"><img loading=\"lazy\" decoding=\"async\" aria-describedby=\"caption-attachment-24790\" class=\"wp-image-24790 size-medium\" src=\"https:\/\/blog.rwth-aachen.de\/itc\/files\/2026\/09\/Begruessungsschild-300x203.jpg\" alt=\"Grafik mit Aufschrift zur DINI und ZKI-Tagung\" width=\"300\" height=\"203\" srcset=\"https:\/\/blog.rwth-aachen.de\/itc\/files\/2026\/09\/Begruessungsschild-300x203.jpg 300w, https:\/\/blog.rwth-aachen.de\/itc\/files\/2026\/09\/Begruessungsschild-1024x693.jpg 1024w, https:\/\/blog.rwth-aachen.de\/itc\/files\/2026\/09\/Begruessungsschild-768x519.jpg 768w, https:\/\/blog.rwth-aachen.de\/itc\/files\/2026\/09\/Begruessungsschild.jpg 1063w\" sizes=\"auto, (max-width: 300px) 100vw, 300px\" \/><p id=\"caption-attachment-24790\" class=\"wp-caption-text\">Quelle: Eigene Darstellung<\/p><\/div><\/p>\n<p>Aachen wird zum Treffpunkt f\u00fcr die digitale Zukunft der Hochschulen: Vom 7. bis 10. September 2026 findet die 27. DINI-Jahrestagung und ZKI-Herbsttagung unter dem Motto \u201eVon Campus bis Cloud \u2013 souver\u00e4n vernetzt\u201c im C.A.R.L. der RWTH Aachen statt.<\/p>\n<p><!--more--><\/p>\n<p>Wir freuen uns ganz besonders, die Tagung als Mitveranstalter neben der Universit\u00e4tsbibliothek der RWTH mitzugestalten und zahlreiche Expert*innen aus Hochschulen, Forschung und IT bei uns in Aachen willkommen zu hei\u00dfen.<\/p>\n<p>Bei der gemeinsamen Tagung kommen zwei wichtige Netzwerke der Hochschul- und Forschungslandschaft zusammen: Die DINI (Deutsche Initiative f\u00fcr Netzwerkinformation e. V.) f\u00f6rdert die Weiterentwicklung digitaler Informations- und Kommunikationsinfrastrukturen und setzt sich f\u00fcr Austausch, Zusammenarbeit sowie gemeinsame Standards und Empfehlungen ein. Der ZKI (Zentren f\u00fcr Kommunikation und Informationsverarbeitung in Lehre und Forschung e. V.) vernetzt zentrale IT-Servicezentren von Hochschulen und Forschungseinrichtungen, f\u00f6rdert den Erfahrungsaustausch und vertritt deren Interessen gegen\u00fcber Politik, Verb\u00e4nden und \u00d6ffentlichkeit.<\/p>\n<p>&nbsp;<\/p>\n<h3><span style=\"color: #00549f;\">Der Countdown l\u00e4uft<\/span><\/h3>\n<p>In diesen vier Tagen erwartet die Teilnehmenden ein abwechslungsreiches Programm rund um die digitale Transformation von Hochschulen und Forschungseinrichtungen. Im Mittelpunkt stehen unter anderem digitale Souver\u00e4nit\u00e4t, Cloud- und Sourcing-Strategien, Open Source, K\u00fcnstliche Intelligenz, Identity Management, Datenschutz und Open Access. Doch auch konkrete Fragen aus dem Hochschulalltag kommen nicht zu kurz, etwa zur Gestaltung moderner Lernr\u00e4ume und zur digitalen Infrastruktur im H\u00f6rsaal.<\/p>\n<p>Neben spannenden Vortr\u00e4gen, Abendveranstaltungen und Diskussionen bietet die Tagung vor allem eines: Gelegenheit zum Austausch und zur Vernetzung. Zahlreiche Sponsoren sind vor Ort dabei und geben Einblicke in ihre L\u00f6sungen und Projekte. Damit bietet die Veranstaltung jede Menge Raum f\u00fcr Gespr\u00e4che, neue Kontakte und spannende Impulse.<\/p>\n<p>Das vollst\u00e4ndige Programm mit allen Vortr\u00e4gen, F\u00fchrungen und weiteren Programmpunkten findet ihr im <a href=\"https:\/\/dini-zki-2026.converia-neon.com\/de\/schedule\/program\">Veranstaltungsprogramm<\/a>. In der <a href=\"https:\/\/idw-online.de\/de\/news876406\">Pressemitteilung<\/a> von Torsten Prill, Vorsitzender der ZKI, erhaltet ihr weitere Informationen rund um die inhaltliche Zielsetzung der Tagung.<\/p>\n<p>&nbsp;<\/p>\n<p>Wir freuen uns schon jetzt auf vier spannende Tage im C.A.R.L., viele bekannte und neue Gesichter, interessante Gespr\u00e4che und ein gro\u00dfartiges gemeinsames Event!<\/p>\n<p>&nbsp;<\/p>\n<p>Aachen ruft \u2013 wir freuen uns auf euch!<\/p>\n<p>&nbsp;<\/p>\n<hr \/>\n<p>Verantwortlich f\u00fcr die Inhalte dieses Beitrags ist <a href=\"https:\/\/www.itc.rwth-aachen.de\/cms\/it-center\/it-center\/profil\/team\/~epvp\/mitarbeiter-pvz-\/?gguid=PER-3UACJPP&amp;allou=1\">Merrit Mielke<\/a>.<\/p>","protected":false},"excerpt":{"rendered":"<p>Aachen wird zum Treffpunkt f\u00fcr die digitale Zukunft der Hochschulen: Vom 7. bis 10. September 2026 findet die 27. DINI-Jahrestagung und ZKI-Herbsttagung unter dem Motto \u201eVon Campus bis Cloud \u2013 [&hellip;]<\/p>\n","protected":false},"author":5299,"featured_media":24790,"comment_status":"open","ping_status":"closed","sticky":false,"template":"","format":"standard","meta":{"c2c_always_allow_admin_comments":false,"footnotes":""},"categories":[306,308,305],"tags":[168,661],"class_list":["post-24787","post","type-post","status-publish","format-standard","has-post-thumbnail","hentry","category-ankuendigungen","category-events-jubilaen-erfolge","category-themen","tag-event","tag-it-center-als-arbeitsplatz"],"aioseo_notices":[],"aioseo_head":"\n\t\t<!-- All in One SEO 4.9.8 - aioseo.com -->\n\t<meta name=\"description\" content=\"Aachen wird zum Treffpunkt f\u00fcr die digitale Zukunft der Hochschulen: Vom 7. bis 10. September 2026 findet die 27. DINI-Jahrestagung und ZKI-Herbsttagung statt.\" \/>\n\t<meta name=\"robots\" content=\"max-image-preview:large\" \/>\n\t<meta name=\"author\" content=\"Mielke, Merrit\"\/>\n\t<meta name=\"keywords\" content=\"event,it center als arbeitsplatz,ank\u00fcndigungen,events, jubil\u00e4en &amp; erfolge,themen\" \/>\n\t<link rel=\"canonical\" href=\"https:\/\/blog.rwth-aachen.de\/itc\/2026\/09\/03\/von-campus-bis-cloud-souveraen-vernetzt\/\" \/>\n\t<meta name=\"generator\" content=\"All in One SEO (AIOSEO) 4.9.8\" \/>\n\t\t<meta property=\"og:locale\" content=\"de_DE\" \/>\n\t\t<meta property=\"og:site_name\" content=\"IT Center Blog \u2022\" \/>\n\t\t<meta property=\"og:type\" content=\"article\" \/>\n\t\t<meta property=\"og:title\" content=\"\u201eVon Campus bis Cloud \u2013 souver\u00e4n vernetzt\u201c \u2022 IT Center Blog\" \/>\n\t\t<meta property=\"og:description\" content=\"Aachen wird zum Treffpunkt f\u00fcr die digitale Zukunft der Hochschulen: Vom 7. bis 10. September 2026 findet die 27. DINI-Jahrestagung und ZKI-Herbsttagung statt.\" \/>\n\t\t<meta property=\"og:url\" content=\"https:\/\/blog.rwth-aachen.de\/itc\/2026\/09\/03\/von-campus-bis-cloud-souveraen-vernetzt\/\" \/>\n\t\t<meta property=\"article:published_time\" content=\"2026-09-03T15:00:45+00:00\" \/>\n\t\t<meta property=\"article:modified_time\" content=\"2026-09-03T14:46:31+00:00\" \/>\n\t\t<meta property=\"article:publisher\" content=\"https:\/\/www.facebook.com\/itcenterrwth\" \/>\n\t\t<meta name=\"twitter:card\" content=\"summary\" \/>\n\t\t<meta name=\"twitter:site\" content=\"@ITCenterRWTH\" \/>\n\t\t<meta name=\"twitter:title\" content=\"\u201eVon Campus bis Cloud \u2013 souver\u00e4n vernetzt\u201c \u2022 IT Center Blog\" \/>\n\t\t<meta name=\"twitter:description\" content=\"Aachen wird zum Treffpunkt f\u00fcr die digitale Zukunft der Hochschulen: Vom 7. bis 10. September 2026 findet die 27. DINI-Jahrestagung und ZKI-Herbsttagung statt.\" \/>\n\t\t<meta name=\"twitter:creator\" content=\"@ITCenterRWTH\" \/>\n\t\t<script type=\"application\/ld+json\" class=\"aioseo-schema\">\n\t\t\t{\"@context\":\"https:\\\/\\\/schema.org\",\"@graph\":[{\"@type\":\"BlogPosting\",\"@id\":\"https:\\\/\\\/blog.rwth-aachen.de\\\/itc\\\/2026\\\/09\\\/03\\\/von-campus-bis-cloud-souveraen-vernetzt\\\/#blogposting\",\"name\":\"\\u201eVon Campus bis Cloud \\u2013 souver\\u00e4n vernetzt\\u201c \\u2022 IT Center Blog\",\"headline\":\"\\u201eVon Campus bis Cloud \\u2013 souver\\u00e4n vernetzt\\u201c\",\"author\":{\"@id\":\"https:\\\/\\\/blog.rwth-aachen.de\\\/itc\\\/author\\\/5299\\\/#author\"},\"publisher\":{\"@id\":\"https:\\\/\\\/blog.rwth-aachen.de\\\/itc\\\/#organization\"},\"image\":{\"@type\":\"ImageObject\",\"url\":\"https:\\\/\\\/blog.rwth-aachen.de\\\/itc\\\/files\\\/2026\\\/09\\\/Begruessungsschild.jpg\",\"width\":1063,\"height\":719,\"caption\":\"Quelle: Eigene Darstellung\"},\"datePublished\":\"2026-09-03T17:00:45+02:00\",\"dateModified\":\"2026-09-03T16:46:31+02:00\",\"inLanguage\":\"de-DE\",\"mainEntityOfPage\":{\"@id\":\"https:\\\/\\\/blog.rwth-aachen.de\\\/itc\\\/2026\\\/09\\\/03\\\/von-campus-bis-cloud-souveraen-vernetzt\\\/#webpage\"},\"isPartOf\":{\"@id\":\"https:\\\/\\\/blog.rwth-aachen.de\\\/itc\\\/2026\\\/09\\\/03\\\/von-campus-bis-cloud-souveraen-vernetzt\\\/#webpage\"},\"articleSection\":\"Ank\\u00fcndigungen, Events, Jubil\\u00e4en &amp; Erfolge, Themen, Event, IT Center als Arbeitsplatz\"},{\"@type\":\"BreadcrumbList\",\"@id\":\"https:\\\/\\\/blog.rwth-aachen.de\\\/itc\\\/2026\\\/09\\\/03\\\/von-campus-bis-cloud-souveraen-vernetzt\\\/#breadcrumblist\",\"itemListElement\":[{\"@type\":\"ListItem\",\"@id\":\"https:\\\/\\\/blog.rwth-aachen.de\\\/itc#listItem\",\"position\":1,\"name\":\"Home\",\"item\":\"https:\\\/\\\/blog.rwth-aachen.de\\\/itc\",\"nextItem\":{\"@type\":\"ListItem\",\"@id\":\"https:\\\/\\\/blog.rwth-aachen.de\\\/itc\\\/category\\\/themen\\\/#listItem\",\"name\":\"Themen\"}},{\"@type\":\"ListItem\",\"@id\":\"https:\\\/\\\/blog.rwth-aachen.de\\\/itc\\\/category\\\/themen\\\/#listItem\",\"position\":2,\"name\":\"Themen\",\"item\":\"https:\\\/\\\/blog.rwth-aachen.de\\\/itc\\\/category\\\/themen\\\/\",\"nextItem\":{\"@type\":\"ListItem\",\"@id\":\"https:\\\/\\\/blog.rwth-aachen.de\\\/itc\\\/category\\\/themen\\\/ankuendigungen\\\/#listItem\",\"name\":\"Ank\\u00fcndigungen\"},\"previousItem\":{\"@type\":\"ListItem\",\"@id\":\"https:\\\/\\\/blog.rwth-aachen.de\\\/itc#listItem\",\"name\":\"Home\"}},{\"@type\":\"ListItem\",\"@id\":\"https:\\\/\\\/blog.rwth-aachen.de\\\/itc\\\/category\\\/themen\\\/ankuendigungen\\\/#listItem\",\"position\":3,\"name\":\"Ank\\u00fcndigungen\",\"item\":\"https:\\\/\\\/blog.rwth-aachen.de\\\/itc\\\/category\\\/themen\\\/ankuendigungen\\\/\",\"nextItem\":{\"@type\":\"ListItem\",\"@id\":\"https:\\\/\\\/blog.rwth-aachen.de\\\/itc\\\/2026\\\/09\\\/03\\\/von-campus-bis-cloud-souveraen-vernetzt\\\/#listItem\",\"name\":\"\\u201eVon Campus bis Cloud \\u2013 souver\\u00e4n vernetzt\\u201c\"},\"previousItem\":{\"@type\":\"ListItem\",\"@id\":\"https:\\\/\\\/blog.rwth-aachen.de\\\/itc\\\/category\\\/themen\\\/#listItem\",\"name\":\"Themen\"}},{\"@type\":\"ListItem\",\"@id\":\"https:\\\/\\\/blog.rwth-aachen.de\\\/itc\\\/2026\\\/09\\\/03\\\/von-campus-bis-cloud-souveraen-vernetzt\\\/#listItem\",\"position\":4,\"name\":\"\\u201eVon Campus bis Cloud \\u2013 souver\\u00e4n vernetzt\\u201c\",\"previousItem\":{\"@type\":\"ListItem\",\"@id\":\"https:\\\/\\\/blog.rwth-aachen.de\\\/itc\\\/category\\\/themen\\\/ankuendigungen\\\/#listItem\",\"name\":\"Ank\\u00fcndigungen\"}}]},{\"@type\":\"Organization\",\"@id\":\"https:\\\/\\\/blog.rwth-aachen.de\\\/itc\\\/#organization\",\"name\":\"IT Center RWTH Aachen University\",\"url\":\"https:\\\/\\\/blog.rwth-aachen.de\\\/itc\\\/\",\"logo\":{\"@type\":\"ImageObject\",\"url\":\"https:\\\/\\\/blog.rwth-aachen.de\\\/itc\\\/files\\\/2018\\\/09\\\/IT-Center-Logo.png\",\"@id\":\"https:\\\/\\\/blog.rwth-aachen.de\\\/itc\\\/2026\\\/09\\\/03\\\/von-campus-bis-cloud-souveraen-vernetzt\\\/#organizationLogo\",\"width\":1312,\"height\":378,\"caption\":\"IT Center Logo\"},\"image\":{\"@id\":\"https:\\\/\\\/blog.rwth-aachen.de\\\/itc\\\/2026\\\/09\\\/03\\\/von-campus-bis-cloud-souveraen-vernetzt\\\/#organizationLogo\"},\"sameAs\":[\"https:\\\/\\\/www.facebook.com\\\/itcenterrwth\",\"https:\\\/\\\/twitter.com\\\/ITCenterRWTH\",\"https:\\\/\\\/www.youtube.com\\\/c\\\/itcenterrwthaachen\",\"https:\\\/\\\/www.linkedin.com\\\/company\\\/itcenterrwth\"]},{\"@type\":\"Person\",\"@id\":\"https:\\\/\\\/blog.rwth-aachen.de\\\/itc\\\/author\\\/5299\\\/#author\",\"url\":\"https:\\\/\\\/blog.rwth-aachen.de\\\/itc\\\/author\\\/5299\\\/\",\"name\":\"Mielke, Merrit\",\"image\":{\"@type\":\"ImageObject\",\"@id\":\"https:\\\/\\\/blog.rwth-aachen.de\\\/itc\\\/2026\\\/09\\\/03\\\/von-campus-bis-cloud-souveraen-vernetzt\\\/#authorImage\",\"url\":\"https:\\\/\\\/secure.gravatar.com\\\/avatar\\\/7be91c3f4e47abf0cff2691db45d866e2b094aafe16d06fd44437081053f7c86?s=96&d=blank&r=g\",\"width\":96,\"height\":96,\"caption\":\"Mielke, Merrit\"}},{\"@type\":\"WebPage\",\"@id\":\"https:\\\/\\\/blog.rwth-aachen.de\\\/itc\\\/2026\\\/09\\\/03\\\/von-campus-bis-cloud-souveraen-vernetzt\\\/#webpage\",\"url\":\"https:\\\/\\\/blog.rwth-aachen.de\\\/itc\\\/2026\\\/09\\\/03\\\/von-campus-bis-cloud-souveraen-vernetzt\\\/\",\"name\":\"\\u201eVon Campus bis Cloud \\u2013 souver\\u00e4n vernetzt\\u201c \\u2022 IT Center Blog\",\"description\":\"Aachen wird zum Treffpunkt f\\u00fcr die digitale Zukunft der Hochschulen: Vom 7. bis 10. September 2026 findet die 27. DINI-Jahrestagung und ZKI-Herbsttagung statt.\",\"inLanguage\":\"de-DE\",\"isPartOf\":{\"@id\":\"https:\\\/\\\/blog.rwth-aachen.de\\\/itc\\\/#website\"},\"breadcrumb\":{\"@id\":\"https:\\\/\\\/blog.rwth-aachen.de\\\/itc\\\/2026\\\/09\\\/03\\\/von-campus-bis-cloud-souveraen-vernetzt\\\/#breadcrumblist\"},\"author\":{\"@id\":\"https:\\\/\\\/blog.rwth-aachen.de\\\/itc\\\/author\\\/5299\\\/#author\"},\"creator\":{\"@id\":\"https:\\\/\\\/blog.rwth-aachen.de\\\/itc\\\/author\\\/5299\\\/#author\"},\"image\":{\"@type\":\"ImageObject\",\"url\":\"https:\\\/\\\/blog.rwth-aachen.de\\\/itc\\\/files\\\/2026\\\/09\\\/Begruessungsschild.jpg\",\"@id\":\"https:\\\/\\\/blog.rwth-aachen.de\\\/itc\\\/2026\\\/09\\\/03\\\/von-campus-bis-cloud-souveraen-vernetzt\\\/#mainImage\",\"width\":1063,\"height\":719,\"caption\":\"Quelle: Eigene Darstellung\"},\"primaryImageOfPage\":{\"@id\":\"https:\\\/\\\/blog.rwth-aachen.de\\\/itc\\\/2026\\\/09\\\/03\\\/von-campus-bis-cloud-souveraen-vernetzt\\\/#mainImage\"},\"datePublished\":\"2026-09-03T17:00:45+02:00\",\"dateModified\":\"2026-09-03T16:46:31+02:00\"},{\"@type\":\"WebSite\",\"@id\":\"https:\\\/\\\/blog.rwth-aachen.de\\\/itc\\\/#website\",\"url\":\"https:\\\/\\\/blog.rwth-aachen.de\\\/itc\\\/\",\"name\":\"IT Center Blog\",\"inLanguage\":\"de-DE\",\"publisher\":{\"@id\":\"https:\\\/\\\/blog.rwth-aachen.de\\\/itc\\\/#organization\"}}]}\n\t\t<\/script>\n\t\t<!-- All in One SEO -->\n\n","aioseo_head_json":{"title":"\u201eVon Campus bis Cloud \u2013 souver\u00e4n vernetzt\u201c \u2022 IT Center Blog","description":"Aachen wird zum Treffpunkt f\u00fcr die digitale Zukunft der Hochschulen: Vom 7. bis 10. September 2026 findet die 27. DINI-Jahrestagung und ZKI-Herbsttagung statt.","canonical_url":"https:\/\/blog.rwth-aachen.de\/itc\/2026\/09\/03\/von-campus-bis-cloud-souveraen-vernetzt\/","robots":"max-image-preview:large","keywords":"event,it center als arbeitsplatz,ank\u00fcndigungen,events, jubil\u00e4en &amp; erfolge,themen","webmasterTools":{"miscellaneous":""},"schema":{"@context":"https:\/\/schema.org","@graph":[{"@type":"BlogPosting","@id":"https:\/\/blog.rwth-aachen.de\/itc\/2026\/09\/03\/von-campus-bis-cloud-souveraen-vernetzt\/#blogposting","name":"\u201eVon Campus bis Cloud \u2013 souver\u00e4n vernetzt\u201c \u2022 IT Center Blog","headline":"\u201eVon Campus bis Cloud \u2013 souver\u00e4n vernetzt\u201c","author":{"@id":"https:\/\/blog.rwth-aachen.de\/itc\/author\/5299\/#author"},"publisher":{"@id":"https:\/\/blog.rwth-aachen.de\/itc\/#organization"},"image":{"@type":"ImageObject","url":"https:\/\/blog.rwth-aachen.de\/itc\/files\/2026\/09\/Begruessungsschild.jpg","width":1063,"height":719,"caption":"Quelle: Eigene Darstellung"},"datePublished":"2026-09-03T17:00:45+02:00","dateModified":"2026-09-03T16:46:31+02:00","inLanguage":"de-DE","mainEntityOfPage":{"@id":"https:\/\/blog.rwth-aachen.de\/itc\/2026\/09\/03\/von-campus-bis-cloud-souveraen-vernetzt\/#webpage"},"isPartOf":{"@id":"https:\/\/blog.rwth-aachen.de\/itc\/2026\/09\/03\/von-campus-bis-cloud-souveraen-vernetzt\/#webpage"},"articleSection":"Ank\u00fcndigungen, Events, Jubil\u00e4en &amp; Erfolge, Themen, Event, IT Center als Arbeitsplatz"},{"@type":"BreadcrumbList","@id":"https:\/\/blog.rwth-aachen.de\/itc\/2026\/09\/03\/von-campus-bis-cloud-souveraen-vernetzt\/#breadcrumblist","itemListElement":[{"@type":"ListItem","@id":"https:\/\/blog.rwth-aachen.de\/itc#listItem","position":1,"name":"Home","item":"https:\/\/blog.rwth-aachen.de\/itc","nextItem":{"@type":"ListItem","@id":"https:\/\/blog.rwth-aachen.de\/itc\/category\/themen\/#listItem","name":"Themen"}},{"@type":"ListItem","@id":"https:\/\/blog.rwth-aachen.de\/itc\/category\/themen\/#listItem","position":2,"name":"Themen","item":"https:\/\/blog.rwth-aachen.de\/itc\/category\/themen\/","nextItem":{"@type":"ListItem","@id":"https:\/\/blog.rwth-aachen.de\/itc\/category\/themen\/ankuendigungen\/#listItem","name":"Ank\u00fcndigungen"},"previousItem":{"@type":"ListItem","@id":"https:\/\/blog.rwth-aachen.de\/itc#listItem","name":"Home"}},{"@type":"ListItem","@id":"https:\/\/blog.rwth-aachen.de\/itc\/category\/themen\/ankuendigungen\/#listItem","position":3,"name":"Ank\u00fcndigungen","item":"https:\/\/blog.rwth-aachen.de\/itc\/category\/themen\/ankuendigungen\/","nextItem":{"@type":"ListItem","@id":"https:\/\/blog.rwth-aachen.de\/itc\/2026\/09\/03\/von-campus-bis-cloud-souveraen-vernetzt\/#listItem","name":"\u201eVon Campus bis Cloud \u2013 souver\u00e4n vernetzt\u201c"},"previousItem":{"@type":"ListItem","@id":"https:\/\/blog.rwth-aachen.de\/itc\/category\/themen\/#listItem","name":"Themen"}},{"@type":"ListItem","@id":"https:\/\/blog.rwth-aachen.de\/itc\/2026\/09\/03\/von-campus-bis-cloud-souveraen-vernetzt\/#listItem","position":4,"name":"\u201eVon Campus bis Cloud \u2013 souver\u00e4n vernetzt\u201c","previousItem":{"@type":"ListItem","@id":"https:\/\/blog.rwth-aachen.de\/itc\/category\/themen\/ankuendigungen\/#listItem","name":"Ank\u00fcndigungen"}}]},{"@type":"Organization","@id":"https:\/\/blog.rwth-aachen.de\/itc\/#organization","name":"IT Center RWTH Aachen University","url":"https:\/\/blog.rwth-aachen.de\/itc\/","logo":{"@type":"ImageObject","url":"https:\/\/blog.rwth-aachen.de\/itc\/files\/2018\/09\/IT-Center-Logo.png","@id":"https:\/\/blog.rwth-aachen.de\/itc\/2026\/09\/03\/von-campus-bis-cloud-souveraen-vernetzt\/#organizationLogo","width":1312,"height":378,"caption":"IT Center Logo"},"image":{"@id":"https:\/\/blog.rwth-aachen.de\/itc\/2026\/09\/03\/von-campus-bis-cloud-souveraen-vernetzt\/#organizationLogo"},"sameAs":["https:\/\/www.facebook.com\/itcenterrwth","https:\/\/twitter.com\/ITCenterRWTH","https:\/\/www.youtube.com\/c\/itcenterrwthaachen","https:\/\/www.linkedin.com\/company\/itcenterrwth"]},{"@type":"Person","@id":"https:\/\/blog.rwth-aachen.de\/itc\/author\/5299\/#author","url":"https:\/\/blog.rwth-aachen.de\/itc\/author\/5299\/","name":"Mielke, Merrit","image":{"@type":"ImageObject","@id":"https:\/\/blog.rwth-aachen.de\/itc\/2026\/09\/03\/von-campus-bis-cloud-souveraen-vernetzt\/#authorImage","url":"https:\/\/secure.gravatar.com\/avatar\/7be91c3f4e47abf0cff2691db45d866e2b094aafe16d06fd44437081053f7c86?s=96&d=blank&r=g","width":96,"height":96,"caption":"Mielke, Merrit"}},{"@type":"WebPage","@id":"https:\/\/blog.rwth-aachen.de\/itc\/2026\/09\/03\/von-campus-bis-cloud-souveraen-vernetzt\/#webpage","url":"https:\/\/blog.rwth-aachen.de\/itc\/2026\/09\/03\/von-campus-bis-cloud-souveraen-vernetzt\/","name":"\u201eVon Campus bis Cloud \u2013 souver\u00e4n vernetzt\u201c \u2022 IT Center Blog","description":"Aachen wird zum Treffpunkt f\u00fcr die digitale Zukunft der Hochschulen: Vom 7. bis 10. September 2026 findet die 27. DINI-Jahrestagung und ZKI-Herbsttagung statt.","inLanguage":"de-DE","isPartOf":{"@id":"https:\/\/blog.rwth-aachen.de\/itc\/#website"},"breadcrumb":{"@id":"https:\/\/blog.rwth-aachen.de\/itc\/2026\/09\/03\/von-campus-bis-cloud-souveraen-vernetzt\/#breadcrumblist"},"author":{"@id":"https:\/\/blog.rwth-aachen.de\/itc\/author\/5299\/#author"},"creator":{"@id":"https:\/\/blog.rwth-aachen.de\/itc\/author\/5299\/#author"},"image":{"@type":"ImageObject","url":"https:\/\/blog.rwth-aachen.de\/itc\/files\/2026\/09\/Begruessungsschild.jpg","@id":"https:\/\/blog.rwth-aachen.de\/itc\/2026\/09\/03\/von-campus-bis-cloud-souveraen-vernetzt\/#mainImage","width":1063,"height":719,"caption":"Quelle: Eigene Darstellung"},"primaryImageOfPage":{"@id":"https:\/\/blog.rwth-aachen.de\/itc\/2026\/09\/03\/von-campus-bis-cloud-souveraen-vernetzt\/#mainImage"},"datePublished":"2026-09-03T17:00:45+02:00","dateModified":"2026-09-03T16:46:31+02:00"},{"@type":"WebSite","@id":"https:\/\/blog.rwth-aachen.de\/itc\/#website","url":"https:\/\/blog.rwth-aachen.de\/itc\/","name":"IT Center Blog","inLanguage":"de-DE","publisher":{"@id":"https:\/\/blog.rwth-aachen.de\/itc\/#organization"}}]},"og:locale":"de_DE","og:site_name":"IT Center Blog \u2022","og:type":"article","og:title":"\u201eVon Campus bis Cloud \u2013 souver\u00e4n vernetzt\u201c \u2022 IT Center Blog","og:description":"Aachen wird zum Treffpunkt f\u00fcr die digitale Zukunft der Hochschulen: Vom 7. bis 10. September 2026 findet die 27. DINI-Jahrestagung und ZKI-Herbsttagung statt.","og:url":"https:\/\/blog.rwth-aachen.de\/itc\/2026\/09\/03\/von-campus-bis-cloud-souveraen-vernetzt\/","article:published_time":"2026-09-03T15:00:45+00:00","article:modified_time":"2026-09-03T14:46:31+00:00","article:publisher":"https:\/\/www.facebook.com\/itcenterrwth","twitter:card":"summary","twitter:site":"@ITCenterRWTH","twitter:title":"\u201eVon Campus bis Cloud \u2013 souver\u00e4n vernetzt\u201c \u2022 IT Center Blog","twitter:description":"Aachen wird zum Treffpunkt f\u00fcr die digitale Zukunft der Hochschulen: Vom 7. bis 10. September 2026 findet die 27. DINI-Jahrestagung und ZKI-Herbsttagung statt.","twitter:creator":"@ITCenterRWTH"},"aioseo_meta_data":{"post_id":"24787","title":null,"description":"Aachen wird zum Treffpunkt f\u00fcr die digitale Zukunft der Hochschulen: Vom 7. bis 10. September 2026 findet die 27. DINI-Jahrestagung und ZKI-Herbsttagung statt.","keywords":null,"keyphrases":{"focus":{"keyphrase":"","score":0,"analysis":{"keyphraseInTitle":{"score":0,"maxScore":9,"error":1}}},"additional":[]},"primary_term":null,"canonical_url":null,"og_title":null,"og_description":null,"og_object_type":"default","og_image_type":"default","og_image_url":null,"og_image_width":null,"og_image_height":null,"og_image_custom_url":null,"og_image_custom_fields":null,"og_video":"","og_custom_url":null,"og_article_section":null,"og_article_tags":null,"twitter_use_og":false,"twitter_card":"default","twitter_image_type":"default","twitter_image_url":null,"twitter_image_custom_url":null,"twitter_image_custom_fields":null,"twitter_title":null,"twitter_description":null,"schema":{"blockGraphs":[],"customGraphs":[],"default":{"data":{"Article":[],"Course":[],"Dataset":[],"FAQPage":[],"Movie":[],"Person":[],"Product":[],"ProductReview":[],"Car":[],"Recipe":[],"Service":[],"SoftwareApplication":[],"WebPage":[]},"graphName":"BlogPosting","isEnabled":true},"graphs":[]},"schema_type":"default","schema_type_options":null,"pillar_content":false,"robots_default":true,"robots_noindex":false,"robots_noarchive":false,"robots_nosnippet":false,"robots_nofollow":false,"robots_noimageindex":false,"robots_noodp":false,"robots_notranslate":false,"robots_max_snippet":"-1","robots_max_videopreview":"-1","robots_max_imagepreview":"large","priority":null,"frequency":"default","local_seo":null,"breadcrumb_settings":null,"limit_modified_date":false,"ai":{"faqs":[],"keyPoints":[],"schemas":[],"titles":[],"descriptions":[],"socialPosts":{"email":[],"linkedin":[],"twitter":[],"facebook":[],"instagram":[]}},"created":"2026-09-03 14:04:52","updated":"2026-09-04 06:09:13","seo_analyzer_scan_date":null},"aioseo_breadcrumb":"<div class=\"aioseo-breadcrumbs\"><span class=\"aioseo-breadcrumb\">\n\t\t\t<a href=\"https:\/\/blog.rwth-aachen.de\/itc\" title=\"Home\">Home<\/a>\n\t\t<\/span><span class=\"aioseo-breadcrumb-separator\">\u00bb<\/span><span class=\"aioseo-breadcrumb\">\n\t\t\t<a href=\"https:\/\/blog.rwth-aachen.de\/itc\/category\/themen\/\" title=\"Themen\">Themen<\/a>\n\t\t<\/span><span class=\"aioseo-breadcrumb-separator\">\u00bb<\/span><span class=\"aioseo-breadcrumb\">\n\t\t\t<a href=\"https:\/\/blog.rwth-aachen.de\/itc\/category\/themen\/ankuendigungen\/\" title=\"Ank\u00fcndigungen\">Ank\u00fcndigungen<\/a>\n\t\t<\/span><span class=\"aioseo-breadcrumb-separator\">\u00bb<\/span><span class=\"aioseo-breadcrumb\">\n\t\t\t\u201eVon Campus bis Cloud \u2013 souver\u00e4n vernetzt\u201c\n\t\t<\/span><\/div>","aioseo_breadcrumb_json":[{"label":"Home","link":"https:\/\/blog.rwth-aachen.de\/itc"},{"label":"Themen","link":"https:\/\/blog.rwth-aachen.de\/itc\/category\/themen\/"},{"label":"Ank\u00fcndigungen","link":"https:\/\/blog.rwth-aachen.de\/itc\/category\/themen\/ankuendigungen\/"},{"label":"\u201eVon Campus bis Cloud \u2013 souver\u00e4n vernetzt\u201c","link":"https:\/\/blog.rwth-aachen.de\/itc\/2026\/09\/03\/von-campus-bis-cloud-souveraen-vernetzt\/"}],"_links":{"self":[{"href":"https:\/\/blog.rwth-aachen.de\/itc\/wp-json\/wp\/v2\/posts\/24787","targetHints":{"allow":["GET"]}}],"collection":[{"href":"https:\/\/blog.rwth-aachen.de\/itc\/wp-json\/wp\/v2\/posts"}],"about":[{"href":"https:\/\/blog.rwth-aachen.de\/itc\/wp-json\/wp\/v2\/types\/post"}],"author":[{"embeddable":true,"href":"https:\/\/blog.rwth-aachen.de\/itc\/wp-json\/wp\/v2\/users\/5299"}],"replies":[{"embeddable":true,"href":"https:\/\/blog.rwth-aachen.de\/itc\/wp-json\/wp\/v2\/comments?post=24787"}],"version-history":[{"count":14,"href":"https:\/\/blog.rwth-aachen.de\/itc\/wp-json\/wp\/v2\/posts\/24787\/revisions"}],"predecessor-version":[{"id":24797,"href":"https:\/\/blog.rwth-aachen.de\/itc\/wp-json\/wp\/v2\/posts\/24787\/revisions\/24797"}],"wp:featuredmedia":[{"embeddable":true,"href":"https:\/\/blog.rwth-aachen.de\/itc\/wp-json\/wp\/v2\/media\/24790"}],"wp:attachment":[{"href":"https:\/\/blog.rwth-aachen.de\/itc\/wp-json\/wp\/v2\/media?parent=24787"}],"wp:term":[{"taxonomy":"category","embeddable":true,"href":"https:\/\/blog.rwth-aachen.de\/itc\/wp-json\/wp\/v2\/categories?post=24787"},{"taxonomy":"post_tag","embeddable":true,"href":"https:\/\/blog.rwth-aachen.de\/itc\/wp-json\/wp\/v2\/tags?post=24787"}],"curies":[{"name":"wp","href":"https:\/\/api.w.org\/{rel}","templated":true}]}}