{"id":2906,"date":"2018-08-06T08:00:54","date_gmt":"2018-08-06T06:00:54","guid":{"rendered":"https:\/\/blog.rwth-aachen.de\/itc\/?p=2906"},"modified":"2023-09-15T08:50:33","modified_gmt":"2023-09-15T06:50:33","slug":"die-aera-cremer","status":"publish","type":"post","link":"https:\/\/blog.rwth-aachen.de\/itc\/2018\/08\/06\/die-aera-cremer\/","title":{"rendered":"60 Jahre IT Center &#8211; Die \u00c4ra Cremer (bis 1964)"},"content":{"rendered":"<div class=\"twoclick_social_bookmarks_post_2906 social_share_privacy clearfix 1.6.4 locale-de_DE sprite-de_DE\"><\/div><div class=\"twoclick-js\"><script type=\"text\/javascript\">\/* <![CDATA[ *\/\njQuery(document).ready(function($){if($('.twoclick_social_bookmarks_post_2906')){$('.twoclick_social_bookmarks_post_2906').socialSharePrivacy({\"txt_help\":\"Wenn Sie diese Felder durch einen Klick aktivieren, werden Informationen an Facebook, Twitter, Flattr, Xing, t3n, LinkedIn, Pinterest oder Google eventuell ins Ausland \\u00fcbertragen und unter Umst\\u00e4nden auch dort gespeichert. N\\u00e4heres erfahren Sie durch einen Klick auf das <em>i<\\\/em>.\",\"settings_perma\":\"Dauerhaft aktivieren und Daten\\u00fcber-tragung zustimmen:\",\"info_link\":\"http:\\\/\\\/www.heise.de\\\/ct\\\/artikel\\\/2-Klicks-fuer-mehr-Datenschutz-1333879.html\",\"uri\":\"https:\\\/\\\/blog.rwth-aachen.de\\\/itc\\\/2018\\\/08\\\/06\\\/die-aera-cremer\\\/\",\"post_id\":2906,\"post_title_referrer_track\":\"60+Jahre+IT+Center+%26%238211%3B+Die+%C3%84ra+Cremer+%28bis+1964%29\",\"display_infobox\":\"on\"});}});\n\/* ]]> *\/<\/script><\/div><p><div id=\"attachment_2943\" style=\"width: 283px\" class=\"wp-caption alignright\"><img loading=\"lazy\" decoding=\"async\" aria-describedby=\"caption-attachment-2943\" class=\"wp-image-2943\" src=\"https:\/\/blog.rwth-aachen.de\/itc\/files\/2018\/08\/Bild_Cremer_chronik_neu-2.jpg\" alt=\"Prof. Dr. Hubert Cremer\" width=\"273\" height=\"394\" srcset=\"https:\/\/blog.rwth-aachen.de\/itc\/files\/2018\/08\/Bild_Cremer_chronik_neu-2.jpg 451w, https:\/\/blog.rwth-aachen.de\/itc\/files\/2018\/08\/Bild_Cremer_chronik_neu-2-208x300.jpg 208w\" sizes=\"auto, (max-width: 273px) 100vw, 273px\" \/><p id=\"caption-attachment-2943\" class=\"wp-caption-text\">\u00dcbergabe der Ehrensenatorenw\u00fcrde an Fritz Reutter 1981 <br \/>Quelle: Alma Mater Aquensis<\/p><\/div><\/p>\n<p style=\"text-align: center;\"><span style=\"color: #00549f;\"><strong>&#8222;Die Bitte des Bits&#8220;<\/strong><\/span><\/p>\n<p style=\"text-align: center;\"><strong><span style=\"color: #000000;\">Ich bin ein Bit, ein armseliges blo\u00df,<\/span><\/strong><\/p>\n<p style=\"text-align: center;\"><strong><span style=\"color: #000000;\">es ist mir nur gegeben<\/span><\/strong><\/p>\n<p style=\"text-align: center;\"><strong><span style=\"color: #000000;\">als Stromsto\u00df oder als Nichtstromsto\u00df<\/span><\/strong><\/p>\n<p style=\"text-align: center;\"><strong><span style=\"color: #000000;\">drei Mikrosekunden zu leben. [\u2026]<\/span><\/strong><\/p>\n<p>Als Hubert Cremer diese Zeilen in den sp\u00e4ten 40er Jahren des vergangenen Jahrhunderts verfasste, war das Rechenzentrum noch nicht geboren.<br \/>\nEr erkannte jedoch fr\u00fch die (zuk\u00fcnftige) Bedeutung der elektronischen Datenverarbeitung und das enorme Leistungspotenzial der Bits, wenn er fortf\u00e4hrt:<\/p>\n<p style=\"text-align: center;\"><strong>Helf ich der Menschheit in der Not<\/strong><\/p>\n<p style=\"text-align: center;\"><strong>Durch gutes Planen und Schaffen [\u2026]<\/strong><\/p>\n<p>Auf seine Initiative und unter seiner Leitung fand 1952 in Aachen das erste Rechenautomaten-Kolloquium auf deutschem Boden statt, unter anderem mit Konrad Zuse, dem Erfinder des modernen Computers und Prof. Dr. Biermann, der in G\u00f6ttingen die richtungsweisende G1-Rechenmaschine entwickelt hatte.<\/p>\n<p><!--more--><\/p>\n<div id=\"attachment_2947\" style=\"width: 387px\" class=\"wp-caption alignleft\"><img loading=\"lazy\" decoding=\"async\" aria-describedby=\"caption-attachment-2947\" class=\"wp-image-2947\" src=\"https:\/\/blog.rwth-aachen.de\/itc\/files\/2018\/08\/Z22appel.jpg\" alt=\"\" width=\"377\" height=\"244\" srcset=\"https:\/\/blog.rwth-aachen.de\/itc\/files\/2018\/08\/Z22appel.jpg 1856w, https:\/\/blog.rwth-aachen.de\/itc\/files\/2018\/08\/Z22appel-300x194.jpg 300w, https:\/\/blog.rwth-aachen.de\/itc\/files\/2018\/08\/Z22appel-768x497.jpg 768w, https:\/\/blog.rwth-aachen.de\/itc\/files\/2018\/08\/Z22appel-1024x662.jpg 1024w\" sizes=\"auto, (max-width: 377px) 100vw, 377px\" \/><p id=\"caption-attachment-2947\" class=\"wp-caption-text\">Die Zuse Z22 im Haus Appelrath <br \/>Quelle: Walter Ulrich<\/p><\/div>\n<p style=\"text-align: left;\">Zu jener Zeit die Professur \u201eLehrstuhl C f\u00fcr Mathematik\u201c an der RWTH innehabend, bem\u00fchte sich Prof. Dr. Cremer um den Erwerb der ersten Gro\u00dfrechenmaschine der RWTH Aachen. Sein Objekt der Begierde war eine <strong>Z22<\/strong>, benannt nach ihrem Erfinder Konrad Zuse, von welcher er sich neben der Unterst\u00fctzung von Berechnungen von Fahrbahnplatten und Hochdruckkesseltrommeln, auch einen Vorteil gegen\u00fcber mechanischen Rechenmaschinen versprach.<\/p>\n<p style=\"text-align: left;\">Erst nach mehreren Antr\u00e4gen und Senatssitzungen gelang es ihm, sein Vorhaben durchzusetzen. Im Jahre 1958 fand der erste Zuse-Stecker seinen Weg in die RWTH Gem\u00e4uer.<\/p>\n<p style=\"text-align: left;\">Professor Cremer demonstrierte anhand der Z22, die in der Lage war, 30 Operationen pro Sekunde zu bewerkstelligen, wie unentbehrlich die Arbeit digitaler Rechenmaschinen f\u00fcr die verschiedenen Disziplinen der Hochschule ist, so dass seine Abteilung des Mathematischen Lehrstuhls C f\u00fcr Mathematik und Gro\u00dfrechenanlagen zu einer eigenen Einrichtung avancierte:<\/p>\n<p><strong>Es ist die Geburt des Rechenzentrums der Technischen Hochschule Aachen!<\/strong><\/p>\n<div id=\"attachment_2959\" style=\"width: 419px\" class=\"wp-caption alignright\"><img loading=\"lazy\" decoding=\"async\" aria-describedby=\"caption-attachment-2959\" class=\"wp-image-2959\" src=\"https:\/\/blog.rwth-aachen.de\/itc\/files\/2018\/08\/2002lief2.jpg\" alt=\"\" width=\"409\" height=\"267\" srcset=\"https:\/\/blog.rwth-aachen.de\/itc\/files\/2018\/08\/2002lief2.jpg 1844w, https:\/\/blog.rwth-aachen.de\/itc\/files\/2018\/08\/2002lief2-300x196.jpg 300w, https:\/\/blog.rwth-aachen.de\/itc\/files\/2018\/08\/2002lief2-768x501.jpg 768w, https:\/\/blog.rwth-aachen.de\/itc\/files\/2018\/08\/2002lief2-1024x669.jpg 1024w\" sizes=\"auto, (max-width: 409px) 100vw, 409px\" \/><p id=\"caption-attachment-2959\" class=\"wp-caption-text\">Lieferung der Siemens 2002 ins Haus Appelrath im Jahre 1959 <br \/>Quelle: Walter Ulrich<\/p><\/div>\n<p>Schon bald wurden sechs weitere Maschinen bestellt und der Platz im Hause Appelrath am Dom immer d\u00fcrftiger, so dass weitere R\u00e4ume im Stadtkern angemietet wurden, die eine Expansion von 400 qm auf 1000 qm bedeutete. Unter diesen Maschinen befand sich die <strong>Siemens 2002<\/strong>, die 66mal schneller rechnete als ein Exemplar der Zuses. Die Rechenkapazit\u00e4t, die aus der Summe dieser Maschinen erreicht wurde, f\u00fchrte zu gesteigertem Interesse an der Nutzung seitens anderer Institute und damit zu dem Umstand, das Rechenzentrum zu einem Dienstleister zu machen, der hochschulweit Angeh\u00f6rigen den Zugang zu ihnen gew\u00e4hrte. Um weiteren Platzproblemen aus dem Weg zu gehen, beschloss man den Standort in den Seffenter Weg zu verlagern. Ab dem 05.09.1963 fanden hier zahlreiche Bits ein neues Zuhause.<\/p>\n<p>Durch das engagierte Eintreten Professor Cremers f\u00fcr die Anschaffung von Gro\u00dfrechenanlagen wurde die Entstehung und zukunftsweisende Entwicklung des IT Centers der RWTH Aachen erm\u00f6glicht.<\/p>\n<p>Die heutigen Hochleistungsrechner des Rechenzentrums haben vielleicht \u00e4u\u00dferlich nicht mehr viel mit der Technik der Z22 gemeinsam, aber der Einsatz f\u00fcr Forschung und Lehre ist gleichgeblieben.<\/p>\n<p>F\u00fcr seine herausragenden Leistungen wird Prof. Cremer 1973 das gro\u00dfe <strong>Bundesverdienstkreuz<\/strong> der Bundesrepublik Deutschland verliehen.<\/p>\n<p>Seine Gedichte, darunter das hier Vorliegende sind nachzulesen unter:<\/p>\n<p>Hubert Cremer: Carmina Mathematica und andere poetische Jugends\u00fcnden. Aachen 1982, 7. Auflage.<\/p>","protected":false},"excerpt":{"rendered":"<p>&#8222;Die Bitte des Bits&#8220; Ich bin ein Bit, ein armseliges blo\u00df, es ist mir nur gegeben als Stromsto\u00df oder als Nichtstromsto\u00df drei Mikrosekunden zu leben. [\u2026] Als Hubert Cremer diese [&hellip;]<\/p>\n","protected":false},"author":1,"featured_media":0,"comment_status":"open","ping_status":"closed","sticky":false,"template":"","format":"standard","meta":{"c2c_always_allow_admin_comments":false,"footnotes":""},"categories":[305],"tags":[],"class_list":["post-2906","post","type-post","status-publish","format-standard","hentry","category-themen"],"aioseo_notices":[],"_links":{"self":[{"href":"https:\/\/blog.rwth-aachen.de\/itc\/wp-json\/wp\/v2\/posts\/2906","targetHints":{"allow":["GET"]}}],"collection":[{"href":"https:\/\/blog.rwth-aachen.de\/itc\/wp-json\/wp\/v2\/posts"}],"about":[{"href":"https:\/\/blog.rwth-aachen.de\/itc\/wp-json\/wp\/v2\/types\/post"}],"author":[{"embeddable":true,"href":"https:\/\/blog.rwth-aachen.de\/itc\/wp-json\/wp\/v2\/users\/1"}],"replies":[{"embeddable":true,"href":"https:\/\/blog.rwth-aachen.de\/itc\/wp-json\/wp\/v2\/comments?post=2906"}],"version-history":[{"count":24,"href":"https:\/\/blog.rwth-aachen.de\/itc\/wp-json\/wp\/v2\/posts\/2906\/revisions"}],"predecessor-version":[{"id":17190,"href":"https:\/\/blog.rwth-aachen.de\/itc\/wp-json\/wp\/v2\/posts\/2906\/revisions\/17190"}],"wp:attachment":[{"href":"https:\/\/blog.rwth-aachen.de\/itc\/wp-json\/wp\/v2\/media?parent=2906"}],"wp:term":[{"taxonomy":"category","embeddable":true,"href":"https:\/\/blog.rwth-aachen.de\/itc\/wp-json\/wp\/v2\/categories?post=2906"},{"taxonomy":"post_tag","embeddable":true,"href":"https:\/\/blog.rwth-aachen.de\/itc\/wp-json\/wp\/v2\/tags?post=2906"}],"curies":[{"name":"wp","href":"https:\/\/api.w.org\/{rel}","templated":true}]}}