{"id":4147,"date":"2018-11-30T13:00:23","date_gmt":"2018-11-30T11:00:23","guid":{"rendered":"https:\/\/blog.rwth-aachen.de\/itc\/?p=4147"},"modified":"2023-09-01T14:15:12","modified_gmt":"2023-09-01T12:15:12","slug":"das-it-center-laedt-ein-aixcelerate-2018","status":"publish","type":"post","link":"https:\/\/blog.rwth-aachen.de\/itc\/2018\/11\/30\/das-it-center-laedt-ein-aixcelerate-2018\/","title":{"rendered":"Das IT Center l\u00e4dt ein &#8211; aiXcelerate 2018"},"content":{"rendered":"<div class=\"twoclick_social_bookmarks_post_4147 social_share_privacy clearfix 1.6.4 locale-de_DE sprite-de_DE\"><\/div><div class=\"twoclick-js\"><script type=\"text\/javascript\">\/* <![CDATA[ *\/\njQuery(document).ready(function($){if($('.twoclick_social_bookmarks_post_4147')){$('.twoclick_social_bookmarks_post_4147').socialSharePrivacy({\"txt_help\":\"Wenn Sie diese Felder durch einen Klick aktivieren, werden Informationen an Facebook, Twitter, Flattr, Xing, t3n, LinkedIn, Pinterest oder Google eventuell ins Ausland \\u00fcbertragen und unter Umst\\u00e4nden auch dort gespeichert. N\\u00e4heres erfahren Sie durch einen Klick auf das <em>i<\\\/em>.\",\"settings_perma\":\"Dauerhaft aktivieren und Daten\\u00fcber-tragung zustimmen:\",\"info_link\":\"http:\\\/\\\/www.heise.de\\\/ct\\\/artikel\\\/2-Klicks-fuer-mehr-Datenschutz-1333879.html\",\"uri\":\"https:\\\/\\\/blog.rwth-aachen.de\\\/itc\\\/2018\\\/11\\\/30\\\/das-it-center-laedt-ein-aixcelerate-2018\\\/\",\"post_id\":4147,\"post_title_referrer_track\":\"Das+IT+Center+l%C3%A4dt+ein+%26%238211%3B+aiXcelerate+2018\",\"display_infobox\":\"on\"});}});\n\/* ]]> *\/<\/script><\/div><div id=\"attachment_4148\" style=\"width: 569px\" class=\"wp-caption aligncenter\"><img loading=\"lazy\" decoding=\"async\" aria-describedby=\"caption-attachment-4148\" class=\"wp-image-4148\" src=\"https:\/\/blog.rwth-aachen.de\/itc\/files\/2018\/11\/Aixcelerate.jpg\" alt=\"aiXcelerate 2018\" width=\"559\" height=\"201\" srcset=\"https:\/\/blog.rwth-aachen.de\/itc\/files\/2018\/11\/Aixcelerate.jpg 1044w, https:\/\/blog.rwth-aachen.de\/itc\/files\/2018\/11\/Aixcelerate-300x108.jpg 300w, https:\/\/blog.rwth-aachen.de\/itc\/files\/2018\/11\/Aixcelerate-768x276.jpg 768w, https:\/\/blog.rwth-aachen.de\/itc\/files\/2018\/11\/Aixcelerate-1024x368.jpg 1024w\" sizes=\"auto, (max-width: 559px) 100vw, 559px\" \/><p id=\"caption-attachment-4148\" class=\"wp-caption-text\">Quelle: Eigene Darstellung<\/p><\/div>\n<p>Das IT Center l\u00e4dt auch in diesem Jahr zur 10. aiXcelerate im Hause des IT Centers ein. Wir freuen uns aufspannende Pr\u00e4sentationen und gewinnbringende Workshops. Seien Sie dabei und melden Sie sich zur Veranstaltung an!<\/p>\n<p>Die aiXcelerate besteht aus Pr\u00e4sentationen, die f\u00fcr eine breite Zuh\u00f6rerschaft zug\u00e4nglich sind, und einem praktischen Tuning-Workshop f\u00fcr eine begrenzte Anzahl ausgew\u00e4hlter Computerprojekte.<br \/>\nDie Pr\u00e4sentationen werden in englischer Sprache gehalten.<\/p>\n<p>Im Mittelpunkt des aiXcelerate HPC Tuning Workshops stehen die Intel <a href=\"https:\/\/ark.intel.com\/products\/120501\/Intel-Xeon-Platinum-8160-Processor-33M-Cache-2-10-GHz-\">Skylake<\/a> (SKK) Mikroarchitektur, SIMD-Programmierung und Leistungsoptimierung mit <a href=\"https:\/\/hpc.fau.de\/research\/tools\/likwid\/\">Likwid<\/a>, Intel <a href=\"https:\/\/software.intel.com\/en-us\/vtune\">VTune<\/a>\/Amplifier und <a href=\"https:\/\/software.intel.com\/en-us\/advisor\">Intel Advisor<\/a>.<!--more--><\/p>\n<p>Wir freuen uns darauf, Michael Klemm und Christopher Dahnken, zwei HPC-Performance-Experten von Intel, anzuk\u00fcndigen, die Pr\u00e4sentationen halten und Ihre Tuning-Aktivit\u00e4ten unterst\u00fctzen werden. Dar\u00fcber hinaus wird Thomas Gruber (geb. R\u00f6hl), Hauptentwickler des Likwid-Tools, einen Vortrag \u00fcber die Erkennung leistungsbegrenzender Faktoren bei der Hardware\u00fcberwachung mit Likwid halten. Bei Ihren Tuningaktivit\u00e4ten unterst\u00fctzen Sie auch Experten des HPC-Teams des IT Centers der RWTH Aachen University.<\/p>\n<p>Eine Teilnahme an der Pr\u00e4sentation ist nach vorhergehender Anmeldung m\u00f6glich.<\/p>\n<p>Verantwortlich f\u00fcr die Inhalte dieses Beitrags ist: <a href=\"http:\/\/www.itc.rwth-aachen.de\/cms\/IT-Center\/IT-Center\/Team\/~epvp\/Mitarbeiter-CAMPUS-\/?gguid=0x3CFCED905704E14FA6E77F1CFA159EC3&amp;allou=1\">Sara Kaya<\/a><\/p>\n","protected":false},"excerpt":{"rendered":"<p>Das IT Center l\u00e4dt auch in diesem Jahr zur 10. aiXcelerate im Hause des IT Centers ein. Wir freuen uns aufspannende Pr\u00e4sentationen und gewinnbringende Workshops. Seien Sie dabei und melden [&hellip;]<\/p>\n","protected":false},"author":1328,"featured_media":0,"comment_status":"open","ping_status":"closed","sticky":false,"template":"","format":"standard","meta":{"c2c_always_allow_admin_comments":false,"footnotes":""},"categories":[305],"tags":[],"class_list":["post-4147","post","type-post","status-publish","format-standard","hentry","category-themen"],"aioseo_notices":[],"_links":{"self":[{"href":"https:\/\/blog.rwth-aachen.de\/itc\/wp-json\/wp\/v2\/posts\/4147","targetHints":{"allow":["GET"]}}],"collection":[{"href":"https:\/\/blog.rwth-aachen.de\/itc\/wp-json\/wp\/v2\/posts"}],"about":[{"href":"https:\/\/blog.rwth-aachen.de\/itc\/wp-json\/wp\/v2\/types\/post"}],"author":[{"embeddable":true,"href":"https:\/\/blog.rwth-aachen.de\/itc\/wp-json\/wp\/v2\/users\/1328"}],"replies":[{"embeddable":true,"href":"https:\/\/blog.rwth-aachen.de\/itc\/wp-json\/wp\/v2\/comments?post=4147"}],"version-history":[{"count":9,"href":"https:\/\/blog.rwth-aachen.de\/itc\/wp-json\/wp\/v2\/posts\/4147\/revisions"}],"predecessor-version":[{"id":17022,"href":"https:\/\/blog.rwth-aachen.de\/itc\/wp-json\/wp\/v2\/posts\/4147\/revisions\/17022"}],"wp:attachment":[{"href":"https:\/\/blog.rwth-aachen.de\/itc\/wp-json\/wp\/v2\/media?parent=4147"}],"wp:term":[{"taxonomy":"category","embeddable":true,"href":"https:\/\/blog.rwth-aachen.de\/itc\/wp-json\/wp\/v2\/categories?post=4147"},{"taxonomy":"post_tag","embeddable":true,"href":"https:\/\/blog.rwth-aachen.de\/itc\/wp-json\/wp\/v2\/tags?post=4147"}],"curies":[{"name":"wp","href":"https:\/\/api.w.org\/{rel}","templated":true}]}}