{"id":6303,"date":"2019-09-11T13:00:44","date_gmt":"2019-09-11T11:00:44","guid":{"rendered":"https:\/\/blog.rwth-aachen.de\/itc\/?p=6303"},"modified":"2023-08-18T08:23:15","modified_gmt":"2023-08-18T06:23:15","slug":"oeffnungszeiten-13092019","status":"publish","type":"post","link":"https:\/\/blog.rwth-aachen.de\/itc\/2019\/09\/11\/oeffnungszeiten-13092019\/","title":{"rendered":"Ge\u00e4nderte \u00d6ffnungszeiten am 13.09.2019"},"content":{"rendered":"<div class=\"twoclick_social_bookmarks_post_6303 social_share_privacy clearfix 1.6.4 locale-de_DE sprite-de_DE\"><\/div><div class=\"twoclick-js\"><script type=\"text\/javascript\">\/* <![CDATA[ *\/\njQuery(document).ready(function($){if($('.twoclick_social_bookmarks_post_6303')){$('.twoclick_social_bookmarks_post_6303').socialSharePrivacy({\"txt_help\":\"Wenn Sie diese Felder durch einen Klick aktivieren, werden Informationen an Facebook, Twitter, Flattr, Xing, t3n, LinkedIn, Pinterest oder Google eventuell ins Ausland \\u00fcbertragen und unter Umst\\u00e4nden auch dort gespeichert. N\\u00e4heres erfahren Sie durch einen Klick auf das <em>i<\\\/em>.\",\"settings_perma\":\"Dauerhaft aktivieren und Daten\\u00fcber-tragung zustimmen:\",\"info_link\":\"http:\\\/\\\/www.heise.de\\\/ct\\\/artikel\\\/2-Klicks-fuer-mehr-Datenschutz-1333879.html\",\"uri\":\"https:\\\/\\\/blog.rwth-aachen.de\\\/itc\\\/2019\\\/09\\\/11\\\/oeffnungszeiten-13092019\\\/\",\"post_id\":6303,\"post_title_referrer_track\":\"Ge%C3%A4nderte+%C3%96ffnungszeiten+am+13.09.2019\",\"display_infobox\":\"on\"});}});\n\/* ]]> *\/<\/script><\/div><p>&nbsp;<\/p>\r\n\r\n<p>&nbsp;<\/p>\r\n\r\n<p>&nbsp;<\/p>\r\n\r\n<div class=\"wp-block-image\">\r\n<figure class=\"aligncenter is-resized\">\r\n<div id=\"attachment_6304\" style=\"width: 576px\" class=\"wp-caption alignnone\"><img loading=\"lazy\" decoding=\"async\" aria-describedby=\"caption-attachment-6304\" class=\"wp-image-6304\" src=\"https:\/\/blog.rwth-aachen.de\/itc\/files\/2019\/08\/Sorry_Closed.jpg\" alt=\"Aber nur am Freitag, 13.09.2019 ab 16 Uhr!\" width=\"566\" height=\"267\" srcset=\"https:\/\/blog.rwth-aachen.de\/itc\/files\/2019\/08\/Sorry_Closed.jpg 754w, https:\/\/blog.rwth-aachen.de\/itc\/files\/2019\/08\/Sorry_Closed-300x142.jpg 300w\" sizes=\"auto, (max-width: 566px) 100vw, 566px\" \/><p id=\"caption-attachment-6304\" class=\"wp-caption-text\">Aber nur am Freitag, 13.09.2019 ab 16 Uhr an allen Standorten! <br \/>Quelle: <a href=\"https:\/\/pixabay.com\/illustrations\/board-sign-excuse-me-closed-895398\/\">Pixabay<\/a><\/p><\/div>\r\n<\/figure>\r\n<\/div>\r\n\r\n<p>&nbsp;<\/p>\r\n\r\n<p><strong>Am Freitag, den 13. September<\/strong> <strong>schlie\u00dft<\/strong> <strong>das <\/strong><a href=\"http:\/\/www.itc.rwth-aachen.de\/cms\/~epto\/IT-Center\/\"><strong>IT Center<\/strong><\/a> aufgrund einer innerbetrieblichen Feier schon <strong>um 16 Uhr <\/strong>an allen drei Standorten <strong>f\u00fcr den pers\u00f6nlichen Kontakt<\/strong>.<\/p>\r\n\r\n<p>&nbsp;<\/p>\r\n\r\n<p>Aber keine Sorge, der IT-Betrieb ist nat\u00fcrlich zur gesamten Zeit sichergestellt! Wie Sie uns sonst erreichen k\u00f6nnen?<\/p>\r\n\r\n<p>&nbsp;<\/p>\r\n\r\n<p><strong>Per Telefon von 07:30 bis 16:00 Uhr:<\/strong><\/p>\r\n\r\n<p>&nbsp;<\/p>\r\n\r\n<p>\u00dcber die Nummer\u00a0<strong>0241\/80-24680<\/strong>\u00a0erreichen Sie uns telefonisch bequem und zuverl\u00e4ssig.<\/p>\r\n\r\n<p>&nbsp;<\/p>\r\n\r\n<p><strong>Per Chat von 10:00 bis 16:00 Uhr:<\/strong><\/p>\r\n\r\n<p>&nbsp;<\/p>\r\n\r\n<p>\u00dcber den \u201eChat Support\u201c-Button auf <a href=\"https:\/\/help.itc.rwth-aachen.de\/\">IT Center Help<\/a> erreichen Sie uns zwischen 10:00 und 16:00 Uhr.<\/p>\r\n\r\n<p>&nbsp;<\/p>\r\n\r\n<p>Wahlweise k\u00f6nnen Sie den Chat Support \u00fcber die\u00a0<strong>RWTHApp<\/strong>\u00a0\u00fcber Einrichtungen -&gt; IT-ServiceDesk nutzen.<\/p>\r\n\r\n<p>&nbsp;<\/p>\r\n\r\n<p><strong>Per E-Mail:<\/strong><\/p>\r\n\r\n<p>&nbsp;<\/p>\r\n\r\n<p>Schreiben Sie uns eine E-Mail an\u00a0<a href=\"mailto:servicedesk@itc.rwth-aachen.de\">servicedesk@itc.rwth-aachen.de<\/a>.<\/p>\r\n\r\n<p>&nbsp;<\/p>\r\n\r\n<p>Wir hoffen auf Ihr Verst\u00e4ndnis und sind am Montag,16.09.2019 zu unseren <a href=\"http:\/\/www.itc.rwth-aachen.de\/cms\/IT-Center\/Services\/kompletter-Servicekatalog\/Beschaffungsportale\/ServiceDesk\/~ljdv\/Copy-of-IT-ServiceDesk\/\">gewohnten \u00d6ffnungszeiten<\/a> an allen Standorten wieder f\u00fcr Sie da!<\/p>\r\n\r\n<p>&nbsp;<\/p>\r\n\r\n<p>Vielen Dank und viele Gr\u00fc\u00dfe<\/p>\r\n\r\n<p>&nbsp;<\/p>\r\n\r\n<p>Ihr IT Center<\/p>\r\n\r\n<p>&nbsp;<\/p>\r\n\r\n<p>Verantwortlich f\u00fcr die Inhalte dieses Beitrags ist Liza Schwarz.<\/p>\r\n\r\n<p>&nbsp;<\/p>\r\n\r\n<p>&nbsp;<\/p>","protected":false},"excerpt":{"rendered":"<p>&nbsp; &nbsp; &nbsp; &nbsp; Am Freitag, den 13. September schlie\u00dft das IT Center aufgrund einer innerbetrieblichen Feier schon um 16 Uhr an allen drei Standorten f\u00fcr den pers\u00f6nlichen Kontakt. &nbsp; [&hellip;]<\/p>\n","protected":false},"author":1413,"featured_media":6304,"comment_status":"open","ping_status":"closed","sticky":false,"template":"","format":"standard","meta":{"c2c_always_allow_admin_comments":false,"footnotes":""},"categories":[315],"tags":[],"class_list":["post-6303","post","type-post","status-publish","format-standard","has-post-thumbnail","hentry","category-services-support"],"aioseo_notices":[],"_links":{"self":[{"href":"https:\/\/blog.rwth-aachen.de\/itc\/wp-json\/wp\/v2\/posts\/6303","targetHints":{"allow":["GET"]}}],"collection":[{"href":"https:\/\/blog.rwth-aachen.de\/itc\/wp-json\/wp\/v2\/posts"}],"about":[{"href":"https:\/\/blog.rwth-aachen.de\/itc\/wp-json\/wp\/v2\/types\/post"}],"author":[{"embeddable":true,"href":"https:\/\/blog.rwth-aachen.de\/itc\/wp-json\/wp\/v2\/users\/1413"}],"replies":[{"embeddable":true,"href":"https:\/\/blog.rwth-aachen.de\/itc\/wp-json\/wp\/v2\/comments?post=6303"}],"version-history":[{"count":15,"href":"https:\/\/blog.rwth-aachen.de\/itc\/wp-json\/wp\/v2\/posts\/6303\/revisions"}],"predecessor-version":[{"id":16772,"href":"https:\/\/blog.rwth-aachen.de\/itc\/wp-json\/wp\/v2\/posts\/6303\/revisions\/16772"}],"wp:featuredmedia":[{"embeddable":true,"href":"https:\/\/blog.rwth-aachen.de\/itc\/wp-json\/wp\/v2\/media\/6304"}],"wp:attachment":[{"href":"https:\/\/blog.rwth-aachen.de\/itc\/wp-json\/wp\/v2\/media?parent=6303"}],"wp:term":[{"taxonomy":"category","embeddable":true,"href":"https:\/\/blog.rwth-aachen.de\/itc\/wp-json\/wp\/v2\/categories?post=6303"},{"taxonomy":"post_tag","embeddable":true,"href":"https:\/\/blog.rwth-aachen.de\/itc\/wp-json\/wp\/v2\/tags?post=6303"}],"curies":[{"name":"wp","href":"https:\/\/api.w.org\/{rel}","templated":true}]}}