{"id":6408,"date":"2019-09-13T13:30:44","date_gmt":"2019-09-13T11:30:44","guid":{"rendered":"https:\/\/blog.rwth-aachen.de\/itc\/?p=6408"},"modified":"2023-07-24T11:22:02","modified_gmt":"2023-07-24T09:22:02","slug":"das-it-center-stets-up-to-date","status":"publish","type":"post","link":"https:\/\/blog.rwth-aachen.de\/itc\/2019\/09\/13\/das-it-center-stets-up-to-date\/","title":{"rendered":"Das IT Center \u2013 stets up to date"},"content":{"rendered":"<div class=\"twoclick_social_bookmarks_post_6408 social_share_privacy clearfix 1.6.4 locale-de_DE sprite-de_DE\"><\/div><div class=\"twoclick-js\"><script type=\"text\/javascript\">\/* <![CDATA[ *\/\njQuery(document).ready(function($){if($('.twoclick_social_bookmarks_post_6408')){$('.twoclick_social_bookmarks_post_6408').socialSharePrivacy({\"txt_help\":\"Wenn Sie diese Felder durch einen Klick aktivieren, werden Informationen an Facebook, Twitter, Flattr, Xing, t3n, LinkedIn, Pinterest oder Google eventuell ins Ausland \\u00fcbertragen und unter Umst\\u00e4nden auch dort gespeichert. N\\u00e4heres erfahren Sie durch einen Klick auf das <em>i<\\\/em>.\",\"settings_perma\":\"Dauerhaft aktivieren und Daten\\u00fcber-tragung zustimmen:\",\"info_link\":\"http:\\\/\\\/www.heise.de\\\/ct\\\/artikel\\\/2-Klicks-fuer-mehr-Datenschutz-1333879.html\",\"uri\":\"https:\\\/\\\/blog.rwth-aachen.de\\\/itc\\\/2019\\\/09\\\/13\\\/das-it-center-stets-up-to-date\\\/\",\"post_id\":6408,\"post_title_referrer_track\":\"Das+IT+Center+%E2%80%93+stets+up+to+date\",\"display_infobox\":\"on\"});}});\n\/* ]]> *\/<\/script><\/div>\r\n<p>\u201eWer rastet, der rostet.\u201c<\/p>\r\n\r\n\r\n\r\n<p>Social Media ist heute nicht mehr aus der Welt der Kommunikation wegzudenken. Dabei ist aber nicht Beitrag gleich Beitrag. Was will man den Lesern kommunizieren? Ist dies \u00fcberhaupt interessant f\u00fcr die Zielgruppe? Wie werden \u00fcberhaupt Social Media Kampagnen gestaltet?\u00a0<\/p>\r\n\r\n\r\n\r\n<p>All das und noch viel mehr wei\u00df nun <a href=\"https:\/\/www.itc.rwth-aachen.de\/cms\/IT-Center\/IT-Center\/Team\/~pwgk\/Sarah-Grzemski\/?allou=1\">Frau Grzemski<\/a>, Leiterin der Abteilung Service &amp; Kommunikation am <a href=\"https:\/\/www.itc.rwth-aachen.de\/cms\/~epto\/IT-Center\/\">IT Center<\/a>. Anfang des Jahres hat sie die berufsbegleitende Weiterbildung zur <a href=\"https:\/\/www.th-koeln.de\/weiterbildung\/social-media-managerin_2282.php\">Social Media Managerin<\/a> an der TH K\u00f6ln erfolgreich absolviert.<\/p>\r\n\r\n\r\n\r\n<div class=\"wp-block-image\">\r\n<figure class=\"aligncenter is-resized\">\r\n<div id=\"attachment_6409\" style=\"width: 394px\" class=\"wp-caption alignnone\"><img loading=\"lazy\" decoding=\"async\" aria-describedby=\"caption-attachment-6409\" class=\"wp-image-6409\" src=\"https:\/\/blog.rwth-aachen.de\/itc\/files\/2019\/09\/20190525_143706_bearbeitet_kleines-Format-768x1024.png\" alt=\"Frau Grzemski hat sehr erfolgreich an der berufsbegleitenden Weiterbildung zur Social Media Managerin teilgenommen.\" width=\"384\" height=\"512\" srcset=\"https:\/\/blog.rwth-aachen.de\/itc\/files\/2019\/09\/20190525_143706_bearbeitet_kleines-Format-768x1024.png 768w, https:\/\/blog.rwth-aachen.de\/itc\/files\/2019\/09\/20190525_143706_bearbeitet_kleines-Format-225x300.png 225w, https:\/\/blog.rwth-aachen.de\/itc\/files\/2019\/09\/20190525_143706_bearbeitet_kleines-Format.png 1732w\" sizes=\"auto, (max-width: 384px) 100vw, 384px\" \/><p id=\"caption-attachment-6409\" class=\"wp-caption-text\">Frau Grzemski hat sehr erfolgreich an der berufsbegleitenden Weiterbildung zur Social Media Managerin teilgenommen. <br \/>Quelle: Eigene Darstellung<\/p><\/div>\r\n\r\n<\/figure>\r\n<\/div>\r\n\r\n\r\n\r\n<p><!--more--><\/p>\r\n\r\n\r\n\r\n<h4 class=\"wp-block-heading\">Berufsbegleitende Qualifikation zum Social Media Manager<\/h4>\r\n\r\n\r\n\r\n<p>Die Inhalte dieser berufsbegleitenden Qualifikation reichten von der Vermittlung von umfangreichem Fachwissen bis hin zum professionellen Einsatz von Social Media.<\/p>\r\n\r\n\r\n\r\n<p>Hierbei geht es nicht nur darum, die Social Media Potentiale f\u00fcr das Unternehmen zu identifizieren, sondern auch Nutzende mit gezielten und kreativen Posts im Social Web f\u00fcr die eigene Sache zu begeistern.<\/p>\r\n\r\n\r\n\r\n<p>Praxisnahe \u00dcbungen haben zudem dazu beigetragen, dass am Beispiel des eigenen Unternehmens die erlernen Inhalte direkt angewendet werden. Wichtige Rahmenbedingungen, wie die Bespielung der Social Media Kan\u00e4le unter Beachtung neuester rechtlicher Entwicklungen, wurden ebenfalls nicht au\u00dfer Acht gelassen. Die Aktivierung und Betreuung von Nutzenden f\u00fcr ein nachhaltiges Communitymanagement sind ebenso wichtig wie der Umgang mit negativem Feedback.<\/p>\r\n\r\n\r\n\r\n<p>Konkret wurde lehrgangsbegleitend eine eigene Social Media Strategie ausgearbeitet. Learning by Doing, eben. Erg\u00e4nzend wurden von den Teilnehmenden Hausarbeiten in den Modulen Kommunikation, Social Media Monitoring und Social Media Marketing angefertigt, um den Wissenstransfer der erlernten Inhalte in die berufliche Praxis nachzuweisen.<\/p>\r\n\r\n\r\n\r\n<h4 class=\"wp-block-heading\">Neue Social Media Kan\u00e4le am IT Center<\/h4>\r\n\r\n\r\n\r\n<p>Zum Abschluss der Weiterbildung wurde ein Casebook erstellt. Dieses beleuchtet alle notwendigen Bereiche f\u00fcr eine erfolgreiche Umsetzung von Social Media Ma\u00dfnahmen: Von der Sichtung der M\u00f6glichkeiten \u00fcber die Auswahl von Kan\u00e4len und Empfehlungen bis hin zur Umsetzungsstrategie \u2013 alles im konkreten Anwendungsfall des <a href=\"https:\/\/www.itc.rwth-aachen.de\/cms\/it-center\/~rbnjp\/IT-Center\/\">IT Centers<\/a>.<\/p>\r\n\r\n\r\n\r\n<p>Gekr\u00f6nt wurde die Weiterbildung durch eine m\u00fcndliche Pr\u00fcfung: Die Pr\u00e4sentation der selbst ausgearbeiteten Social Media Strategie mit anschlie\u00dfendem Fachgespr\u00e4ch.<\/p>\r\n\r\n\r\n\r\n<p>Wir gratulieren Frau Grzemski zu ihrer sehr erfolgreich bestandenen Pr\u00fcfung und freuen uns an ihrem Wissen partizipieren zu d\u00fcrfen. Und welche Folgen hat das f\u00fcr Sie? Die Einf\u00fchrung und Etablierung weiterer neuer Social Media Kan\u00e4le zur Unterst\u00fctzung der IT Center Kommunikation. Welche das sind? Bleiben Sie gespannt! Wir werden bald dar\u00fcber berichten.<\/p>\r\n\r\n\r\n\r\n<p>Verantwortlich f\u00fcr die Inhalte dieses Beitrags ist <a href=\"https:\/\/www.itc.rwth-aachen.de\/cms\/IT-Center\/IT-Center\/Team\/~epvp\/Mitarbeiter-CAMPUS-\/?gguid=0x0EC9C01F8EFF104B810E20F8F5820CD8&amp;allou=1\">Linda J\u00f6rres<\/a>.<\/p>","protected":false},"excerpt":{"rendered":"<p>\u201eWer rastet, der rostet.\u201c Social Media ist heute nicht mehr aus der Welt der Kommunikation wegzudenken. Dabei ist aber nicht Beitrag gleich Beitrag. Was will man den Lesern kommunizieren? Ist [&hellip;]<\/p>\n","protected":false},"author":2051,"featured_media":6409,"comment_status":"open","ping_status":"closed","sticky":false,"template":"","format":"standard","meta":{"c2c_always_allow_admin_comments":false,"footnotes":""},"categories":[341,312],"tags":[661],"class_list":["post-6408","post","type-post","status-publish","format-standard","has-post-thumbnail","hentry","category-ausbildung-jobs","category-insight-it-center","tag-it-center-als-arbeitsplatz"],"aioseo_notices":[],"_links":{"self":[{"href":"https:\/\/blog.rwth-aachen.de\/itc\/wp-json\/wp\/v2\/posts\/6408","targetHints":{"allow":["GET"]}}],"collection":[{"href":"https:\/\/blog.rwth-aachen.de\/itc\/wp-json\/wp\/v2\/posts"}],"about":[{"href":"https:\/\/blog.rwth-aachen.de\/itc\/wp-json\/wp\/v2\/types\/post"}],"author":[{"embeddable":true,"href":"https:\/\/blog.rwth-aachen.de\/itc\/wp-json\/wp\/v2\/users\/2051"}],"replies":[{"embeddable":true,"href":"https:\/\/blog.rwth-aachen.de\/itc\/wp-json\/wp\/v2\/comments?post=6408"}],"version-history":[{"count":7,"href":"https:\/\/blog.rwth-aachen.de\/itc\/wp-json\/wp\/v2\/posts\/6408\/revisions"}],"predecessor-version":[{"id":16537,"href":"https:\/\/blog.rwth-aachen.de\/itc\/wp-json\/wp\/v2\/posts\/6408\/revisions\/16537"}],"wp:featuredmedia":[{"embeddable":true,"href":"https:\/\/blog.rwth-aachen.de\/itc\/wp-json\/wp\/v2\/media\/6409"}],"wp:attachment":[{"href":"https:\/\/blog.rwth-aachen.de\/itc\/wp-json\/wp\/v2\/media?parent=6408"}],"wp:term":[{"taxonomy":"category","embeddable":true,"href":"https:\/\/blog.rwth-aachen.de\/itc\/wp-json\/wp\/v2\/categories?post=6408"},{"taxonomy":"post_tag","embeddable":true,"href":"https:\/\/blog.rwth-aachen.de\/itc\/wp-json\/wp\/v2\/tags?post=6408"}],"curies":[{"name":"wp","href":"https:\/\/api.w.org\/{rel}","templated":true}]}}