{"id":6651,"date":"2019-11-13T15:02:20","date_gmt":"2019-11-13T13:02:20","guid":{"rendered":"https:\/\/blog.rwth-aachen.de\/itc\/?p=6651"},"modified":"2024-02-14T17:02:40","modified_gmt":"2024-02-14T16:02:40","slug":"internationaloffice-feat-itcenter","status":"publish","type":"post","link":"https:\/\/blog.rwth-aachen.de\/itc\/2019\/11\/13\/internationaloffice-feat-itcenter\/","title":{"rendered":"International Office feat. IT Center &#8211; Latecomer Program 2019"},"content":{"rendered":"<div class=\"twoclick_social_bookmarks_post_6651 social_share_privacy clearfix 1.6.4 locale-de_DE sprite-de_DE\"><\/div><div class=\"twoclick-js\"><script type=\"text\/javascript\">\/* <![CDATA[ *\/\njQuery(document).ready(function($){if($('.twoclick_social_bookmarks_post_6651')){$('.twoclick_social_bookmarks_post_6651').socialSharePrivacy({\"txt_help\":\"Wenn Sie diese Felder durch einen Klick aktivieren, werden Informationen an Facebook, Twitter, Flattr, Xing, t3n, LinkedIn, Pinterest oder Google eventuell ins Ausland \\u00fcbertragen und unter Umst\\u00e4nden auch dort gespeichert. N\\u00e4heres erfahren Sie durch einen Klick auf das <em>i<\\\/em>.\",\"settings_perma\":\"Dauerhaft aktivieren und Daten\\u00fcber-tragung zustimmen:\",\"info_link\":\"http:\\\/\\\/www.heise.de\\\/ct\\\/artikel\\\/2-Klicks-fuer-mehr-Datenschutz-1333879.html\",\"uri\":\"https:\\\/\\\/blog.rwth-aachen.de\\\/itc\\\/2019\\\/11\\\/13\\\/internationaloffice-feat-itcenter\\\/\",\"post_id\":6651,\"post_title_referrer_track\":\"International+Office+feat.+IT+Center+%26%238211%3B+Latecomer+Program+2019\",\"display_infobox\":\"on\"});}});\n\/* ]]> *\/<\/script><\/div><p>&nbsp;<\/p>\r\n\r\n<div class=\"wp-block-image\">\r\n<figure class=\"aligncenter is-resized\">\r\n<div id=\"attachment_6652\" style=\"width: 420px\" class=\"wp-caption alignnone\"><img loading=\"lazy\" decoding=\"async\" aria-describedby=\"caption-attachment-6652\" class=\"wp-image-6652\" src=\"https:\/\/blog.rwth-aachen.de\/itc\/files\/2019\/11\/IMG_20191105_111724-819x1024.jpg\" alt=\"Latecomer Program 2019\" width=\"410\" height=\"512\" srcset=\"https:\/\/blog.rwth-aachen.de\/itc\/files\/2019\/11\/IMG_20191105_111724-819x1024.jpg 819w, https:\/\/blog.rwth-aachen.de\/itc\/files\/2019\/11\/IMG_20191105_111724-240x300.jpg 240w, https:\/\/blog.rwth-aachen.de\/itc\/files\/2019\/11\/IMG_20191105_111724-768x960.jpg 768w\" sizes=\"auto, (max-width: 410px) 100vw, 410px\" \/><p id=\"caption-attachment-6652\" class=\"wp-caption-text\">Latecomer Program 2019. <br \/>Quelle: Eigene Darstellung<\/p><\/div>\r\n<\/figure>\r\n<\/div>\r\n\r\n<p>&nbsp;<\/p>\r\n\r\n<p>&nbsp;<\/p>\r\n\r\n<p>Aller Anfang ist schwer, aber das muss er nicht sein an der RWTH Aachen University. Auch, wenn die Ersti-Woche l\u00e4ngst vorbei ist, Fixpl\u00e4tze in <a href=\"https:\/\/online.rwth-aachen.de\/\">RWTHonline<\/a> vergeben und <a href=\"https:\/\/moodle.rwth-aachen.de\/\">RWTHmoodle<\/a>-Lernr\u00e4ume genutzt werden, wird immer noch immatrikuliert. Gerade im <a href=\"https:\/\/www.rwth-aachen.de\/cms\/root\/Die-RWTH\/Einrichtungen\/Verwaltung\/Dezernate\/Internationale-Hochschulbeziehungen\/Abteilung-2-2-Betreuung\/~cgle\/International-Office-Info-Service-Center\/\">International Office<\/a> kommt es vor, dass Studierende aufgrund von Einreisebestimmungen oder Nachr\u00fcckverfahren erst sp\u00e4ter ihr Studium an der RWTH aufnehmen k\u00f6nnen.<\/p>\r\n\r\n<p>&nbsp;<\/p>\r\n\r\n<p><!--more--><\/p>\r\n\r\n<p>&nbsp;<\/p>\r\n\r\n<p>Aus diesem Grund hat das International Office eine schlankere Version der <a href=\"https:\/\/www.rwth-aachen.de\/cms\/root\/Studium\/Vor-dem-Studium\/Internationale-Studierende\/~bpqj\/Welcome-Week-fuer-internationale-Studier\/\">Welcome Week<\/a> f\u00fcr alle sp\u00e4tanreisenden internationalen Studierenden ins Leben gerufen, um auch ihnen einen gelungenen und m\u00f6glichst reibungslosen Start in das Aachener Studierdendenleben zu erm\u00f6glichen.<\/p>\r\n\r\n<p>&nbsp;<\/p>\r\n\r\n<h3 class=\"wp-block-heading\">Das Latecomer Program &#8211; Eine wunderbare Gelegenheit f\u00fcr alle Beteiligten<\/h3>\r\n\r\n<p>&nbsp;<\/p>\r\n\r\n<p>\u201eWas hab\u00b4 ich verpasst?\u201c &#8211; Diese Frage kennen wir alle, wenn wir es nicht p\u00fcnktlich in die Vorlesung oder ins Meeting geschafft haben. Gerade f\u00fcr den Studienstart im Ausland ist jede Information Gold wert. Und mit Gold meinen wir Zeit. Denn jene vermittelten Informationen, die wir nicht selbst suchen m\u00fcssen, sind sehr wertvoll. Genau deshalb gibt es das <a href=\"https:\/\/www.rwth-aachen.de\/go\/id\/cjnql?lidx=1\">Latecomer Program des International Office der RWTH Aachen<\/a>. Und auch das Kn\u00fcpfen von neuen Kontakten ist bei so einer Veranstaltung eine wunderbare Gelegenheit neben den Vortragenden auch die neuen Kommilitonen kennenzulernen.<\/p>\r\n\r\n<p>&nbsp;<\/p>\r\n\r\n<p>Am 05. November fand diese Veranstaltung zum ersten Mal statt und wir, das IT Center, durften dabei sein. Bei einem witzigen, aber auch herausfordernden Online Quiz, das das International Office konstruiert hatte, wurde f\u00fcr richtig gute Stimmung gesorgt. Und auch bei einem gegenseitigen Kennenlernen der Sitznachbarn gab es typisch Aachener Lindt-Schokolade zu gewinnen, was die Laune noch mehr hob und zum Teilen animierte.<\/p>\r\n\r\n<p>&nbsp;<\/p>\r\n\r\n<figure class=\"wp-block-image\">\r\n<div id=\"attachment_6656\" style=\"width: 1034px\" class=\"wp-caption alignnone\"><img loading=\"lazy\" decoding=\"async\" aria-describedby=\"caption-attachment-6656\" class=\"wp-image-6656\" src=\"https:\/\/blog.rwth-aachen.de\/itc\/files\/2019\/11\/gettogether-1024x575.jpg\" alt=\"\" width=\"1024\" height=\"575\" srcset=\"https:\/\/blog.rwth-aachen.de\/itc\/files\/2019\/11\/gettogether-1024x575.jpg 1024w, https:\/\/blog.rwth-aachen.de\/itc\/files\/2019\/11\/gettogether-300x169.jpg 300w, https:\/\/blog.rwth-aachen.de\/itc\/files\/2019\/11\/gettogether-768x432.jpg 768w, https:\/\/blog.rwth-aachen.de\/itc\/files\/2019\/11\/gettogether.jpg 1600w\" sizes=\"auto, (max-width: 1024px) 100vw, 1024px\" \/><p id=\"caption-attachment-6656\" class=\"wp-caption-text\">Get together @Latecomer Program 2019.<br \/>Quelle: Eigene Darstellung<\/p><\/div>\r\n<\/figure>\r\n\r\n<p>&nbsp;<\/p>\r\n\r\n<p>Nach diesem au\u00dferordentlich gelungenen Auftakt ging es auch gleich weiter mit dem Verkn\u00fcpfen: n\u00e4mlich dem ConnectMe-Coupon-Verfahren, mit dem der Vortrag \u201eBasic IT Services\u201c startete.<\/p>\r\n\r\n<p>&nbsp;<\/p>\r\n\r\n<p>Hier konnten wir vom IT Center vor Ort \u00fcber die wichtigsten IT Services informieren, die gerade f\u00fcr den Studienstart sehr wichtig sind. In einem animierten Vortrag sind die Studierenden sprichw\u00f6rtlich an die Hand genommen worden und wurden durch die Basic IT Services geleitet. Von <a href=\"https:\/\/help.itc.rwth-aachen.de\/service\/rhb2fhkpjhb7\/article\/89aa6792566e4d89b4e249a9d0e0c6f4\/\">ConnectMe<\/a> bis <a href=\"https:\/\/help.itc.rwth-aachen.de\/service\/vbf6fx0gom76\/\">VPN<\/a> gab es alle n\u00f6tigen Informationen, was Login, Berechtigungen und vor allem Accounts betrifft sowie den einen oder anderen Lacher.<\/p>\r\n\r\n<p>&nbsp;<\/p>\r\n\r\n<h3 class=\"wp-block-heading\">Brunch, Gl\u00fccksrad und Infos<\/h3>\r\n\r\n<p>&nbsp;<\/p>\r\n\r\n<p>Im Anschluss an die vielf\u00e4ltigen Vortr\u00e4ge rund um den Studienstart, bei denen auch die <a href=\"https:\/\/www.staedteregion-aachen.de\/de\/navigation\/aemter\/auslaenderamt-a-33\">Ausl\u00e4nderbeh\u00f6rde der St\u00e4dteregion Aachen<\/a> vertreten war, konnten sich die Studierenden noch untereinander am reichhaltigen Brunchbuffet austauschen, Fragen stellen und am Infostand Flyer und Informationen einsammeln.<\/p>\r\n\r\n<p>&nbsp;<\/p>\r\n\r\n<p>Wer dann doch lieber auf die digitale Version setzt, schaut gerne auch noch jetzt auf der <a href=\"https:\/\/www.rwth-aachen.de\/go\/id\/cjnql\">Info-Seite<\/a> des International Office vorbei. Dort findet man spannende und auch witzige Videos, die Programme und Angebote erkl\u00e4ren sowie die gehaltenen Vortr\u00e4ge, die dort auch f\u00fcr alle nochmal zum Nachlesen verf\u00fcgbar sind.<\/p>\r\n\r\n<p>&nbsp;<\/p>\r\n\r\n<div class=\"wp-block-image\">\r\n<figure class=\"alignright\">\r\n<div id=\"attachment_6657\" style=\"width: 281px\" class=\"wp-caption alignnone\"><img loading=\"lazy\" decoding=\"async\" aria-describedby=\"caption-attachment-6657\" class=\"wp-image-6657\" src=\"https:\/\/blog.rwth-aachen.de\/itc\/files\/2019\/11\/Wheel_20191105_122815-271x300.jpg\" alt=\"\" width=\"271\" height=\"300\" srcset=\"https:\/\/blog.rwth-aachen.de\/itc\/files\/2019\/11\/Wheel_20191105_122815-271x300.jpg 271w, https:\/\/blog.rwth-aachen.de\/itc\/files\/2019\/11\/Wheel_20191105_122815-768x851.jpg 768w, https:\/\/blog.rwth-aachen.de\/itc\/files\/2019\/11\/Wheel_20191105_122815-924x1024.jpg 924w\" sizes=\"auto, (max-width: 271px) 100vw, 271px\" \/><p id=\"caption-attachment-6657\" class=\"wp-caption-text\">Quelle: Eigene Darstellung<\/p><\/div>\r\n<\/figure>\r\n<\/div>\r\n\r\n<p>&nbsp;<\/p>\r\n\r\n<p>Wir freuen uns, dass auch wir bei dieser Veranstaltung dabei sein durften und w\u00fcnschen allen Studierenden der RWTH weiterhin viel Erfolg und Freude im Studium!<\/p>\r\n\r\n<p>&nbsp;<\/p>\r\n\r\n<p>Verantwortlich f\u00fcr die Inhalte dieses Beitrags ist <a href=\"https:\/\/www.itc.rwth-aachen.de\/go\/id\/epvp\/gguid\/0x076EFD6C62ADCF4D868FB7134A14B07C\/allou\/1\/\">Nicole Filla<\/a>.<\/p>\r\n\r\n<p>&nbsp;<\/p>\r\n\r\n<p>Fotos: Niklas Zimmermann<\/p>\r\n\r\n<p>&nbsp;<\/p>\r\n\r\n<p>&nbsp;<\/p>\r\n\r\n<p>&nbsp;<\/p>","protected":false},"excerpt":{"rendered":"<p>&nbsp; &nbsp; &nbsp; Aller Anfang ist schwer, aber das muss er nicht sein an der RWTH Aachen University. Auch, wenn die Ersti-Woche l\u00e4ngst vorbei ist, Fixpl\u00e4tze in RWTHonline vergeben und [&hellip;]<\/p>\n","protected":false},"author":1413,"featured_media":0,"comment_status":"open","ping_status":"closed","sticky":false,"template":"","format":"standard","meta":{"c2c_always_allow_admin_comments":false,"footnotes":""},"categories":[308,312,310],"tags":[],"class_list":["post-6651","post","type-post","status-publish","format-standard","hentry","category-events-jubilaen-erfolge","category-insight-it-center","category-studium-lehre"],"aioseo_notices":[],"_links":{"self":[{"href":"https:\/\/blog.rwth-aachen.de\/itc\/wp-json\/wp\/v2\/posts\/6651","targetHints":{"allow":["GET"]}}],"collection":[{"href":"https:\/\/blog.rwth-aachen.de\/itc\/wp-json\/wp\/v2\/posts"}],"about":[{"href":"https:\/\/blog.rwth-aachen.de\/itc\/wp-json\/wp\/v2\/types\/post"}],"author":[{"embeddable":true,"href":"https:\/\/blog.rwth-aachen.de\/itc\/wp-json\/wp\/v2\/users\/1413"}],"replies":[{"embeddable":true,"href":"https:\/\/blog.rwth-aachen.de\/itc\/wp-json\/wp\/v2\/comments?post=6651"}],"version-history":[{"count":9,"href":"https:\/\/blog.rwth-aachen.de\/itc\/wp-json\/wp\/v2\/posts\/6651\/revisions"}],"predecessor-version":[{"id":18596,"href":"https:\/\/blog.rwth-aachen.de\/itc\/wp-json\/wp\/v2\/posts\/6651\/revisions\/18596"}],"wp:attachment":[{"href":"https:\/\/blog.rwth-aachen.de\/itc\/wp-json\/wp\/v2\/media?parent=6651"}],"wp:term":[{"taxonomy":"category","embeddable":true,"href":"https:\/\/blog.rwth-aachen.de\/itc\/wp-json\/wp\/v2\/categories?post=6651"},{"taxonomy":"post_tag","embeddable":true,"href":"https:\/\/blog.rwth-aachen.de\/itc\/wp-json\/wp\/v2\/tags?post=6651"}],"curies":[{"name":"wp","href":"https:\/\/api.w.org\/{rel}","templated":true}]}}