{"id":6962,"date":"2020-02-09T17:22:13","date_gmt":"2020-02-09T16:22:13","guid":{"rendered":"https:\/\/blog.rwth-aachen.de\/itc\/?p=6962"},"modified":"2023-06-01T11:55:14","modified_gmt":"2023-06-01T09:55:14","slug":"sturm-sabine-pruefungen-werden-verschoben-storm-sabine-examinations-will-be-rescheduled","status":"publish","type":"post","link":"https:\/\/blog.rwth-aachen.de\/itc\/2020\/02\/09\/sturm-sabine-pruefungen-werden-verschoben-storm-sabine-examinations-will-be-rescheduled\/","title":{"rendered":"Sturm \u201eSabine\u201c: Pr\u00fcfungen werden verschoben"},"content":{"rendered":"<div class=\"twoclick_social_bookmarks_post_6962 social_share_privacy clearfix 1.6.4 locale-de_DE sprite-de_DE\"><\/div><div class=\"twoclick-js\"><script type=\"text\/javascript\">\/* <![CDATA[ *\/\njQuery(document).ready(function($){if($('.twoclick_social_bookmarks_post_6962')){$('.twoclick_social_bookmarks_post_6962').socialSharePrivacy({\"txt_help\":\"Wenn Sie diese Felder durch einen Klick aktivieren, werden Informationen an Facebook, Twitter, Flattr, Xing, t3n, LinkedIn, Pinterest oder Google eventuell ins Ausland \\u00fcbertragen und unter Umst\\u00e4nden auch dort gespeichert. N\\u00e4heres erfahren Sie durch einen Klick auf das <em>i<\\\/em>.\",\"settings_perma\":\"Dauerhaft aktivieren und Daten\\u00fcber-tragung zustimmen:\",\"info_link\":\"http:\\\/\\\/www.heise.de\\\/ct\\\/artikel\\\/2-Klicks-fuer-mehr-Datenschutz-1333879.html\",\"uri\":\"https:\\\/\\\/blog.rwth-aachen.de\\\/itc\\\/2020\\\/02\\\/09\\\/sturm-sabine-pruefungen-werden-verschoben-storm-sabine-examinations-will-be-rescheduled\\\/\",\"post_id\":6962,\"post_title_referrer_track\":\"Sturm+%E2%80%9ESabine%E2%80%9C%3A+Pr%C3%BCfungen+werden+verschoben\",\"display_infobox\":\"on\"});}});\n\/* ]]> *\/<\/script><\/div>\r\n<figure class=\"wp-block-image\">\r\n<div id=\"attachment_6963\" style=\"width: 970px\" class=\"wp-caption alignnone\"><img loading=\"lazy\" decoding=\"async\" aria-describedby=\"caption-attachment-6963\" class=\"wp-image-6963\" src=\"https:\/\/blog.rwth-aachen.de\/itc\/files\/2020\/02\/Sturm-Sabine-Storm-Sabine.jpg\" alt=\"Sturm \u201eSabine\u201c w\u00fctet \u00fcber Deutschland.\/ Storm &quot;Sabine&quot; reges over Germany.\" width=\"960\" height=\"639\" srcset=\"https:\/\/blog.rwth-aachen.de\/itc\/files\/2020\/02\/Sturm-Sabine-Storm-Sabine.jpg 960w, https:\/\/blog.rwth-aachen.de\/itc\/files\/2020\/02\/Sturm-Sabine-Storm-Sabine-300x200.jpg 300w, https:\/\/blog.rwth-aachen.de\/itc\/files\/2020\/02\/Sturm-Sabine-Storm-Sabine-768x511.jpg 768w\" sizes=\"auto, (max-width: 960px) 100vw, 960px\" \/><p id=\"caption-attachment-6963\" class=\"wp-caption-text\">Quelle: <a href=\"https:\/\/pixabay.com\/de\/illustrations\/wind-sturm-orkan-sabine-4829125\/\">Pixabay<\/a><\/p><\/div>\r\n<\/figure>\r\n\r\n<p>&nbsp;<\/p>\r\n\r\n<p>&nbsp;<\/p>\r\n\r\n<p class=\"wp-block-paragraph\">Die Leitung der RWTH Aachen hat entschieden, dass am Montag, 10. Februar 2020, keine Pr\u00fcfungen stattfinden. Die Hochschulleitung reagiert damit auf die vom <a href=\"https:\/\/www.dwd.de\/DE\/wetter\/warnungen_gemeinden\/warnWetter_node.html\">Deutschen Wetterdienst ver\u00f6ffentlichte Sturmwarnung <\/a>und in R\u00fccksprache mit dem \u201eStab f\u00fcr au\u00dfergew\u00f6hnliche Ereignisse\u201c der St\u00e4dteregion Aachen. Studierende, die aufgrund der Folgen des Sturms \u201eSabine\u201c Schwierigkeiten haben, die Hochschule zu erreichen, sollen durch die Sturmfolgen nicht benachteiligt werden. Klausuren und andere Pr\u00fcfungen, die am Montag h\u00e4tten geschrieben oder abgehalten werden sollen, werden nachgeholt. Der regul\u00e4re Lehrbetrieb wird angeboten. Die Mitarbeiterinnen und Mitarbeiter der Hochschule wurden angeschrieben und gebeten, individuelle Absprachen mit ihren Vorgesetzten zu treffen, sollten sie von den Sturmfolgen beeintr\u00e4chtigt sein.<\/p>\r\n\r\n<p>&nbsp;<\/p>\r\n\r\n<p class=\"wp-block-paragraph\">Quelle: <a href=\"https:\/\/www.rwth-aachen.de\">https:\/\/www.rwth-aachen.de<\/a><\/p>\r\n<p>&nbsp;<\/p>\r\n\r\n<p>&nbsp;<\/p>\r\n\r\n<p>&nbsp;<\/p>","protected":false},"excerpt":{"rendered":"<p>&nbsp; &nbsp; Die Leitung der RWTH Aachen hat entschieden, dass am Montag, 10. Februar 2020, keine Pr\u00fcfungen stattfinden. Die Hochschulleitung reagiert damit auf die vom Deutschen Wetterdienst ver\u00f6ffentlichte Sturmwarnung und [&hellip;]<\/p>\n","protected":false},"author":1413,"featured_media":0,"comment_status":"open","ping_status":"closed","sticky":false,"template":"","format":"standard","meta":{"c2c_always_allow_admin_comments":false,"footnotes":""},"categories":[310],"tags":[],"class_list":["post-6962","post","type-post","status-publish","format-standard","hentry","category-studium-lehre"],"aioseo_notices":[],"aioseo_head":"\n\t\t<!-- All in One SEO 4.9.8 - aioseo.com -->\n\t<meta name=\"description\" content=\"Die Leitung der RWTH Aachen hat entschieden, dass am Montag, 10. Februar 2020, keine Pr\u00fcfungen stattfinden. Die Hochschulleitung reagiert damit auf die vom Deutschen Wetterdienst ver\u00f6ffentlichte Sturmwarnung und in R\u00fccksprache mit dem \u201eStab f\u00fcr au\u00dfergew\u00f6hnliche Ereignisse\u201c der St\u00e4dteregion Aachen. Studierende, die aufgrund der Folgen des Sturms \u201eSabine\u201c Schwierigkeiten haben, die Hochschule zu erreichen,\" \/>\n\t<meta name=\"robots\" content=\"max-image-preview:large\" \/>\n\t<meta name=\"author\" content=\"Filla, Nicole Barbara\"\/>\n\t<meta name=\"keywords\" content=\"studium &amp; lehre\" \/>\n\t<link rel=\"canonical\" href=\"https:\/\/blog.rwth-aachen.de\/itc\/2020\/02\/09\/sturm-sabine-pruefungen-werden-verschoben-storm-sabine-examinations-will-be-rescheduled\/\" \/>\n\t<meta name=\"generator\" content=\"All in One SEO (AIOSEO) 4.9.8\" \/>\n\t\t<meta property=\"og:locale\" content=\"de_DE\" \/>\n\t\t<meta property=\"og:site_name\" content=\"IT Center Blog \u2022\" \/>\n\t\t<meta property=\"og:type\" content=\"article\" \/>\n\t\t<meta property=\"og:title\" content=\"Sturm \u201eSabine\u201c: Pr\u00fcfungen werden verschoben \u2022 IT Center Blog\" \/>\n\t\t<meta property=\"og:description\" content=\"Die Leitung der RWTH Aachen hat entschieden, dass am Montag, 10. Februar 2020, keine Pr\u00fcfungen stattfinden. Die Hochschulleitung reagiert damit auf die vom Deutschen Wetterdienst ver\u00f6ffentlichte Sturmwarnung und in R\u00fccksprache mit dem \u201eStab f\u00fcr au\u00dfergew\u00f6hnliche Ereignisse\u201c der St\u00e4dteregion Aachen. Studierende, die aufgrund der Folgen des Sturms \u201eSabine\u201c Schwierigkeiten haben, die Hochschule zu erreichen,\" \/>\n\t\t<meta property=\"og:url\" content=\"https:\/\/blog.rwth-aachen.de\/itc\/2020\/02\/09\/sturm-sabine-pruefungen-werden-verschoben-storm-sabine-examinations-will-be-rescheduled\/\" \/>\n\t\t<meta property=\"article:published_time\" content=\"2020-02-09T16:22:13+00:00\" \/>\n\t\t<meta property=\"article:modified_time\" content=\"2023-06-01T09:55:14+00:00\" \/>\n\t\t<meta property=\"article:publisher\" content=\"https:\/\/www.facebook.com\/itcenterrwth\" \/>\n\t\t<meta name=\"twitter:card\" content=\"summary\" \/>\n\t\t<meta name=\"twitter:site\" content=\"@ITCenterRWTH\" \/>\n\t\t<meta name=\"twitter:title\" content=\"Sturm \u201eSabine\u201c: Pr\u00fcfungen werden verschoben \u2022 IT Center Blog\" \/>\n\t\t<meta name=\"twitter:description\" content=\"Die Leitung der RWTH Aachen hat entschieden, dass am Montag, 10. Februar 2020, keine Pr\u00fcfungen stattfinden. Die Hochschulleitung reagiert damit auf die vom Deutschen Wetterdienst ver\u00f6ffentlichte Sturmwarnung und in R\u00fccksprache mit dem \u201eStab f\u00fcr au\u00dfergew\u00f6hnliche Ereignisse\u201c der St\u00e4dteregion Aachen. Studierende, die aufgrund der Folgen des Sturms \u201eSabine\u201c Schwierigkeiten haben, die Hochschule zu erreichen,\" \/>\n\t\t<meta name=\"twitter:creator\" content=\"@ITCenterRWTH\" \/>\n\t\t<script type=\"application\/ld+json\" class=\"aioseo-schema\">\n\t\t\t{\"@context\":\"https:\\\/\\\/schema.org\",\"@graph\":[{\"@type\":\"BlogPosting\",\"@id\":\"https:\\\/\\\/blog.rwth-aachen.de\\\/itc\\\/2020\\\/02\\\/09\\\/sturm-sabine-pruefungen-werden-verschoben-storm-sabine-examinations-will-be-rescheduled\\\/#blogposting\",\"name\":\"Sturm \\u201eSabine\\u201c: Pr\\u00fcfungen werden verschoben \\u2022 IT Center Blog\",\"headline\":\"Sturm \\u201eSabine\\u201c: Pr\\u00fcfungen werden verschoben\",\"author\":{\"@id\":\"https:\\\/\\\/blog.rwth-aachen.de\\\/itc\\\/author\\\/1413\\\/#author\"},\"publisher\":{\"@id\":\"https:\\\/\\\/blog.rwth-aachen.de\\\/itc\\\/#organization\"},\"image\":{\"@type\":\"ImageObject\",\"url\":\"https:\\\/\\\/blog.rwth-aachen.de\\\/itc\\\/files\\\/2020\\\/02\\\/Sturm-Sabine-Storm-Sabine.jpg\",\"@id\":\"https:\\\/\\\/blog.rwth-aachen.de\\\/itc\\\/2020\\\/02\\\/09\\\/sturm-sabine-pruefungen-werden-verschoben-storm-sabine-examinations-will-be-rescheduled\\\/#articleImage\",\"width\":960,\"height\":639,\"caption\":\"Sturm \\u201eSabine\\u201c w\\u00fctet \\u00fcber Deutschland.\\\/ Storm \\\"Sabine\\\" reges over Germany.\"},\"datePublished\":\"2020-02-09T17:22:13+01:00\",\"dateModified\":\"2023-06-01T11:55:14+02:00\",\"inLanguage\":\"de-DE\",\"commentCount\":2,\"mainEntityOfPage\":{\"@id\":\"https:\\\/\\\/blog.rwth-aachen.de\\\/itc\\\/2020\\\/02\\\/09\\\/sturm-sabine-pruefungen-werden-verschoben-storm-sabine-examinations-will-be-rescheduled\\\/#webpage\"},\"isPartOf\":{\"@id\":\"https:\\\/\\\/blog.rwth-aachen.de\\\/itc\\\/2020\\\/02\\\/09\\\/sturm-sabine-pruefungen-werden-verschoben-storm-sabine-examinations-will-be-rescheduled\\\/#webpage\"},\"articleSection\":\"Studium &amp; Lehre\"},{\"@type\":\"BreadcrumbList\",\"@id\":\"https:\\\/\\\/blog.rwth-aachen.de\\\/itc\\\/2020\\\/02\\\/09\\\/sturm-sabine-pruefungen-werden-verschoben-storm-sabine-examinations-will-be-rescheduled\\\/#breadcrumblist\",\"itemListElement\":[{\"@type\":\"ListItem\",\"@id\":\"https:\\\/\\\/blog.rwth-aachen.de\\\/itc#listItem\",\"position\":1,\"name\":\"Home\",\"item\":\"https:\\\/\\\/blog.rwth-aachen.de\\\/itc\",\"nextItem\":{\"@type\":\"ListItem\",\"@id\":\"https:\\\/\\\/blog.rwth-aachen.de\\\/itc\\\/category\\\/themen\\\/#listItem\",\"name\":\"Themen\"}},{\"@type\":\"ListItem\",\"@id\":\"https:\\\/\\\/blog.rwth-aachen.de\\\/itc\\\/category\\\/themen\\\/#listItem\",\"position\":2,\"name\":\"Themen\",\"item\":\"https:\\\/\\\/blog.rwth-aachen.de\\\/itc\\\/category\\\/themen\\\/\",\"nextItem\":{\"@type\":\"ListItem\",\"@id\":\"https:\\\/\\\/blog.rwth-aachen.de\\\/itc\\\/category\\\/themen\\\/studium-lehre\\\/#listItem\",\"name\":\"Studium &amp; Lehre\"},\"previousItem\":{\"@type\":\"ListItem\",\"@id\":\"https:\\\/\\\/blog.rwth-aachen.de\\\/itc#listItem\",\"name\":\"Home\"}},{\"@type\":\"ListItem\",\"@id\":\"https:\\\/\\\/blog.rwth-aachen.de\\\/itc\\\/category\\\/themen\\\/studium-lehre\\\/#listItem\",\"position\":3,\"name\":\"Studium &amp; Lehre\",\"item\":\"https:\\\/\\\/blog.rwth-aachen.de\\\/itc\\\/category\\\/themen\\\/studium-lehre\\\/\",\"nextItem\":{\"@type\":\"ListItem\",\"@id\":\"https:\\\/\\\/blog.rwth-aachen.de\\\/itc\\\/2020\\\/02\\\/09\\\/sturm-sabine-pruefungen-werden-verschoben-storm-sabine-examinations-will-be-rescheduled\\\/#listItem\",\"name\":\"Sturm \\u201eSabine\\u201c: Pr\\u00fcfungen werden verschoben\"},\"previousItem\":{\"@type\":\"ListItem\",\"@id\":\"https:\\\/\\\/blog.rwth-aachen.de\\\/itc\\\/category\\\/themen\\\/#listItem\",\"name\":\"Themen\"}},{\"@type\":\"ListItem\",\"@id\":\"https:\\\/\\\/blog.rwth-aachen.de\\\/itc\\\/2020\\\/02\\\/09\\\/sturm-sabine-pruefungen-werden-verschoben-storm-sabine-examinations-will-be-rescheduled\\\/#listItem\",\"position\":4,\"name\":\"Sturm \\u201eSabine\\u201c: Pr\\u00fcfungen werden verschoben\",\"previousItem\":{\"@type\":\"ListItem\",\"@id\":\"https:\\\/\\\/blog.rwth-aachen.de\\\/itc\\\/category\\\/themen\\\/studium-lehre\\\/#listItem\",\"name\":\"Studium &amp; Lehre\"}}]},{\"@type\":\"Organization\",\"@id\":\"https:\\\/\\\/blog.rwth-aachen.de\\\/itc\\\/#organization\",\"name\":\"IT Center RWTH Aachen University\",\"url\":\"https:\\\/\\\/blog.rwth-aachen.de\\\/itc\\\/\",\"logo\":{\"@type\":\"ImageObject\",\"url\":\"https:\\\/\\\/blog.rwth-aachen.de\\\/itc\\\/files\\\/2018\\\/09\\\/IT-Center-Logo.png\",\"@id\":\"https:\\\/\\\/blog.rwth-aachen.de\\\/itc\\\/2020\\\/02\\\/09\\\/sturm-sabine-pruefungen-werden-verschoben-storm-sabine-examinations-will-be-rescheduled\\\/#organizationLogo\",\"width\":1312,\"height\":378,\"caption\":\"IT Center Logo\"},\"image\":{\"@id\":\"https:\\\/\\\/blog.rwth-aachen.de\\\/itc\\\/2020\\\/02\\\/09\\\/sturm-sabine-pruefungen-werden-verschoben-storm-sabine-examinations-will-be-rescheduled\\\/#organizationLogo\"},\"sameAs\":[\"https:\\\/\\\/www.facebook.com\\\/itcenterrwth\",\"https:\\\/\\\/twitter.com\\\/ITCenterRWTH\",\"https:\\\/\\\/www.youtube.com\\\/c\\\/itcenterrwthaachen\",\"https:\\\/\\\/www.linkedin.com\\\/company\\\/itcenterrwth\"]},{\"@type\":\"Person\",\"@id\":\"https:\\\/\\\/blog.rwth-aachen.de\\\/itc\\\/author\\\/1413\\\/#author\",\"url\":\"https:\\\/\\\/blog.rwth-aachen.de\\\/itc\\\/author\\\/1413\\\/\",\"name\":\"Filla, Nicole Barbara\",\"image\":{\"@type\":\"ImageObject\",\"@id\":\"https:\\\/\\\/blog.rwth-aachen.de\\\/itc\\\/2020\\\/02\\\/09\\\/sturm-sabine-pruefungen-werden-verschoben-storm-sabine-examinations-will-be-rescheduled\\\/#authorImage\",\"url\":\"https:\\\/\\\/secure.gravatar.com\\\/avatar\\\/81792330c0dc846cc349c48b76b9d81506aee430174a58d2e4bfac4514336eb4?s=96&d=blank&r=g\",\"width\":96,\"height\":96,\"caption\":\"Filla, Nicole Barbara\"}},{\"@type\":\"WebPage\",\"@id\":\"https:\\\/\\\/blog.rwth-aachen.de\\\/itc\\\/2020\\\/02\\\/09\\\/sturm-sabine-pruefungen-werden-verschoben-storm-sabine-examinations-will-be-rescheduled\\\/#webpage\",\"url\":\"https:\\\/\\\/blog.rwth-aachen.de\\\/itc\\\/2020\\\/02\\\/09\\\/sturm-sabine-pruefungen-werden-verschoben-storm-sabine-examinations-will-be-rescheduled\\\/\",\"name\":\"Sturm \\u201eSabine\\u201c: Pr\\u00fcfungen werden verschoben \\u2022 IT Center Blog\",\"description\":\"Die Leitung der RWTH Aachen hat entschieden, dass am Montag, 10. Februar 2020, keine Pr\\u00fcfungen stattfinden. Die Hochschulleitung reagiert damit auf die vom Deutschen Wetterdienst ver\\u00f6ffentlichte Sturmwarnung und in R\\u00fccksprache mit dem \\u201eStab f\\u00fcr au\\u00dfergew\\u00f6hnliche Ereignisse\\u201c der St\\u00e4dteregion Aachen. Studierende, die aufgrund der Folgen des Sturms \\u201eSabine\\u201c Schwierigkeiten haben, die Hochschule zu erreichen,\",\"inLanguage\":\"de-DE\",\"isPartOf\":{\"@id\":\"https:\\\/\\\/blog.rwth-aachen.de\\\/itc\\\/#website\"},\"breadcrumb\":{\"@id\":\"https:\\\/\\\/blog.rwth-aachen.de\\\/itc\\\/2020\\\/02\\\/09\\\/sturm-sabine-pruefungen-werden-verschoben-storm-sabine-examinations-will-be-rescheduled\\\/#breadcrumblist\"},\"author\":{\"@id\":\"https:\\\/\\\/blog.rwth-aachen.de\\\/itc\\\/author\\\/1413\\\/#author\"},\"creator\":{\"@id\":\"https:\\\/\\\/blog.rwth-aachen.de\\\/itc\\\/author\\\/1413\\\/#author\"},\"datePublished\":\"2020-02-09T17:22:13+01:00\",\"dateModified\":\"2023-06-01T11:55:14+02:00\"},{\"@type\":\"WebSite\",\"@id\":\"https:\\\/\\\/blog.rwth-aachen.de\\\/itc\\\/#website\",\"url\":\"https:\\\/\\\/blog.rwth-aachen.de\\\/itc\\\/\",\"name\":\"IT Center Blog\",\"inLanguage\":\"de-DE\",\"publisher\":{\"@id\":\"https:\\\/\\\/blog.rwth-aachen.de\\\/itc\\\/#organization\"}}]}\n\t\t<\/script>\n\t\t<!-- All in One SEO -->\n\n","aioseo_head_json":{"title":"Sturm \u201eSabine\u201c: Pr\u00fcfungen werden verschoben \u2022 IT Center Blog","description":"Die Leitung der RWTH Aachen hat entschieden, dass am Montag, 10. Februar 2020, keine Pr\u00fcfungen stattfinden. Die Hochschulleitung reagiert damit auf die vom Deutschen Wetterdienst ver\u00f6ffentlichte Sturmwarnung und in R\u00fccksprache mit dem \u201eStab f\u00fcr au\u00dfergew\u00f6hnliche Ereignisse\u201c der St\u00e4dteregion Aachen. Studierende, die aufgrund der Folgen des Sturms \u201eSabine\u201c Schwierigkeiten haben, die Hochschule zu erreichen,","canonical_url":"https:\/\/blog.rwth-aachen.de\/itc\/2020\/02\/09\/sturm-sabine-pruefungen-werden-verschoben-storm-sabine-examinations-will-be-rescheduled\/","robots":"max-image-preview:large","keywords":"studium &amp; lehre","webmasterTools":{"miscellaneous":""},"schema":{"@context":"https:\/\/schema.org","@graph":[{"@type":"BlogPosting","@id":"https:\/\/blog.rwth-aachen.de\/itc\/2020\/02\/09\/sturm-sabine-pruefungen-werden-verschoben-storm-sabine-examinations-will-be-rescheduled\/#blogposting","name":"Sturm \u201eSabine\u201c: Pr\u00fcfungen werden verschoben \u2022 IT Center Blog","headline":"Sturm \u201eSabine\u201c: Pr\u00fcfungen werden verschoben","author":{"@id":"https:\/\/blog.rwth-aachen.de\/itc\/author\/1413\/#author"},"publisher":{"@id":"https:\/\/blog.rwth-aachen.de\/itc\/#organization"},"image":{"@type":"ImageObject","url":"https:\/\/blog.rwth-aachen.de\/itc\/files\/2020\/02\/Sturm-Sabine-Storm-Sabine.jpg","@id":"https:\/\/blog.rwth-aachen.de\/itc\/2020\/02\/09\/sturm-sabine-pruefungen-werden-verschoben-storm-sabine-examinations-will-be-rescheduled\/#articleImage","width":960,"height":639,"caption":"Sturm \u201eSabine\u201c w\u00fctet \u00fcber Deutschland.\/ Storm \"Sabine\" reges over Germany."},"datePublished":"2020-02-09T17:22:13+01:00","dateModified":"2023-06-01T11:55:14+02:00","inLanguage":"de-DE","commentCount":2,"mainEntityOfPage":{"@id":"https:\/\/blog.rwth-aachen.de\/itc\/2020\/02\/09\/sturm-sabine-pruefungen-werden-verschoben-storm-sabine-examinations-will-be-rescheduled\/#webpage"},"isPartOf":{"@id":"https:\/\/blog.rwth-aachen.de\/itc\/2020\/02\/09\/sturm-sabine-pruefungen-werden-verschoben-storm-sabine-examinations-will-be-rescheduled\/#webpage"},"articleSection":"Studium &amp; Lehre"},{"@type":"BreadcrumbList","@id":"https:\/\/blog.rwth-aachen.de\/itc\/2020\/02\/09\/sturm-sabine-pruefungen-werden-verschoben-storm-sabine-examinations-will-be-rescheduled\/#breadcrumblist","itemListElement":[{"@type":"ListItem","@id":"https:\/\/blog.rwth-aachen.de\/itc#listItem","position":1,"name":"Home","item":"https:\/\/blog.rwth-aachen.de\/itc","nextItem":{"@type":"ListItem","@id":"https:\/\/blog.rwth-aachen.de\/itc\/category\/themen\/#listItem","name":"Themen"}},{"@type":"ListItem","@id":"https:\/\/blog.rwth-aachen.de\/itc\/category\/themen\/#listItem","position":2,"name":"Themen","item":"https:\/\/blog.rwth-aachen.de\/itc\/category\/themen\/","nextItem":{"@type":"ListItem","@id":"https:\/\/blog.rwth-aachen.de\/itc\/category\/themen\/studium-lehre\/#listItem","name":"Studium &amp; Lehre"},"previousItem":{"@type":"ListItem","@id":"https:\/\/blog.rwth-aachen.de\/itc#listItem","name":"Home"}},{"@type":"ListItem","@id":"https:\/\/blog.rwth-aachen.de\/itc\/category\/themen\/studium-lehre\/#listItem","position":3,"name":"Studium &amp; Lehre","item":"https:\/\/blog.rwth-aachen.de\/itc\/category\/themen\/studium-lehre\/","nextItem":{"@type":"ListItem","@id":"https:\/\/blog.rwth-aachen.de\/itc\/2020\/02\/09\/sturm-sabine-pruefungen-werden-verschoben-storm-sabine-examinations-will-be-rescheduled\/#listItem","name":"Sturm \u201eSabine\u201c: Pr\u00fcfungen werden verschoben"},"previousItem":{"@type":"ListItem","@id":"https:\/\/blog.rwth-aachen.de\/itc\/category\/themen\/#listItem","name":"Themen"}},{"@type":"ListItem","@id":"https:\/\/blog.rwth-aachen.de\/itc\/2020\/02\/09\/sturm-sabine-pruefungen-werden-verschoben-storm-sabine-examinations-will-be-rescheduled\/#listItem","position":4,"name":"Sturm \u201eSabine\u201c: Pr\u00fcfungen werden verschoben","previousItem":{"@type":"ListItem","@id":"https:\/\/blog.rwth-aachen.de\/itc\/category\/themen\/studium-lehre\/#listItem","name":"Studium &amp; Lehre"}}]},{"@type":"Organization","@id":"https:\/\/blog.rwth-aachen.de\/itc\/#organization","name":"IT Center RWTH Aachen University","url":"https:\/\/blog.rwth-aachen.de\/itc\/","logo":{"@type":"ImageObject","url":"https:\/\/blog.rwth-aachen.de\/itc\/files\/2018\/09\/IT-Center-Logo.png","@id":"https:\/\/blog.rwth-aachen.de\/itc\/2020\/02\/09\/sturm-sabine-pruefungen-werden-verschoben-storm-sabine-examinations-will-be-rescheduled\/#organizationLogo","width":1312,"height":378,"caption":"IT Center Logo"},"image":{"@id":"https:\/\/blog.rwth-aachen.de\/itc\/2020\/02\/09\/sturm-sabine-pruefungen-werden-verschoben-storm-sabine-examinations-will-be-rescheduled\/#organizationLogo"},"sameAs":["https:\/\/www.facebook.com\/itcenterrwth","https:\/\/twitter.com\/ITCenterRWTH","https:\/\/www.youtube.com\/c\/itcenterrwthaachen","https:\/\/www.linkedin.com\/company\/itcenterrwth"]},{"@type":"Person","@id":"https:\/\/blog.rwth-aachen.de\/itc\/author\/1413\/#author","url":"https:\/\/blog.rwth-aachen.de\/itc\/author\/1413\/","name":"Filla, Nicole Barbara","image":{"@type":"ImageObject","@id":"https:\/\/blog.rwth-aachen.de\/itc\/2020\/02\/09\/sturm-sabine-pruefungen-werden-verschoben-storm-sabine-examinations-will-be-rescheduled\/#authorImage","url":"https:\/\/secure.gravatar.com\/avatar\/81792330c0dc846cc349c48b76b9d81506aee430174a58d2e4bfac4514336eb4?s=96&d=blank&r=g","width":96,"height":96,"caption":"Filla, Nicole Barbara"}},{"@type":"WebPage","@id":"https:\/\/blog.rwth-aachen.de\/itc\/2020\/02\/09\/sturm-sabine-pruefungen-werden-verschoben-storm-sabine-examinations-will-be-rescheduled\/#webpage","url":"https:\/\/blog.rwth-aachen.de\/itc\/2020\/02\/09\/sturm-sabine-pruefungen-werden-verschoben-storm-sabine-examinations-will-be-rescheduled\/","name":"Sturm \u201eSabine\u201c: Pr\u00fcfungen werden verschoben \u2022 IT Center Blog","description":"Die Leitung der RWTH Aachen hat entschieden, dass am Montag, 10. Februar 2020, keine Pr\u00fcfungen stattfinden. Die Hochschulleitung reagiert damit auf die vom Deutschen Wetterdienst ver\u00f6ffentlichte Sturmwarnung und in R\u00fccksprache mit dem \u201eStab f\u00fcr au\u00dfergew\u00f6hnliche Ereignisse\u201c der St\u00e4dteregion Aachen. Studierende, die aufgrund der Folgen des Sturms \u201eSabine\u201c Schwierigkeiten haben, die Hochschule zu erreichen,","inLanguage":"de-DE","isPartOf":{"@id":"https:\/\/blog.rwth-aachen.de\/itc\/#website"},"breadcrumb":{"@id":"https:\/\/blog.rwth-aachen.de\/itc\/2020\/02\/09\/sturm-sabine-pruefungen-werden-verschoben-storm-sabine-examinations-will-be-rescheduled\/#breadcrumblist"},"author":{"@id":"https:\/\/blog.rwth-aachen.de\/itc\/author\/1413\/#author"},"creator":{"@id":"https:\/\/blog.rwth-aachen.de\/itc\/author\/1413\/#author"},"datePublished":"2020-02-09T17:22:13+01:00","dateModified":"2023-06-01T11:55:14+02:00"},{"@type":"WebSite","@id":"https:\/\/blog.rwth-aachen.de\/itc\/#website","url":"https:\/\/blog.rwth-aachen.de\/itc\/","name":"IT Center Blog","inLanguage":"de-DE","publisher":{"@id":"https:\/\/blog.rwth-aachen.de\/itc\/#organization"}}]},"og:locale":"de_DE","og:site_name":"IT Center Blog \u2022","og:type":"article","og:title":"Sturm \u201eSabine\u201c: Pr\u00fcfungen werden verschoben \u2022 IT Center Blog","og:description":"Die Leitung der RWTH Aachen hat entschieden, dass am Montag, 10. Februar 2020, keine Pr\u00fcfungen stattfinden. Die Hochschulleitung reagiert damit auf die vom Deutschen Wetterdienst ver\u00f6ffentlichte Sturmwarnung und in R\u00fccksprache mit dem \u201eStab f\u00fcr au\u00dfergew\u00f6hnliche Ereignisse\u201c der St\u00e4dteregion Aachen. Studierende, die aufgrund der Folgen des Sturms \u201eSabine\u201c Schwierigkeiten haben, die Hochschule zu erreichen,","og:url":"https:\/\/blog.rwth-aachen.de\/itc\/2020\/02\/09\/sturm-sabine-pruefungen-werden-verschoben-storm-sabine-examinations-will-be-rescheduled\/","article:published_time":"2020-02-09T16:22:13+00:00","article:modified_time":"2023-06-01T09:55:14+00:00","article:publisher":"https:\/\/www.facebook.com\/itcenterrwth","twitter:card":"summary","twitter:site":"@ITCenterRWTH","twitter:title":"Sturm \u201eSabine\u201c: Pr\u00fcfungen werden verschoben \u2022 IT Center Blog","twitter:description":"Die Leitung der RWTH Aachen hat entschieden, dass am Montag, 10. Februar 2020, keine Pr\u00fcfungen stattfinden. Die Hochschulleitung reagiert damit auf die vom Deutschen Wetterdienst ver\u00f6ffentlichte Sturmwarnung und in R\u00fccksprache mit dem \u201eStab f\u00fcr au\u00dfergew\u00f6hnliche Ereignisse\u201c der St\u00e4dteregion Aachen. Studierende, die aufgrund der Folgen des Sturms \u201eSabine\u201c Schwierigkeiten haben, die Hochschule zu erreichen,","twitter:creator":"@ITCenterRWTH"},"aioseo_meta_data":{"post_id":"6962","title":null,"description":null,"keywords":[],"keyphrases":{"focus":{"keyphrase":"","score":0,"analysis":{"keyphraseInTitle":{"score":0,"maxScore":9,"error":1}}},"additional":[]},"primary_term":null,"canonical_url":null,"og_title":null,"og_description":null,"og_object_type":"default","og_image_type":"default","og_image_url":null,"og_image_width":null,"og_image_height":null,"og_image_custom_url":null,"og_image_custom_fields":null,"og_video":"","og_custom_url":null,"og_article_section":null,"og_article_tags":[],"twitter_use_og":false,"twitter_card":"default","twitter_image_type":"default","twitter_image_url":null,"twitter_image_custom_url":null,"twitter_image_custom_fields":null,"twitter_title":null,"twitter_description":null,"schema":{"blockGraphs":[],"customGraphs":[],"default":{"data":{"Article":[],"Course":[],"Dataset":[],"FAQPage":[],"Movie":[],"Person":[],"Product":[],"ProductReview":[],"Car":[],"Recipe":[],"Service":[],"SoftwareApplication":[],"WebPage":[]},"graphName":"BlogPosting","isEnabled":true},"graphs":[]},"schema_type":"default","schema_type_options":null,"pillar_content":false,"robots_default":true,"robots_noindex":false,"robots_noarchive":false,"robots_nosnippet":false,"robots_nofollow":false,"robots_noimageindex":false,"robots_noodp":false,"robots_notranslate":false,"robots_max_snippet":"-1","robots_max_videopreview":"-1","robots_max_imagepreview":"large","priority":null,"frequency":"default","local_seo":null,"breadcrumb_settings":null,"limit_modified_date":false,"ai":null,"created":"2022-01-24 14:44:07","updated":"2025-07-08 13:32:31","seo_analyzer_scan_date":null},"aioseo_breadcrumb":"<div class=\"aioseo-breadcrumbs\"><span class=\"aioseo-breadcrumb\">\n\t\t\t<a href=\"https:\/\/blog.rwth-aachen.de\/itc\" title=\"Home\">Home<\/a>\n\t\t<\/span><span class=\"aioseo-breadcrumb-separator\">\u00bb<\/span><span class=\"aioseo-breadcrumb\">\n\t\t\t<a href=\"https:\/\/blog.rwth-aachen.de\/itc\/category\/themen\/\" title=\"Themen\">Themen<\/a>\n\t\t<\/span><span class=\"aioseo-breadcrumb-separator\">\u00bb<\/span><span class=\"aioseo-breadcrumb\">\n\t\t\t<a href=\"https:\/\/blog.rwth-aachen.de\/itc\/category\/themen\/studium-lehre\/\" title=\"Studium &amp; Lehre\">Studium &amp; Lehre<\/a>\n\t\t<\/span><span class=\"aioseo-breadcrumb-separator\">\u00bb<\/span><span class=\"aioseo-breadcrumb\">\n\t\t\tSturm \u201eSabine\u201c: Pr\u00fcfungen werden verschoben\n\t\t<\/span><\/div>","aioseo_breadcrumb_json":[{"label":"Home","link":"https:\/\/blog.rwth-aachen.de\/itc"},{"label":"Themen","link":"https:\/\/blog.rwth-aachen.de\/itc\/category\/themen\/"},{"label":"Studium &amp; Lehre","link":"https:\/\/blog.rwth-aachen.de\/itc\/category\/themen\/studium-lehre\/"},{"label":"Sturm \u201eSabine\u201c: Pr\u00fcfungen werden verschoben","link":"https:\/\/blog.rwth-aachen.de\/itc\/2020\/02\/09\/sturm-sabine-pruefungen-werden-verschoben-storm-sabine-examinations-will-be-rescheduled\/"}],"_links":{"self":[{"href":"https:\/\/blog.rwth-aachen.de\/itc\/wp-json\/wp\/v2\/posts\/6962","targetHints":{"allow":["GET"]}}],"collection":[{"href":"https:\/\/blog.rwth-aachen.de\/itc\/wp-json\/wp\/v2\/posts"}],"about":[{"href":"https:\/\/blog.rwth-aachen.de\/itc\/wp-json\/wp\/v2\/types\/post"}],"author":[{"embeddable":true,"href":"https:\/\/blog.rwth-aachen.de\/itc\/wp-json\/wp\/v2\/users\/1413"}],"replies":[{"embeddable":true,"href":"https:\/\/blog.rwth-aachen.de\/itc\/wp-json\/wp\/v2\/comments?post=6962"}],"version-history":[{"count":5,"href":"https:\/\/blog.rwth-aachen.de\/itc\/wp-json\/wp\/v2\/posts\/6962\/revisions"}],"predecessor-version":[{"id":15921,"href":"https:\/\/blog.rwth-aachen.de\/itc\/wp-json\/wp\/v2\/posts\/6962\/revisions\/15921"}],"wp:attachment":[{"href":"https:\/\/blog.rwth-aachen.de\/itc\/wp-json\/wp\/v2\/media?parent=6962"}],"wp:term":[{"taxonomy":"category","embeddable":true,"href":"https:\/\/blog.rwth-aachen.de\/itc\/wp-json\/wp\/v2\/categories?post=6962"},{"taxonomy":"post_tag","embeddable":true,"href":"https:\/\/blog.rwth-aachen.de\/itc\/wp-json\/wp\/v2\/tags?post=6962"}],"curies":[{"name":"wp","href":"https:\/\/api.w.org\/{rel}","templated":true}]}}