{"id":7083,"date":"2020-03-12T14:20:30","date_gmt":"2020-03-12T13:20:30","guid":{"rendered":"https:\/\/blog.rwth-aachen.de\/itc\/?p=7083"},"modified":"2023-06-01T11:02:35","modified_gmt":"2023-06-01T09:02:35","slug":"veranderte-beratungszeiten-it-servicedesk","status":"publish","type":"post","link":"https:\/\/blog.rwth-aachen.de\/itc\/2020\/03\/12\/veranderte-beratungszeiten-it-servicedesk\/","title":{"rendered":"Ver\u00e4nderte Beratungszeiten im IT-ServiceDesk"},"content":{"rendered":"<div class=\"twoclick_social_bookmarks_post_7083 social_share_privacy clearfix 1.6.4 locale-de_DE sprite-de_DE\"><\/div><div class=\"twoclick-js\"><script type=\"text\/javascript\">\/* <![CDATA[ *\/\njQuery(document).ready(function($){if($('.twoclick_social_bookmarks_post_7083')){$('.twoclick_social_bookmarks_post_7083').socialSharePrivacy({\"txt_help\":\"Wenn Sie diese Felder durch einen Klick aktivieren, werden Informationen an Facebook, Twitter, Flattr, Xing, t3n, LinkedIn, Pinterest oder Google eventuell ins Ausland \\u00fcbertragen und unter Umst\\u00e4nden auch dort gespeichert. N\\u00e4heres erfahren Sie durch einen Klick auf das <em>i<\\\/em>.\",\"settings_perma\":\"Dauerhaft aktivieren und Daten\\u00fcber-tragung zustimmen:\",\"info_link\":\"http:\\\/\\\/www.heise.de\\\/ct\\\/artikel\\\/2-Klicks-fuer-mehr-Datenschutz-1333879.html\",\"uri\":\"https:\\\/\\\/blog.rwth-aachen.de\\\/itc\\\/2020\\\/03\\\/12\\\/veranderte-beratungszeiten-it-servicedesk\\\/\",\"post_id\":7083,\"post_title_referrer_track\":\"Ver%C3%A4nderte+Beratungszeiten+im+IT-ServiceDesk\",\"display_infobox\":\"on\"});}});\n\/* ]]> *\/<\/script><\/div>\r\n<div class=\"wp-block-image\">\r\n<figure class=\"aligncenter\">\r\n<div id=\"attachment_7084\" style=\"width: 564px\" class=\"wp-caption alignnone\"><img loading=\"lazy\" decoding=\"async\" aria-describedby=\"caption-attachment-7084\" class=\"wp-image-7084\" src=\"https:\/\/blog.rwth-aachen.de\/itc\/files\/2020\/03\/grafik-4.png\" alt=\"Vor\u00fcbergehend geschlossen.\" width=\"554\" height=\"370\" srcset=\"https:\/\/blog.rwth-aachen.de\/itc\/files\/2020\/03\/grafik-4.png 554w, https:\/\/blog.rwth-aachen.de\/itc\/files\/2020\/03\/grafik-4-300x200.png 300w\" sizes=\"auto, (max-width: 554px) 100vw, 554px\" \/><p id=\"caption-attachment-7084\" class=\"wp-caption-text\">Quelle: <a href=\" https:\/\/pixabay.com\/de\/illustrations\/corona-stempel-vor%C3%BCbergehend-4914550\/\">Pixabay<\/a><\/p><\/div>\r\n<\/figure>\r\n<\/div>\r\n\r\n\r\n\r\n\r\n\r\n<p class=\"wp-block-paragraph\">Aufgrund der aktuellen Entwicklung um die Verbreitung des Coronavirus sowie der Empfehlungen der zust\u00e4ndigen Beh\u00f6rden ist auch die RWTH Aachen gezwungen, weitere Ma\u00dfnahmen zur Eind\u00e4mmung der Ausbreitung des Virus und zur Entlastung des Gesundheitssystems umzusetzen. Das gemeinsame Ziel dabei ist es, die weitere Ausbreitung m\u00f6glichst zu stoppen und die Ausbreitungsgeschwindigkeit zu verlangsamen.<\/p>\r\n\r\n<p>&nbsp;<\/p>\r\n\r\n<p class=\"wp-block-paragraph\">In diesem Zusammenhang werden auch die pers\u00f6nlichen Beratungsangebote \u00fcberwiegend telefonisch und online angeboten. Der Publikumsverkehr wird zun\u00e4chst bis einschlie\u00dflich 10.04.2020 auf ein n\u00f6tiges Minimum reduziert.<\/p>\r\n\r\n<p>&nbsp;<\/p>\r\n\r\n<p class=\"wp-block-paragraph\">F\u00fcr unser IT-ServiceDesk bedeutet dies die sofortige Schlie\u00dfung des Standortes Super C. Ab kommenden Montag bleiben auch die Beratungsstellen Seffenter Weg 23 und Wendlingweg 10 geschlossen.<\/p>\r\n\r\n<p>&nbsp;<\/p>\r\n\r\n<p class=\"wp-block-paragraph\">Selberverst\u00e4ndlich erreicht Ihr uns weiterhin per E-Mail und Telefon. Zudem werden wir die Zeiten f\u00fcr den Chat-Support (<a href=\"http:\/\/app.rwth-aachen.de\/chatsupport\">app.rwth-aachen.de\/chatsupport<\/a>) ab dem 16.03.2020 auf 07:30 bis 18:00 Uhr anpassen.<\/p>\r\n\r\n<p>&nbsp;<\/p>\r\n\r\n<p class=\"wp-block-paragraph\">Wir danken f\u00fcr Euer Verst\u00e4ndnis.<\/p>","protected":false},"excerpt":{"rendered":"<p>Aufgrund der aktuellen Entwicklung um die Verbreitung des Coronavirus sowie der Empfehlungen der zust\u00e4ndigen Beh\u00f6rden ist auch die RWTH Aachen gezwungen, weitere Ma\u00dfnahmen zur Eind\u00e4mmung der Ausbreitung des Virus und [&hellip;]<\/p>\n","protected":false},"author":1413,"featured_media":0,"comment_status":"open","ping_status":"closed","sticky":false,"template":"","format":"standard","meta":{"c2c_always_allow_admin_comments":false,"footnotes":""},"categories":[306,315],"tags":[],"class_list":["post-7083","post","type-post","status-publish","format-standard","hentry","category-ankuendigungen","category-services-support"],"aioseo_notices":[],"aioseo_head":"\n\t\t<!-- All in One SEO 4.9.8 - aioseo.com -->\n\t<meta name=\"description\" content=\"Aufgrund der aktuellen Entwicklung um die Verbreitung des Coronavirus sowie der Empfehlungen der zust\u00e4ndigen Beh\u00f6rden ist auch die RWTH Aachen gezwungen, weitere Ma\u00dfnahmen zur Eind\u00e4mmung der Ausbreitung des Virus und zur Entlastung des Gesundheitssystems umzusetzen. Das gemeinsame Ziel dabei ist es, die weitere Ausbreitung m\u00f6glichst zu stoppen und die Ausbreitungsgeschwindigkeit zu verlangsamen. In diesem\" \/>\n\t<meta name=\"robots\" content=\"max-image-preview:large\" \/>\n\t<meta name=\"author\" content=\"Filla, Nicole Barbara\"\/>\n\t<meta name=\"keywords\" content=\"ank\u00fcndigungen,services &amp; support\" \/>\n\t<link rel=\"canonical\" href=\"https:\/\/blog.rwth-aachen.de\/itc\/2020\/03\/12\/veranderte-beratungszeiten-it-servicedesk\/\" \/>\n\t<meta name=\"generator\" content=\"All in One SEO (AIOSEO) 4.9.8\" \/>\n\t\t<meta property=\"og:locale\" content=\"de_DE\" \/>\n\t\t<meta property=\"og:site_name\" content=\"IT Center Blog \u2022\" \/>\n\t\t<meta property=\"og:type\" content=\"article\" \/>\n\t\t<meta property=\"og:title\" content=\"Ver\u00e4nderte Beratungszeiten im IT-ServiceDesk \u2022 IT Center Blog\" \/>\n\t\t<meta property=\"og:description\" content=\"Aufgrund der aktuellen Entwicklung um die Verbreitung des Coronavirus sowie der Empfehlungen der zust\u00e4ndigen Beh\u00f6rden ist auch die RWTH Aachen gezwungen, weitere Ma\u00dfnahmen zur Eind\u00e4mmung der Ausbreitung des Virus und zur Entlastung des Gesundheitssystems umzusetzen. Das gemeinsame Ziel dabei ist es, die weitere Ausbreitung m\u00f6glichst zu stoppen und die Ausbreitungsgeschwindigkeit zu verlangsamen. In diesem\" \/>\n\t\t<meta property=\"og:url\" content=\"https:\/\/blog.rwth-aachen.de\/itc\/2020\/03\/12\/veranderte-beratungszeiten-it-servicedesk\/\" \/>\n\t\t<meta property=\"article:published_time\" content=\"2020-03-12T13:20:30+00:00\" \/>\n\t\t<meta property=\"article:modified_time\" content=\"2023-06-01T09:02:35+00:00\" \/>\n\t\t<meta property=\"article:publisher\" content=\"https:\/\/www.facebook.com\/itcenterrwth\" \/>\n\t\t<meta name=\"twitter:card\" content=\"summary\" \/>\n\t\t<meta name=\"twitter:site\" content=\"@ITCenterRWTH\" \/>\n\t\t<meta name=\"twitter:title\" content=\"Ver\u00e4nderte Beratungszeiten im IT-ServiceDesk \u2022 IT Center Blog\" \/>\n\t\t<meta name=\"twitter:description\" content=\"Aufgrund der aktuellen Entwicklung um die Verbreitung des Coronavirus sowie der Empfehlungen der zust\u00e4ndigen Beh\u00f6rden ist auch die RWTH Aachen gezwungen, weitere Ma\u00dfnahmen zur Eind\u00e4mmung der Ausbreitung des Virus und zur Entlastung des Gesundheitssystems umzusetzen. Das gemeinsame Ziel dabei ist es, die weitere Ausbreitung m\u00f6glichst zu stoppen und die Ausbreitungsgeschwindigkeit zu verlangsamen. In diesem\" \/>\n\t\t<meta name=\"twitter:creator\" content=\"@ITCenterRWTH\" \/>\n\t\t<script type=\"application\/ld+json\" class=\"aioseo-schema\">\n\t\t\t{\"@context\":\"https:\\\/\\\/schema.org\",\"@graph\":[{\"@type\":\"BlogPosting\",\"@id\":\"https:\\\/\\\/blog.rwth-aachen.de\\\/itc\\\/2020\\\/03\\\/12\\\/veranderte-beratungszeiten-it-servicedesk\\\/#blogposting\",\"name\":\"Ver\\u00e4nderte Beratungszeiten im IT-ServiceDesk \\u2022 IT Center Blog\",\"headline\":\"Ver\\u00e4nderte Beratungszeiten im IT-ServiceDesk\",\"author\":{\"@id\":\"https:\\\/\\\/blog.rwth-aachen.de\\\/itc\\\/author\\\/1413\\\/#author\"},\"publisher\":{\"@id\":\"https:\\\/\\\/blog.rwth-aachen.de\\\/itc\\\/#organization\"},\"image\":{\"@type\":\"ImageObject\",\"url\":\"https:\\\/\\\/blog.rwth-aachen.de\\\/itc\\\/files\\\/2020\\\/03\\\/grafik-4.png\",\"@id\":\"https:\\\/\\\/blog.rwth-aachen.de\\\/itc\\\/2020\\\/03\\\/12\\\/veranderte-beratungszeiten-it-servicedesk\\\/#articleImage\",\"width\":554,\"height\":370,\"caption\":\"Vor\\u00fcbergehend geschlossen.\"},\"datePublished\":\"2020-03-12T14:20:30+01:00\",\"dateModified\":\"2023-06-01T11:02:35+02:00\",\"inLanguage\":\"de-DE\",\"mainEntityOfPage\":{\"@id\":\"https:\\\/\\\/blog.rwth-aachen.de\\\/itc\\\/2020\\\/03\\\/12\\\/veranderte-beratungszeiten-it-servicedesk\\\/#webpage\"},\"isPartOf\":{\"@id\":\"https:\\\/\\\/blog.rwth-aachen.de\\\/itc\\\/2020\\\/03\\\/12\\\/veranderte-beratungszeiten-it-servicedesk\\\/#webpage\"},\"articleSection\":\"Ank\\u00fcndigungen, Services &amp; Support\"},{\"@type\":\"BreadcrumbList\",\"@id\":\"https:\\\/\\\/blog.rwth-aachen.de\\\/itc\\\/2020\\\/03\\\/12\\\/veranderte-beratungszeiten-it-servicedesk\\\/#breadcrumblist\",\"itemListElement\":[{\"@type\":\"ListItem\",\"@id\":\"https:\\\/\\\/blog.rwth-aachen.de\\\/itc#listItem\",\"position\":1,\"name\":\"Home\",\"item\":\"https:\\\/\\\/blog.rwth-aachen.de\\\/itc\",\"nextItem\":{\"@type\":\"ListItem\",\"@id\":\"https:\\\/\\\/blog.rwth-aachen.de\\\/itc\\\/category\\\/themen\\\/#listItem\",\"name\":\"Themen\"}},{\"@type\":\"ListItem\",\"@id\":\"https:\\\/\\\/blog.rwth-aachen.de\\\/itc\\\/category\\\/themen\\\/#listItem\",\"position\":2,\"name\":\"Themen\",\"item\":\"https:\\\/\\\/blog.rwth-aachen.de\\\/itc\\\/category\\\/themen\\\/\",\"nextItem\":{\"@type\":\"ListItem\",\"@id\":\"https:\\\/\\\/blog.rwth-aachen.de\\\/itc\\\/category\\\/themen\\\/ankuendigungen\\\/#listItem\",\"name\":\"Ank\\u00fcndigungen\"},\"previousItem\":{\"@type\":\"ListItem\",\"@id\":\"https:\\\/\\\/blog.rwth-aachen.de\\\/itc#listItem\",\"name\":\"Home\"}},{\"@type\":\"ListItem\",\"@id\":\"https:\\\/\\\/blog.rwth-aachen.de\\\/itc\\\/category\\\/themen\\\/ankuendigungen\\\/#listItem\",\"position\":3,\"name\":\"Ank\\u00fcndigungen\",\"item\":\"https:\\\/\\\/blog.rwth-aachen.de\\\/itc\\\/category\\\/themen\\\/ankuendigungen\\\/\",\"nextItem\":{\"@type\":\"ListItem\",\"@id\":\"https:\\\/\\\/blog.rwth-aachen.de\\\/itc\\\/2020\\\/03\\\/12\\\/veranderte-beratungszeiten-it-servicedesk\\\/#listItem\",\"name\":\"Ver\\u00e4nderte Beratungszeiten im IT-ServiceDesk\"},\"previousItem\":{\"@type\":\"ListItem\",\"@id\":\"https:\\\/\\\/blog.rwth-aachen.de\\\/itc\\\/category\\\/themen\\\/#listItem\",\"name\":\"Themen\"}},{\"@type\":\"ListItem\",\"@id\":\"https:\\\/\\\/blog.rwth-aachen.de\\\/itc\\\/2020\\\/03\\\/12\\\/veranderte-beratungszeiten-it-servicedesk\\\/#listItem\",\"position\":4,\"name\":\"Ver\\u00e4nderte Beratungszeiten im IT-ServiceDesk\",\"previousItem\":{\"@type\":\"ListItem\",\"@id\":\"https:\\\/\\\/blog.rwth-aachen.de\\\/itc\\\/category\\\/themen\\\/ankuendigungen\\\/#listItem\",\"name\":\"Ank\\u00fcndigungen\"}}]},{\"@type\":\"Organization\",\"@id\":\"https:\\\/\\\/blog.rwth-aachen.de\\\/itc\\\/#organization\",\"name\":\"IT Center RWTH Aachen University\",\"url\":\"https:\\\/\\\/blog.rwth-aachen.de\\\/itc\\\/\",\"logo\":{\"@type\":\"ImageObject\",\"url\":\"https:\\\/\\\/blog.rwth-aachen.de\\\/itc\\\/files\\\/2018\\\/09\\\/IT-Center-Logo.png\",\"@id\":\"https:\\\/\\\/blog.rwth-aachen.de\\\/itc\\\/2020\\\/03\\\/12\\\/veranderte-beratungszeiten-it-servicedesk\\\/#organizationLogo\",\"width\":1312,\"height\":378,\"caption\":\"IT Center Logo\"},\"image\":{\"@id\":\"https:\\\/\\\/blog.rwth-aachen.de\\\/itc\\\/2020\\\/03\\\/12\\\/veranderte-beratungszeiten-it-servicedesk\\\/#organizationLogo\"},\"sameAs\":[\"https:\\\/\\\/www.facebook.com\\\/itcenterrwth\",\"https:\\\/\\\/twitter.com\\\/ITCenterRWTH\",\"https:\\\/\\\/www.youtube.com\\\/c\\\/itcenterrwthaachen\",\"https:\\\/\\\/www.linkedin.com\\\/company\\\/itcenterrwth\"]},{\"@type\":\"Person\",\"@id\":\"https:\\\/\\\/blog.rwth-aachen.de\\\/itc\\\/author\\\/1413\\\/#author\",\"url\":\"https:\\\/\\\/blog.rwth-aachen.de\\\/itc\\\/author\\\/1413\\\/\",\"name\":\"Filla, Nicole Barbara\",\"image\":{\"@type\":\"ImageObject\",\"@id\":\"https:\\\/\\\/blog.rwth-aachen.de\\\/itc\\\/2020\\\/03\\\/12\\\/veranderte-beratungszeiten-it-servicedesk\\\/#authorImage\",\"url\":\"https:\\\/\\\/secure.gravatar.com\\\/avatar\\\/81792330c0dc846cc349c48b76b9d81506aee430174a58d2e4bfac4514336eb4?s=96&d=blank&r=g\",\"width\":96,\"height\":96,\"caption\":\"Filla, Nicole Barbara\"}},{\"@type\":\"WebPage\",\"@id\":\"https:\\\/\\\/blog.rwth-aachen.de\\\/itc\\\/2020\\\/03\\\/12\\\/veranderte-beratungszeiten-it-servicedesk\\\/#webpage\",\"url\":\"https:\\\/\\\/blog.rwth-aachen.de\\\/itc\\\/2020\\\/03\\\/12\\\/veranderte-beratungszeiten-it-servicedesk\\\/\",\"name\":\"Ver\\u00e4nderte Beratungszeiten im IT-ServiceDesk \\u2022 IT Center Blog\",\"description\":\"Aufgrund der aktuellen Entwicklung um die Verbreitung des Coronavirus sowie der Empfehlungen der zust\\u00e4ndigen Beh\\u00f6rden ist auch die RWTH Aachen gezwungen, weitere Ma\\u00dfnahmen zur Eind\\u00e4mmung der Ausbreitung des Virus und zur Entlastung des Gesundheitssystems umzusetzen. Das gemeinsame Ziel dabei ist es, die weitere Ausbreitung m\\u00f6glichst zu stoppen und die Ausbreitungsgeschwindigkeit zu verlangsamen. In diesem\",\"inLanguage\":\"de-DE\",\"isPartOf\":{\"@id\":\"https:\\\/\\\/blog.rwth-aachen.de\\\/itc\\\/#website\"},\"breadcrumb\":{\"@id\":\"https:\\\/\\\/blog.rwth-aachen.de\\\/itc\\\/2020\\\/03\\\/12\\\/veranderte-beratungszeiten-it-servicedesk\\\/#breadcrumblist\"},\"author\":{\"@id\":\"https:\\\/\\\/blog.rwth-aachen.de\\\/itc\\\/author\\\/1413\\\/#author\"},\"creator\":{\"@id\":\"https:\\\/\\\/blog.rwth-aachen.de\\\/itc\\\/author\\\/1413\\\/#author\"},\"datePublished\":\"2020-03-12T14:20:30+01:00\",\"dateModified\":\"2023-06-01T11:02:35+02:00\"},{\"@type\":\"WebSite\",\"@id\":\"https:\\\/\\\/blog.rwth-aachen.de\\\/itc\\\/#website\",\"url\":\"https:\\\/\\\/blog.rwth-aachen.de\\\/itc\\\/\",\"name\":\"IT Center Blog\",\"inLanguage\":\"de-DE\",\"publisher\":{\"@id\":\"https:\\\/\\\/blog.rwth-aachen.de\\\/itc\\\/#organization\"}}]}\n\t\t<\/script>\n\t\t<!-- All in One SEO -->\n\n","aioseo_head_json":{"title":"Ver\u00e4nderte Beratungszeiten im IT-ServiceDesk \u2022 IT Center Blog","description":"Aufgrund der aktuellen Entwicklung um die Verbreitung des Coronavirus sowie der Empfehlungen der zust\u00e4ndigen Beh\u00f6rden ist auch die RWTH Aachen gezwungen, weitere Ma\u00dfnahmen zur Eind\u00e4mmung der Ausbreitung des Virus und zur Entlastung des Gesundheitssystems umzusetzen. Das gemeinsame Ziel dabei ist es, die weitere Ausbreitung m\u00f6glichst zu stoppen und die Ausbreitungsgeschwindigkeit zu verlangsamen. In diesem","canonical_url":"https:\/\/blog.rwth-aachen.de\/itc\/2020\/03\/12\/veranderte-beratungszeiten-it-servicedesk\/","robots":"max-image-preview:large","keywords":"ank\u00fcndigungen,services &amp; support","webmasterTools":{"miscellaneous":""},"schema":{"@context":"https:\/\/schema.org","@graph":[{"@type":"BlogPosting","@id":"https:\/\/blog.rwth-aachen.de\/itc\/2020\/03\/12\/veranderte-beratungszeiten-it-servicedesk\/#blogposting","name":"Ver\u00e4nderte Beratungszeiten im IT-ServiceDesk \u2022 IT Center Blog","headline":"Ver\u00e4nderte Beratungszeiten im IT-ServiceDesk","author":{"@id":"https:\/\/blog.rwth-aachen.de\/itc\/author\/1413\/#author"},"publisher":{"@id":"https:\/\/blog.rwth-aachen.de\/itc\/#organization"},"image":{"@type":"ImageObject","url":"https:\/\/blog.rwth-aachen.de\/itc\/files\/2020\/03\/grafik-4.png","@id":"https:\/\/blog.rwth-aachen.de\/itc\/2020\/03\/12\/veranderte-beratungszeiten-it-servicedesk\/#articleImage","width":554,"height":370,"caption":"Vor\u00fcbergehend geschlossen."},"datePublished":"2020-03-12T14:20:30+01:00","dateModified":"2023-06-01T11:02:35+02:00","inLanguage":"de-DE","mainEntityOfPage":{"@id":"https:\/\/blog.rwth-aachen.de\/itc\/2020\/03\/12\/veranderte-beratungszeiten-it-servicedesk\/#webpage"},"isPartOf":{"@id":"https:\/\/blog.rwth-aachen.de\/itc\/2020\/03\/12\/veranderte-beratungszeiten-it-servicedesk\/#webpage"},"articleSection":"Ank\u00fcndigungen, Services &amp; Support"},{"@type":"BreadcrumbList","@id":"https:\/\/blog.rwth-aachen.de\/itc\/2020\/03\/12\/veranderte-beratungszeiten-it-servicedesk\/#breadcrumblist","itemListElement":[{"@type":"ListItem","@id":"https:\/\/blog.rwth-aachen.de\/itc#listItem","position":1,"name":"Home","item":"https:\/\/blog.rwth-aachen.de\/itc","nextItem":{"@type":"ListItem","@id":"https:\/\/blog.rwth-aachen.de\/itc\/category\/themen\/#listItem","name":"Themen"}},{"@type":"ListItem","@id":"https:\/\/blog.rwth-aachen.de\/itc\/category\/themen\/#listItem","position":2,"name":"Themen","item":"https:\/\/blog.rwth-aachen.de\/itc\/category\/themen\/","nextItem":{"@type":"ListItem","@id":"https:\/\/blog.rwth-aachen.de\/itc\/category\/themen\/ankuendigungen\/#listItem","name":"Ank\u00fcndigungen"},"previousItem":{"@type":"ListItem","@id":"https:\/\/blog.rwth-aachen.de\/itc#listItem","name":"Home"}},{"@type":"ListItem","@id":"https:\/\/blog.rwth-aachen.de\/itc\/category\/themen\/ankuendigungen\/#listItem","position":3,"name":"Ank\u00fcndigungen","item":"https:\/\/blog.rwth-aachen.de\/itc\/category\/themen\/ankuendigungen\/","nextItem":{"@type":"ListItem","@id":"https:\/\/blog.rwth-aachen.de\/itc\/2020\/03\/12\/veranderte-beratungszeiten-it-servicedesk\/#listItem","name":"Ver\u00e4nderte Beratungszeiten im IT-ServiceDesk"},"previousItem":{"@type":"ListItem","@id":"https:\/\/blog.rwth-aachen.de\/itc\/category\/themen\/#listItem","name":"Themen"}},{"@type":"ListItem","@id":"https:\/\/blog.rwth-aachen.de\/itc\/2020\/03\/12\/veranderte-beratungszeiten-it-servicedesk\/#listItem","position":4,"name":"Ver\u00e4nderte Beratungszeiten im IT-ServiceDesk","previousItem":{"@type":"ListItem","@id":"https:\/\/blog.rwth-aachen.de\/itc\/category\/themen\/ankuendigungen\/#listItem","name":"Ank\u00fcndigungen"}}]},{"@type":"Organization","@id":"https:\/\/blog.rwth-aachen.de\/itc\/#organization","name":"IT Center RWTH Aachen University","url":"https:\/\/blog.rwth-aachen.de\/itc\/","logo":{"@type":"ImageObject","url":"https:\/\/blog.rwth-aachen.de\/itc\/files\/2018\/09\/IT-Center-Logo.png","@id":"https:\/\/blog.rwth-aachen.de\/itc\/2020\/03\/12\/veranderte-beratungszeiten-it-servicedesk\/#organizationLogo","width":1312,"height":378,"caption":"IT Center Logo"},"image":{"@id":"https:\/\/blog.rwth-aachen.de\/itc\/2020\/03\/12\/veranderte-beratungszeiten-it-servicedesk\/#organizationLogo"},"sameAs":["https:\/\/www.facebook.com\/itcenterrwth","https:\/\/twitter.com\/ITCenterRWTH","https:\/\/www.youtube.com\/c\/itcenterrwthaachen","https:\/\/www.linkedin.com\/company\/itcenterrwth"]},{"@type":"Person","@id":"https:\/\/blog.rwth-aachen.de\/itc\/author\/1413\/#author","url":"https:\/\/blog.rwth-aachen.de\/itc\/author\/1413\/","name":"Filla, Nicole Barbara","image":{"@type":"ImageObject","@id":"https:\/\/blog.rwth-aachen.de\/itc\/2020\/03\/12\/veranderte-beratungszeiten-it-servicedesk\/#authorImage","url":"https:\/\/secure.gravatar.com\/avatar\/81792330c0dc846cc349c48b76b9d81506aee430174a58d2e4bfac4514336eb4?s=96&d=blank&r=g","width":96,"height":96,"caption":"Filla, Nicole Barbara"}},{"@type":"WebPage","@id":"https:\/\/blog.rwth-aachen.de\/itc\/2020\/03\/12\/veranderte-beratungszeiten-it-servicedesk\/#webpage","url":"https:\/\/blog.rwth-aachen.de\/itc\/2020\/03\/12\/veranderte-beratungszeiten-it-servicedesk\/","name":"Ver\u00e4nderte Beratungszeiten im IT-ServiceDesk \u2022 IT Center Blog","description":"Aufgrund der aktuellen Entwicklung um die Verbreitung des Coronavirus sowie der Empfehlungen der zust\u00e4ndigen Beh\u00f6rden ist auch die RWTH Aachen gezwungen, weitere Ma\u00dfnahmen zur Eind\u00e4mmung der Ausbreitung des Virus und zur Entlastung des Gesundheitssystems umzusetzen. Das gemeinsame Ziel dabei ist es, die weitere Ausbreitung m\u00f6glichst zu stoppen und die Ausbreitungsgeschwindigkeit zu verlangsamen. In diesem","inLanguage":"de-DE","isPartOf":{"@id":"https:\/\/blog.rwth-aachen.de\/itc\/#website"},"breadcrumb":{"@id":"https:\/\/blog.rwth-aachen.de\/itc\/2020\/03\/12\/veranderte-beratungszeiten-it-servicedesk\/#breadcrumblist"},"author":{"@id":"https:\/\/blog.rwth-aachen.de\/itc\/author\/1413\/#author"},"creator":{"@id":"https:\/\/blog.rwth-aachen.de\/itc\/author\/1413\/#author"},"datePublished":"2020-03-12T14:20:30+01:00","dateModified":"2023-06-01T11:02:35+02:00"},{"@type":"WebSite","@id":"https:\/\/blog.rwth-aachen.de\/itc\/#website","url":"https:\/\/blog.rwth-aachen.de\/itc\/","name":"IT Center Blog","inLanguage":"de-DE","publisher":{"@id":"https:\/\/blog.rwth-aachen.de\/itc\/#organization"}}]},"og:locale":"de_DE","og:site_name":"IT Center Blog \u2022","og:type":"article","og:title":"Ver\u00e4nderte Beratungszeiten im IT-ServiceDesk \u2022 IT Center Blog","og:description":"Aufgrund der aktuellen Entwicklung um die Verbreitung des Coronavirus sowie der Empfehlungen der zust\u00e4ndigen Beh\u00f6rden ist auch die RWTH Aachen gezwungen, weitere Ma\u00dfnahmen zur Eind\u00e4mmung der Ausbreitung des Virus und zur Entlastung des Gesundheitssystems umzusetzen. Das gemeinsame Ziel dabei ist es, die weitere Ausbreitung m\u00f6glichst zu stoppen und die Ausbreitungsgeschwindigkeit zu verlangsamen. In diesem","og:url":"https:\/\/blog.rwth-aachen.de\/itc\/2020\/03\/12\/veranderte-beratungszeiten-it-servicedesk\/","article:published_time":"2020-03-12T13:20:30+00:00","article:modified_time":"2023-06-01T09:02:35+00:00","article:publisher":"https:\/\/www.facebook.com\/itcenterrwth","twitter:card":"summary","twitter:site":"@ITCenterRWTH","twitter:title":"Ver\u00e4nderte Beratungszeiten im IT-ServiceDesk \u2022 IT Center Blog","twitter:description":"Aufgrund der aktuellen Entwicklung um die Verbreitung des Coronavirus sowie der Empfehlungen der zust\u00e4ndigen Beh\u00f6rden ist auch die RWTH Aachen gezwungen, weitere Ma\u00dfnahmen zur Eind\u00e4mmung der Ausbreitung des Virus und zur Entlastung des Gesundheitssystems umzusetzen. Das gemeinsame Ziel dabei ist es, die weitere Ausbreitung m\u00f6glichst zu stoppen und die Ausbreitungsgeschwindigkeit zu verlangsamen. In diesem","twitter:creator":"@ITCenterRWTH"},"aioseo_meta_data":{"post_id":"7083","title":null,"description":null,"keywords":[],"keyphrases":{"focus":{"keyphrase":"","score":0,"analysis":{"keyphraseInTitle":{"score":0,"maxScore":9,"error":1}}},"additional":[]},"primary_term":null,"canonical_url":null,"og_title":null,"og_description":null,"og_object_type":"default","og_image_type":"default","og_image_url":null,"og_image_width":null,"og_image_height":null,"og_image_custom_url":null,"og_image_custom_fields":null,"og_video":"","og_custom_url":null,"og_article_section":null,"og_article_tags":[],"twitter_use_og":false,"twitter_card":"default","twitter_image_type":"default","twitter_image_url":null,"twitter_image_custom_url":null,"twitter_image_custom_fields":null,"twitter_title":null,"twitter_description":null,"schema":{"blockGraphs":[],"customGraphs":[],"default":{"data":{"Article":[],"Course":[],"Dataset":[],"FAQPage":[],"Movie":[],"Person":[],"Product":[],"ProductReview":[],"Car":[],"Recipe":[],"Service":[],"SoftwareApplication":[],"WebPage":[]},"graphName":"BlogPosting","isEnabled":true},"graphs":[]},"schema_type":"default","schema_type_options":null,"pillar_content":false,"robots_default":true,"robots_noindex":false,"robots_noarchive":false,"robots_nosnippet":false,"robots_nofollow":false,"robots_noimageindex":false,"robots_noodp":false,"robots_notranslate":false,"robots_max_snippet":"-1","robots_max_videopreview":"-1","robots_max_imagepreview":"large","priority":null,"frequency":"default","local_seo":null,"breadcrumb_settings":null,"limit_modified_date":false,"ai":null,"created":"2022-01-24 14:45:04","updated":"2025-07-08 13:34:31","seo_analyzer_scan_date":null},"aioseo_breadcrumb":"<div class=\"aioseo-breadcrumbs\"><span class=\"aioseo-breadcrumb\">\n\t\t\t<a href=\"https:\/\/blog.rwth-aachen.de\/itc\" title=\"Home\">Home<\/a>\n\t\t<\/span><span class=\"aioseo-breadcrumb-separator\">\u00bb<\/span><span class=\"aioseo-breadcrumb\">\n\t\t\t<a href=\"https:\/\/blog.rwth-aachen.de\/itc\/category\/themen\/\" title=\"Themen\">Themen<\/a>\n\t\t<\/span><span class=\"aioseo-breadcrumb-separator\">\u00bb<\/span><span class=\"aioseo-breadcrumb\">\n\t\t\t<a href=\"https:\/\/blog.rwth-aachen.de\/itc\/category\/themen\/ankuendigungen\/\" title=\"Ank\u00fcndigungen\">Ank\u00fcndigungen<\/a>\n\t\t<\/span><span class=\"aioseo-breadcrumb-separator\">\u00bb<\/span><span class=\"aioseo-breadcrumb\">\n\t\t\tVer\u00e4nderte Beratungszeiten im IT-ServiceDesk\n\t\t<\/span><\/div>","aioseo_breadcrumb_json":[{"label":"Home","link":"https:\/\/blog.rwth-aachen.de\/itc"},{"label":"Themen","link":"https:\/\/blog.rwth-aachen.de\/itc\/category\/themen\/"},{"label":"Ank\u00fcndigungen","link":"https:\/\/blog.rwth-aachen.de\/itc\/category\/themen\/ankuendigungen\/"},{"label":"Ver\u00e4nderte Beratungszeiten im IT-ServiceDesk","link":"https:\/\/blog.rwth-aachen.de\/itc\/2020\/03\/12\/veranderte-beratungszeiten-it-servicedesk\/"}],"_links":{"self":[{"href":"https:\/\/blog.rwth-aachen.de\/itc\/wp-json\/wp\/v2\/posts\/7083","targetHints":{"allow":["GET"]}}],"collection":[{"href":"https:\/\/blog.rwth-aachen.de\/itc\/wp-json\/wp\/v2\/posts"}],"about":[{"href":"https:\/\/blog.rwth-aachen.de\/itc\/wp-json\/wp\/v2\/types\/post"}],"author":[{"embeddable":true,"href":"https:\/\/blog.rwth-aachen.de\/itc\/wp-json\/wp\/v2\/users\/1413"}],"replies":[{"embeddable":true,"href":"https:\/\/blog.rwth-aachen.de\/itc\/wp-json\/wp\/v2\/comments?post=7083"}],"version-history":[{"count":9,"href":"https:\/\/blog.rwth-aachen.de\/itc\/wp-json\/wp\/v2\/posts\/7083\/revisions"}],"predecessor-version":[{"id":15910,"href":"https:\/\/blog.rwth-aachen.de\/itc\/wp-json\/wp\/v2\/posts\/7083\/revisions\/15910"}],"wp:attachment":[{"href":"https:\/\/blog.rwth-aachen.de\/itc\/wp-json\/wp\/v2\/media?parent=7083"}],"wp:term":[{"taxonomy":"category","embeddable":true,"href":"https:\/\/blog.rwth-aachen.de\/itc\/wp-json\/wp\/v2\/categories?post=7083"},{"taxonomy":"post_tag","embeddable":true,"href":"https:\/\/blog.rwth-aachen.de\/itc\/wp-json\/wp\/v2\/tags?post=7083"}],"curies":[{"name":"wp","href":"https:\/\/api.w.org\/{rel}","templated":true}]}}