{"id":7398,"date":"2020-06-12T14:30:52","date_gmt":"2020-06-12T12:30:52","guid":{"rendered":"https:\/\/blog.rwth-aachen.de\/itc\/?p=7398"},"modified":"2023-06-01T09:48:07","modified_gmt":"2023-06-01T07:48:07","slug":"kooperation_cls_it_center","status":"publish","type":"post","link":"https:\/\/blog.rwth-aachen.de\/itc\/2020\/06\/12\/kooperation_cls_it_center\/","title":{"rendered":"Remote Lehren und Lernen \u2013 Digitale Lehre im Online-Semester"},"content":{"rendered":"<div class=\"twoclick_social_bookmarks_post_7398 social_share_privacy clearfix 1.6.4 locale-de_DE sprite-de_DE\"><\/div><div class=\"twoclick-js\"><script type=\"text\/javascript\">\/* <![CDATA[ *\/\njQuery(document).ready(function($){if($('.twoclick_social_bookmarks_post_7398')){$('.twoclick_social_bookmarks_post_7398').socialSharePrivacy({\"txt_help\":\"Wenn Sie diese Felder durch einen Klick aktivieren, werden Informationen an Facebook, Twitter, Flattr, Xing, t3n, LinkedIn, Pinterest oder Google eventuell ins Ausland \\u00fcbertragen und unter Umst\\u00e4nden auch dort gespeichert. N\\u00e4heres erfahren Sie durch einen Klick auf das <em>i<\\\/em>.\",\"settings_perma\":\"Dauerhaft aktivieren und Daten\\u00fcber-tragung zustimmen:\",\"info_link\":\"http:\\\/\\\/www.heise.de\\\/ct\\\/artikel\\\/2-Klicks-fuer-mehr-Datenschutz-1333879.html\",\"uri\":\"https:\\\/\\\/blog.rwth-aachen.de\\\/itc\\\/2020\\\/06\\\/12\\\/kooperation_cls_it_center\\\/\",\"post_id\":7398,\"post_title_referrer_track\":\"Remote+Lehren+und+Lernen+%E2%80%93+Digitale+Lehre+im+Online-Semester\",\"display_infobox\":\"on\"});}});\n\/* ]]> *\/<\/script><\/div><p><div id=\"attachment_7399\" style=\"width: 590px\" class=\"wp-caption aligncenter\"><a href=\"https:\/\/blog.rwth-aachen.de\/itc\/files\/2020\/06\/puzzle-1019769_1920.jpg\"><img loading=\"lazy\" decoding=\"async\" aria-describedby=\"caption-attachment-7399\" class=\"wp-image-7399\" src=\"https:\/\/blog.rwth-aachen.de\/itc\/files\/2020\/06\/puzzle-1019769_1920-1024x1024.jpg\" alt=\"Das IT Center und das CLS kooperieren flei\u00dfig in Sachen digitaler Lehre. Gerade im Online-Semester 2020 ist diese Zusammenarbeit besonders wichtig. (Bild: pixabay.com)\" width=\"580\" height=\"580\" srcset=\"https:\/\/blog.rwth-aachen.de\/itc\/files\/2020\/06\/puzzle-1019769_1920-1024x1024.jpg 1024w, https:\/\/blog.rwth-aachen.de\/itc\/files\/2020\/06\/puzzle-1019769_1920-150x150.jpg 150w, https:\/\/blog.rwth-aachen.de\/itc\/files\/2020\/06\/puzzle-1019769_1920-300x300.jpg 300w, https:\/\/blog.rwth-aachen.de\/itc\/files\/2020\/06\/puzzle-1019769_1920-768x768.jpg 768w, https:\/\/blog.rwth-aachen.de\/itc\/files\/2020\/06\/puzzle-1019769_1920-50x50.jpg 50w, https:\/\/blog.rwth-aachen.de\/itc\/files\/2020\/06\/puzzle-1019769_1920.jpg 1920w\" sizes=\"auto, (max-width: 580px) 100vw, 580px\" \/><\/a><p id=\"caption-attachment-7399\" class=\"wp-caption-text\">Das IT Center und das CLS kooperieren flei\u00dfig in Sachen digitaler Lehre. Gerade im Online-Semester 2020 ist diese Zusammenarbeit besonders wichtig. <br \/>Quelle: <a href=\"https:\/\/pixabay.com\/de\/illustrations\/puzzel-zusammenarbeit-partnerschaft-1019769\/\">Pixabay<\/a><\/p><\/div><\/p>\n<p>Dass die Digitalisierung der Lehre wichtig ist, wissen wir schon lange. Durch das nun ausgerufene Online-Semester wurde die Bedeutung des Themas schlagartig auf eine ganz andere Ebene gehoben. An der Hochschule sind neue Zust\u00e4ndigkeiten und Prozesse entstanden, die auch das <a href=\"https:\/\/www.itc.rwth-aachen.de\/\">IT Center<\/a> und das <a href=\"https:\/\/cls.rwth-aachen.de\/\">Center f\u00fcr Lehr- und Lernservices (CLS)<\/a> vor neue Herausforderungen stellen.<\/p>\n<p>Innerhalb k\u00fcrzester Zeit musste die RWTH unter Federf\u00fchrung des CLS die Software <a href=\"https:\/\/cls.rwth-aachen.de\/cms\/cls\/Services-und-Projekte\/Video-CLS\/~xbuxi\/Lehre\/\">ZOOM<\/a> f\u00fcr den digitalen Lehrbetrieb an der RWTH beschaffen, den Lehrst\u00fchlen die Software CAMTASIA bereitstellen und den Dozierenden tatkr\u00e4ftig bei der Aufnahme und Bereitstellung der Vorlesungsvideos helfen. Zwar hat das CLS in der Vergangenheit bereits die Lehrenden unterst\u00fctzt \u2013 aber die neuen Aufgaben haben das Angebotsspektrum des CLS nochmals erweitert. Das CLS ist bei diesen neuen Herausforderungen nat\u00fcrlich nicht alleine: Das IT Center wirkt tatkr\u00e4ftig mit und kooperiert mit dem CLS in einer Reihe von Projekten.<\/p>\n<p><!--more--><\/p>\n<h3>Kooperation CLS und IT Center<\/h3>\n<p>So ist beispielsweise die Registrierung f\u00fcr ZOOM \u00fcber den <a href=\"https:\/\/help.itc.rwth-aachen.de\/service\/rhb2fhkpjhb7\/article\/2cf300c672914715a0670959f4c5d286\">RWTH Single Sign-On<\/a> in enger Zusammenarbeit mit dem IT Center entstanden.<\/p>\n<p>Dar\u00fcber hinaus arbeiten wir mit dem CLS am <a href=\"https:\/\/hoersaalprojekt.rwth-aachen.de\/\">Projekt H\u00f6rsaal 4.0,<\/a> dabei geht es u.a. darum im H\u00f6rsaal aufgenommenen Videos einfacher \u00fcber die Lernr\u00e4ume von <a href=\"https:\/\/moodle.rwth-aachen.de\/\">RWTHmoodle<\/a> zur Verf\u00fcgung zu stellen. Selbstredend, erg\u00e4nzen die neuen Angebote des CLS die bereits bestehenden Services, wie RWTHmoodle sinnvoll. Auch der Nutzersupport ist bei der Bereitstellung von Services von hoher Bedeutung. Um hier ein einheitliches Vorgehen zu schaffen, stehen das IT Center und das CLS in engem Kontakt und stimmen sich bez\u00fcglich der Supportprozesse ab.<\/p>\n<p>Um beispielsweise noch schneller und ohne Plattformwechsel Anliegen von Nutzenden zu bearbeiten, nutzen das IT Center und das CLS ein gemeinsames <a href=\"https:\/\/help.itc.rwth-aachen.de\/service\/cd2613e9426f4dac9c76dd9b5342a29d\">Supporttool<\/a>.<\/p>\n<p>Die gesamte Kooperation verfolgt dabei ganz klar das \u00fcbergeordnete Ziel, den Dozierenden und Studierenden Lehre und Lernen im Online-Semester zu erm\u00f6glichen \u2013 dieses Semester eben von Zuhause aus.<\/p>\n<p>Verantwortlich f\u00fcr die Inhalte dieses Beitrags sind <a href=\"https:\/\/www.itc.rwth-aachen.de\/cms\/IT-Center\/IT-Center\/Team\/~epvp\/Mitarbeiter-CAMPUS-\/?gguid=0xDE29C364DDAF91469C6FFECDA8E5B512&amp;allou=1\">Susanne Kubiak<\/a> und <a href=\"https:\/\/www.itc.rwth-aachen.de\/cms\/IT-Center\/IT-Center\/Team\/~epvp\/Mitarbeiter-CAMPUS-\/?gguid=0x076EFD6C62ADCF4D868FB7134A14B07C&amp;allou=1\">Nicole Filla<\/a>.<\/p>","protected":false},"excerpt":{"rendered":"<p>Dass die Digitalisierung der Lehre wichtig ist, wissen wir schon lange. Durch das nun ausgerufene Online-Semester wurde die Bedeutung des Themas schlagartig auf eine ganz andere Ebene gehoben. An der [&hellip;]<\/p>\n","protected":false},"author":1413,"featured_media":0,"comment_status":"open","ping_status":"closed","sticky":false,"template":"","format":"standard","meta":{"c2c_always_allow_admin_comments":false,"footnotes":""},"categories":[316,315,310],"tags":[426,218,36,423,424,425,422,286],"class_list":["post-7398","post","type-post","status-publish","format-standard","hentry","category-projekte-kooperationen","category-services-support","category-studium-lehre","tag-cls","tag-digitalisierung","tag-lehre","tag-lehren","tag-lernen","tag-online-semester","tag-remote","tag-zoom"],"aioseo_notices":[],"_links":{"self":[{"href":"https:\/\/blog.rwth-aachen.de\/itc\/wp-json\/wp\/v2\/posts\/7398","targetHints":{"allow":["GET"]}}],"collection":[{"href":"https:\/\/blog.rwth-aachen.de\/itc\/wp-json\/wp\/v2\/posts"}],"about":[{"href":"https:\/\/blog.rwth-aachen.de\/itc\/wp-json\/wp\/v2\/types\/post"}],"author":[{"embeddable":true,"href":"https:\/\/blog.rwth-aachen.de\/itc\/wp-json\/wp\/v2\/users\/1413"}],"replies":[{"embeddable":true,"href":"https:\/\/blog.rwth-aachen.de\/itc\/wp-json\/wp\/v2\/comments?post=7398"}],"version-history":[{"count":10,"href":"https:\/\/blog.rwth-aachen.de\/itc\/wp-json\/wp\/v2\/posts\/7398\/revisions"}],"predecessor-version":[{"id":15878,"href":"https:\/\/blog.rwth-aachen.de\/itc\/wp-json\/wp\/v2\/posts\/7398\/revisions\/15878"}],"wp:attachment":[{"href":"https:\/\/blog.rwth-aachen.de\/itc\/wp-json\/wp\/v2\/media?parent=7398"}],"wp:term":[{"taxonomy":"category","embeddable":true,"href":"https:\/\/blog.rwth-aachen.de\/itc\/wp-json\/wp\/v2\/categories?post=7398"},{"taxonomy":"post_tag","embeddable":true,"href":"https:\/\/blog.rwth-aachen.de\/itc\/wp-json\/wp\/v2\/tags?post=7398"}],"curies":[{"name":"wp","href":"https:\/\/api.w.org\/{rel}","templated":true}]}}