{"id":7514,"date":"2020-07-20T13:00:29","date_gmt":"2020-07-20T11:00:29","guid":{"rendered":"https:\/\/blog.rwth-aachen.de\/itc\/?p=7514"},"modified":"2023-03-16T14:17:17","modified_gmt":"2023-03-16T13:17:17","slug":"moodlemoot-global-geht-online","status":"publish","type":"post","link":"https:\/\/blog.rwth-aachen.de\/itc\/2020\/07\/20\/moodlemoot-global-geht-online\/","title":{"rendered":"MoodleMoot Global geht online"},"content":{"rendered":"<div class=\"twoclick_social_bookmarks_post_7514 social_share_privacy clearfix 1.6.4 locale-de_DE sprite-de_DE\"><\/div><div class=\"twoclick-js\"><script type=\"text\/javascript\">\/* <![CDATA[ *\/\njQuery(document).ready(function($){if($('.twoclick_social_bookmarks_post_7514')){$('.twoclick_social_bookmarks_post_7514').socialSharePrivacy({\"txt_help\":\"Wenn Sie diese Felder durch einen Klick aktivieren, werden Informationen an Facebook, Twitter, Flattr, Xing, t3n, LinkedIn, Pinterest oder Google eventuell ins Ausland \\u00fcbertragen und unter Umst\\u00e4nden auch dort gespeichert. N\\u00e4heres erfahren Sie durch einen Klick auf das <em>i<\\\/em>.\",\"settings_perma\":\"Dauerhaft aktivieren und Daten\\u00fcber-tragung zustimmen:\",\"info_link\":\"http:\\\/\\\/www.heise.de\\\/ct\\\/artikel\\\/2-Klicks-fuer-mehr-Datenschutz-1333879.html\",\"uri\":\"https:\\\/\\\/blog.rwth-aachen.de\\\/itc\\\/2020\\\/07\\\/20\\\/moodlemoot-global-geht-online\\\/\",\"post_id\":7514,\"post_title_referrer_track\":\"MoodleMoot+Global+geht+online\",\"display_infobox\":\"on\"});}});\n\/* ]]> *\/<\/script><\/div><p>Wie viele andere Events, stand auch die <a href=\"https:\/\/moodle.com\/de\/events\/global-online\/\">MoodleMoot Global<\/a> dieses Jahr ganz im Zeichen der COVID-19-Pandemie. Die eigentlich als vor-Ort-Veranstaltung in Barcelona geplante Konferenz fand daher \u2013 zum ersten Mal \u2013 komplett online statt und bot somit der weltweiten Moodle Community, trotz Abstandsregeln, Reiseverboten und weiteren Beschr\u00e4nkungen sich untereinander auszutauschen. So fanden sich die Mitglieder der Community vom 06. bis 10. Juli auf einer eigens daf\u00fcr angelegten Moodle Instanz zusammen. Mit unter den \u00fcber 1.000 Teilnehmenden aus \u00fcber 120 L\u00e4ndern auch Vertreter des IT Centers sowie der <a href=\"https:\/\/cls.rwth-aachen.de\/\">Abteilung Lernplattformmanagement des Centers f\u00fcr Lehr- und Lernservices der RWTH Aachen<\/a>.<\/p>\n<div id=\"attachment_7515\" style=\"width: 660px\" class=\"wp-caption aligncenter\"><a href=\"https:\/\/blog.rwth-aachen.de\/itc\/files\/2020\/07\/MoodleMoot_3.png\"><img loading=\"lazy\" decoding=\"async\" aria-describedby=\"caption-attachment-7515\" class=\"wp-image-7515\" src=\"https:\/\/blog.rwth-aachen.de\/itc\/files\/2020\/07\/MoodleMoot_3.png\" alt=\"\" width=\"650\" height=\"516\" srcset=\"https:\/\/blog.rwth-aachen.de\/itc\/files\/2020\/07\/MoodleMoot_3.png 1026w, https:\/\/blog.rwth-aachen.de\/itc\/files\/2020\/07\/MoodleMoot_3-300x238.png 300w, https:\/\/blog.rwth-aachen.de\/itc\/files\/2020\/07\/MoodleMoot_3-768x609.png 768w, https:\/\/blog.rwth-aachen.de\/itc\/files\/2020\/07\/MoodleMoot_3-1024x812.png 1024w\" sizes=\"auto, (max-width: 650px) 100vw, 650px\" \/><\/a><p id=\"caption-attachment-7515\" class=\"wp-caption-text\">\u00dcber 1.000 Teilnehmenden aus \u00fcber 120 L\u00e4ndern nahmen an der diesh\u00e4hrigen MoodleMoot Global teil! <br \/>Quelle: Eigene Darstellung<\/p><\/div>\n<p><!--more--><\/p>\n<p>Die <a href=\"https:\/\/events.moodle.com\/blocks\/mootprogram\/schedule.php\">ca. 225 Sessions<\/a> boten einen abwechslungsreichen Mix aus Erfahrungsaustausch, Tech-Talk und Anwendungsbeispielen. Allen voran nat\u00fcrlich die vorherrschende Pandemie und wie Moodle dazu genutzt werden kann, trotz diverser Einschr\u00e4nkungen, weiterhin in Kontakt zu bleiben und Inhalte zu vermitteln. Abgehalten wurden die Sessions in f\u00fcnf Sprachen \u2013 Englisch, Deutsch, Franz\u00f6sisch, Spanisch und Chinesisch \u2013 f\u00fcr die eigene Meetingr\u00e4ume zur Verf\u00fcgung standen und die von allen Teilnehmenden betreten werden konnten. Abseits der Sessions bestand dar\u00fcber hinaus die M\u00f6glichkeit an Workshops teilzunehmen und sich direkt mit anderen Teilnehmenden und den Veranstaltenden auszutauschen. Insgesamt bot die MoodleMoot Global somit nicht nur eine Plattform, um viele wichtige Entwicklungen und Berichte anderer Institutionen aufzunehmen, sondern auch die Chance an einem globalen Online-Event teilzunehmen.<\/p>\n<p>Verantwortlich f\u00fcr die Inhalte des Beitrags ist <a href=\"https:\/\/www.itc.rwth-aachen.de\/cms\/IT-Center\/IT-Center\/Team\/~epvp\/Mitarbeiter-CAMPUS-\/?gguid=0x9356740536A0D54BAE2FFB25A85C91DA&amp;allou=1\">Anastasios Krikas<\/a>.<\/p>","protected":false},"excerpt":{"rendered":"<p>Wie viele andere Events, stand auch die MoodleMoot Global dieses Jahr ganz im Zeichen der COVID-19-Pandemie. Die eigentlich als vor-Ort-Veranstaltung in Barcelona geplante Konferenz fand daher \u2013 zum ersten Mal [&hellip;]<\/p>\n","protected":false},"author":1859,"featured_media":7515,"comment_status":"open","ping_status":"closed","sticky":false,"template":"","format":"standard","meta":{"c2c_always_allow_admin_comments":false,"footnotes":""},"categories":[308,310],"tags":[89,528],"class_list":["post-7514","post","type-post","status-publish","format-standard","has-post-thumbnail","hentry","category-events-jubilaen-erfolge","category-studium-lehre","tag-moodle","tag-moodlemoot-global"],"aioseo_notices":[],"_links":{"self":[{"href":"https:\/\/blog.rwth-aachen.de\/itc\/wp-json\/wp\/v2\/posts\/7514","targetHints":{"allow":["GET"]}}],"collection":[{"href":"https:\/\/blog.rwth-aachen.de\/itc\/wp-json\/wp\/v2\/posts"}],"about":[{"href":"https:\/\/blog.rwth-aachen.de\/itc\/wp-json\/wp\/v2\/types\/post"}],"author":[{"embeddable":true,"href":"https:\/\/blog.rwth-aachen.de\/itc\/wp-json\/wp\/v2\/users\/1859"}],"replies":[{"embeddable":true,"href":"https:\/\/blog.rwth-aachen.de\/itc\/wp-json\/wp\/v2\/comments?post=7514"}],"version-history":[{"count":3,"href":"https:\/\/blog.rwth-aachen.de\/itc\/wp-json\/wp\/v2\/posts\/7514\/revisions"}],"predecessor-version":[{"id":14835,"href":"https:\/\/blog.rwth-aachen.de\/itc\/wp-json\/wp\/v2\/posts\/7514\/revisions\/14835"}],"wp:featuredmedia":[{"embeddable":true,"href":"https:\/\/blog.rwth-aachen.de\/itc\/wp-json\/wp\/v2\/media\/7515"}],"wp:attachment":[{"href":"https:\/\/blog.rwth-aachen.de\/itc\/wp-json\/wp\/v2\/media?parent=7514"}],"wp:term":[{"taxonomy":"category","embeddable":true,"href":"https:\/\/blog.rwth-aachen.de\/itc\/wp-json\/wp\/v2\/categories?post=7514"},{"taxonomy":"post_tag","embeddable":true,"href":"https:\/\/blog.rwth-aachen.de\/itc\/wp-json\/wp\/v2\/tags?post=7514"}],"curies":[{"name":"wp","href":"https:\/\/api.w.org\/{rel}","templated":true}]}}