{"id":7775,"date":"2020-09-11T14:00:53","date_gmt":"2020-09-11T12:00:53","guid":{"rendered":"https:\/\/blog.rwth-aachen.de\/itc\/?p=7775"},"modified":"2023-06-01T08:44:28","modified_gmt":"2023-06-01T06:44:28","slug":"das-it-center-mehr-als-nur-ein-arbeitsplatz","status":"publish","type":"post","link":"https:\/\/blog.rwth-aachen.de\/itc\/2020\/09\/11\/das-it-center-mehr-als-nur-ein-arbeitsplatz\/","title":{"rendered":"Das IT Center \u2013 Mehr als nur ein Arbeitsplatz"},"content":{"rendered":"<div class=\"twoclick_social_bookmarks_post_7775 social_share_privacy clearfix 1.6.4 locale-de_DE sprite-de_DE\"><\/div><div class=\"twoclick-js\"><script type=\"text\/javascript\">\/* <![CDATA[ *\/\njQuery(document).ready(function($){if($('.twoclick_social_bookmarks_post_7775')){$('.twoclick_social_bookmarks_post_7775').socialSharePrivacy({\"txt_help\":\"Wenn Sie diese Felder durch einen Klick aktivieren, werden Informationen an Facebook, Twitter, Flattr, Xing, t3n, LinkedIn, Pinterest oder Google eventuell ins Ausland \\u00fcbertragen und unter Umst\\u00e4nden auch dort gespeichert. N\\u00e4heres erfahren Sie durch einen Klick auf das <em>i<\\\/em>.\",\"settings_perma\":\"Dauerhaft aktivieren und Daten\\u00fcber-tragung zustimmen:\",\"info_link\":\"http:\\\/\\\/www.heise.de\\\/ct\\\/artikel\\\/2-Klicks-fuer-mehr-Datenschutz-1333879.html\",\"uri\":\"https:\\\/\\\/blog.rwth-aachen.de\\\/itc\\\/2020\\\/09\\\/11\\\/das-it-center-mehr-als-nur-ein-arbeitsplatz\\\/\",\"post_id\":7775,\"post_title_referrer_track\":\"Das+IT+Center+%E2%80%93+Mehr+als+nur+ein+Arbeitsplatz\",\"display_infobox\":\"on\"});}});\n\/* ]]> *\/<\/script><\/div><p>Der Arbeitsplatz \u2013 ein Ort, an dem wir alle sehr viel Zeit verbringen. Doch Arbeitsplatz sollte eben nicht nur Arbeitsplatz sein. Wenn es nach uns geht, handelt es sich ebenfalls um einen Ort, an dem man sich wohlf\u00fchlt, Kontakte kn\u00fcpft und sich entfalten kann. Gerade deswegen bem\u00fchen wir uns im IT Center um ein gepflegtes Miteinander und haben in den letzten Jahren gewisse Traditionen etabliert sowie diese aufrechterhalten. Weihnachtsfeiern sind zum Beispiel in vielen Betrieben die perfekte Gelegenheit Menschen aus dem Arbeitsumfeld au\u00dferhalb der eigentlichen Arbeitssituation kennenzulernen. Es gibt aber viele weitere interessante Alternativen, durch die ein Arbeitsplatz mehr wird, als nur das. Welche M\u00f6glichkeiten wir am IT Center nutzen, um die gemeinsame Arbeit zu erg\u00e4nzen, verraten wir Euch in unserem heutigen Beitrag.<\/p>\n<div id=\"attachment_7776\" style=\"width: 1350px\" class=\"wp-caption aligncenter\"><a href=\"https:\/\/blog.rwth-aachen.de\/itc\/files\/2020\/09\/IT-Center-mehr-als-ein-Arbeitsplatz.jpg\"><img loading=\"lazy\" decoding=\"async\" aria-describedby=\"caption-attachment-7776\" class=\"wp-image-7776 size-full\" src=\"https:\/\/blog.rwth-aachen.de\/itc\/files\/2020\/09\/IT-Center-mehr-als-ein-Arbeitsplatz.jpg\" alt=\"Ganz egal ob Sommerfest, Oktoberfest oder Betriebsausflug- langweilig wird es bei uns nie! (Fotos: Gerard Lemoine)\" width=\"1340\" height=\"756\" srcset=\"https:\/\/blog.rwth-aachen.de\/itc\/files\/2020\/09\/IT-Center-mehr-als-ein-Arbeitsplatz.jpg 1340w, https:\/\/blog.rwth-aachen.de\/itc\/files\/2020\/09\/IT-Center-mehr-als-ein-Arbeitsplatz-300x169.jpg 300w, https:\/\/blog.rwth-aachen.de\/itc\/files\/2020\/09\/IT-Center-mehr-als-ein-Arbeitsplatz-768x433.jpg 768w, https:\/\/blog.rwth-aachen.de\/itc\/files\/2020\/09\/IT-Center-mehr-als-ein-Arbeitsplatz-1024x578.jpg 1024w\" sizes=\"auto, (max-width: 1340px) 100vw, 1340px\" \/><\/a><p id=\"caption-attachment-7776\" class=\"wp-caption-text\">Ganz egal ob Sommerfest, Oktoberfest oder Betriebsausflug- langweilig wird es bei uns nie! <br \/>Quelle: Gerard Lemoine<\/p><\/div>\n<p><!--more--><\/p>\n<h3>Es war einmal\u2026 &#8211; Ein Sommerm\u00e4rchen<\/h3>\n<p>Im Juni 2014 lud das IT Center zum ersten Mal zu seinem <a href=\"https:\/\/blog.rwth-aachen.de\/itc\/2019\/07\/19\/sommerfest-2019\/\">Sommerfest<\/a> ein. Dabei trafen sich rund 160 Mitarbeitende, um in geselliger Runde zu grillen, Spiele zu spielen und ein k\u00fchles Getr\u00e4nk zu genie\u00dfen. Dieses Sommerfest war ein voller Erfolg und stie\u00df auf gro\u00dfe Zustimmung bei der Belegschaft. Kein Wunder also, dass aus diesem Fest schnell eine Tradition wurde. In den darauffolgenden f\u00fcnf Jahren durften sich die Mitarbeitenden des IT Centers nun j\u00e4hrlich in den warmen Sommermonaten auf jenen Tag freuen, an dem das IT Center Sommerfest gefeiert wurde. Spa\u00df und Geselligkeit stehen dabei seit jeher im Vordergrund. Ein fester Bestandteil des Sommerfestes ist daher auch die IT Center Olympiade, in denen die Abteilungen Teams zusammenstellen, die gegeneinander antreten \u2013alle mit dem Ziel die hei\u00dfbegehrte IT Center Troph\u00e4e bis zum n\u00e4chsten Sommerfest zu gewinnen. Aber nicht nur die IT Center Mitarbeitenden spielen unglaublich gerne und gut mit. Auch die Sonne nahm alle Jahre wieder die Einladung dankend an und bescherte uns mit ihren Sonnenstrahlen und warmen Temperaturen.<\/p>\n<p>Inspiriert vom Sommerfest und der durchaus positiven Resonanz beim Kollegium wuchs die Idee heran, ein IT Center <a href=\"https:\/\/blog.rwth-aachen.de\/itc\/2019\/10\/11\/it-center-oktoberfest-2019\/\">Oktoberfest<\/a> zu feiern und viele weitere Ideen sprossen aus dem IT Center-Boden. Die Traditionen mehrten und j\u00e4hrten sich und der Zusammenhalt innerhalb des IT Centers wurde immer weiter gest\u00e4rkt. Inzwischen z\u00e4hlen nicht nur Weihnachtsfeier, Sommer- und Oktoberfest zu Festen des IT Center-Jahreskreises, sondern auch die <a href=\"https:\/\/blog.rwth-aachen.de\/itc\/2019\/03\/11\/die-mms-sind-los-das-it-center-bunt-lecker-und-suess\/\">Karnevalsfeier<\/a> sowie ein j\u00e4hrlicher <a href=\"https:\/\/blog.rwth-aachen.de\/itc\/2019\/05\/23\/betriebsausflug-it-center2019\/\">Betriebsausflug<\/a>. Zust\u00e4ndig f\u00fcr die Organisation und Durchf\u00fchrung dieser Feste ist das Party Team. Dieses Team wird j\u00e4hrlich neubesetzt. Das garantiert nicht nur ein hohes Engagement, sondern erm\u00f6glicht es auch, neue Ideen zum Gelingen der Feste zu sch\u00f6pfen.<\/p>\n<p>2020 sollte alles anders sein. Aufgrund der sich weltweit ausbreitenden COVID-19-Pandemie mussten wir alle auf vieles verzichten. So auch das IT Center-Kollegium auf das geliebte Sommerfest. Zum ersten Mal seit 2014 musste dieses ausfallen, doch dadurch sind wir umso dankbarer f\u00fcr die gro\u00dfartige Arbeit des Party Teams in den letzten Jahren. Der Ausfall des diesj\u00e4hrigen Sommerfestes zeigte uns allen, wie wichtig diese Traditionen f\u00fcr uns sind. Diese m\u00f6chten wir nicht mehr missen. Hierbei m\u00f6chten wir uns nat\u00fcrlich noch einmal ganz explizit f\u00fcr das Engagement des Party Teams und alle Beteiligten sowie der IT Center-Leitung bedanken, durch die all diese Feste und Ausfl\u00fcge erst m\u00f6glich gemacht werden konnten.<\/p>\n<p>Vielen herzlichen Dank f\u00fcr all die tollen und unvergesslichen Momente!<\/p>\n<p>Wir freuen uns jetzt schon auf das n\u00e4chste IT Center-Fest \u2013ganz gleich, ob es das Oktoberfest oder die Weihnachtsfeier ist, wir sind uns sicher: Das n\u00e4chste IT Center-Fest kommt ganz bestimmt!<\/p>\n<p>Schlie\u00dflich ist aufgeschoben nicht gleich aufgehoben und die Gesundheit geht nun mal vor.<\/p>\n<p>Verantwortlich f\u00fcr die Inhalte dieses Beitrags sind <a href=\"https:\/\/www.itc.rwth-aachen.de\/cms\/IT-Center\/IT-Center\/Team\/~epvp\/Mitarbeiter-CAMPUS-\/?gguid=0x2C5E1B0A3DA32A45AB293A42E93EEC07&amp;allou=1\">St\u00e9phanie Bauens<\/a>, <a href=\"https:\/\/www.itc.rwth-aachen.de\/go\/id\/epvp\/gguid\/0xB3655D4C7CF8E5418848BB29AC4CA7E8\/allou\/1\/\">Sascha B\u00fccken<\/a> und <a href=\"https:\/\/www.itc.rwth-aachen.de\/cms\/IT-Center\/IT-Center\/Team\/~epvp\/Mitarbeiter-CAMPUS-\/?gguid=0x076EFD6C62ADCF4D868FB7134A14B07C&amp;allou=1&amp;lidx=1\">Nicole Filla<\/a>.<\/p>","protected":false},"excerpt":{"rendered":"<p>Der Arbeitsplatz \u2013 ein Ort, an dem wir alle sehr viel Zeit verbringen. Doch Arbeitsplatz sollte eben nicht nur Arbeitsplatz sein. Wenn es nach uns geht, handelt es sich ebenfalls [&hellip;]<\/p>\n","protected":false},"author":1413,"featured_media":0,"comment_status":"open","ping_status":"closed","sticky":false,"template":"","format":"standard","meta":{"c2c_always_allow_admin_comments":false,"footnotes":""},"categories":[308,311,312],"tags":[584,99,661,100],"class_list":["post-7775","post","type-post","status-publish","format-standard","hentry","category-events-jubilaen-erfolge","category-fun-facts","category-insight-it-center","tag-fest","tag-it-center","tag-it-center-als-arbeitsplatz","tag-sommerfest"],"aioseo_notices":[],"aioseo_head":"\n\t\t<!-- All in One SEO 4.9.8 - aioseo.com -->\n\t<meta name=\"description\" content=\"Der Arbeitsplatz \u2013 ein Ort, an dem wir alle sehr viel Zeit verbringen. Doch Arbeitsplatz sollte eben nicht nur Arbeitsplatz sein. Wenn es nach uns geht, handelt es sich ebenfalls um einen Ort, an dem man sich wohlf\u00fchlt, Kontakte kn\u00fcpft und sich entfalten kann. Gerade deswegen bem\u00fchen wir uns im IT Center um ein gepflegtes\" \/>\n\t<meta name=\"robots\" content=\"max-image-preview:large\" \/>\n\t<meta name=\"author\" content=\"Filla, Nicole Barbara\"\/>\n\t<meta name=\"keywords\" content=\"fest,it center,it center als arbeitsplatz,sommerfest,events, jubil\u00e4en &amp; erfolge,fun &amp; facts,insight it center\" \/>\n\t<link rel=\"canonical\" href=\"https:\/\/blog.rwth-aachen.de\/itc\/2020\/09\/11\/das-it-center-mehr-als-nur-ein-arbeitsplatz\/\" \/>\n\t<meta name=\"generator\" content=\"All in One SEO (AIOSEO) 4.9.8\" \/>\n\t\t<meta property=\"og:locale\" content=\"de_DE\" \/>\n\t\t<meta property=\"og:site_name\" content=\"IT Center Blog \u2022\" \/>\n\t\t<meta property=\"og:type\" content=\"article\" \/>\n\t\t<meta property=\"og:title\" content=\"Das IT Center \u2013 Mehr als nur ein Arbeitsplatz \u2022 IT Center Blog\" \/>\n\t\t<meta property=\"og:description\" content=\"Der Arbeitsplatz \u2013 ein Ort, an dem wir alle sehr viel Zeit verbringen. Doch Arbeitsplatz sollte eben nicht nur Arbeitsplatz sein. Wenn es nach uns geht, handelt es sich ebenfalls um einen Ort, an dem man sich wohlf\u00fchlt, Kontakte kn\u00fcpft und sich entfalten kann. Gerade deswegen bem\u00fchen wir uns im IT Center um ein gepflegtes\" \/>\n\t\t<meta property=\"og:url\" content=\"https:\/\/blog.rwth-aachen.de\/itc\/2020\/09\/11\/das-it-center-mehr-als-nur-ein-arbeitsplatz\/\" \/>\n\t\t<meta property=\"article:published_time\" content=\"2020-09-11T12:00:53+00:00\" \/>\n\t\t<meta property=\"article:modified_time\" content=\"2023-06-01T06:44:28+00:00\" \/>\n\t\t<meta property=\"article:publisher\" content=\"https:\/\/www.facebook.com\/itcenterrwth\" \/>\n\t\t<meta name=\"twitter:card\" content=\"summary\" \/>\n\t\t<meta name=\"twitter:site\" content=\"@ITCenterRWTH\" \/>\n\t\t<meta name=\"twitter:title\" content=\"Das IT Center \u2013 Mehr als nur ein Arbeitsplatz \u2022 IT Center Blog\" \/>\n\t\t<meta name=\"twitter:description\" content=\"Der Arbeitsplatz \u2013 ein Ort, an dem wir alle sehr viel Zeit verbringen. Doch Arbeitsplatz sollte eben nicht nur Arbeitsplatz sein. Wenn es nach uns geht, handelt es sich ebenfalls um einen Ort, an dem man sich wohlf\u00fchlt, Kontakte kn\u00fcpft und sich entfalten kann. Gerade deswegen bem\u00fchen wir uns im IT Center um ein gepflegtes\" \/>\n\t\t<meta name=\"twitter:creator\" content=\"@ITCenterRWTH\" \/>\n\t\t<script type=\"application\/ld+json\" class=\"aioseo-schema\">\n\t\t\t{\"@context\":\"https:\\\/\\\/schema.org\",\"@graph\":[{\"@type\":\"BlogPosting\",\"@id\":\"https:\\\/\\\/blog.rwth-aachen.de\\\/itc\\\/2020\\\/09\\\/11\\\/das-it-center-mehr-als-nur-ein-arbeitsplatz\\\/#blogposting\",\"name\":\"Das IT Center \\u2013 Mehr als nur ein Arbeitsplatz \\u2022 IT Center Blog\",\"headline\":\"Das IT Center \\u2013 Mehr als nur ein Arbeitsplatz\",\"author\":{\"@id\":\"https:\\\/\\\/blog.rwth-aachen.de\\\/itc\\\/author\\\/1413\\\/#author\"},\"publisher\":{\"@id\":\"https:\\\/\\\/blog.rwth-aachen.de\\\/itc\\\/#organization\"},\"image\":{\"@type\":\"ImageObject\",\"url\":\"https:\\\/\\\/blog.rwth-aachen.de\\\/itc\\\/files\\\/2020\\\/09\\\/IT-Center-mehr-als-ein-Arbeitsplatz.jpg\",\"@id\":\"https:\\\/\\\/blog.rwth-aachen.de\\\/itc\\\/2020\\\/09\\\/11\\\/das-it-center-mehr-als-nur-ein-arbeitsplatz\\\/#articleImage\",\"width\":1340,\"height\":756},\"datePublished\":\"2020-09-11T14:00:53+02:00\",\"dateModified\":\"2023-06-01T08:44:28+02:00\",\"inLanguage\":\"de-DE\",\"mainEntityOfPage\":{\"@id\":\"https:\\\/\\\/blog.rwth-aachen.de\\\/itc\\\/2020\\\/09\\\/11\\\/das-it-center-mehr-als-nur-ein-arbeitsplatz\\\/#webpage\"},\"isPartOf\":{\"@id\":\"https:\\\/\\\/blog.rwth-aachen.de\\\/itc\\\/2020\\\/09\\\/11\\\/das-it-center-mehr-als-nur-ein-arbeitsplatz\\\/#webpage\"},\"articleSection\":\"Events, Jubil\\u00e4en &amp; Erfolge, Fun &amp; Facts, Insight IT Center, Fest, IT Center, IT Center als Arbeitsplatz, Sommerfest\"},{\"@type\":\"BreadcrumbList\",\"@id\":\"https:\\\/\\\/blog.rwth-aachen.de\\\/itc\\\/2020\\\/09\\\/11\\\/das-it-center-mehr-als-nur-ein-arbeitsplatz\\\/#breadcrumblist\",\"itemListElement\":[{\"@type\":\"ListItem\",\"@id\":\"https:\\\/\\\/blog.rwth-aachen.de\\\/itc#listItem\",\"position\":1,\"name\":\"Home\",\"item\":\"https:\\\/\\\/blog.rwth-aachen.de\\\/itc\",\"nextItem\":{\"@type\":\"ListItem\",\"@id\":\"https:\\\/\\\/blog.rwth-aachen.de\\\/itc\\\/category\\\/themen\\\/#listItem\",\"name\":\"Themen\"}},{\"@type\":\"ListItem\",\"@id\":\"https:\\\/\\\/blog.rwth-aachen.de\\\/itc\\\/category\\\/themen\\\/#listItem\",\"position\":2,\"name\":\"Themen\",\"item\":\"https:\\\/\\\/blog.rwth-aachen.de\\\/itc\\\/category\\\/themen\\\/\",\"nextItem\":{\"@type\":\"ListItem\",\"@id\":\"https:\\\/\\\/blog.rwth-aachen.de\\\/itc\\\/category\\\/themen\\\/events-jubilaen-erfolge\\\/#listItem\",\"name\":\"Events, Jubil\\u00e4en &amp; Erfolge\"},\"previousItem\":{\"@type\":\"ListItem\",\"@id\":\"https:\\\/\\\/blog.rwth-aachen.de\\\/itc#listItem\",\"name\":\"Home\"}},{\"@type\":\"ListItem\",\"@id\":\"https:\\\/\\\/blog.rwth-aachen.de\\\/itc\\\/category\\\/themen\\\/events-jubilaen-erfolge\\\/#listItem\",\"position\":3,\"name\":\"Events, Jubil\\u00e4en &amp; Erfolge\",\"item\":\"https:\\\/\\\/blog.rwth-aachen.de\\\/itc\\\/category\\\/themen\\\/events-jubilaen-erfolge\\\/\",\"nextItem\":{\"@type\":\"ListItem\",\"@id\":\"https:\\\/\\\/blog.rwth-aachen.de\\\/itc\\\/2020\\\/09\\\/11\\\/das-it-center-mehr-als-nur-ein-arbeitsplatz\\\/#listItem\",\"name\":\"Das IT Center \\u2013 Mehr als nur ein Arbeitsplatz\"},\"previousItem\":{\"@type\":\"ListItem\",\"@id\":\"https:\\\/\\\/blog.rwth-aachen.de\\\/itc\\\/category\\\/themen\\\/#listItem\",\"name\":\"Themen\"}},{\"@type\":\"ListItem\",\"@id\":\"https:\\\/\\\/blog.rwth-aachen.de\\\/itc\\\/2020\\\/09\\\/11\\\/das-it-center-mehr-als-nur-ein-arbeitsplatz\\\/#listItem\",\"position\":4,\"name\":\"Das IT Center \\u2013 Mehr als nur ein Arbeitsplatz\",\"previousItem\":{\"@type\":\"ListItem\",\"@id\":\"https:\\\/\\\/blog.rwth-aachen.de\\\/itc\\\/category\\\/themen\\\/events-jubilaen-erfolge\\\/#listItem\",\"name\":\"Events, Jubil\\u00e4en &amp; Erfolge\"}}]},{\"@type\":\"Organization\",\"@id\":\"https:\\\/\\\/blog.rwth-aachen.de\\\/itc\\\/#organization\",\"name\":\"IT Center RWTH Aachen University\",\"url\":\"https:\\\/\\\/blog.rwth-aachen.de\\\/itc\\\/\",\"logo\":{\"@type\":\"ImageObject\",\"url\":\"https:\\\/\\\/blog.rwth-aachen.de\\\/itc\\\/files\\\/2018\\\/09\\\/IT-Center-Logo.png\",\"@id\":\"https:\\\/\\\/blog.rwth-aachen.de\\\/itc\\\/2020\\\/09\\\/11\\\/das-it-center-mehr-als-nur-ein-arbeitsplatz\\\/#organizationLogo\",\"width\":1312,\"height\":378,\"caption\":\"IT Center Logo\"},\"image\":{\"@id\":\"https:\\\/\\\/blog.rwth-aachen.de\\\/itc\\\/2020\\\/09\\\/11\\\/das-it-center-mehr-als-nur-ein-arbeitsplatz\\\/#organizationLogo\"},\"sameAs\":[\"https:\\\/\\\/www.facebook.com\\\/itcenterrwth\",\"https:\\\/\\\/twitter.com\\\/ITCenterRWTH\",\"https:\\\/\\\/www.youtube.com\\\/c\\\/itcenterrwthaachen\",\"https:\\\/\\\/www.linkedin.com\\\/company\\\/itcenterrwth\"]},{\"@type\":\"Person\",\"@id\":\"https:\\\/\\\/blog.rwth-aachen.de\\\/itc\\\/author\\\/1413\\\/#author\",\"url\":\"https:\\\/\\\/blog.rwth-aachen.de\\\/itc\\\/author\\\/1413\\\/\",\"name\":\"Filla, Nicole Barbara\",\"image\":{\"@type\":\"ImageObject\",\"@id\":\"https:\\\/\\\/blog.rwth-aachen.de\\\/itc\\\/2020\\\/09\\\/11\\\/das-it-center-mehr-als-nur-ein-arbeitsplatz\\\/#authorImage\",\"url\":\"https:\\\/\\\/secure.gravatar.com\\\/avatar\\\/81792330c0dc846cc349c48b76b9d81506aee430174a58d2e4bfac4514336eb4?s=96&d=blank&r=g\",\"width\":96,\"height\":96,\"caption\":\"Filla, Nicole Barbara\"}},{\"@type\":\"WebPage\",\"@id\":\"https:\\\/\\\/blog.rwth-aachen.de\\\/itc\\\/2020\\\/09\\\/11\\\/das-it-center-mehr-als-nur-ein-arbeitsplatz\\\/#webpage\",\"url\":\"https:\\\/\\\/blog.rwth-aachen.de\\\/itc\\\/2020\\\/09\\\/11\\\/das-it-center-mehr-als-nur-ein-arbeitsplatz\\\/\",\"name\":\"Das IT Center \\u2013 Mehr als nur ein Arbeitsplatz \\u2022 IT Center Blog\",\"description\":\"Der Arbeitsplatz \\u2013 ein Ort, an dem wir alle sehr viel Zeit verbringen. Doch Arbeitsplatz sollte eben nicht nur Arbeitsplatz sein. Wenn es nach uns geht, handelt es sich ebenfalls um einen Ort, an dem man sich wohlf\\u00fchlt, Kontakte kn\\u00fcpft und sich entfalten kann. Gerade deswegen bem\\u00fchen wir uns im IT Center um ein gepflegtes\",\"inLanguage\":\"de-DE\",\"isPartOf\":{\"@id\":\"https:\\\/\\\/blog.rwth-aachen.de\\\/itc\\\/#website\"},\"breadcrumb\":{\"@id\":\"https:\\\/\\\/blog.rwth-aachen.de\\\/itc\\\/2020\\\/09\\\/11\\\/das-it-center-mehr-als-nur-ein-arbeitsplatz\\\/#breadcrumblist\"},\"author\":{\"@id\":\"https:\\\/\\\/blog.rwth-aachen.de\\\/itc\\\/author\\\/1413\\\/#author\"},\"creator\":{\"@id\":\"https:\\\/\\\/blog.rwth-aachen.de\\\/itc\\\/author\\\/1413\\\/#author\"},\"datePublished\":\"2020-09-11T14:00:53+02:00\",\"dateModified\":\"2023-06-01T08:44:28+02:00\"},{\"@type\":\"WebSite\",\"@id\":\"https:\\\/\\\/blog.rwth-aachen.de\\\/itc\\\/#website\",\"url\":\"https:\\\/\\\/blog.rwth-aachen.de\\\/itc\\\/\",\"name\":\"IT Center Blog\",\"inLanguage\":\"de-DE\",\"publisher\":{\"@id\":\"https:\\\/\\\/blog.rwth-aachen.de\\\/itc\\\/#organization\"}}]}\n\t\t<\/script>\n\t\t<!-- All in One SEO -->\n\n","aioseo_head_json":{"title":"Das IT Center \u2013 Mehr als nur ein Arbeitsplatz \u2022 IT Center Blog","description":"Der Arbeitsplatz \u2013 ein Ort, an dem wir alle sehr viel Zeit verbringen. Doch Arbeitsplatz sollte eben nicht nur Arbeitsplatz sein. Wenn es nach uns geht, handelt es sich ebenfalls um einen Ort, an dem man sich wohlf\u00fchlt, Kontakte kn\u00fcpft und sich entfalten kann. Gerade deswegen bem\u00fchen wir uns im IT Center um ein gepflegtes","canonical_url":"https:\/\/blog.rwth-aachen.de\/itc\/2020\/09\/11\/das-it-center-mehr-als-nur-ein-arbeitsplatz\/","robots":"max-image-preview:large","keywords":"fest,it center,it center als arbeitsplatz,sommerfest,events, jubil\u00e4en &amp; erfolge,fun &amp; facts,insight it center","webmasterTools":{"miscellaneous":""},"schema":{"@context":"https:\/\/schema.org","@graph":[{"@type":"BlogPosting","@id":"https:\/\/blog.rwth-aachen.de\/itc\/2020\/09\/11\/das-it-center-mehr-als-nur-ein-arbeitsplatz\/#blogposting","name":"Das IT Center \u2013 Mehr als nur ein Arbeitsplatz \u2022 IT Center Blog","headline":"Das IT Center \u2013 Mehr als nur ein Arbeitsplatz","author":{"@id":"https:\/\/blog.rwth-aachen.de\/itc\/author\/1413\/#author"},"publisher":{"@id":"https:\/\/blog.rwth-aachen.de\/itc\/#organization"},"image":{"@type":"ImageObject","url":"https:\/\/blog.rwth-aachen.de\/itc\/files\/2020\/09\/IT-Center-mehr-als-ein-Arbeitsplatz.jpg","@id":"https:\/\/blog.rwth-aachen.de\/itc\/2020\/09\/11\/das-it-center-mehr-als-nur-ein-arbeitsplatz\/#articleImage","width":1340,"height":756},"datePublished":"2020-09-11T14:00:53+02:00","dateModified":"2023-06-01T08:44:28+02:00","inLanguage":"de-DE","mainEntityOfPage":{"@id":"https:\/\/blog.rwth-aachen.de\/itc\/2020\/09\/11\/das-it-center-mehr-als-nur-ein-arbeitsplatz\/#webpage"},"isPartOf":{"@id":"https:\/\/blog.rwth-aachen.de\/itc\/2020\/09\/11\/das-it-center-mehr-als-nur-ein-arbeitsplatz\/#webpage"},"articleSection":"Events, Jubil\u00e4en &amp; Erfolge, Fun &amp; Facts, Insight IT Center, Fest, IT Center, IT Center als Arbeitsplatz, Sommerfest"},{"@type":"BreadcrumbList","@id":"https:\/\/blog.rwth-aachen.de\/itc\/2020\/09\/11\/das-it-center-mehr-als-nur-ein-arbeitsplatz\/#breadcrumblist","itemListElement":[{"@type":"ListItem","@id":"https:\/\/blog.rwth-aachen.de\/itc#listItem","position":1,"name":"Home","item":"https:\/\/blog.rwth-aachen.de\/itc","nextItem":{"@type":"ListItem","@id":"https:\/\/blog.rwth-aachen.de\/itc\/category\/themen\/#listItem","name":"Themen"}},{"@type":"ListItem","@id":"https:\/\/blog.rwth-aachen.de\/itc\/category\/themen\/#listItem","position":2,"name":"Themen","item":"https:\/\/blog.rwth-aachen.de\/itc\/category\/themen\/","nextItem":{"@type":"ListItem","@id":"https:\/\/blog.rwth-aachen.de\/itc\/category\/themen\/events-jubilaen-erfolge\/#listItem","name":"Events, Jubil\u00e4en &amp; Erfolge"},"previousItem":{"@type":"ListItem","@id":"https:\/\/blog.rwth-aachen.de\/itc#listItem","name":"Home"}},{"@type":"ListItem","@id":"https:\/\/blog.rwth-aachen.de\/itc\/category\/themen\/events-jubilaen-erfolge\/#listItem","position":3,"name":"Events, Jubil\u00e4en &amp; Erfolge","item":"https:\/\/blog.rwth-aachen.de\/itc\/category\/themen\/events-jubilaen-erfolge\/","nextItem":{"@type":"ListItem","@id":"https:\/\/blog.rwth-aachen.de\/itc\/2020\/09\/11\/das-it-center-mehr-als-nur-ein-arbeitsplatz\/#listItem","name":"Das IT Center \u2013 Mehr als nur ein Arbeitsplatz"},"previousItem":{"@type":"ListItem","@id":"https:\/\/blog.rwth-aachen.de\/itc\/category\/themen\/#listItem","name":"Themen"}},{"@type":"ListItem","@id":"https:\/\/blog.rwth-aachen.de\/itc\/2020\/09\/11\/das-it-center-mehr-als-nur-ein-arbeitsplatz\/#listItem","position":4,"name":"Das IT Center \u2013 Mehr als nur ein Arbeitsplatz","previousItem":{"@type":"ListItem","@id":"https:\/\/blog.rwth-aachen.de\/itc\/category\/themen\/events-jubilaen-erfolge\/#listItem","name":"Events, Jubil\u00e4en &amp; Erfolge"}}]},{"@type":"Organization","@id":"https:\/\/blog.rwth-aachen.de\/itc\/#organization","name":"IT Center RWTH Aachen University","url":"https:\/\/blog.rwth-aachen.de\/itc\/","logo":{"@type":"ImageObject","url":"https:\/\/blog.rwth-aachen.de\/itc\/files\/2018\/09\/IT-Center-Logo.png","@id":"https:\/\/blog.rwth-aachen.de\/itc\/2020\/09\/11\/das-it-center-mehr-als-nur-ein-arbeitsplatz\/#organizationLogo","width":1312,"height":378,"caption":"IT Center Logo"},"image":{"@id":"https:\/\/blog.rwth-aachen.de\/itc\/2020\/09\/11\/das-it-center-mehr-als-nur-ein-arbeitsplatz\/#organizationLogo"},"sameAs":["https:\/\/www.facebook.com\/itcenterrwth","https:\/\/twitter.com\/ITCenterRWTH","https:\/\/www.youtube.com\/c\/itcenterrwthaachen","https:\/\/www.linkedin.com\/company\/itcenterrwth"]},{"@type":"Person","@id":"https:\/\/blog.rwth-aachen.de\/itc\/author\/1413\/#author","url":"https:\/\/blog.rwth-aachen.de\/itc\/author\/1413\/","name":"Filla, Nicole Barbara","image":{"@type":"ImageObject","@id":"https:\/\/blog.rwth-aachen.de\/itc\/2020\/09\/11\/das-it-center-mehr-als-nur-ein-arbeitsplatz\/#authorImage","url":"https:\/\/secure.gravatar.com\/avatar\/81792330c0dc846cc349c48b76b9d81506aee430174a58d2e4bfac4514336eb4?s=96&d=blank&r=g","width":96,"height":96,"caption":"Filla, Nicole Barbara"}},{"@type":"WebPage","@id":"https:\/\/blog.rwth-aachen.de\/itc\/2020\/09\/11\/das-it-center-mehr-als-nur-ein-arbeitsplatz\/#webpage","url":"https:\/\/blog.rwth-aachen.de\/itc\/2020\/09\/11\/das-it-center-mehr-als-nur-ein-arbeitsplatz\/","name":"Das IT Center \u2013 Mehr als nur ein Arbeitsplatz \u2022 IT Center Blog","description":"Der Arbeitsplatz \u2013 ein Ort, an dem wir alle sehr viel Zeit verbringen. Doch Arbeitsplatz sollte eben nicht nur Arbeitsplatz sein. Wenn es nach uns geht, handelt es sich ebenfalls um einen Ort, an dem man sich wohlf\u00fchlt, Kontakte kn\u00fcpft und sich entfalten kann. Gerade deswegen bem\u00fchen wir uns im IT Center um ein gepflegtes","inLanguage":"de-DE","isPartOf":{"@id":"https:\/\/blog.rwth-aachen.de\/itc\/#website"},"breadcrumb":{"@id":"https:\/\/blog.rwth-aachen.de\/itc\/2020\/09\/11\/das-it-center-mehr-als-nur-ein-arbeitsplatz\/#breadcrumblist"},"author":{"@id":"https:\/\/blog.rwth-aachen.de\/itc\/author\/1413\/#author"},"creator":{"@id":"https:\/\/blog.rwth-aachen.de\/itc\/author\/1413\/#author"},"datePublished":"2020-09-11T14:00:53+02:00","dateModified":"2023-06-01T08:44:28+02:00"},{"@type":"WebSite","@id":"https:\/\/blog.rwth-aachen.de\/itc\/#website","url":"https:\/\/blog.rwth-aachen.de\/itc\/","name":"IT Center Blog","inLanguage":"de-DE","publisher":{"@id":"https:\/\/blog.rwth-aachen.de\/itc\/#organization"}}]},"og:locale":"de_DE","og:site_name":"IT Center Blog \u2022","og:type":"article","og:title":"Das IT Center \u2013 Mehr als nur ein Arbeitsplatz \u2022 IT Center Blog","og:description":"Der Arbeitsplatz \u2013 ein Ort, an dem wir alle sehr viel Zeit verbringen. Doch Arbeitsplatz sollte eben nicht nur Arbeitsplatz sein. Wenn es nach uns geht, handelt es sich ebenfalls um einen Ort, an dem man sich wohlf\u00fchlt, Kontakte kn\u00fcpft und sich entfalten kann. Gerade deswegen bem\u00fchen wir uns im IT Center um ein gepflegtes","og:url":"https:\/\/blog.rwth-aachen.de\/itc\/2020\/09\/11\/das-it-center-mehr-als-nur-ein-arbeitsplatz\/","article:published_time":"2020-09-11T12:00:53+00:00","article:modified_time":"2023-06-01T06:44:28+00:00","article:publisher":"https:\/\/www.facebook.com\/itcenterrwth","twitter:card":"summary","twitter:site":"@ITCenterRWTH","twitter:title":"Das IT Center \u2013 Mehr als nur ein Arbeitsplatz \u2022 IT Center Blog","twitter:description":"Der Arbeitsplatz \u2013 ein Ort, an dem wir alle sehr viel Zeit verbringen. Doch Arbeitsplatz sollte eben nicht nur Arbeitsplatz sein. Wenn es nach uns geht, handelt es sich ebenfalls um einen Ort, an dem man sich wohlf\u00fchlt, Kontakte kn\u00fcpft und sich entfalten kann. Gerade deswegen bem\u00fchen wir uns im IT Center um ein gepflegtes","twitter:creator":"@ITCenterRWTH"},"aioseo_meta_data":{"post_id":"7775","title":null,"description":null,"keywords":[],"keyphrases":{"focus":{"keyphrase":"","score":0,"analysis":{"keyphraseInTitle":{"score":0,"maxScore":9,"error":1}}},"additional":[]},"primary_term":null,"canonical_url":null,"og_title":null,"og_description":null,"og_object_type":"default","og_image_type":"default","og_image_url":null,"og_image_width":null,"og_image_height":null,"og_image_custom_url":null,"og_image_custom_fields":null,"og_video":"","og_custom_url":null,"og_article_section":null,"og_article_tags":[],"twitter_use_og":false,"twitter_card":"default","twitter_image_type":"default","twitter_image_url":null,"twitter_image_custom_url":null,"twitter_image_custom_fields":null,"twitter_title":null,"twitter_description":null,"schema":{"blockGraphs":[],"customGraphs":[],"default":{"data":{"Article":{"id":"aioseo-article-63512bbaec059","slug":"article","graphName":"Article","label":"Artikel","properties":{"type":"BlogPosting","name":"#post_title","headline":"#post_title","description":"#post_excerpt","image":"","keywords":"","author":{"name":"#author_name","url":"#author_url"},"dates":{"include":true,"datePublished":"","dateModified":""}}},"Course":[],"Dataset":[],"FAQPage":[],"Movie":[],"Person":[],"Product":[],"ProductReview":[],"Car":[],"Recipe":[],"Service":[],"SoftwareApplication":[],"WebPage":[]},"graphName":"BlogPosting","isEnabled":true},"graphs":[]},"schema_type":"default","schema_type_options":"{\"article\":{\"articleType\":\"BlogPosting\"},\"course\":{\"name\":\"\",\"description\":\"\",\"provider\":\"\"},\"faq\":{\"pages\":[]},\"product\":{\"reviews\":[]},\"recipe\":{\"ingredients\":[],\"instructions\":[],\"keywords\":[]},\"software\":{\"reviews\":[],\"operatingSystems\":[]},\"webPage\":{\"webPageType\":\"WebPage\"},\"blockGraphs\":[]}","pillar_content":false,"robots_default":true,"robots_noindex":false,"robots_noarchive":false,"robots_nosnippet":false,"robots_nofollow":false,"robots_noimageindex":false,"robots_noodp":false,"robots_notranslate":false,"robots_max_snippet":"-1","robots_max_videopreview":"-1","robots_max_imagepreview":"large","priority":null,"frequency":"default","local_seo":null,"breadcrumb_settings":null,"limit_modified_date":false,"ai":null,"created":"2022-01-24 14:54:10","updated":"2025-07-08 13:40:36","seo_analyzer_scan_date":null},"aioseo_breadcrumb":"<div class=\"aioseo-breadcrumbs\"><span class=\"aioseo-breadcrumb\">\n\t\t\t<a href=\"https:\/\/blog.rwth-aachen.de\/itc\" title=\"Home\">Home<\/a>\n\t\t<\/span><span class=\"aioseo-breadcrumb-separator\">\u00bb<\/span><span class=\"aioseo-breadcrumb\">\n\t\t\t<a href=\"https:\/\/blog.rwth-aachen.de\/itc\/category\/themen\/\" title=\"Themen\">Themen<\/a>\n\t\t<\/span><span class=\"aioseo-breadcrumb-separator\">\u00bb<\/span><span class=\"aioseo-breadcrumb\">\n\t\t\t<a href=\"https:\/\/blog.rwth-aachen.de\/itc\/category\/themen\/events-jubilaen-erfolge\/\" title=\"Events, Jubil\u00e4en &amp; Erfolge\">Events, Jubil\u00e4en &amp; Erfolge<\/a>\n\t\t<\/span><span class=\"aioseo-breadcrumb-separator\">\u00bb<\/span><span class=\"aioseo-breadcrumb\">\n\t\t\tDas IT Center \u2013 Mehr als nur ein Arbeitsplatz\n\t\t<\/span><\/div>","aioseo_breadcrumb_json":[{"label":"Home","link":"https:\/\/blog.rwth-aachen.de\/itc"},{"label":"Themen","link":"https:\/\/blog.rwth-aachen.de\/itc\/category\/themen\/"},{"label":"Events, Jubil\u00e4en &amp; Erfolge","link":"https:\/\/blog.rwth-aachen.de\/itc\/category\/themen\/events-jubilaen-erfolge\/"},{"label":"Das IT Center \u2013 Mehr als nur ein Arbeitsplatz","link":"https:\/\/blog.rwth-aachen.de\/itc\/2020\/09\/11\/das-it-center-mehr-als-nur-ein-arbeitsplatz\/"}],"_links":{"self":[{"href":"https:\/\/blog.rwth-aachen.de\/itc\/wp-json\/wp\/v2\/posts\/7775","targetHints":{"allow":["GET"]}}],"collection":[{"href":"https:\/\/blog.rwth-aachen.de\/itc\/wp-json\/wp\/v2\/posts"}],"about":[{"href":"https:\/\/blog.rwth-aachen.de\/itc\/wp-json\/wp\/v2\/types\/post"}],"author":[{"embeddable":true,"href":"https:\/\/blog.rwth-aachen.de\/itc\/wp-json\/wp\/v2\/users\/1413"}],"replies":[{"embeddable":true,"href":"https:\/\/blog.rwth-aachen.de\/itc\/wp-json\/wp\/v2\/comments?post=7775"}],"version-history":[{"count":5,"href":"https:\/\/blog.rwth-aachen.de\/itc\/wp-json\/wp\/v2\/posts\/7775\/revisions"}],"predecessor-version":[{"id":15848,"href":"https:\/\/blog.rwth-aachen.de\/itc\/wp-json\/wp\/v2\/posts\/7775\/revisions\/15848"}],"wp:attachment":[{"href":"https:\/\/blog.rwth-aachen.de\/itc\/wp-json\/wp\/v2\/media?parent=7775"}],"wp:term":[{"taxonomy":"category","embeddable":true,"href":"https:\/\/blog.rwth-aachen.de\/itc\/wp-json\/wp\/v2\/categories?post=7775"},{"taxonomy":"post_tag","embeddable":true,"href":"https:\/\/blog.rwth-aachen.de\/itc\/wp-json\/wp\/v2\/tags?post=7775"}],"curies":[{"name":"wp","href":"https:\/\/api.w.org\/{rel}","templated":true}]}}