{"id":8110,"date":"2020-11-30T16:21:49","date_gmt":"2020-11-30T15:21:49","guid":{"rendered":"https:\/\/blog.rwth-aachen.de\/itc\/?p=8110"},"modified":"2023-05-17T13:42:21","modified_gmt":"2023-05-17T11:42:21","slug":"advent","status":"publish","type":"post","link":"https:\/\/blog.rwth-aachen.de\/itc\/2020\/11\/30\/advent\/","title":{"rendered":"Advent, Advent der Christbaum brennt!"},"content":{"rendered":"<div class=\"twoclick_social_bookmarks_post_8110 social_share_privacy clearfix 1.6.4 locale-de_DE sprite-de_DE\"><\/div><div class=\"twoclick-js\"><script type=\"text\/javascript\">\/* <![CDATA[ *\/\njQuery(document).ready(function($){if($('.twoclick_social_bookmarks_post_8110')){$('.twoclick_social_bookmarks_post_8110').socialSharePrivacy({\"txt_help\":\"Wenn Sie diese Felder durch einen Klick aktivieren, werden Informationen an Facebook, Twitter, Flattr, Xing, t3n, LinkedIn, Pinterest oder Google eventuell ins Ausland \\u00fcbertragen und unter Umst\\u00e4nden auch dort gespeichert. N\\u00e4heres erfahren Sie durch einen Klick auf das <em>i<\\\/em>.\",\"settings_perma\":\"Dauerhaft aktivieren und Daten\\u00fcber-tragung zustimmen:\",\"info_link\":\"http:\\\/\\\/www.heise.de\\\/ct\\\/artikel\\\/2-Klicks-fuer-mehr-Datenschutz-1333879.html\",\"uri\":\"https:\\\/\\\/blog.rwth-aachen.de\\\/itc\\\/2020\\\/11\\\/30\\\/advent\\\/\",\"post_id\":8110,\"post_title_referrer_track\":\"Advent%2C+Advent+der+Christbaum+brennt%21\",\"display_infobox\":\"on\"});}});\n\/* ]]> *\/<\/script><\/div><p>Sie ist f\u00fcr viele Menschen die besinnlichste und sch\u00f6nste Zeit des Jahres: die Weihnachtszeit.<br \/>\nEs wird weihnachtlich geschm\u00fcckt, es duftet nach leckeren Weihnachtspl\u00e4tzchen, nach Mandeln, Maronen oder Printen.<\/p>\n<p>Mit dem ersten Advent am gestrigen Tag startet in den meisten Familien die Planungen f\u00fcr das kommende Weihnachtsfest \u2013 wie, wann und wo wird die Familie zusammenkommen? &#8211; Denn keine andere Zeit im Jahr wird mit mehr Besinnlichkeit und Beisammensein mit der Familie, Freunden und Bekannten verbunden, als die Weihnachtszeit.<\/p>\n<div id=\"attachment_8115\" style=\"width: 1034px\" class=\"wp-caption aligncenter\"><a href=\"https:\/\/blog.rwth-aachen.de\/itc\/files\/2020\/11\/christmas-decorations-1816478_1920.jpg\"><img loading=\"lazy\" decoding=\"async\" aria-describedby=\"caption-attachment-8115\" class=\"wp-image-8115 size-large\" src=\"https:\/\/blog.rwth-aachen.de\/itc\/files\/2020\/11\/christmas-decorations-1816478_1920-1024x768.jpg\" alt=\"Weihnachtskugeln\" width=\"1024\" height=\"768\" srcset=\"https:\/\/blog.rwth-aachen.de\/itc\/files\/2020\/11\/christmas-decorations-1816478_1920-1024x768.jpg 1024w, https:\/\/blog.rwth-aachen.de\/itc\/files\/2020\/11\/christmas-decorations-1816478_1920-300x225.jpg 300w, https:\/\/blog.rwth-aachen.de\/itc\/files\/2020\/11\/christmas-decorations-1816478_1920-768x576.jpg 768w, https:\/\/blog.rwth-aachen.de\/itc\/files\/2020\/11\/christmas-decorations-1816478_1920-1536x1152.jpg 1536w, https:\/\/blog.rwth-aachen.de\/itc\/files\/2020\/11\/christmas-decorations-1816478_1920.jpg 1920w\" sizes=\"auto, (max-width: 1024px) 100vw, 1024px\" \/><\/a><p id=\"caption-attachment-8115\" class=\"wp-caption-text\">Quelle: <a href=\"https:\/\/pixabay.com\/de\/photos\/weihnachtsschmuck-weihnachten-dekor-1816478\/\">Pixabay<\/a><\/p><\/div>\n<p><!--more--><\/p>\n<h4><strong>Doch wie wir alle wissen &#8211; dieses Jahr ist alles anders!<\/strong><\/h4>\n<p>Leider musste dieses Jahr nicht nur der ausgiebige Sommerurlaub oder das S\u00fc\u00dfes- oder- Saures- Spiel an Halloween ausfallen, sondern nun m\u00fcssen wir uns auch in dieser gem\u00fctlichsten Zeit des Jahres den Einschr\u00e4nkungen des Jahres 2020 f\u00fcgen.<\/p>\n<div id=\"attachment_8113\" style=\"width: 179px\" class=\"wp-caption alignright\"><a href=\"https:\/\/blog.rwth-aachen.de\/itc\/files\/2020\/11\/20201116_121651-scaled.jpg\"><img loading=\"lazy\" decoding=\"async\" aria-describedby=\"caption-attachment-8113\" class=\"wp-image-8113 size-medium\" src=\"https:\/\/blog.rwth-aachen.de\/itc\/files\/2020\/11\/20201116_121651-169x300.jpg\" alt=\"Geschm\u00fcckter Weihnachtsbaum\" width=\"169\" height=\"300\" srcset=\"https:\/\/blog.rwth-aachen.de\/itc\/files\/2020\/11\/20201116_121651-169x300.jpg 169w, https:\/\/blog.rwth-aachen.de\/itc\/files\/2020\/11\/20201116_121651-576x1024.jpg 576w, https:\/\/blog.rwth-aachen.de\/itc\/files\/2020\/11\/20201116_121651-768x1365.jpg 768w, https:\/\/blog.rwth-aachen.de\/itc\/files\/2020\/11\/20201116_121651-864x1536.jpg 864w, https:\/\/blog.rwth-aachen.de\/itc\/files\/2020\/11\/20201116_121651-1152x2048.jpg 1152w, https:\/\/blog.rwth-aachen.de\/itc\/files\/2020\/11\/20201116_121651-scaled.jpg 1440w\" sizes=\"auto, (max-width: 169px) 100vw, 169px\" \/><\/a><p id=\"caption-attachment-8113\" class=\"wp-caption-text\">Unsere Kollegin Michelle Kadansky beim Schm\u00fccken des Baumes <br \/>Quelle: Eigene Darstellung<\/p><\/div>\n<p>Schweren Herzens m\u00fcssen wir auf den bekannten und historischen Aachener Weihnachtsmarkt verzichten und auch an weiteren weihnachtlichen Events wie beispielsweise das Aachener Weihnachtssingen auf dem Tivoli, die Mitternachtsmesse oder an das Krippenspiel d\u00fcrfen wir uns erst n\u00e4chstes Jahr wieder erfreuen.<\/p>\n<h4><strong>\u2026 Jingle bells, jingle bells \u2026 Jingle all the way \u2026.<\/strong><\/h4>\n<p>Doch wir haben es uns nicht nehmen lassen, auch wenn es bedingt durch die Regelungen zum HomeOffice im IT Center scheinbar etwas verlassen scheint, etwas Weihnachtszauber zu verspr\u00fchen.<\/p>\n<div id=\"attachment_8112\" style=\"width: 179px\" class=\"wp-caption alignright\"><a href=\"https:\/\/blog.rwth-aachen.de\/itc\/files\/2020\/11\/20201116_121621-scaled.jpg\"><img loading=\"lazy\" decoding=\"async\" aria-describedby=\"caption-attachment-8112\" class=\"wp-image-8112 size-medium\" src=\"https:\/\/blog.rwth-aachen.de\/itc\/files\/2020\/11\/20201116_121621-169x300.jpg\" alt=\"Geschm\u00fcckter Weihnachtsbaum\" width=\"169\" height=\"300\" srcset=\"https:\/\/blog.rwth-aachen.de\/itc\/files\/2020\/11\/20201116_121621-169x300.jpg 169w, https:\/\/blog.rwth-aachen.de\/itc\/files\/2020\/11\/20201116_121621-576x1024.jpg 576w, https:\/\/blog.rwth-aachen.de\/itc\/files\/2020\/11\/20201116_121621-768x1365.jpg 768w, https:\/\/blog.rwth-aachen.de\/itc\/files\/2020\/11\/20201116_121621-864x1536.jpg 864w, https:\/\/blog.rwth-aachen.de\/itc\/files\/2020\/11\/20201116_121621-1152x2048.jpg 1152w, https:\/\/blog.rwth-aachen.de\/itc\/files\/2020\/11\/20201116_121621-scaled.jpg 1440w\" sizes=\"auto, (max-width: 169px) 100vw, 169px\" \/><\/a><p id=\"caption-attachment-8112\" class=\"wp-caption-text\">Auch unsere Kollegin Aliki Charalabidou hilft tatkr\u00e4fig beim Baumschmuck <br \/>Quelle: Eigene Darstellung<\/p><\/div>\n<p>Die Kolleginnen der Abteilung A&amp;O, Michelle Kadansky und <a href=\"https:\/\/www.itc.rwth-aachen.de\/go\/id\/epvp\/gguid\/0xB13EE8D42FCDEB4DB9C2AECFC29D07B3\/allou\/1\/\">Aliki Charalabidou<\/a>, haben bereits am Montag den 16.11.2020 den Weihnachtsbaum am InfoPoint aufgestellt und geschm\u00fcckt. Dieser k\u00fcnstliche Baum wurde bereits 2017 angeschafft und zaubert seitdem Jahr f\u00fcr Jahr ein klein wenig Weihnachtsstimmung in das IT Center.<\/p>\n<h4><strong>Jetzt seid ihr gefragt <\/strong><\/h4>\n<p>Wann schm\u00fcckt ihr traditionell den Baum? Zum ersten Advent oder doch erst an Heiligabend? Schreibt es in die Kommentare!<\/p>\n<p>Verantwortlich f\u00fcr die Inhalte dieses Beitrags sind <a href=\"https:\/\/www.itc.rwth-aachen.de\/go\/id\/epvp\/gguid\/0x0DB38A849F944D4297D553F09ED3C344\/allou\/1\/\">Dunja Gath<\/a> und Michelle Kadansky.<\/p>","protected":false},"excerpt":{"rendered":"<p>Sie ist f\u00fcr viele Menschen die besinnlichste und sch\u00f6nste Zeit des Jahres: die Weihnachtszeit. Es wird weihnachtlich geschm\u00fcckt, es duftet nach leckeren Weihnachtspl\u00e4tzchen, nach Mandeln, Maronen oder Printen. Mit dem [&hellip;]<\/p>\n","protected":false},"author":2589,"featured_media":8115,"comment_status":"open","ping_status":"closed","sticky":false,"template":"","format":"standard","meta":{"c2c_always_allow_admin_comments":false,"footnotes":""},"categories":[311,312],"tags":[659],"class_list":["post-8110","post","type-post","status-publish","format-standard","has-post-thumbnail","hentry","category-fun-facts","category-insight-it-center","tag-tipps-tricks"],"aioseo_notices":[],"_links":{"self":[{"href":"https:\/\/blog.rwth-aachen.de\/itc\/wp-json\/wp\/v2\/posts\/8110","targetHints":{"allow":["GET"]}}],"collection":[{"href":"https:\/\/blog.rwth-aachen.de\/itc\/wp-json\/wp\/v2\/posts"}],"about":[{"href":"https:\/\/blog.rwth-aachen.de\/itc\/wp-json\/wp\/v2\/types\/post"}],"author":[{"embeddable":true,"href":"https:\/\/blog.rwth-aachen.de\/itc\/wp-json\/wp\/v2\/users\/2589"}],"replies":[{"embeddable":true,"href":"https:\/\/blog.rwth-aachen.de\/itc\/wp-json\/wp\/v2\/comments?post=8110"}],"version-history":[{"count":11,"href":"https:\/\/blog.rwth-aachen.de\/itc\/wp-json\/wp\/v2\/posts\/8110\/revisions"}],"predecessor-version":[{"id":15695,"href":"https:\/\/blog.rwth-aachen.de\/itc\/wp-json\/wp\/v2\/posts\/8110\/revisions\/15695"}],"wp:featuredmedia":[{"embeddable":true,"href":"https:\/\/blog.rwth-aachen.de\/itc\/wp-json\/wp\/v2\/media\/8115"}],"wp:attachment":[{"href":"https:\/\/blog.rwth-aachen.de\/itc\/wp-json\/wp\/v2\/media?parent=8110"}],"wp:term":[{"taxonomy":"category","embeddable":true,"href":"https:\/\/blog.rwth-aachen.de\/itc\/wp-json\/wp\/v2\/categories?post=8110"},{"taxonomy":"post_tag","embeddable":true,"href":"https:\/\/blog.rwth-aachen.de\/itc\/wp-json\/wp\/v2\/tags?post=8110"}],"curies":[{"name":"wp","href":"https:\/\/api.w.org\/{rel}","templated":true}]}}