{"id":8174,"date":"2020-12-17T12:00:57","date_gmt":"2020-12-17T11:00:57","guid":{"rendered":"https:\/\/blog.rwth-aachen.de\/itc\/?p=8174"},"modified":"2023-05-17T13:36:08","modified_gmt":"2023-05-17T11:36:08","slug":"erreichbarkeit","status":"publish","type":"post","link":"https:\/\/blog.rwth-aachen.de\/itc\/2020\/12\/17\/erreichbarkeit\/","title":{"rendered":"Angepasste Erreichbarkeit des IT Centers"},"content":{"rendered":"<div class=\"twoclick_social_bookmarks_post_8174 social_share_privacy clearfix 1.6.4 locale-de_DE sprite-de_DE\"><\/div><div class=\"twoclick-js\"><script type=\"text\/javascript\">\/* <![CDATA[ *\/\njQuery(document).ready(function($){if($('.twoclick_social_bookmarks_post_8174')){$('.twoclick_social_bookmarks_post_8174').socialSharePrivacy({\"txt_help\":\"Wenn Sie diese Felder durch einen Klick aktivieren, werden Informationen an Facebook, Twitter, Flattr, Xing, t3n, LinkedIn, Pinterest oder Google eventuell ins Ausland \\u00fcbertragen und unter Umst\\u00e4nden auch dort gespeichert. N\\u00e4heres erfahren Sie durch einen Klick auf das <em>i<\\\/em>.\",\"settings_perma\":\"Dauerhaft aktivieren und Daten\\u00fcber-tragung zustimmen:\",\"info_link\":\"http:\\\/\\\/www.heise.de\\\/ct\\\/artikel\\\/2-Klicks-fuer-mehr-Datenschutz-1333879.html\",\"uri\":\"https:\\\/\\\/blog.rwth-aachen.de\\\/itc\\\/2020\\\/12\\\/17\\\/erreichbarkeit\\\/\",\"post_id\":8174,\"post_title_referrer_track\":\"Angepasste+Erreichbarkeit+des+IT+Centers\",\"display_infobox\":\"on\"});}});\n\/* ]]> *\/<\/script><\/div><p>Das Jahr neigt sich nun dem Ende zu und daher informieren wir euch \u00fcber die Servicezeiten \u00fcber die Feiertage und den Jahreswechsel.<\/p>\n<div id=\"attachment_8175\" style=\"width: 1930px\" class=\"wp-caption aligncenter\"><a href=\"https:\/\/blog.rwth-aachen.de\/itc\/files\/2020\/12\/contact-us-2993000_1920.jpg\"><img loading=\"lazy\" decoding=\"async\" aria-describedby=\"caption-attachment-8175\" class=\"wp-image-8175 size-full\" src=\"https:\/\/blog.rwth-aachen.de\/itc\/files\/2020\/12\/contact-us-2993000_1920.jpg\" alt=\"Symbole f\u00fcr Mail, Telefon, Chat und Post\" width=\"1920\" height=\"1271\" srcset=\"https:\/\/blog.rwth-aachen.de\/itc\/files\/2020\/12\/contact-us-2993000_1920.jpg 1920w, https:\/\/blog.rwth-aachen.de\/itc\/files\/2020\/12\/contact-us-2993000_1920-300x199.jpg 300w, https:\/\/blog.rwth-aachen.de\/itc\/files\/2020\/12\/contact-us-2993000_1920-1024x678.jpg 1024w, https:\/\/blog.rwth-aachen.de\/itc\/files\/2020\/12\/contact-us-2993000_1920-768x508.jpg 768w, https:\/\/blog.rwth-aachen.de\/itc\/files\/2020\/12\/contact-us-2993000_1920-1536x1017.jpg 1536w\" sizes=\"auto, (max-width: 1920px) 100vw, 1920px\" \/><\/a><p id=\"caption-attachment-8175\" class=\"wp-caption-text\">Quelle: <a href=\"https:\/\/pixabay.com\/de\/photos\/kontaktiere-uns-kontakt-e-mail-2993000\/\">Pixabay<\/a><\/p><\/div>\n<p><!--more--><\/p>\n<h3><\/h3>\n<h2>Angepasste Erreichbarkeit im \u00dcberblick<\/h2>\n<p>&nbsp;<\/p>\n<h3>IT-ServiceDesk<\/h3>\n<p>Wir sind f\u00fcr euch telefonisch, per Chat und per E-Mail wie folgt erreichbar:<\/p>\n<ul>\n<li>Montag 21.12.2020 \u2013 08:00 Uhr bis 16:00 Uhr<\/li>\n<li>Dienstag 22.12.2020 \u2013 08:00 Uhr bis 16:00 Uhr<\/li>\n<li>Mittwoch 23.12.2020 \u2013 08:00 Uhr bis 16:00 Uhr<\/li>\n<li>Donnerstag 24.12.2020 \u2013 geschlossen<\/li>\n<li>Freitag 25.12.2020 \u2013 geschlossen<\/li>\n<li>Montag 28.12.2020 \u2013 08:00 Uhr bis 16:00 Uhr<\/li>\n<li>Dienstag 29.12.2020 \u2013 08:00 Uhr bis 16:00 Uhr<\/li>\n<li>Mittwoch 30.12.2020 \u2013 08:00 Uhr bis 16:00 Uhr<\/li>\n<li>Donnerstag 31.12.2020 \u2013 geschlossen<\/li>\n<li>Freitag 01.01.2021 \u2013 geschlossen<\/li>\n<\/ul>\n<p>Ab Montag, den 04.01.2021 kehren wir zu unseren <a href=\"https:\/\/www.itc.rwth-aachen.de\/cms\/it-center\/Services\/Support-Moeglichkeiten\/IT-ServiceDesk\/~sqqto\/Kontakt-Oeffnungszeiten\/\">jetzigen gewohnten<\/a> \u00d6ffnungszeiten zur\u00fcck.<\/p>\n<p>Der pers\u00f6nliche Support im IT-ServiceDesk am Standort Seffenter Weg 23 bleibt jedoch weithin bis <a href=\"https:\/\/blog.rwth-aachen.de\/itc\/2020\/12\/14\/corona-lockdown\/\">zun\u00e4chst 10. Januar 2021<\/a> geschlossen.<\/p>\n<p>&nbsp;<\/p>\n<h3>Druckservice &amp; VR Labor<\/h3>\n<p>Der Druckservice ist bis auf weiteres komplett und das VR-Labor in der Zeit vom 21.12.2020 bis 04.01.2021 geschlossen.<\/p>\n<p>&nbsp;<\/p>\n<h3>MATSE-Verwaltung<\/h3>\n<p>Die MATSE-Verwaltung ist vom 19.12.2020 bis 04.01.2021 geschlossen.<\/p>\n<p>&nbsp;<\/p>\n<h2>Wie geht es 2021 weiter?<\/h2>\n<p>Nach den Feiertagen, gelten bis zun\u00e4chst zum 10.01.2021 weiterhin <a href=\"https:\/\/www.itc.rwth-aachen.de\/go\/id\/lrgac?#aaaaaaaaaalrgfp\">die Lockdown- Regelungen<\/a> der RWTH basierend auf den Beschl\u00fcssen von Bund und L\u00e4ndern.<\/p>\n<p>Sollten sich hier \u00c4nderungen ergeben, halten wir euch nat\u00fcrlich auf unseren Social-Media-Kan\u00e4len und unserem Blog auf dem laufenden.<\/p>\n<ul>\n<li><a href=\"https:\/\/www.itc.rwth-aachen.de\/cms\/IT-Center\/IT-Center\/~fehb\/Aktuelle-Meldungen\/\">Aktuelle Meldungen<\/a><\/li>\n<li><a href=\"https:\/\/www.facebook.com\/itcenterrwth\/\">Facebook<\/a><\/li>\n<li><a href=\"https:\/\/blog.rwth-aachen.de\/itc\/\">IT Center Blog<\/a><\/li>\n<li><a href=\"https:\/\/de.linkedin.com\/company\/itcenterrwth\">LinkedIn<\/a><\/li>\n<li><a href=\"https:\/\/twitter.com\/ITCenterRWTH?ref_src=twsrc%5Egoogle%7Ctwcamp%5Eserp%7Ctwgr%5Eauthor\">Twitter<\/a><\/li>\n<li><a href=\"https:\/\/www.youtube.com\/channel\/UCKKDJJukeRwO0LP-ac8x8rQ\/featured\">Youtube<\/a><\/li>\n<\/ul>\n<p>&nbsp;<\/p>\n<p>Bleibt Gesund!<\/p>\n<p>&nbsp;<\/p>\n<p>Verantwortlich f\u00fcr die Inhalte dieses Beitrags ist <a href=\"https:\/\/www.itc.rwth-aachen.de\/cms\/IT-Center\/IT-Center\/Team\/~epvp\/Mitarbeiter-CAMPUS-\/?gguid=0x0DB38A849F944D4297D553F09ED3C344&amp;allou=1\">Dunja Gath<\/a>.<\/p>","protected":false},"excerpt":{"rendered":"<p>Das Jahr neigt sich nun dem Ende zu und daher informieren wir euch \u00fcber die Servicezeiten \u00fcber die Feiertage und den Jahreswechsel.<\/p>\n","protected":false},"author":2589,"featured_media":8175,"comment_status":"open","ping_status":"closed","sticky":false,"template":"","format":"standard","meta":{"c2c_always_allow_admin_comments":false,"footnotes":""},"categories":[306],"tags":[],"class_list":["post-8174","post","type-post","status-publish","format-standard","has-post-thumbnail","hentry","category-ankuendigungen"],"aioseo_notices":[],"_links":{"self":[{"href":"https:\/\/blog.rwth-aachen.de\/itc\/wp-json\/wp\/v2\/posts\/8174","targetHints":{"allow":["GET"]}}],"collection":[{"href":"https:\/\/blog.rwth-aachen.de\/itc\/wp-json\/wp\/v2\/posts"}],"about":[{"href":"https:\/\/blog.rwth-aachen.de\/itc\/wp-json\/wp\/v2\/types\/post"}],"author":[{"embeddable":true,"href":"https:\/\/blog.rwth-aachen.de\/itc\/wp-json\/wp\/v2\/users\/2589"}],"replies":[{"embeddable":true,"href":"https:\/\/blog.rwth-aachen.de\/itc\/wp-json\/wp\/v2\/comments?post=8174"}],"version-history":[{"count":25,"href":"https:\/\/blog.rwth-aachen.de\/itc\/wp-json\/wp\/v2\/posts\/8174\/revisions"}],"predecessor-version":[{"id":15688,"href":"https:\/\/blog.rwth-aachen.de\/itc\/wp-json\/wp\/v2\/posts\/8174\/revisions\/15688"}],"wp:featuredmedia":[{"embeddable":true,"href":"https:\/\/blog.rwth-aachen.de\/itc\/wp-json\/wp\/v2\/media\/8175"}],"wp:attachment":[{"href":"https:\/\/blog.rwth-aachen.de\/itc\/wp-json\/wp\/v2\/media?parent=8174"}],"wp:term":[{"taxonomy":"category","embeddable":true,"href":"https:\/\/blog.rwth-aachen.de\/itc\/wp-json\/wp\/v2\/categories?post=8174"},{"taxonomy":"post_tag","embeddable":true,"href":"https:\/\/blog.rwth-aachen.de\/itc\/wp-json\/wp\/v2\/tags?post=8174"}],"curies":[{"name":"wp","href":"https:\/\/api.w.org\/{rel}","templated":true}]}}