{"id":8608,"date":"2021-03-15T15:45:50","date_gmt":"2021-03-15T14:45:50","guid":{"rendered":"https:\/\/blog.rwth-aachen.de\/itc\/?p=8608"},"modified":"2023-03-17T11:57:32","modified_gmt":"2023-03-17T10:57:32","slug":"365-tage-homeoffice","status":"publish","type":"post","link":"https:\/\/blog.rwth-aachen.de\/itc\/2021\/03\/15\/365-tage-homeoffice\/","title":{"rendered":"365 Tage Homeoffice \u2013 ein gro\u00dfes Abenteuer"},"content":{"rendered":"<div class=\"twoclick_social_bookmarks_post_8608 social_share_privacy clearfix 1.6.4 locale-de_DE sprite-de_DE\"><\/div><div class=\"twoclick-js\"><script type=\"text\/javascript\">\/* <![CDATA[ *\/\njQuery(document).ready(function($){if($('.twoclick_social_bookmarks_post_8608')){$('.twoclick_social_bookmarks_post_8608').socialSharePrivacy({\"txt_help\":\"Wenn Sie diese Felder durch einen Klick aktivieren, werden Informationen an Facebook, Twitter, Flattr, Xing, t3n, LinkedIn, Pinterest oder Google eventuell ins Ausland \\u00fcbertragen und unter Umst\\u00e4nden auch dort gespeichert. N\\u00e4heres erfahren Sie durch einen Klick auf das <em>i<\\\/em>.\",\"settings_perma\":\"Dauerhaft aktivieren und Daten\\u00fcber-tragung zustimmen:\",\"info_link\":\"http:\\\/\\\/www.heise.de\\\/ct\\\/artikel\\\/2-Klicks-fuer-mehr-Datenschutz-1333879.html\",\"uri\":\"https:\\\/\\\/blog.rwth-aachen.de\\\/itc\\\/2021\\\/03\\\/15\\\/365-tage-homeoffice\\\/\",\"post_id\":8608,\"post_title_referrer_track\":\"365+Tage+Homeoffice+%E2%80%93+ein+gro%C3%9Fes+Abenteuer\",\"display_infobox\":\"on\"});}});\n\/* ]]> *\/<\/script><\/div><p><\/p>\n<blockquote>\n<p style=\"background: white; margin: 15.0pt 0cm 15.0pt 0cm;\"><span style=\"font-size: 10.5pt; font-family: 'Arial',sans-serif;\">Mit Wirkung von morgen bitten wir alle Mitarbeitenden von der M\u00f6glichkeit der situativen mobilen Heimarbeit (SmH) Gebrauch zu machen.<\/span><\/p>\n<\/blockquote>\n<p style=\"background: white; margin: 15.0pt 0cm 15.0pt 0cm;\"><span style=\"font-size: 10.5pt; font-family: 'Arial',sans-serif;\">Mit diesen Worten hat die IT Center Leitung <a href=\"https:\/\/www.itc.rwth-aachen.de\/cms\/IT-Center\/IT-Center\/Aktuelle-Meldungen\/~glnjg\/Aktuelle-Hinweise-und-Neuigkeiten\/\">im M\u00e4rz 2020 auf die Corona-Pandemie<\/a> reagiert. Zu diesem Zeitpunkt dachten wir uns noch, dass es in zwei Wochen wieder in die B\u00fcros zur\u00fcckgeht und wir unserem normalen Arbeitsalltag wieder nachgehen. Es kam jedoch alles anders und so begann das Abenteuer namens Homeoffice, das mittlerweile ein Jahr andauert.<\/span><\/p>\n<div id=\"attachment_8613\" style=\"width: 1034px\" class=\"wp-caption aligncenter\"><a href=\"https:\/\/blog.rwth-aachen.de\/itc\/files\/2021\/03\/1589525867569.jpg\"><img loading=\"lazy\" decoding=\"async\" aria-describedby=\"caption-attachment-8613\" class=\"wp-image-8613 size-large\" src=\"https:\/\/blog.rwth-aachen.de\/itc\/files\/2021\/03\/1589525867569-1024x577.jpg\" alt=\"Collage aus Fotos \" width=\"1024\" height=\"577\" srcset=\"https:\/\/blog.rwth-aachen.de\/itc\/files\/2021\/03\/1589525867569-1024x577.jpg 1024w, https:\/\/blog.rwth-aachen.de\/itc\/files\/2021\/03\/1589525867569-300x169.jpg 300w, https:\/\/blog.rwth-aachen.de\/itc\/files\/2021\/03\/1589525867569-768x433.jpg 768w, https:\/\/blog.rwth-aachen.de\/itc\/files\/2021\/03\/1589525867569.jpg 1536w\" sizes=\"auto, (max-width: 1024px) 100vw, 1024px\" \/><\/a><p id=\"caption-attachment-8613\" class=\"wp-caption-text\">#itcenterbleibtzuhause <br \/>Quelle: Eigene Darstellung<\/p><\/div>\n<p><!--more--><\/p>\n<h4>Digital wurde pl\u00f6tzlich zur Mode<\/h4>\n<p>Meetings finden nun nicht mehr vor Ort statt, sondern ortsunabh\u00e4ngig in virtuellen Kan\u00e4len und Videokonferenzen. Dass dies so gut funktioniert, verdanken wir insbesondere einer <a href=\"https:\/\/blog.rwth-aachen.de\/itc\/2020\/05\/22\/smh-it-infrastruktur\/\">gut aufgestellten IT-Infrastruktur<\/a>. Ohne w\u00e4re der Betrieb in diesem Ma\u00dfe n\u00e4mlich gar nicht m\u00f6glich und unsere Flachbildschirme w\u00e4ren schwarz.<\/p>\n<p>F\u00fcr die IT-Infrastruktur und die Mitarbeitenden, die f\u00fcr diese zust\u00e4ndig sind, bedeutete dieses Abenteuer n\u00e4mlich nicht nur eine besondere Herausforderung, sondern auch viel Verantwortung, da ohne die <a href=\"https:\/\/blog.rwth-aachen.de\/itc\/2020\/05\/29\/umsatteln-auf-homeoffice\/\">Verbindung zu diversen Netzwerken<\/a> das Arbeiten kaum umsetzbar ist. Ein positiver Nebeneffekt, der mit dem Umsatteln auf die digitale Heimarbeit einherging, ist und bleibt die Digitalisierung, die aufgrund der Ma\u00dfnahmen zur Eind\u00e4mmung der COVID-19-Pandemie im Eiltempo an der RWTH Aachen vorangetrieben wurde.<\/p>\n<h4>IT (Center) verbindet \u2013 nicht nur Prozesse und Technik, sondern auch Menschen<\/h4>\n<p>So haben wir neue Mittel und Wege zur <a href=\"https:\/\/blog.rwth-aachen.de\/itc\/2020\/05\/11\/services-and-home-office\/\">digitalen Kommunikation<\/a> eingef\u00fchrt, damit die Zusammenarbeit auch von Zuhause weiterhin funktioniert. Neben <a href=\"https:\/\/blog.rwth-aachen.de\/itc\/2020\/04\/03\/microsoft-teams-fuer-mitarbeitende-der-rwth-aachen\/\">Microsoft Teams f\u00fcr Mitarbeitende<\/a>, wurde auch <a href=\"https:\/\/blog.rwth-aachen.de\/itc\/2020\/09\/22\/microsoft-365-fuer-studierende\/\">Microsoft 365 f\u00fcr Studierende<\/a> eingef\u00fchrt.<\/p>\n<p>Unter dem Motto <a href=\"https:\/\/blog.rwth-aachen.de\/itc\/2020\/03\/23\/das-it-center-gruesst-aus-dem-homeoffice\/\">#itcenterbleibtzuhause<\/a> haben wir euch dar\u00fcber hinaus gezeigt, wie unsere Mitarbeitenden mit der f\u00fcr alle ungewohnten Situation umgehen und wie die <a href=\"https:\/\/blog.rwth-aachen.de\/itc\/2020\/11\/11\/home-office-ein-tierisches-vergnuegen\/\">geliebten Haustiere<\/a> damit zurechtkommen. Ihr habt Einblicke in unseren allj\u00e4hrlichen <a href=\"https:\/\/blog.rwth-aachen.de\/itc\/2020\/09\/07\/digitaler-betriebsausflug-2020\/\">Betriebsausflug<\/a> bekommen, der 2020 ebenfalls digital \u00fcber eine Videokonferenz stattfand.<\/p>\n<h4>Abenteuer Homeoffice \u2013 \u00dcberleben ohne Machete<\/h4>\n<p>Die Arbeit zu Hause in den eigenen vier W\u00e4nden \u00fcber einen l\u00e4ngeren Zeitraum hinweg ist f\u00fcr viele n\u00e4mlich immer noch eine der gr\u00f6\u00dften Herausforderungen des Abenteuers Homeoffice. Aus diesem Grund haben wir f\u00fcr euch Tipps und Tricks gesammelt:<\/p>\n<p><a href=\"https:\/\/blog.rwth-aachen.de\/itc\/2020\/03\/27\/tipps-furs-homeoffice-1\/\">Damit die Entspannung nach der Arbeit gelingt<\/a><br \/>\n<a href=\"https:\/\/blog.rwth-aachen.de\/itc\/2020\/10\/23\/energiesparen-im-homeoffice\/\">Energiesparen im Homeoffice<\/a><br \/>\n<a href=\"https:\/\/blog.rwth-aachen.de\/itc\/2021\/03\/01\/organisation\/\">Entspannt Arbeiten im Homeoffice \u2013 Organisation<\/a><br \/>\n<a href=\"https:\/\/blog.rwth-aachen.de\/itc\/2021\/02\/22\/zeitmanagement\/\">Entspannt Arbeiten im Homeoffice \u2013 Zeitmanagement<\/a><br \/>\n<a href=\"https:\/\/blog.rwth-aachen.de\/itc\/2020\/04\/08\/tipps-furs-homeoffice-2\/\">Ergonomie oder Gem\u00fctlichkeit?<\/a><br \/>\n<a href=\"https:\/\/blog.rwth-aachen.de\/itc\/2020\/06\/05\/fit-im-homeoffice\/\">Fit am Arbeitsplatz im Homeoffice<\/a><br \/>\n<a href=\"https:\/\/blog.rwth-aachen.de\/itc\/2020\/08\/10\/hitze-im-homeoffice\/\">Hitzewelle im Homeoffice<\/a><br \/>\n<a href=\"https:\/\/blog.rwth-aachen.de\/itc\/2020\/05\/04\/tipps-fuers-homeoffice-teil-6\/\">Klare Regeln f\u00fcr die Arbeitszeit<\/a><br \/>\n<a href=\"https:\/\/blog.rwth-aachen.de\/itc\/2020\/04\/15\/tipps-furs-homeoffice-3\/\">Pausen im HomeOffice richtig gestalten<\/a><br \/>\n<a href=\"https:\/\/blog.rwth-aachen.de\/itc\/2020\/04\/22\/tipps-fuers-homeoffice-4\/\">Virtuelle Teams \u2013 Wie die Zusammenarbeit gelingt<\/a><br \/>\n<a href=\"https:\/\/blog.rwth-aachen.de\/itc\/2020\/04\/27\/tipps-fuers-homeoffice-teil-5\/\">Zuhause, aber nicht allein!<\/a><\/p>\n<p>Konntet ihr einige davon bereits umsetzen? Oder habt ihr noch weitere Tipps, die ihr mit uns teilen wollt?<\/p>\n<p>Abschlie\u00dfend wollen wir uns bei euch f\u00fcr euer Vertrauen in das IT Center, das auch weiterhin als transparenter und verl\u00e4sslicher Partner an eurer Seite steht, bedanken. Ohne die Arbeit unserer Mitarbeitenden und eure Unterst\u00fctzung w\u00e4ren viele Dinge w\u00e4hrend des Abenteuers Homeoffice nicht m\u00f6glich gewesen.<\/p>\n<p>Verantwortlich f\u00fcr die Inhalte dieses Beitrags sind <a href=\"https:\/\/www.itc.rwth-aachen.de\/go\/id\/epvp\/gguid\/0x9356740536A0D54BAE2FFB25A85C91DA\/allou\/1\/\">Anastasios Krikas<\/a> und <a href=\"https:\/\/www.itc.rwth-aachen.de\/go\/id\/epvp\/gguid\/0x178A69B715E4B24AB87DCFA4BC438FD7\/allou\/1\/\">Nicole Kaminski<\/a>.<\/p>","protected":false},"excerpt":{"rendered":"<p>Mit Wirkung von morgen bitten wir alle Mitarbeitenden von der M\u00f6glichkeit der situativen mobilen Heimarbeit (SmH) Gebrauch zu machen. Mit diesen Worten hat die IT Center Leitung im M\u00e4rz 2020 [&hellip;]<\/p>\n","protected":false},"author":1859,"featured_media":0,"comment_status":"open","ping_status":"closed","sticky":false,"template":"","format":"standard","meta":{"c2c_always_allow_admin_comments":false,"footnotes":""},"categories":[312],"tags":[661],"class_list":["post-8608","post","type-post","status-publish","format-standard","hentry","category-insight-it-center","tag-it-center-als-arbeitsplatz"],"aioseo_notices":[],"_links":{"self":[{"href":"https:\/\/blog.rwth-aachen.de\/itc\/wp-json\/wp\/v2\/posts\/8608","targetHints":{"allow":["GET"]}}],"collection":[{"href":"https:\/\/blog.rwth-aachen.de\/itc\/wp-json\/wp\/v2\/posts"}],"about":[{"href":"https:\/\/blog.rwth-aachen.de\/itc\/wp-json\/wp\/v2\/types\/post"}],"author":[{"embeddable":true,"href":"https:\/\/blog.rwth-aachen.de\/itc\/wp-json\/wp\/v2\/users\/1859"}],"replies":[{"embeddable":true,"href":"https:\/\/blog.rwth-aachen.de\/itc\/wp-json\/wp\/v2\/comments?post=8608"}],"version-history":[{"count":9,"href":"https:\/\/blog.rwth-aachen.de\/itc\/wp-json\/wp\/v2\/posts\/8608\/revisions"}],"predecessor-version":[{"id":14898,"href":"https:\/\/blog.rwth-aachen.de\/itc\/wp-json\/wp\/v2\/posts\/8608\/revisions\/14898"}],"wp:attachment":[{"href":"https:\/\/blog.rwth-aachen.de\/itc\/wp-json\/wp\/v2\/media?parent=8608"}],"wp:term":[{"taxonomy":"category","embeddable":true,"href":"https:\/\/blog.rwth-aachen.de\/itc\/wp-json\/wp\/v2\/categories?post=8608"},{"taxonomy":"post_tag","embeddable":true,"href":"https:\/\/blog.rwth-aachen.de\/itc\/wp-json\/wp\/v2\/tags?post=8608"}],"curies":[{"name":"wp","href":"https:\/\/api.w.org\/{rel}","templated":true}]}}