{"id":9611,"date":"2021-07-30T12:21:59","date_gmt":"2021-07-30T10:21:59","guid":{"rendered":"https:\/\/blog.rwth-aachen.de\/itc\/?p=9611"},"modified":"2023-05-17T10:10:45","modified_gmt":"2023-05-17T08:10:45","slug":"sysadmin-appreciation-day-2021","status":"publish","type":"post","link":"https:\/\/blog.rwth-aachen.de\/itc\/2021\/07\/30\/sysadmin-appreciation-day-2021\/","title":{"rendered":"&#8230;.Wir h\u00e4tten Euch sonst sehr vermisst! (Der SysAdmin Appreciation Day 2021)"},"content":{"rendered":"<div class=\"twoclick_social_bookmarks_post_9611 social_share_privacy clearfix 1.6.4 locale-de_DE sprite-de_DE\"><\/div><div class=\"twoclick-js\"><script type=\"text\/javascript\">\/* <![CDATA[ *\/\njQuery(document).ready(function($){if($('.twoclick_social_bookmarks_post_9611')){$('.twoclick_social_bookmarks_post_9611').socialSharePrivacy({\"txt_help\":\"Wenn Sie diese Felder durch einen Klick aktivieren, werden Informationen an Facebook, Twitter, Flattr, Xing, t3n, LinkedIn, Pinterest oder Google eventuell ins Ausland \\u00fcbertragen und unter Umst\\u00e4nden auch dort gespeichert. N\\u00e4heres erfahren Sie durch einen Klick auf das <em>i<\\\/em>.\",\"settings_perma\":\"Dauerhaft aktivieren und Daten\\u00fcber-tragung zustimmen:\",\"info_link\":\"http:\\\/\\\/www.heise.de\\\/ct\\\/artikel\\\/2-Klicks-fuer-mehr-Datenschutz-1333879.html\",\"uri\":\"https:\\\/\\\/blog.rwth-aachen.de\\\/itc\\\/2021\\\/07\\\/30\\\/sysadmin-appreciation-day-2021\\\/\",\"post_id\":9611,\"post_title_referrer_track\":\"%26%238230%3B.Wir+h%C3%A4tten+Euch+sonst+sehr+vermisst%21+%28Der+SysAdmin+Appreciation+Day+2021%29\",\"display_infobox\":\"on\"});}});\n\/* ]]> *\/<\/script><\/div><p><div id=\"attachment_9612\" style=\"width: 310px\" class=\"wp-caption alignright\"><img loading=\"lazy\" decoding=\"async\" aria-describedby=\"caption-attachment-9612\" class=\"wp-image-9612 size-medium\" src=\"https:\/\/blog.rwth-aachen.de\/itc\/files\/2021\/07\/courtney-hedger-t48eHCSCnds-unsplash-300x200.jpg\" alt=\"\" width=\"300\" height=\"200\" srcset=\"https:\/\/blog.rwth-aachen.de\/itc\/files\/2021\/07\/courtney-hedger-t48eHCSCnds-unsplash-300x200.jpg 300w, https:\/\/blog.rwth-aachen.de\/itc\/files\/2021\/07\/courtney-hedger-t48eHCSCnds-unsplash-1024x684.jpg 1024w, https:\/\/blog.rwth-aachen.de\/itc\/files\/2021\/07\/courtney-hedger-t48eHCSCnds-unsplash-768x513.jpg 768w, https:\/\/blog.rwth-aachen.de\/itc\/files\/2021\/07\/courtney-hedger-t48eHCSCnds-unsplash-1536x1025.jpg 1536w, https:\/\/blog.rwth-aachen.de\/itc\/files\/2021\/07\/courtney-hedger-t48eHCSCnds-unsplash-2048x1367.jpg 2048w\" sizes=\"auto, (max-width: 300px) 100vw, 300px\" \/><p id=\"caption-attachment-9612\" class=\"wp-caption-text\"><span class=\"_1K5LX _1ByhS\">Wir sagen Danke! <br \/>Quelle: <a href=\"https:\/\/unsplash.com\/de\/fotos\/t48eHCSCnds\">Unsplash<\/a><\/span><\/p><\/div><\/p>\n<p>Die Rede ist nat\u00fcrlich von unseren SysAdmins. Einmal im Jahr k\u00f6nnen wir ihren Ehrentag feiern und uns geh\u00f6rig von ganzem Herzen bei all unseren System-Administratoren bedanken.<\/p>\n<p><!--more--><\/p>\n<p>Der \u201eSystem Administrator Appreciation Day\u201c findet immer am letzten Freitag im Juli statt. So wird sichergestellt, dass auch an die t\u00fcchtigen Personen hinter den Kulissen gedacht wird, die &#8211; ohne dass wir davon etwas mitbekommen &#8211; alle IT-Probleme beheben. Ohne die System-Administratoren w\u00e4re die RWTH und das IT Center ziemlich aufgeschmissen wenn es mal brenzlich um funktionsf\u00e4hige Computer, Viren-Abwehr, E-Mail, Druckerprobleme, Erreichbarkeit der Webseiten, Datensicherungen, Konfigurationen der Netzwerke oder die Erreichbarkeit des Internets wird.<\/p>\n<p>Die SysAdmins halten die zentralen IT-Systeme und Netze der RWTH Aachen University erst am Laufen. Lange Rede, kurzer Sinn &#8211; Wir sehen euch, liebe SysAdmins!<\/p>\n<p>Genau deshalb wollen wir euch einen geb\u00fchrend gefeierten \u201eSystem Administrator Appreciation Day\u201c, mit allem was zu einer Feier so dazugeh\u00f6rt, w\u00fcnschen und ganz laut <strong>\u201eVIELEN DANK\u201c! <\/strong>rufen! Sch\u00f6n, dass es euch gibt! Wir feiern euch t\u00e4glich.<\/p>\n<p>Verantwortlich f\u00fcr die Inhalte des Beitrags ist Liza Schwarz.<\/p>","protected":false},"excerpt":{"rendered":"<p>Die Rede ist nat\u00fcrlich von unseren SysAdmins. Einmal im Jahr k\u00f6nnen wir ihren Ehrentag feiern und uns geh\u00f6rig von ganzem Herzen bei all unseren System-Administratoren bedanken.<\/p>\n","protected":false},"author":2589,"featured_media":0,"comment_status":"open","ping_status":"closed","sticky":false,"template":"","format":"standard","meta":{"c2c_always_allow_admin_comments":false,"footnotes":""},"categories":[308,311],"tags":[],"class_list":["post-9611","post","type-post","status-publish","format-standard","hentry","category-events-jubilaen-erfolge","category-fun-facts"],"aioseo_notices":[],"_links":{"self":[{"href":"https:\/\/blog.rwth-aachen.de\/itc\/wp-json\/wp\/v2\/posts\/9611","targetHints":{"allow":["GET"]}}],"collection":[{"href":"https:\/\/blog.rwth-aachen.de\/itc\/wp-json\/wp\/v2\/posts"}],"about":[{"href":"https:\/\/blog.rwth-aachen.de\/itc\/wp-json\/wp\/v2\/types\/post"}],"author":[{"embeddable":true,"href":"https:\/\/blog.rwth-aachen.de\/itc\/wp-json\/wp\/v2\/users\/2589"}],"replies":[{"embeddable":true,"href":"https:\/\/blog.rwth-aachen.de\/itc\/wp-json\/wp\/v2\/comments?post=9611"}],"version-history":[{"count":8,"href":"https:\/\/blog.rwth-aachen.de\/itc\/wp-json\/wp\/v2\/posts\/9611\/revisions"}],"predecessor-version":[{"id":15566,"href":"https:\/\/blog.rwth-aachen.de\/itc\/wp-json\/wp\/v2\/posts\/9611\/revisions\/15566"}],"wp:attachment":[{"href":"https:\/\/blog.rwth-aachen.de\/itc\/wp-json\/wp\/v2\/media?parent=9611"}],"wp:term":[{"taxonomy":"category","embeddable":true,"href":"https:\/\/blog.rwth-aachen.de\/itc\/wp-json\/wp\/v2\/categories?post=9611"},{"taxonomy":"post_tag","embeddable":true,"href":"https:\/\/blog.rwth-aachen.de\/itc\/wp-json\/wp\/v2\/tags?post=9611"}],"curies":[{"name":"wp","href":"https:\/\/api.w.org\/{rel}","templated":true}]}}