{"id":257,"date":"2015-08-10T12:26:22","date_gmt":"2015-08-10T10:26:22","guid":{"rendered":"https:\/\/blog.rwth-aachen.de\/kilian\/?p=257"},"modified":"2015-08-12T16:06:12","modified_gmt":"2015-08-12T14:06:12","slug":"mein-zuhause-1","status":"publish","type":"post","link":"https:\/\/blog.rwth-aachen.de\/kilian\/2015\/08\/10\/mein-zuhause-1\/","title":{"rendered":"Mein  Zuhause"},"content":{"rendered":"<p>Wenn mich jemand in Australien fragt, wo ich herkomme, antworte ich \u201eaus Deutschland\u201c. Wenn mich in Deutschland jemand fragt, wo ich herkomme, antworte ich &#8222;aus N\u00fcrnberg&#8220;. Wenn mich jemand aus N\u00fcrnberg fragt, wo ich herkomme, antworte ich &#8222;Gro\u00dfgr\u00fcndlach&#8220;. Schwieriger wird es dann schon, wenn ich gefragt werde, wo mein Zuhause ist.<\/p>\n<p>Kandidat 1: Walker St, Redfern, Sydney, Australien<br \/>\nZur Zeit lebe ich in Sydney. Eine Weltmetropole, die seinesgleichen sucht. In einer WG mit zwei netten Australiern, die ich jetzt exakt 4 Monate kenne. Und die ich nach meiner Zeit hier mit sehr gro\u00dfer Wahrscheinlichkeit in meinem Leben nicht mehr treffen werde. Dieses \u201eman bleibt auf jeden Fall in Kontakt und bis bald\u201c \u2013 Ritual am Ende eines l\u00e4ngeren Auslandsaufenthalts, klappt nur in den aller wenigsten F\u00e4llen. Ich habe ein ausreichend gro\u00dfes Zimmer und f\u00fchle mich in der Wohnung sehr wohl. Aber ob es mein Zuhause ist? Ich denke nicht. Genauso wenig wie meine WG in Lausanne mein Zuhause geworden ist oder meine (meist unbeheizte) \u00fcberragende 2erWg in Toulouse. Es ist mein momentaner R\u00fcckzugspunkt in einer Stadt der unendlichen M\u00f6glichkeiten jedoch nur f\u00fcr einen absehbaren Zeitraum.<\/p>\n<p>Kandidat 2: Gro\u00dfgr\u00fcndlacher Hauptstra\u00dfe, N\u00fcrnberg, Franken, Deutschland<br \/>\nEin Ort im wundersch\u00f6nen Frankenland in einer der meist untersch\u00e4tzten St\u00e4dte Deutschlands (ok, leichter Lokalpatriotismus! Aber schaut mal vorbei, wenn ihr noch nicht da wart). Ich habe dort mit Abstand die l\u00e4ngste Zeit meines Lebens verbracht, bin dort aufgewachsen. Mein erstes Fahrrad wurde dort geklaut, genauso wie meine Kindergartenliebe meine erste Freundin wurde. Meine Eltern leben \u00fcberraschenderweise auch noch exakt dort. Ich habe noch viele Freunde in der Gegend und freue mich immer wieder hier hin zu fahren.<br \/>\nAber abgesehen von ganz wenigen Leuten, wei\u00df keiner Bescheid, wie es mir die meiste Zeit geht. Der Kontakt zu (Schul-)freunden ist merklich sporadisch geworden. Dazu haben viele selbst N\u00fcrnberg bzw. Erlangen, wo ich zur Schule gegangen bin, verlassen. Wenn ich dort bin, f\u00fchlt es sich sehr bekannt und gut an. Es ist meine Heimat, der Ursprung und mit einer Zeit verbunden, die ich nicht missen m\u00f6chte.<\/p>\n<p>Kandidat 3: Hermannstra\u00dfe, Aachen, Rheinland, Deutschland<br \/>\nSeit knapp 5 Jahren stehen dort Sachen von mir in der Gegend rum. Mal in Kisten gepackt, mal aus Kisten ausgepackt. Ich habe dort einige unvergessliche Partys gefeiert. Ich habe zeitweise einen\u201eFr\u00fchst\u00fcck und Mittagessen in einem um 15 Uhr\u201c Studentenmodus gelebt und geliebt. Meine Freundin, die Person, die am meisten \u00fcber mich wei\u00df und deren Meinung mir besonders wichtig ist, lebt dort. Viele meiner Mitbewohner (aktuelle und ehemalige) sind sehr gute Freunde von mir geworden. Freunde mit denen ich die halbe Welt bereist habe.<\/p>\n<p>Meine Jungs aus der Uni (muss man wohl so sagen, Aachen) werde ich mein Leben lang, als \u201eden\u201c Gl\u00fccksgriff bezeichnen. Leute mit denen ich an einem Tag ohne R\u00fccksicht auf Verluste Weihnachtsfeiern auf dem Katschhof zelebriere, am n\u00e4chsten Tag bei D\u00f6ner und Bundesliga am Bl\u00fccherplatz h\u00e4nge. Die gleichen Jungs, mit denen ich 8h+ am Tag \u00fcber Regelungstechnik gehangen hab. Mit denen ich Diskussionen gef\u00fchrt habe, ob nun 1A oder 3C richtig ist. Wobei am Ende meist 2B richtig war. Freunde, Kommilitonen und zeitweise Chefs, die wohl in vielen Bereichen \u201egenau auf meiner Wellenl\u00e4nge\u201c sind.<\/p>\n<p>Genau dieses Gesamtpaket an Leuten und Erinnerungen ist es, warum Aachen mein Zuhause geworden ist. N\u00fcrnberg wird f\u00fcr immer meine Heimat bleiben. Sydney, Toulouse oder Lausanne sind es nicht geworden. In 5-10 Jahren werde ich wohl mit ziemlicher Sicherheit ein neues Zuhause haben, wo auch immer das sein mag. Mit hoffentlich wieder einem \u00fcberragenden Gesamtpaket.<\/p>\n","protected":false},"excerpt":{"rendered":"<p>Wenn mich jemand in Australien fragt, wo ich herkomme, antworte ich \u201eaus Deutschland\u201c. Wenn mich in Deutschland jemand fragt, wo ich herkomme, antworte ich &#8222;aus N\u00fcrnberg&#8220;. Wenn mich jemand aus [&hellip;]<\/p>\n","protected":false},"author":432,"featured_media":0,"comment_status":"open","ping_status":"open","sticky":false,"template":"","format":"standard","meta":{"c2c_always_allow_admin_comments":false,"footnotes":""},"categories":[1],"tags":[],"class_list":["post-257","post","type-post","status-publish","format-standard","hentry","category-allgemein"],"_links":{"self":[{"href":"https:\/\/blog.rwth-aachen.de\/kilian\/wp-json\/wp\/v2\/posts\/257","targetHints":{"allow":["GET"]}}],"collection":[{"href":"https:\/\/blog.rwth-aachen.de\/kilian\/wp-json\/wp\/v2\/posts"}],"about":[{"href":"https:\/\/blog.rwth-aachen.de\/kilian\/wp-json\/wp\/v2\/types\/post"}],"author":[{"embeddable":true,"href":"https:\/\/blog.rwth-aachen.de\/kilian\/wp-json\/wp\/v2\/users\/432"}],"replies":[{"embeddable":true,"href":"https:\/\/blog.rwth-aachen.de\/kilian\/wp-json\/wp\/v2\/comments?post=257"}],"version-history":[{"count":7,"href":"https:\/\/blog.rwth-aachen.de\/kilian\/wp-json\/wp\/v2\/posts\/257\/revisions"}],"predecessor-version":[{"id":278,"href":"https:\/\/blog.rwth-aachen.de\/kilian\/wp-json\/wp\/v2\/posts\/257\/revisions\/278"}],"wp:attachment":[{"href":"https:\/\/blog.rwth-aachen.de\/kilian\/wp-json\/wp\/v2\/media?parent=257"}],"wp:term":[{"taxonomy":"category","embeddable":true,"href":"https:\/\/blog.rwth-aachen.de\/kilian\/wp-json\/wp\/v2\/categories?post=257"},{"taxonomy":"post_tag","embeddable":true,"href":"https:\/\/blog.rwth-aachen.de\/kilian\/wp-json\/wp\/v2\/tags?post=257"}],"curies":[{"name":"wp","href":"https:\/\/api.w.org\/{rel}","templated":true}]}}