{"id":596,"date":"2014-05-22T10:02:53","date_gmt":"2014-05-22T08:02:53","guid":{"rendered":"https:\/\/blog.rwth-aachen.de\/kreativesschreiben\/?p=596"},"modified":"2014-05-22T10:02:53","modified_gmt":"2014-05-22T08:02:53","slug":"seminar-bei-der-azan-journalistisches-schreiben","status":"publish","type":"post","link":"https:\/\/blog.rwth-aachen.de\/kreativesschreiben\/seminar-bei-der-azan-journalistisches-schreiben\/","title":{"rendered":"Seminar bei der AZ\/AN: Journalistisches Schreiben"},"content":{"rendered":"<div class=\"twoclick_social_bookmarks_post_596 social_share_privacy clearfix 1.6.4 locale-de_DE sprite-de_DE\"><\/div><div class=\"twoclick-js\"><script type=\"text\/javascript\">\/* <![CDATA[ *\/\njQuery(document).ready(function($){if($('.twoclick_social_bookmarks_post_596')){$('.twoclick_social_bookmarks_post_596').socialSharePrivacy({\"txt_help\":\"Wenn Sie diese Felder durch einen Klick aktivieren, werden Informationen an Facebook, Twitter, Flattr, Xing, t3n, LinkedIn, Pinterest oder Google eventuell ins Ausland \\u00fcbertragen und unter Umst\\u00e4nden auch dort gespeichert. N\\u00e4heres erfahren Sie durch einen Klick auf das <em>i<\\\/em>.\",\"settings_perma\":\"Dauerhaft aktivieren und Daten\\u00fcber-tragung zustimmen:\",\"info_link\":\"http:\\\/\\\/www.heise.de\\\/ct\\\/artikel\\\/2-Klicks-fuer-mehr-Datenschutz-1333879.html\",\"uri\":\"https:\\\/\\\/blog.rwth-aachen.de\\\/kreativesschreiben\\\/seminar-bei-der-azan-journalistisches-schreiben\\\/\",\"post_id\":596,\"post_title_referrer_track\":\"Seminar+bei+der+AZ%2FAN%3A+Journalistisches+Schreiben\",\"display_infobox\":\"on\"});}});\n\/* ]]> *\/<\/script><\/div><p>F\u00fcr das Seminar <a href=\"http:\/\/www.kreativesschreiben.rwth-aachen.de\/aw\/cms\/KREATIVESSCHREIBEN\/Themen\/lehrveranstaltungen\/~wdo\/Journalistisches-Schreiben\/?lang=de\" target=\"_blank\">Journalistisches Schreiben<\/a> haben wir seit dem letzten Semester auch die <a href=\"http:\/\/www.aachener-zeitung.de\/\" target=\"_blank\">Aachener Zeitung<\/a>\/Aachener Nachrichten als Kooperationspartner. Beim Au\u00dfentermin in der Redaktionsszentrale der Zeitung am vergangenen Freitag wurden unsere SeminarteilnehmerInnen vom stellvertretenden Chefredakteur Bernd B\u00fcttgens pers\u00f6nlich begr\u00fc\u00dft, herumgef\u00fchrt und mit allerlei Anekdoten versorgt.<\/p>\n<p>Die Ausgangsfrage war einfach: &#8222;Wieso hat Aachen eigentlich zwei Zeitungen?&#8220; Die Antwort wurde etwas l\u00e4nger und f\u00fchrte von der Demokratisierung der Presse in der Nachkriegszeit zur Fusion der zwei konkurrierenden Familienunternehmen AZ und AN in den 70er Jahren. Und schon sa\u00dfen wir mittendrin in der Redaktionssitzung f\u00fcr Einsteiger: Wie wird eine Zeitung gemacht, woraus besteht sie, wann geht sie in den Druck, wer sucht die Themen aus, welche Informanten werden gesch\u00fctzt&#8230; Eine riesige Bandbreite an Themen er\u00f6ffnete sich und machte schnell klar: Es gibt hier einiges zu lernen, und das direkt an der Quelle.<\/p>\n<p>Handfeste Einblicke in den Betriebsalltag gab der Rundgang auf der Redaktionsetage: Hier arbeiten die Redakteure der einzelnen Ressorts an ihren Themengebieten und im <img loading=\"lazy\" decoding=\"async\" class=\"alignright  wp-image-598\" src=\"https:\/\/blog.rwth-aachen.de\/kreativesschreiben\/files\/2014\/05\/WP_20140516_009a.jpg\" alt=\"WP_20140516_009a\" width=\"531\" height=\"300\" srcset=\"https:\/\/blog.rwth-aachen.de\/kreativesschreiben\/files\/2014\/05\/WP_20140516_009a.jpg 772w, https:\/\/blog.rwth-aachen.de\/kreativesschreiben\/files\/2014\/05\/WP_20140516_009a-300x169.jpg 300w\" sizes=\"auto, (max-width: 531px) 100vw, 531px\" \/>&#8222;Newsroom&#8220; kann der Entstehungsprozess der Zeitung von Morgen auf gro\u00dfen Bildschirmen\u00a0mitverfolgt werden. Zum Zeitpunkt unseres Besuchs sah die Vorlage noch aus wie ein Flickenteppich: Platzhalter hier, wei\u00dfe Flecken da. Bis zum Druck waren es noch \u00fcber 10 Stunden, da konnte man noch keine fertige Zeitung erwarten. Spannender waren da schon die Klickzahlen der Online-Artikel, die ebenfalls auf einem der vielen Bildschirme angezeigt wurden, ein Verkehrsunfall in der Region und das Neueste zum Thema Aachener Clubsterben standen ganz oben auf der Liste.<!--more--><\/p>\n<p>Jede TeilnehmerIn hatte Themenvorschl\u00e4ge f\u00fcr einen eigenen journalistischen Text mitgebracht, die im Anschlu\u00df in der ersten &#8222;Redaktionssitzung&#8220; diskutiert wurden. Wie macht man aus einer Idee einen Artikel, der f\u00fcr die Leser interessant ist? Welche Perspektive eignet sich, wer ist der &#8222;Held&#8220; der Geschichte? Neben dem professionellen Feedback von Herrn B\u00fcttgens und schreibtaktischen Tipps von Herrn Leuchter gab es vor allem eines zur\u00fcck: Motivation! Das erkl\u00e4rte Ziel der Veranstaltung ist es jetzt, durch einen realistischen, journalistischen Ansatz und intensive Schreibbetreuung am Ende einen Text hervorzubringen, der tats\u00e4chlich in der Zeitung ver\u00f6ffentlicht wird.<\/p>\n<p>Zum Abschlu\u00df gab es noch eine kurze F\u00fchrung durch die Druckerei, \u00fcber die Bernd B\u00fcttgens fast genauso ins Schw\u00e4rmen kam wie zuvor \u00fcber die Einmaligkeit des Journalistenberufs. Wir m\u00f6chten uns f\u00fcr einen \u00fcberaus anregenden Seminartag bedanken und sind gespannt, mit welchen Artikeln wir in K\u00fcrze die Aachener Zeitung bereichern k\u00f6nnen!<\/p>\n","protected":false},"excerpt":{"rendered":"<p>F\u00fcr das Seminar Journalistisches Schreiben haben wir seit dem letzten Semester auch die Aachener Zeitung\/Aachener Nachrichten als Kooperationspartner. Beim Au\u00dfentermin in der Redaktionsszentrale der Zeitung am vergangenen Freitag wurden unsere [&hellip;]<\/p>\n","protected":false},"author":11,"featured_media":0,"comment_status":"open","ping_status":"open","sticky":false,"template":"","format":"standard","meta":{"c2c_always_allow_admin_comments":false,"footnotes":""},"categories":[37,8,7],"tags":[46,13,38,17,14,5,44],"class_list":["post-596","post","type-post","status-publish","format-standard","hentry","category-journalistisches-schreiben","category-rwth","category-veranstaltungen","tag-aachener-zeitung","tag-beruf","tag-journalismus","tag-praxis","tag-schreiben","tag-seminar","tag-veranstaltungen"],"_links":{"self":[{"href":"https:\/\/blog.rwth-aachen.de\/kreativesschreiben\/wp-json\/wp\/v2\/posts\/596","targetHints":{"allow":["GET"]}}],"collection":[{"href":"https:\/\/blog.rwth-aachen.de\/kreativesschreiben\/wp-json\/wp\/v2\/posts"}],"about":[{"href":"https:\/\/blog.rwth-aachen.de\/kreativesschreiben\/wp-json\/wp\/v2\/types\/post"}],"author":[{"embeddable":true,"href":"https:\/\/blog.rwth-aachen.de\/kreativesschreiben\/wp-json\/wp\/v2\/users\/11"}],"replies":[{"embeddable":true,"href":"https:\/\/blog.rwth-aachen.de\/kreativesschreiben\/wp-json\/wp\/v2\/comments?post=596"}],"version-history":[{"count":11,"href":"https:\/\/blog.rwth-aachen.de\/kreativesschreiben\/wp-json\/wp\/v2\/posts\/596\/revisions"}],"predecessor-version":[{"id":608,"href":"https:\/\/blog.rwth-aachen.de\/kreativesschreiben\/wp-json\/wp\/v2\/posts\/596\/revisions\/608"}],"wp:attachment":[{"href":"https:\/\/blog.rwth-aachen.de\/kreativesschreiben\/wp-json\/wp\/v2\/media?parent=596"}],"wp:term":[{"taxonomy":"category","embeddable":true,"href":"https:\/\/blog.rwth-aachen.de\/kreativesschreiben\/wp-json\/wp\/v2\/categories?post=596"},{"taxonomy":"post_tag","embeddable":true,"href":"https:\/\/blog.rwth-aachen.de\/kreativesschreiben\/wp-json\/wp\/v2\/tags?post=596"}],"curies":[{"name":"wp","href":"https:\/\/api.w.org\/{rel}","templated":true}]}}