{"id":1354,"date":"2013-08-21T09:29:50","date_gmt":"2013-08-21T07:29:50","guid":{"rendered":"https:\/\/blog.rwth-aachen.de\/lehre\/?p=1354"},"modified":"2013-08-21T09:29:50","modified_gmt":"2013-08-21T07:29:50","slug":"das-baumhaus-wird-zum-lernraum","status":"publish","type":"post","link":"https:\/\/blog.rwth-aachen.de\/lehre\/2013\/08\/21\/das-baumhaus-wird-zum-lernraum\/","title":{"rendered":"Das Baumhaus wird zum Lernraum"},"content":{"rendered":"<p><a href=\"https:\/\/blog.rwth-aachen.de\/lehre\/wp-content\/blogs.dir\/5\/files\/2013\/08\/Baumhaus.png\"><img loading=\"lazy\" decoding=\"async\" class=\"size-medium wp-image-1341 alignleft\" alt=\"Baumhaus\" src=\"https:\/\/blog.rwth-aachen.de\/lehre\/wp-content\/blogs.dir\/5\/files\/2013\/08\/Baumhaus-300x200.png\" width=\"261\" height=\"174\" srcset=\"https:\/\/blog.rwth-aachen.de\/lehre\/files\/2013\/08\/Baumhaus-300x200.png 300w, https:\/\/blog.rwth-aachen.de\/lehre\/files\/2013\/08\/Baumhaus.png 1024w\" sizes=\"auto, (max-width: 261px) 100vw, 261px\" \/><\/a>Das <a href=\"http:\/\/maps.rwth-aachen.de\/app\/index.html?b=1660&amp;mapZ=17&amp;mapType=Karte\" target=\"_blank\">Baumhaus<\/a> der Fakult\u00e4t f\u00fcr Architektur, der Erweiterungsbau des <a href=\"http:\/\/maps.rwth-aachen.de\/app\/index.html?b=1080&amp;lang=de&amp;mapC=50.777199,6.07622&amp;mapZ=18&amp;mapType=Karte&amp;marker=50.777328,6.076781\" target=\"_blank\">Reiff-Geb\u00e4udes<\/a> in der Schinkelstra\u00dfe, steht seit Montag, 19. August, bis zum 30. September allen Studierenden montags bis freitags von 9 bis 19 Uhr als Lernraum zur Verf\u00fcgung.<\/p>\n<p>Eine \u00dcbersicht mit den weiteren zur Verf\u00fcgung stehenden Lernr\u00e4umen der RWTH findet sich <a href=\"http:\/\/www.rwth-aachen.de\/cms\/root\/Studium\/Im_Studium\/Praktisch_im_Alltag\/~brok\/Lernraeume1\/\" target=\"_blank\">hier<\/a>.<\/p>\n<p>Wir w\u00fcnschen weiterhin viel Erfolg bei den Klausuren!<\/p>\n<div class=\"twoclick_social_bookmarks_post_1354 social_share_privacy clearfix 1.6.4 locale-de_DE sprite-de_DE\"><\/div><div class=\"twoclick-js\"><script type=\"text\/javascript\">\/* <![CDATA[ *\/\njQuery(document).ready(function($){if($('.twoclick_social_bookmarks_post_1354')){$('.twoclick_social_bookmarks_post_1354').socialSharePrivacy({\"services\":{\"facebook\":{\"status\":\"on\",\"txt_info\":\"2 Klicks f\\u00fcr mehr Datenschutz: Erst wenn Sie hier klicken, wird der Button aktiv und Sie k\\u00f6nnen Ihre Empfehlung an Facebook senden. Schon beim Aktivieren werden Daten an Dritte \\u00fcbertragen - siehe <em>i<\\\/em>.\",\"perma_option\":\"off\",\"action\":\"like\",\"language\":\"de_DE\"},\"twitter\":{\"reply_to\":\"\",\"tweet_text\":\"Das%20Baumhaus%20wird%20zum%20Lernraum%20%C2%BB%20Logbuch%20Lehre%20%23Baumhaus%20%23Lernr%C3%A4ume\",\"status\":\"on\",\"txt_info\":\"2 Klicks f\\u00fcr mehr Datenschutz: Erst wenn Sie hier klicken, wird der Button aktiv und Sie k\\u00f6nnen Ihre Empfehlung an Twitter senden. Schon beim Aktivieren werden Daten an Dritte \\u00fcbertragen - siehe <em>i<\\\/em>.\",\"perma_option\":\"off\",\"language\":\"de\",\"referrer_track\":\"\"},\"gplus\":{\"status\":\"on\",\"txt_info\":\"2 Klicks f\\u00fcr mehr Datenschutz: Erst wenn Sie hier klicken, wird der Button aktiv und Sie k\\u00f6nnen Ihre Empfehlung an Google+ senden. Schon beim Aktivieren werden Daten an Dritte \\u00fcbertragen - siehe <em>i<\\\/em>.\",\"perma_option\":\"off\",\"referrer_track\":\"\"},\"pinterest\":{\"status\":\"on\",\"the_excerpt\":\"Das Baumhaus wird zum Lernraum\",\"txt_info\":\"2 Klicks f\\u00fcr mehr Datenschutz: Erst wenn Sie hier klicken, wird der Button aktiv und Sie k\\u00f6nnen Ihre Empfehlung an Pinterest senden. Schon beim Aktivieren werden Daten an Dritte \\u00fcbertragen - siehe <em>i<\\\/em>.\",\"perma_option\":\"off\",\"media\":\"https:\\\/\\\/blog.rwth-aachen.de\\\/lehre\\\/wp-content\\\/blogs.dir\\\/5\\\/files\\\/2013\\\/08\\\/Baumhaus.png\"}},\"txt_help\":\"Wenn Sie diese Felder durch einen Klick aktivieren, werden Informationen an Facebook, Twitter, Flattr, Xing, t3n, LinkedIn, Pinterest oder Google eventuell ins Ausland \\u00fcbertragen und unter Umst\\u00e4nden auch dort gespeichert. N\\u00e4heres erfahren Sie durch einen Klick auf das <em>i<\\\/em>.\",\"settings_perma\":\"Dauerhaft aktivieren und Daten\\u00fcber-tragung zustimmen:\",\"info_link\":\"http:\\\/\\\/www.heise.de\\\/ct\\\/artikel\\\/2-Klicks-fuer-mehr-Datenschutz-1333879.html\",\"uri\":\"https:\\\/\\\/blog.rwth-aachen.de\\\/lehre\\\/2013\\\/08\\\/21\\\/das-baumhaus-wird-zum-lernraum\\\/\",\"post_id\":1354,\"post_title_referrer_track\":\"Das+Baumhaus+wird+zum+Lernraum\",\"display_infobox\":\"on\"});}});\n\/* ]]> *\/<\/script><\/div>","protected":false},"excerpt":{"rendered":"<p>Das Baumhaus der Fakult\u00e4t f\u00fcr Architektur, der Erweiterungsbau des Reiff-Geb\u00e4udes in der Schinkelstra\u00dfe, steht seit Montag, 19. August, bis zum 30. September allen Studierenden montags bis freitags von 9 bis [&hellip;]<\/p>\n","protected":false},"author":13,"featured_media":0,"comment_status":"open","ping_status":"open","sticky":false,"template":"","format":"standard","meta":{"c2c_always_allow_admin_comments":false,"footnotes":""},"categories":[4],"tags":[115,114],"class_list":["post-1354","post","type-post","status-publish","format-standard","hentry","category-news-and-trends","tag-baumhaus","tag-lernraeume"],"_links":{"self":[{"href":"https:\/\/blog.rwth-aachen.de\/lehre\/wp-json\/wp\/v2\/posts\/1354","targetHints":{"allow":["GET"]}}],"collection":[{"href":"https:\/\/blog.rwth-aachen.de\/lehre\/wp-json\/wp\/v2\/posts"}],"about":[{"href":"https:\/\/blog.rwth-aachen.de\/lehre\/wp-json\/wp\/v2\/types\/post"}],"author":[{"embeddable":true,"href":"https:\/\/blog.rwth-aachen.de\/lehre\/wp-json\/wp\/v2\/users\/13"}],"replies":[{"embeddable":true,"href":"https:\/\/blog.rwth-aachen.de\/lehre\/wp-json\/wp\/v2\/comments?post=1354"}],"version-history":[{"count":12,"href":"https:\/\/blog.rwth-aachen.de\/lehre\/wp-json\/wp\/v2\/posts\/1354\/revisions"}],"predecessor-version":[{"id":1367,"href":"https:\/\/blog.rwth-aachen.de\/lehre\/wp-json\/wp\/v2\/posts\/1354\/revisions\/1367"}],"wp:attachment":[{"href":"https:\/\/blog.rwth-aachen.de\/lehre\/wp-json\/wp\/v2\/media?parent=1354"}],"wp:term":[{"taxonomy":"category","embeddable":true,"href":"https:\/\/blog.rwth-aachen.de\/lehre\/wp-json\/wp\/v2\/categories?post=1354"},{"taxonomy":"post_tag","embeddable":true,"href":"https:\/\/blog.rwth-aachen.de\/lehre\/wp-json\/wp\/v2\/tags?post=1354"}],"curies":[{"name":"wp","href":"https:\/\/api.w.org\/{rel}","templated":true}]}}