{"id":2252,"date":"2013-11-22T08:26:02","date_gmt":"2013-11-22T06:26:02","guid":{"rendered":"https:\/\/blog.rwth-aachen.de\/lehre\/?p=2252"},"modified":"2013-11-22T10:38:57","modified_gmt":"2013-11-22T08:38:57","slug":"unitech-allez-les-vieux","status":"publish","type":"post","link":"https:\/\/blog.rwth-aachen.de\/lehre\/2013\/11\/22\/unitech-allez-les-vieux\/","title":{"rendered":"UNITECH &#8211; Allez les Vieux!"},"content":{"rendered":"<p><a href=\"https:\/\/blog.rwth-aachen.de\/lehre\/wp-content\/blogs.dir\/5\/files\/2013\/11\/vintages_frankreich_baby_strampelanzug-r25bf2424eef94e7bbd63c7dbb4ff5f01_f0c6u_324.jpg\"><img loading=\"lazy\" decoding=\"async\" class=\"alignleft size-medium wp-image-2254\" alt=\"Vive les Vieux\" src=\"https:\/\/blog.rwth-aachen.de\/lehre\/wp-content\/blogs.dir\/5\/files\/2013\/11\/vintages_frankreich_baby_strampelanzug-r25bf2424eef94e7bbd63c7dbb4ff5f01_f0c6u_324-300x300.jpg\" width=\"300\" height=\"300\" srcset=\"https:\/\/blog.rwth-aachen.de\/lehre\/files\/2013\/11\/vintages_frankreich_baby_strampelanzug-r25bf2424eef94e7bbd63c7dbb4ff5f01_f0c6u_324-300x300.jpg 300w, https:\/\/blog.rwth-aachen.de\/lehre\/files\/2013\/11\/vintages_frankreich_baby_strampelanzug-r25bf2424eef94e7bbd63c7dbb4ff5f01_f0c6u_324-150x150.jpg 150w, https:\/\/blog.rwth-aachen.de\/lehre\/files\/2013\/11\/vintages_frankreich_baby_strampelanzug-r25bf2424eef94e7bbd63c7dbb4ff5f01_f0c6u_324-50x50.jpg 50w, https:\/\/blog.rwth-aachen.de\/lehre\/files\/2013\/11\/vintages_frankreich_baby_strampelanzug-r25bf2424eef94e7bbd63c7dbb4ff5f01_f0c6u_324.jpg 324w\" sizes=\"auto, (max-width: 300px) 100vw, 300px\" \/><\/a>Ich wei\u00df nicht, wie gut ihr euch noch an die Fu\u00dfball-WM 2006 in Deutschland erinnern k\u00f6nnt. Aus Deutscher Sicht war es damals ein wahres Fest (bis wir auf Italien trafen). Aus franz\u00f6sischer Sicht war zun\u00e4chst schon alles vorbei, dann waren sie mit einer Hand schon am Pokal, und dann kam Zinedine Zidanes Kopf zum Einsatz, der Titel ging nach Italien. Doch interessant dabei war, dass die Franzosen zu beginn der Weltmeisterschaft aufgrund des hohen Durchschnittsalters anstatt mit dem \u00dcblichen &#8222;Allez les Bleus&#8220; mit &#8222;Allez les Vieux&#8220; angefeuert wurden.<\/p>\n<p>Doch hier in Lyon ist auf einmal alles anders: Ich f\u00fchle mich alt! Die Franzosen sind im Schnitt 1,5 Jahre j\u00fcnger, gestern sa\u00df ich sogar neben jemandem der j\u00fcnger als meine kleine Schwester ist &#8211; unglaublich. Dabei war ich doch sonst immer der J\u00fcngste!<\/p>\n<p>Warum ich das hier poste? Weil das eine Systemfrage ist, die ich hier kurz anschneiden m\u00f6chte. Dar\u00fcber nachdenken, kann dann jeder f\u00fcr sich selbst.<\/p>\n<p><!--more--><br \/>\nAls ich, damals [als noch alles besser war], 2010, das Studieren begonnen habe, ist man in Deutschland noch noch im Schnitt 13 Jahre zur Schule gegangen (der eine war etwas schlauer, andere mochten die Schule zu gerne). M\u00e4nner sind danach in der Regel zum Bund, bzw. haben einen Zivildienst abgeleistet. Au\u00dferdem ist der deutsche Stichtag am 30.06., sprich Juni-Geburtstagskinder sind in der Regel die j\u00fcngsten. Da ich also direkt nach der Schule studiert habe und im Juni geboren bin war ich immer einer der j\u00fcngsten im Jahrgang.<\/p>\n<p>Und in Frankreich? Hier geht man 15 Jahre zur Schule, man f\u00e4ngt halt sp\u00e4testens mit 3 an. Danach geht es direkt weiter in die Uni (es ist sehr un\u00fcblich, ein Jahr Pause einzulegen). \u00dcberspringt man dann noch eine Klasse (oder 2), so werden es dann schon 3 Jahre. Au\u00dferdem trennen die Franzosen in Jahren, sprich alle aus einem Geburtsjahr sind auch in einer Klasse.<br \/>\nUnd so schnell wird man vom Jungspund zum alten Sack. Und dabei haben die alle mehr Bart &#8211; Frechheit!<\/p>\n<p>Was ist daran eine Systemfrage? Naja, in der Regel werden die Franzosen mit sp\u00e4testens 23 fertig (wenn sie nur den Bachelor machen sogar mit 21). Will man dann direkt in die Wirtschaft? Ich pers\u00f6nlich glaube, dass die 2 Jahre mehr der Pers\u00f6nlichkeitsentwicklung gut tun, aber dar\u00fcber k\u00f6nnt ihr euch ja selbst Gedanken machen \ud83d\ude09<\/p>\n<div class=\"twoclick_social_bookmarks_post_2252 social_share_privacy clearfix 1.6.4 locale-de_DE sprite-de_DE\"><\/div><div class=\"twoclick-js\"><script type=\"text\/javascript\">\/* <![CDATA[ *\/\njQuery(document).ready(function($){if($('.twoclick_social_bookmarks_post_2252')){$('.twoclick_social_bookmarks_post_2252').socialSharePrivacy({\"services\":{\"facebook\":{\"status\":\"on\",\"txt_info\":\"2 Klicks f\\u00fcr mehr Datenschutz: Erst wenn Sie hier klicken, wird der Button aktiv und Sie k\\u00f6nnen Ihre Empfehlung an Facebook senden. Schon beim Aktivieren werden Daten an Dritte \\u00fcbertragen - siehe <em>i<\\\/em>.\",\"perma_option\":\"off\",\"action\":\"like\",\"language\":\"de_DE\"},\"twitter\":{\"reply_to\":\"\",\"tweet_text\":\"%20UNITECH%20%E2%80%93%20Allez%20les%20Vieux%21%20%C2%BB%20Logbuch%20Lehre%20%23Austausch%20...\",\"status\":\"on\",\"txt_info\":\"2 Klicks f\\u00fcr mehr Datenschutz: Erst wenn Sie hier klicken, wird der Button aktiv und Sie k\\u00f6nnen Ihre Empfehlung an Twitter senden. Schon beim Aktivieren werden Daten an Dritte \\u00fcbertragen - siehe <em>i<\\\/em>.\",\"perma_option\":\"off\",\"language\":\"de\",\"referrer_track\":\"\"},\"gplus\":{\"status\":\"on\",\"txt_info\":\"2 Klicks f\\u00fcr mehr Datenschutz: Erst wenn Sie hier klicken, wird der Button aktiv und Sie k\\u00f6nnen Ihre Empfehlung an Google+ senden. Schon beim Aktivieren werden Daten an Dritte \\u00fcbertragen - siehe <em>i<\\\/em>.\",\"perma_option\":\"off\",\"referrer_track\":\"\"},\"pinterest\":{\"status\":\"on\",\"the_excerpt\":\"UNITECH &#8211; Allez les Vieux!\",\"txt_info\":\"2 Klicks f\\u00fcr mehr Datenschutz: Erst wenn Sie hier klicken, wird der Button aktiv und Sie k\\u00f6nnen Ihre Empfehlung an Pinterest senden. Schon beim Aktivieren werden Daten an Dritte \\u00fcbertragen - siehe <em>i<\\\/em>.\",\"perma_option\":\"off\",\"media\":\"https:\\\/\\\/blog.rwth-aachen.de\\\/lehre\\\/wp-content\\\/blogs.dir\\\/5\\\/files\\\/2013\\\/11\\\/vintages_frankreich_baby_strampelanzug-r25bf2424eef94e7bbd63c7dbb4ff5f01_f0c6u_324.jpg\"}},\"txt_help\":\"Wenn Sie diese Felder durch einen Klick aktivieren, werden Informationen an Facebook, Twitter, Flattr, Xing, t3n, LinkedIn, Pinterest oder Google eventuell ins Ausland \\u00fcbertragen und unter Umst\\u00e4nden auch dort gespeichert. N\\u00e4heres erfahren Sie durch einen Klick auf das <em>i<\\\/em>.\",\"settings_perma\":\"Dauerhaft aktivieren und Daten\\u00fcber-tragung zustimmen:\",\"info_link\":\"http:\\\/\\\/www.heise.de\\\/ct\\\/artikel\\\/2-Klicks-fuer-mehr-Datenschutz-1333879.html\",\"uri\":\"https:\\\/\\\/blog.rwth-aachen.de\\\/lehre\\\/2013\\\/11\\\/22\\\/unitech-allez-les-vieux\\\/\",\"post_id\":2252,\"post_title_referrer_track\":\"UNITECH+%26%238211%3B+Allez+les+Vieux%21\",\"display_infobox\":\"on\"});}});\n\/* ]]> *\/<\/script><\/div>","protected":false},"excerpt":{"rendered":"<p>Ich wei\u00df nicht, wie gut ihr euch noch an die Fu\u00dfball-WM 2006 in Deutschland erinnern k\u00f6nnt. Aus Deutscher Sicht war es damals ein wahres Fest (bis wir auf Italien trafen). [&hellip;]<\/p>\n","protected":false},"author":19,"featured_media":0,"comment_status":"open","ping_status":"open","sticky":false,"template":"","format":"standard","meta":{"c2c_always_allow_admin_comments":false,"footnotes":""},"categories":[149,148],"tags":[168,169,241,167,240],"class_list":["post-2252","post","type-post","status-publish","format-standard","hentry","category-fvs_excl","category-fvs","tag-austausch","tag-austauschprogramm","tag-bildungssystem","tag-unitech","tag-zinedine-zidane"],"_links":{"self":[{"href":"https:\/\/blog.rwth-aachen.de\/lehre\/wp-json\/wp\/v2\/posts\/2252","targetHints":{"allow":["GET"]}}],"collection":[{"href":"https:\/\/blog.rwth-aachen.de\/lehre\/wp-json\/wp\/v2\/posts"}],"about":[{"href":"https:\/\/blog.rwth-aachen.de\/lehre\/wp-json\/wp\/v2\/types\/post"}],"author":[{"embeddable":true,"href":"https:\/\/blog.rwth-aachen.de\/lehre\/wp-json\/wp\/v2\/users\/19"}],"replies":[{"embeddable":true,"href":"https:\/\/blog.rwth-aachen.de\/lehre\/wp-json\/wp\/v2\/comments?post=2252"}],"version-history":[{"count":6,"href":"https:\/\/blog.rwth-aachen.de\/lehre\/wp-json\/wp\/v2\/posts\/2252\/revisions"}],"predecessor-version":[{"id":2259,"href":"https:\/\/blog.rwth-aachen.de\/lehre\/wp-json\/wp\/v2\/posts\/2252\/revisions\/2259"}],"wp:attachment":[{"href":"https:\/\/blog.rwth-aachen.de\/lehre\/wp-json\/wp\/v2\/media?parent=2252"}],"wp:term":[{"taxonomy":"category","embeddable":true,"href":"https:\/\/blog.rwth-aachen.de\/lehre\/wp-json\/wp\/v2\/categories?post=2252"},{"taxonomy":"post_tag","embeddable":true,"href":"https:\/\/blog.rwth-aachen.de\/lehre\/wp-json\/wp\/v2\/tags?post=2252"}],"curies":[{"name":"wp","href":"https:\/\/api.w.org\/{rel}","templated":true}]}}