{"id":4303,"date":"2014-09-19T13:35:10","date_gmt":"2014-09-19T11:35:10","guid":{"rendered":"https:\/\/blog.rwth-aachen.de\/lehre\/?p=4303"},"modified":"2014-09-19T13:39:49","modified_gmt":"2014-09-19T11:39:49","slug":"100-meinungen-zu-e-learning","status":"publish","type":"post","link":"https:\/\/blog.rwth-aachen.de\/lehre\/2014\/09\/19\/100-meinungen-zu-e-learning\/","title":{"rendered":"100 Meinungen zu E-Learning"},"content":{"rendered":"<p>Im Rahmen der Videoreihe <a href=\"http:\/\/www.e-teaching.org\/praxis\/100meinungen\" target=\"_blank\">100 Meinungen zu E-Learning<\/a> von <a href=\"http:\/\/www.e-teaching.org\/news\/eteaching_blog\/et_showEntries?permalink=1411032324\" target=\"_blank\">e-teaching.org<\/a> haben der ehemalige AStA-Vorsitzende Georg Vonhasselt und der Rektoratsbeauftragte f\u00fcr Blended-Learning <a href=\"http:\/\/www.rwth-aachen.de\/go\/id\/bdfr\/gguid\/0xF5D1E8D9CE85D51196710000F4B4937D\" target=\"_blank\">Prof. Dr. Heribert Nacken<\/a> ihre Meinungen zum Thema E-Learning in kurzen Videos zusammengefasst.<\/p>\n<div class=\"lyte-wrapper fourthree\" style=\"width:420px;max-width:100%;margin:5px;\"><div class=\"lyMe\" id=\"WYL_KwHG0hwu_KE\"><div id=\"lyte_KwHG0hwu_KE\" data-src=\"\/\/i.ytimg.com\/vi\/KwHG0hwu_KE\/hqdefault.jpg\" class=\"pL\"><div class=\"tC\"><div class=\"tT\"><\/div><\/div><div class=\"play\"><\/div><div class=\"ctrl\"><div class=\"Lctrl\"><\/div><div class=\"Rctrl\"><\/div><\/div><\/div><noscript><a href=\"https:\/\/youtu.be\/KwHG0hwu_KE\" rel=\"nofollow\"><img loading=\"lazy\" decoding=\"async\" src=\"https:\/\/i.ytimg.com\/vi\/KwHG0hwu_KE\/0.jpg\" alt=\"YouTube-Video-Vorschaubild\" width=\"420\" height=\"295\" \/><br \/>Dieses Video auf YouTube ansehen<\/a><\/noscript><\/div><\/div><div class=\"lL\" style=\"max-width:100%;width:420px;margin:5px;\"><\/div><\/p>\n<p>Georg Vonhasselt hebt besonders die M\u00f6glichkeiten hervor, durch E-Learning flexibel zu sein und so Studium und Beruf oder Familie besser vereinbaren zu k\u00f6nnen. Pr\u00e4senzveranstaltungen d\u00fcrften allerdings nicht durch reine Online-Lehre ersetzt werden, vielmehr sollte es um eine gegenseitige Erg\u00e4nzung und Bereicherung gehen.<\/p>\n<p>Prof. Dr. Nacken erkl\u00e4rt, wie das Konzept Blended Learning an der RWTH Aachen umgesetzt wird und welche Aspekte dabei besonders wichtig sind.<\/p>\n<div class=\"twoclick_social_bookmarks_post_4303 social_share_privacy clearfix 1.6.4 locale-de_DE sprite-de_DE\"><\/div><div class=\"twoclick-js\"><script type=\"text\/javascript\">\/* <![CDATA[ *\/\njQuery(document).ready(function($){if($('.twoclick_social_bookmarks_post_4303')){$('.twoclick_social_bookmarks_post_4303').socialSharePrivacy({\"services\":{\"facebook\":{\"status\":\"on\",\"txt_info\":\"2 Klicks f\\u00fcr mehr Datenschutz: Erst wenn Sie hier klicken, wird der Button aktiv und Sie k\\u00f6nnen Ihre Empfehlung an Facebook senden. Schon beim Aktivieren werden Daten an Dritte \\u00fcbertragen - siehe <em>i<\\\/em>.\",\"perma_option\":\"off\",\"action\":\"like\",\"language\":\"de_DE\"},\"twitter\":{\"reply_to\":\"\",\"tweet_text\":\"%20100%20Meinungen%20zu%20E-Learning%20%C2%BB%20Logbuch%20Lehre%20%23100%20Meinungen%20%23Blended%20Learning%20...\",\"status\":\"on\",\"txt_info\":\"2 Klicks f\\u00fcr mehr Datenschutz: Erst wenn Sie hier klicken, wird der Button aktiv und Sie k\\u00f6nnen Ihre Empfehlung an Twitter senden. Schon beim Aktivieren werden Daten an Dritte \\u00fcbertragen - siehe <em>i<\\\/em>.\",\"perma_option\":\"off\",\"language\":\"de\",\"referrer_track\":\"\"},\"gplus\":{\"status\":\"on\",\"txt_info\":\"2 Klicks f\\u00fcr mehr Datenschutz: Erst wenn Sie hier klicken, wird der Button aktiv und Sie k\\u00f6nnen Ihre Empfehlung an Google+ senden. Schon beim Aktivieren werden Daten an Dritte \\u00fcbertragen - siehe <em>i<\\\/em>.\",\"perma_option\":\"off\",\"referrer_track\":\"\"}},\"txt_help\":\"Wenn Sie diese Felder durch einen Klick aktivieren, werden Informationen an Facebook, Twitter, Flattr, Xing, t3n, LinkedIn, Pinterest oder Google eventuell ins Ausland \\u00fcbertragen und unter Umst\\u00e4nden auch dort gespeichert. N\\u00e4heres erfahren Sie durch einen Klick auf das <em>i<\\\/em>.\",\"settings_perma\":\"Dauerhaft aktivieren und Daten\\u00fcber-tragung zustimmen:\",\"info_link\":\"http:\\\/\\\/www.heise.de\\\/ct\\\/artikel\\\/2-Klicks-fuer-mehr-Datenschutz-1333879.html\",\"uri\":\"https:\\\/\\\/blog.rwth-aachen.de\\\/lehre\\\/2014\\\/09\\\/19\\\/100-meinungen-zu-e-learning\\\/\",\"post_id\":4303,\"post_title_referrer_track\":\"100+Meinungen+zu+E-Learning\",\"display_infobox\":\"on\"});}});\n\/* ]]> *\/<\/script><\/div>","protected":false},"excerpt":{"rendered":"<p>Im Rahmen der Videoreihe 100 Meinungen zu E-Learning von e-teaching.org haben der ehemalige AStA-Vorsitzende Georg Vonhasselt und der Rektoratsbeauftragte f\u00fcr Blended-Learning Prof. Dr. Heribert Nacken ihre Meinungen zum Thema E-Learning [&hellip;]<\/p>\n","protected":false},"author":222,"featured_media":0,"comment_status":"open","ping_status":"open","sticky":false,"template":"","format":"standard","meta":{"c2c_always_allow_admin_comments":false,"footnotes":""},"categories":[5],"tags":[550,53,892,549,548],"class_list":["post-4303","post","type-post","status-publish","format-standard","hentry","category-e-learning-and-e-teaching","tag-100-meinungen","tag-blended-learning","tag-e-learning","tag-georg-vonhasselt","tag-heribert-nacken"],"_links":{"self":[{"href":"https:\/\/blog.rwth-aachen.de\/lehre\/wp-json\/wp\/v2\/posts\/4303","targetHints":{"allow":["GET"]}}],"collection":[{"href":"https:\/\/blog.rwth-aachen.de\/lehre\/wp-json\/wp\/v2\/posts"}],"about":[{"href":"https:\/\/blog.rwth-aachen.de\/lehre\/wp-json\/wp\/v2\/types\/post"}],"author":[{"embeddable":true,"href":"https:\/\/blog.rwth-aachen.de\/lehre\/wp-json\/wp\/v2\/users\/222"}],"replies":[{"embeddable":true,"href":"https:\/\/blog.rwth-aachen.de\/lehre\/wp-json\/wp\/v2\/comments?post=4303"}],"version-history":[{"count":15,"href":"https:\/\/blog.rwth-aachen.de\/lehre\/wp-json\/wp\/v2\/posts\/4303\/revisions"}],"predecessor-version":[{"id":4321,"href":"https:\/\/blog.rwth-aachen.de\/lehre\/wp-json\/wp\/v2\/posts\/4303\/revisions\/4321"}],"wp:attachment":[{"href":"https:\/\/blog.rwth-aachen.de\/lehre\/wp-json\/wp\/v2\/media?parent=4303"}],"wp:term":[{"taxonomy":"category","embeddable":true,"href":"https:\/\/blog.rwth-aachen.de\/lehre\/wp-json\/wp\/v2\/categories?post=4303"},{"taxonomy":"post_tag","embeddable":true,"href":"https:\/\/blog.rwth-aachen.de\/lehre\/wp-json\/wp\/v2\/tags?post=4303"}],"curies":[{"name":"wp","href":"https:\/\/api.w.org\/{rel}","templated":true}]}}