{"id":5076,"date":"2015-03-13T10:45:19","date_gmt":"2015-03-13T09:45:19","guid":{"rendered":"https:\/\/blog.rwth-aachen.de\/lehre\/?p=5076"},"modified":"2015-03-13T10:39:00","modified_gmt":"2015-03-13T09:39:00","slug":"graduiertenfest-der-rwth","status":"publish","type":"post","link":"https:\/\/blog.rwth-aachen.de\/lehre\/2015\/03\/13\/graduiertenfest-der-rwth\/","title":{"rendered":"Graduiertenfest der RWTH"},"content":{"rendered":"<p>Nach dem gro\u00dfen Zuspruch zum ersten gro\u00dfen Graduiertenfest der RWTH Aachen richtet die Hochschule auch in diesem Jahr wieder ein gemeinsames Abschlussfest f\u00fcr die Absolventinnen und Absolventen aller Fakult\u00e4ten und Abschl\u00fcsse aus.<\/p>\n<p>Das <b>2. Graduiertenfest der RWTH <\/b>findet in diesem Jahr\u00a0am <strong>12. September 2015 <\/strong>im Dressurstadion des Aachen-Laurensberger Rennvereins statt.\u00a0Im Rahmen dieser sehr positiv angenommen Veranstaltung werden auch die Borchers-Plaketten und Springorum-Denkm\u00fcnzen im proRWTH-Festzelt verliehen. Bitte merken Sie sich diesen Termin schon jetzt vor!<\/p>\n<p>Weitere Informationen zum Graduiertenfest finden Sie auf der <a href=\"http:\/\/www.rwth-aachen.de\/cms\/root\/Studium\/Nach-dem-Studium\/~emes\/Graduiertenfest\/\" target=\"_blank\">Webseite der RWTH Aachen.<\/a><\/p>\n<div class=\"twoclick_social_bookmarks_post_5076 social_share_privacy clearfix 1.6.4 locale-de_DE sprite-de_DE\"><\/div><div class=\"twoclick-js\"><script type=\"text\/javascript\">\/* <![CDATA[ *\/\njQuery(document).ready(function($){if($('.twoclick_social_bookmarks_post_5076')){$('.twoclick_social_bookmarks_post_5076').socialSharePrivacy({\"services\":{\"facebook\":{\"status\":\"on\",\"txt_info\":\"2 Klicks f\\u00fcr mehr Datenschutz: Erst wenn Sie hier klicken, wird der Button aktiv und Sie k\\u00f6nnen Ihre Empfehlung an Facebook senden. Schon beim Aktivieren werden Daten an Dritte \\u00fcbertragen - siehe <em>i<\\\/em>.\",\"perma_option\":\"off\",\"action\":\"like\",\"language\":\"de_DE\"},\"twitter\":{\"reply_to\":\"\",\"tweet_text\":\"Graduiertenfest%20der%20RWTH%20%C2%BB%20Logbuch%20Lehre%20%23Graduiertenfest%20%23RWTH%20Aachen\",\"status\":\"on\",\"txt_info\":\"2 Klicks f\\u00fcr mehr Datenschutz: Erst wenn Sie hier klicken, wird der Button aktiv und Sie k\\u00f6nnen Ihre Empfehlung an Twitter senden. Schon beim Aktivieren werden Daten an Dritte \\u00fcbertragen - siehe <em>i<\\\/em>.\",\"perma_option\":\"off\",\"language\":\"de\",\"referrer_track\":\"\"},\"gplus\":{\"status\":\"on\",\"txt_info\":\"2 Klicks f\\u00fcr mehr Datenschutz: Erst wenn Sie hier klicken, wird der Button aktiv und Sie k\\u00f6nnen Ihre Empfehlung an Google+ senden. Schon beim Aktivieren werden Daten an Dritte \\u00fcbertragen - siehe <em>i<\\\/em>.\",\"perma_option\":\"off\",\"referrer_track\":\"\"}},\"txt_help\":\"Wenn Sie diese Felder durch einen Klick aktivieren, werden Informationen an Facebook, Twitter, Flattr, Xing, t3n, LinkedIn, Pinterest oder Google eventuell ins Ausland \\u00fcbertragen und unter Umst\\u00e4nden auch dort gespeichert. N\\u00e4heres erfahren Sie durch einen Klick auf das <em>i<\\\/em>.\",\"settings_perma\":\"Dauerhaft aktivieren und Daten\\u00fcber-tragung zustimmen:\",\"info_link\":\"http:\\\/\\\/www.heise.de\\\/ct\\\/artikel\\\/2-Klicks-fuer-mehr-Datenschutz-1333879.html\",\"uri\":\"https:\\\/\\\/blog.rwth-aachen.de\\\/lehre\\\/2015\\\/03\\\/13\\\/graduiertenfest-der-rwth\\\/\",\"post_id\":5076,\"post_title_referrer_track\":\"Graduiertenfest+der+RWTH\",\"display_infobox\":\"on\"});}});\n\/* ]]> *\/<\/script><\/div>","protected":false},"excerpt":{"rendered":"<p>Nach dem gro\u00dfen Zuspruch zum ersten gro\u00dfen Graduiertenfest der RWTH Aachen richtet die Hochschule auch in diesem Jahr wieder ein gemeinsames Abschlussfest f\u00fcr die Absolventinnen und Absolventen aller Fakult\u00e4ten und [&hellip;]<\/p>\n","protected":false},"author":84,"featured_media":0,"comment_status":"open","ping_status":"open","sticky":false,"template":"","format":"standard","meta":{"c2c_always_allow_admin_comments":false,"footnotes":""},"categories":[1,148],"tags":[674,614],"class_list":["post-5076","post","type-post","status-publish","format-standard","hentry","category-allgemein","category-fvs","tag-graduiertenfest","tag-rwth-aachen"],"_links":{"self":[{"href":"https:\/\/blog.rwth-aachen.de\/lehre\/wp-json\/wp\/v2\/posts\/5076","targetHints":{"allow":["GET"]}}],"collection":[{"href":"https:\/\/blog.rwth-aachen.de\/lehre\/wp-json\/wp\/v2\/posts"}],"about":[{"href":"https:\/\/blog.rwth-aachen.de\/lehre\/wp-json\/wp\/v2\/types\/post"}],"author":[{"embeddable":true,"href":"https:\/\/blog.rwth-aachen.de\/lehre\/wp-json\/wp\/v2\/users\/84"}],"replies":[{"embeddable":true,"href":"https:\/\/blog.rwth-aachen.de\/lehre\/wp-json\/wp\/v2\/comments?post=5076"}],"version-history":[{"count":5,"href":"https:\/\/blog.rwth-aachen.de\/lehre\/wp-json\/wp\/v2\/posts\/5076\/revisions"}],"predecessor-version":[{"id":5082,"href":"https:\/\/blog.rwth-aachen.de\/lehre\/wp-json\/wp\/v2\/posts\/5076\/revisions\/5082"}],"wp:attachment":[{"href":"https:\/\/blog.rwth-aachen.de\/lehre\/wp-json\/wp\/v2\/media?parent=5076"}],"wp:term":[{"taxonomy":"category","embeddable":true,"href":"https:\/\/blog.rwth-aachen.de\/lehre\/wp-json\/wp\/v2\/categories?post=5076"},{"taxonomy":"post_tag","embeddable":true,"href":"https:\/\/blog.rwth-aachen.de\/lehre\/wp-json\/wp\/v2\/tags?post=5076"}],"curies":[{"name":"wp","href":"https:\/\/api.w.org\/{rel}","templated":true}]}}