{"id":5449,"date":"2015-05-19T10:15:37","date_gmt":"2015-05-19T08:15:37","guid":{"rendered":"https:\/\/blog.rwth-aachen.de\/lehre\/?p=5449"},"modified":"2015-05-19T10:27:46","modified_gmt":"2015-05-19T08:27:46","slug":"talk-lehre-2015-programm-und-anmeldung","status":"publish","type":"post","link":"https:\/\/blog.rwth-aachen.de\/lehre\/2015\/05\/19\/talk-lehre-2015-programm-und-anmeldung\/","title":{"rendered":"Talk Lehre 2015 \u2013 Programm und Anmeldung"},"content":{"rendered":"<p>Der diesj\u00e4hrige <strong>Talk Lehre<\/strong> findet am <strong>24.06.2015, 13:00-18:00<\/strong> Uhr im Super C der RWTH Aachen, 6. Etage statt.<\/p>\n<p>Themenschwerpunkte in diesem Jahr sind neben aktuellen Projekten aus dem Bereich der <em>Qualit\u00e4tsverbesserung<\/em> die Serviceeinrichtung <em>Medien f\u00fcr die Lehre<\/em> und <em>ETS best practices<\/em>. Dar\u00fcber hinaus werden im Rahmen der Veranstaltung die RWTH Lecturer 2015 ausgezeichnet. Das komplette\u00a0<a href=\"https:\/\/blog.rwth-aachen.de\/lehre\/files\/2015\/05\/Programm-Talk-Lehre-2015.pdf\" target=\"_blank\">Programm des Talk Lehre 2015<\/a> steht als PDF zur Verf\u00fcgung.<\/p>\n<p>Zur besseren Planung wird um <a href=\"mailto: talklehre@rwth-aachen.de\" target=\"_blank\">Anmeldung<\/a> bis zum 15. Juni gebeten.<\/p>\n<p>Auch in diesem Jahr bietet das Team des Familienservice eine Kinderbetreuung an. Wenn Sie auf dieses Angebot zur\u00fcckgreifen m\u00f6chten, wird um entsprechende R\u00fcckmeldung\u00a0bis zum 07.06.2015 gebeten. Sie erhalten dann\u00a0ein spezielles Anmeldeformular des Familienservice.<\/p>\n<p>Bei R\u00fcckfragen k\u00f6nnen Sie sich an <a href=\"mailto:Hanna.Schaefer@zhv.rwth-aachen.de\" target=\"_blank\">Frau Sch\u00e4fer <\/a>(Tel. 94084) und <a href=\"mailto:simona.constantinescu@zhv.rwth-aachen.de\" target=\"_blank\">Frau Constantinescu <\/a>(Tel. 96474) wenden.<\/p>\n<div class=\"twoclick_social_bookmarks_post_5449 social_share_privacy clearfix 1.6.4 locale-de_DE sprite-de_DE\"><\/div><div class=\"twoclick-js\"><script type=\"text\/javascript\">\/* <![CDATA[ *\/\njQuery(document).ready(function($){if($('.twoclick_social_bookmarks_post_5449')){$('.twoclick_social_bookmarks_post_5449').socialSharePrivacy({\"services\":{\"facebook\":{\"status\":\"on\",\"txt_info\":\"2 Klicks f\\u00fcr mehr Datenschutz: Erst wenn Sie hier klicken, wird der Button aktiv und Sie k\\u00f6nnen Ihre Empfehlung an Facebook senden. Schon beim Aktivieren werden Daten an Dritte \\u00fcbertragen - siehe <em>i<\\\/em>.\",\"perma_option\":\"off\",\"action\":\"like\",\"language\":\"de_DE\"},\"twitter\":{\"reply_to\":\"\",\"tweet_text\":\"%20Talk%20Lehre%202015%20%E2%80%93%20Programm%20und%20Anmeldung%20%C2%BB%20Logbuch%20Lehre%20%23RWTH%20Aachen%20...\",\"status\":\"on\",\"txt_info\":\"2 Klicks f\\u00fcr mehr Datenschutz: Erst wenn Sie hier klicken, wird der Button aktiv und Sie k\\u00f6nnen Ihre Empfehlung an Twitter senden. Schon beim Aktivieren werden Daten an Dritte \\u00fcbertragen - siehe <em>i<\\\/em>.\",\"perma_option\":\"off\",\"language\":\"de\",\"referrer_track\":\"\"},\"gplus\":{\"status\":\"on\",\"txt_info\":\"2 Klicks f\\u00fcr mehr Datenschutz: Erst wenn Sie hier klicken, wird der Button aktiv und Sie k\\u00f6nnen Ihre Empfehlung an Google+ senden. Schon beim Aktivieren werden Daten an Dritte \\u00fcbertragen - siehe <em>i<\\\/em>.\",\"perma_option\":\"off\",\"referrer_track\":\"\"}},\"txt_help\":\"Wenn Sie diese Felder durch einen Klick aktivieren, werden Informationen an Facebook, Twitter, Flattr, Xing, t3n, LinkedIn, Pinterest oder Google eventuell ins Ausland \\u00fcbertragen und unter Umst\\u00e4nden auch dort gespeichert. N\\u00e4heres erfahren Sie durch einen Klick auf das <em>i<\\\/em>.\",\"settings_perma\":\"Dauerhaft aktivieren und Daten\\u00fcber-tragung zustimmen:\",\"info_link\":\"http:\\\/\\\/www.heise.de\\\/ct\\\/artikel\\\/2-Klicks-fuer-mehr-Datenschutz-1333879.html\",\"uri\":\"https:\\\/\\\/blog.rwth-aachen.de\\\/lehre\\\/2015\\\/05\\\/19\\\/talk-lehre-2015-programm-und-anmeldung\\\/\",\"post_id\":5449,\"post_title_referrer_track\":\"Talk+Lehre+2015+%E2%80%93+Programm+und+Anmeldung\",\"display_infobox\":\"on\"});}});\n\/* ]]> *\/<\/script><\/div>","protected":false},"excerpt":{"rendered":"<p>Der diesj\u00e4hrige Talk Lehre findet am 24.06.2015, 13:00-18:00 Uhr im Super C der RWTH Aachen, 6. Etage statt. Themenschwerpunkte in diesem Jahr sind neben aktuellen Projekten aus dem Bereich der [&hellip;]<\/p>\n","protected":false},"author":84,"featured_media":0,"comment_status":"open","ping_status":"open","sticky":false,"template":"","format":"standard","meta":{"c2c_always_allow_admin_comments":false,"footnotes":""},"categories":[1,6,5,148],"tags":[614,889],"class_list":["post-5449","post","type-post","status-publish","format-standard","hentry","category-allgemein","category-best-practice","category-e-learning-and-e-teaching","category-fvs","tag-rwth-aachen","tag-talk-lehre"],"_links":{"self":[{"href":"https:\/\/blog.rwth-aachen.de\/lehre\/wp-json\/wp\/v2\/posts\/5449","targetHints":{"allow":["GET"]}}],"collection":[{"href":"https:\/\/blog.rwth-aachen.de\/lehre\/wp-json\/wp\/v2\/posts"}],"about":[{"href":"https:\/\/blog.rwth-aachen.de\/lehre\/wp-json\/wp\/v2\/types\/post"}],"author":[{"embeddable":true,"href":"https:\/\/blog.rwth-aachen.de\/lehre\/wp-json\/wp\/v2\/users\/84"}],"replies":[{"embeddable":true,"href":"https:\/\/blog.rwth-aachen.de\/lehre\/wp-json\/wp\/v2\/comments?post=5449"}],"version-history":[{"count":6,"href":"https:\/\/blog.rwth-aachen.de\/lehre\/wp-json\/wp\/v2\/posts\/5449\/revisions"}],"predecessor-version":[{"id":5487,"href":"https:\/\/blog.rwth-aachen.de\/lehre\/wp-json\/wp\/v2\/posts\/5449\/revisions\/5487"}],"wp:attachment":[{"href":"https:\/\/blog.rwth-aachen.de\/lehre\/wp-json\/wp\/v2\/media?parent=5449"}],"wp:term":[{"taxonomy":"category","embeddable":true,"href":"https:\/\/blog.rwth-aachen.de\/lehre\/wp-json\/wp\/v2\/categories?post=5449"},{"taxonomy":"post_tag","embeddable":true,"href":"https:\/\/blog.rwth-aachen.de\/lehre\/wp-json\/wp\/v2\/tags?post=5449"}],"curies":[{"name":"wp","href":"https:\/\/api.w.org\/{rel}","templated":true}]}}